{"id":2157,"date":"2020-01-08T11:30:51","date_gmt":"2020-01-08T10:30:51","guid":{"rendered":"https:\/\/www.bsf.ovh\/?p=2157"},"modified":"2024-09-23T15:06:26","modified_gmt":"2024-09-23T13:06:26","slug":"les-fetes-de-linsignifiance-une-nouvelle-decennie-vers-un-monde-en-crise","status":"publish","type":"post","link":"https:\/\/www.prendstadose.fr\/index.php\/2020\/01\/08\/les-fetes-de-linsignifiance-une-nouvelle-decennie-vers-un-monde-en-crise\/","title":{"rendered":"Les f\u00eates de l\u2019insignifiance : vers un monde en crise"},"content":{"rendered":"<p><span style=\"font-weight: 400; font-size: 14pt;\">Si les f\u00eates de fins d\u2019ann\u00e9es peuvent \u00e9voquer joie et liesse dans nos foyers fran\u00e7ais, celles-ci marquent \u00e9galement les plus tenaces contradictions de notre civilisation.<\/span><\/p>\n<p><span style=\"font-weight: 400; font-size: 14pt;\">Dans le cadre de mon intervention bi-mensuelle, je trouvais int\u00e9ressant de me pencher sur le profond \u00e9cart entre les valeurs et les pratiques qui caract\u00e9risent cette p\u00e9riode. Rien de bien original ? J\u2019en conviens. Plus pr\u00e9cis\u00e9ment, je pensais traiter ce th\u00e8me sous le prisme de sujets actuels. Par exemple en montrant comment la gr\u00e8ve g\u00e9n\u00e9rale, plut\u00f4t que de g\u00e2cher l\u2019esprit convivial des f\u00eates, comme le gouvernement et ses acolytes s\u2019escriment \u00e0 nous le faire croire, peut incarner la beaut\u00e9 du sacrifice joyeux, festif et collectif. En bref, je pensais finir l\u2019ann\u00e9e avec une touche de l\u00e9g\u00e8ret\u00e9 en c\u00e9l\u00e9brant des formes alternatives de festivit\u00e9.\u00a0<\/span><\/p>\n<p><span style=\"font-weight: 400; font-size: 14pt;\">Mais comme exprim\u00e9 dans mon dernier billet, ces sentiments sont toujours de courtes dur\u00e9es chez moi&#8230; et le tableau s\u2019assombrit\u2026<\/span><\/p>\n<p><span style=\"font-weight: 400; font-size: 14pt;\">Outre le constat amer que les \u201cconsciences \u00e9cologiques et politiques \u00e9veill\u00e9es\u201d n\u2019\u00e9branlent pas un instant le syst\u00e8me de surconsommation, l\u2019actualit\u00e9 n\u2019est gu\u00e8re plus r\u00e9jouissante. En ce d\u00e9but de d\u00e9cennie, les \u00e9v\u00e9nements r\u00e9cents semblent davantage annoncer la fin de quelque chose qu\u2019un d\u00e9but.\u00a0<\/span><\/p>\n<p><span style=\"font-weight: 400; font-size: 14pt;\">Les mouvements de contestations ne faiblissent pas dans le monde, ni pour autant la r\u00e9silience des syst\u00e8mes contest\u00e9s. Ce qui traduit, \u00e0 mon sens, une c\u00e9cit\u00e9 grandissante des oligarques quant aux r\u00e9clamations des peuples. Seule la r\u00e9pression est envoy\u00e9e en r\u00e9ponse. On peut craindre pour l\u2019\u00e9tat, d\u00e9j\u00e0 inqui\u00e9tant, des libert\u00e9s individuels dans ce monde.\u00a0<\/span><\/p>\n<p>&nbsp;<\/p>\n<h2><span style=\"font-size: 24pt;\"><b>Une nature qui gronde<\/b><\/span><\/h2>\n<p><span style=\"font-weight: 400; font-size: 14pt;\">L\u2019Indon\u00e9sie conna\u00eet des inondations meurtri\u00e8res probablement caus\u00e9es ou renforc\u00e9es par la forte urbanisation de certaines r\u00e9gions. L\u2019Australie est aux prises avec une catastrophe \u00e9cologique terrifiante ; cette formidable r\u00e9serve de biodiversit\u00e9 est actuellement ravag\u00e9e par les flammes. Non seulement l\u2019acc\u00e9l\u00e9ration des incendies est en partie caus\u00e9e par le r\u00e9chauffement climatique, mais cette catastrophe aura un co\u00fbt d\u00e9vastateur pour l\u2019\u00e9cologie avec d\u00e9j\u00e0 <a href=\"https:\/\/www.francetvinfo.fr\/monde\/asie\/incendies-en-australie\/six-chiffres-qui-montrent-la-gravite-des-incendies-en-australie_3771009.html\">480 millions d\u2019animaux morts<\/a>\u00a0et 250 millions de tonnes de CO2 d\u00e9gag\u00e9es. Ce genre de cercle vicieux est caract\u00e9ristique de la d\u00e9g\u00e9n\u00e9rescence <a href=\"https:\/\/fr.wikipedia.org\/wiki\/Syst%C3%A8me_complexe\">des syst\u00e8mes complexes<\/a>.\u00a0<\/span><\/p>\n<p>&nbsp;<\/p>\n<h2><span style=\"font-size: 24pt;\"><b>Donald got his gun !<\/b><\/span><\/h2>\n<p><span style=\"font-weight: 400; font-size: 14pt;\">Et enfin, le pr\u00e9sident am\u00e9ricain, officiellement mis en accusation (\u201cimpeached\u201d) &#8211; il est bon de le rappeler &#8211;<a href=\"http:\/\/www.leparisien.fr\/international\/mort-du-general-soleimani-pourquoi-trump-a-t-il-frappe-maintenant-03-01-2020-8228109.php\"> a commandit\u00e9 l\u2019assassinat du num\u00e9ro deux de la r\u00e9publique islamique d\u2019Iran <\/a>sans l\u2019accord du congr\u00e8s. Ce choix politique est particuli\u00e8rement dangereux en raison d\u2019une guerre froide qui se joue actuellement au Moyen-Orient et dans le monde entre l\u2019Iran et l\u2019Arabie Saoudite. Le d\u00e9clenchement d\u2019un conflit ouvert pousse le r\u00e9seau d\u2019alliance \u00e0 se positionner et pourrait donc \u00eatre \u00e0 l\u2019origine d\u2019une guerre mondiale. Et cela est d\u2019autant plus incons\u00e9quent que les raisons qui sont \u00e0 l\u2019origine de cette attaque sont relativement maigres.. Suite \u00e0 l\u2019attaque de l\u2019ambassade am\u00e9ricaine \u00e0 Bagdad, Trump a accus\u00e9 l\u2019Iran d\u2019\u00eatre l\u2019initiatrice de cette \u00e9meute.\u00a0<\/span><\/p>\n<p>&nbsp;<\/p>\n<h2><span style=\"font-size: 24pt;\"><b>\u00c7a sent le sapin&#8230;<\/b><\/span><\/h2>\n<p><span style=\"font-weight: 400; font-size: 14pt;\">En r\u00e9sum\u00e9 en cette premi\u00e8re semaine de l\u2019ann\u00e9e, le monde se meurtrit de multiples crises ; politiques, \u00e9cologiques, diplomatiques. Seule une crise \u00e9conomique mondiale manque \u00e0 l\u2019appelle, <a href=\"https:\/\/www.humanite.fr\/table-ronde-pourquoi-une-nouvelle-crise-financiere-se-profile-t-elle-678881\">quoi que<\/a>. Pour autant, ces multiples crises sont l\u2019effet d\u2019un syst\u00e8me \u00e9conomique particuli\u00e8rement d\u00e9l\u00e9t\u00e8re qui broie hommes et nature dans la plus stricte indiff\u00e9rence. Et si l\u2019\u00e9conomie partage avec \u00e9cologie le terme oikos- celui qui d\u00e9signe le foyer en grec, alors une \u00e9conomie qui acc\u00e9l\u00e8re la d\u00e9sertification des \u00e9cosyst\u00e8mes, les inondations, l\u2019instabilit\u00e9 politique et diplomatique mondiale est une \u00e9conomie en crise. Nous ne pouvons ignorer que les rapports internationaux sont presque exclusivement dict\u00e9s et rythm\u00e9s par des param\u00e8tres \u00e9conomiques. Le poids des Etats, les alliances et sanctions sont d\u00e9termin\u00e9s par ces m\u00eames r\u00e8gles. Et ce sont ces r\u00e8gles qui poussent certains pays \u00e0 une industrialisation et \u00e0 <a href=\"https:\/\/eco-act.com\/fr\/carbon-neutrality-2\/decryptage-du-rapport-du-giec-sur-le-climat-et-lusage-des-terres\/\">l\u2019exploitation abusive des mati\u00e8res premi\u00e8res qui aggravent les conditions \u00e9cologiques et climatiques mondiales<\/a>. Bien \u00e9videmment les cons\u00e9quences n\u2019ont pas le m\u00eame impact sur l\u2019ensemble des territoires. Cette disparit\u00e9 repose sur des in\u00e9galit\u00e9s \u00e9conomiques qui elles-m\u00eames fondent et accroissent d\u2019autres formes d\u2019in\u00e9galit\u00e9s. Ainsi, je ne me contenterai pas de pointer l\u2019incoh\u00e9rence de la surconsommation en temps de f\u00eate, mais plut\u00f4t l\u2019ensemble de la machinerie qui construit culturellement ces comportements et ravage d\u2019un m\u00eame mouvement les conditions d\u2019existences d\u2019\u00eatres vivants. C\u2019est bien l\u2019ensemble qui d\u00e9range. Ainsi en ces f\u00eates, \u201cl\u2019insignifiance\u201d dans le titre d\u00e9nonce bien le futile et la l\u00e9g\u00e8ret\u00e9 de ces c\u00e9l\u00e9brations, mais aussi la perte de la signification (au sens litt\u00e9ral d\u2019insignifiant = qui ne signifie rien) des valeurs pr\u00f4n\u00e9es par ces m\u00eames c\u00e9l\u00e9brations.\u00a0<\/span><\/p>\n<p>&nbsp;<\/p>\n<p><span style=\"font-weight: 400; font-size: 14pt;\">Cela ne nous interdit pas de c\u00e9l\u00e9brer l\u2019union, la charit\u00e9 dans le rapport \u00e0 autrui. Bien au contraire c\u2019est au nom m\u00eame de ces principes que nous ne devrions pas ignorer la violence de l\u2019organisation \u00e9conomique actuelle. Et c\u2019est au nom m\u00eame de ces principes que la situation actuelle me rend d\u2019humeur si sombre ici.\u00a0<\/span><\/p>\n<p>&nbsp;<\/p>\n<p><span style=\"font-weight: 400; font-size: 14pt;\">Bonne ann\u00e9e tout de m\u00eame ! Et \u00e0 la prochaine quinzaine.\u00a0\u00a0<\/span><\/p>\n<p>&nbsp;<\/p>\n<p><img loading=\"lazy\" decoding=\"async\" class=\"aligncenter wp-image-2159 size-large\" src=\"https:\/\/www.bsf.ovh\/wp-content\/uploads\/2020\/01\/IMG_3996-1-1-1024x880.jpg\" alt=\"Les f\u00eates de l\u2019insignifiance\" width=\"1024\" height=\"880\" srcset=\"https:\/\/www.prendstadose.fr\/wp-content\/uploads\/2020\/01\/IMG_3996-1-1-1024x880.jpg 1024w, https:\/\/www.prendstadose.fr\/wp-content\/uploads\/2020\/01\/IMG_3996-1-1-300x258.jpg 300w, https:\/\/www.prendstadose.fr\/wp-content\/uploads\/2020\/01\/IMG_3996-1-1-768x660.jpg 768w, https:\/\/www.prendstadose.fr\/wp-content\/uploads\/2020\/01\/IMG_3996-1-1-1536x1320.jpg 1536w, https:\/\/www.prendstadose.fr\/wp-content\/uploads\/2020\/01\/IMG_3996-1-1-2048x1760.jpg 2048w, https:\/\/www.prendstadose.fr\/wp-content\/uploads\/2020\/01\/IMG_3996-1-1-1170x1006.jpg 1170w, https:\/\/www.prendstadose.fr\/wp-content\/uploads\/2020\/01\/IMG_3996-1-1-1920x1650.jpg 1920w, https:\/\/www.prendstadose.fr\/wp-content\/uploads\/2020\/01\/IMG_3996-1-1-585x503.jpg 585w\" sizes=\"auto, (max-width: 1024px) 100vw, 1024px\" \/><\/p>\n","protected":false},"excerpt":{"rendered":"<p>Si les f\u00eates de fins d\u2019ann\u00e9es peuvent \u00e9voquer joie et liesse dans nos foyers fran\u00e7ais, celles-ci&hellip;<\/p>\n","protected":false},"author":3,"featured_media":2158,"comment_status":"open","ping_status":"open","sticky":false,"template":"","format":"standard","meta":{"_editorskit_title_hidden":false,"_editorskit_reading_time":0,"_editorskit_is_block_options_detached":false,"_editorskit_block_options_position":"{}","jetpack_post_was_ever_published":false,"_jetpack_newsletter_access":"","_jetpack_dont_email_post_to_subs":false,"_jetpack_newsletter_tier_id":0,"_jetpack_memberships_contains_paywalled_content":false,"_jetpack_memberships_contains_paid_content":false,"footnotes":"","jetpack_publicize_message":"","jetpack_publicize_feature_enabled":true,"jetpack_social_post_already_shared":false,"jetpack_social_options":{"image_generator_settings":{"template":"highway","enabled":false},"version":2}},"categories":[322],"tags":[117,158,87,26,182,137,93,92,91,118,172,157,58,171,90,159,156,149,89,153,152,174,148,173],"class_list":["post-2157","post","type-post","status-publish","format-standard","has-post-thumbnail","hentry","category-creation","tag-actualite","tag-article","tag-bonne-annee","tag-bsf","tag-bsfmagazine","tag-carnet-de-route","tag-crise-ecologique","tag-crise-economique","tag-crise-politique","tag-critique","tag-croquis","tag-culture","tag-dessin","tag-dessin-de-presse","tag-guerre-mondiale","tag-journalisme","tag-litterature","tag-magazine","tag-nouvelle-annee","tag-paris","tag-philosophie","tag-presse","tag-reflexion","tag-science"],"yoast_head":"<!-- This site is optimized with the Yoast SEO plugin v24.6 - https:\/\/yoast.com\/wordpress\/plugins\/seo\/ -->\n<title>Les f\u00eates de l\u2019insignifiance : vers un monde en crise &#8212; PRENDS TA DOSE<\/title>\n<meta name=\"description\" content=\"Si les f\u00eates de fins d\u2019ann\u00e9es peuvent \u00e9voquer joie et liesse dans nos foyers fran\u00e7ais, celles-ci marquent \u00e9galement les plus tenaces contradictions de notre civilisation.\" \/>\n<meta name=\"robots\" content=\"index, follow, max-snippet:-1, max-image-preview:large, max-video-preview:-1\" \/>\n<link rel=\"canonical\" href=\"https:\/\/www.prendstadose.fr\/index.php\/2020\/01\/08\/les-fetes-de-linsignifiance-une-nouvelle-decennie-vers-un-monde-en-crise\/\" \/>\n<meta property=\"og:locale\" content=\"fr_FR\" \/>\n<meta property=\"og:type\" content=\"article\" \/>\n<meta property=\"og:title\" content=\"Les f\u00eates de l\u2019insignifiance : vers un monde en crise &#8212; PRENDS TA DOSE\" \/>\n<meta property=\"og:description\" content=\"Si les f\u00eates de fins d\u2019ann\u00e9es peuvent \u00e9voquer joie et liesse dans nos foyers fran\u00e7ais, celles-ci marquent \u00e9galement les plus tenaces contradictions de notre civilisation.\" \/>\n<meta property=\"og:url\" content=\"https:\/\/www.prendstadose.fr\/index.php\/2020\/01\/08\/les-fetes-de-linsignifiance-une-nouvelle-decennie-vers-un-monde-en-crise\/\" \/>\n<meta property=\"og:site_name\" content=\"PRENDS TA DOSE\" \/>\n<meta property=\"article:publisher\" content=\"https:\/\/www.facebook.com\/BrigadeSansFrontieres\/\" \/>\n<meta property=\"article:published_time\" content=\"2020-01-08T10:30:51+00:00\" \/>\n<meta property=\"article:modified_time\" content=\"2024-09-23T13:06:26+00:00\" \/>\n<meta property=\"og:image\" content=\"https:\/\/www.prendstadose.fr\/wp-content\/uploads\/2020\/01\/IMG_3996-1-scaled.jpg\" \/>\n\t<meta property=\"og:image:width\" content=\"2560\" \/>\n\t<meta property=\"og:image:height\" content=\"2200\" \/>\n\t<meta property=\"og:image:type\" content=\"image\/jpeg\" \/>\n<meta name=\"author\" content=\"Tibovski\" \/>\n<meta name=\"twitter:card\" content=\"summary_large_image\" \/>\n<meta name=\"twitter:label1\" content=\"\u00c9crit par\" \/>\n\t<meta name=\"twitter:data1\" content=\"Tibovski\" \/>\n\t<meta name=\"twitter:label2\" content=\"Dur\u00e9e de lecture estim\u00e9e\" \/>\n\t<meta name=\"twitter:data2\" content=\"5 minutes\" \/>\n<script type=\"application\/ld+json\" class=\"yoast-schema-graph\">{\"@context\":\"https:\/\/schema.org\",\"@graph\":[{\"@type\":\"Article\",\"@id\":\"https:\/\/www.prendstadose.fr\/index.php\/2020\/01\/08\/les-fetes-de-linsignifiance-une-nouvelle-decennie-vers-un-monde-en-crise\/#article\",\"isPartOf\":{\"@id\":\"https:\/\/www.prendstadose.fr\/index.php\/2020\/01\/08\/les-fetes-de-linsignifiance-une-nouvelle-decennie-vers-un-monde-en-crise\/\"},\"author\":{\"name\":\"Tibovski\",\"@id\":\"https:\/\/www.prendstadose.fr\/#\/schema\/person\/b9a4c3bea7f1286e6488fd15fd4a2e02\"},\"headline\":\"Les f\u00eates de l\u2019insignifiance : vers un monde en crise\",\"datePublished\":\"2020-01-08T10:30:51+00:00\",\"dateModified\":\"2024-09-23T13:06:26+00:00\",\"mainEntityOfPage\":{\"@id\":\"https:\/\/www.prendstadose.fr\/index.php\/2020\/01\/08\/les-fetes-de-linsignifiance-une-nouvelle-decennie-vers-un-monde-en-crise\/\"},\"wordCount\":965,\"commentCount\":1,\"publisher\":{\"@id\":\"https:\/\/www.prendstadose.fr\/#organization\"},\"image\":{\"@id\":\"https:\/\/www.prendstadose.fr\/index.php\/2020\/01\/08\/les-fetes-de-linsignifiance-une-nouvelle-decennie-vers-un-monde-en-crise\/#primaryimage\"},\"thumbnailUrl\":\"https:\/\/www.prendstadose.fr\/wp-content\/uploads\/2020\/01\/IMG_3996-1-scaled.jpg\",\"keywords\":[\"Actualit\u00e9\",\"Article\",\"Bonne ann\u00e9e\",\"bsf\",\"BSFmagazine\",\"Carnet de route\",\"Crise \u00e9cologique\",\"Crise \u00e9conomique\",\"Crise politique\",\"Critique\",\"croquis\",\"Culture\",\"dessin\",\"dessin de presse\",\"Guerre mondiale\",\"Journalisme\",\"Litt\u00e9rature\",\"Magazine\",\"Nouvelle ann\u00e9e\",\"Paris\",\"Philosophie\",\"Presse\",\"R\u00e9flexion\",\"Science\"],\"articleSection\":[\"Cr\u00e9ation\"],\"inLanguage\":\"fr-FR\",\"potentialAction\":[{\"@type\":\"CommentAction\",\"name\":\"Comment\",\"target\":[\"https:\/\/www.prendstadose.fr\/index.php\/2020\/01\/08\/les-fetes-de-linsignifiance-une-nouvelle-decennie-vers-un-monde-en-crise\/#respond\"]}]},{\"@type\":\"WebPage\",\"@id\":\"https:\/\/www.prendstadose.fr\/index.php\/2020\/01\/08\/les-fetes-de-linsignifiance-une-nouvelle-decennie-vers-un-monde-en-crise\/\",\"url\":\"https:\/\/www.prendstadose.fr\/index.php\/2020\/01\/08\/les-fetes-de-linsignifiance-une-nouvelle-decennie-vers-un-monde-en-crise\/\",\"name\":\"Les f\u00eates de l\u2019insignifiance : vers un monde en crise &#8212; PRENDS TA DOSE\",\"isPartOf\":{\"@id\":\"https:\/\/www.prendstadose.fr\/#website\"},\"primaryImageOfPage\":{\"@id\":\"https:\/\/www.prendstadose.fr\/index.php\/2020\/01\/08\/les-fetes-de-linsignifiance-une-nouvelle-decennie-vers-un-monde-en-crise\/#primaryimage\"},\"image\":{\"@id\":\"https:\/\/www.prendstadose.fr\/index.php\/2020\/01\/08\/les-fetes-de-linsignifiance-une-nouvelle-decennie-vers-un-monde-en-crise\/#primaryimage\"},\"thumbnailUrl\":\"https:\/\/www.prendstadose.fr\/wp-content\/uploads\/2020\/01\/IMG_3996-1-scaled.jpg\",\"datePublished\":\"2020-01-08T10:30:51+00:00\",\"dateModified\":\"2024-09-23T13:06:26+00:00\",\"description\":\"Si les f\u00eates de fins d\u2019ann\u00e9es peuvent \u00e9voquer joie et liesse dans nos foyers fran\u00e7ais, celles-ci marquent \u00e9galement les plus tenaces contradictions de notre civilisation.\",\"breadcrumb\":{\"@id\":\"https:\/\/www.prendstadose.fr\/index.php\/2020\/01\/08\/les-fetes-de-linsignifiance-une-nouvelle-decennie-vers-un-monde-en-crise\/#breadcrumb\"},\"inLanguage\":\"fr-FR\",\"potentialAction\":[{\"@type\":\"ReadAction\",\"target\":[\"https:\/\/www.prendstadose.fr\/index.php\/2020\/01\/08\/les-fetes-de-linsignifiance-une-nouvelle-decennie-vers-un-monde-en-crise\/\"]}]},{\"@type\":\"ImageObject\",\"inLanguage\":\"fr-FR\",\"@id\":\"https:\/\/www.prendstadose.fr\/index.php\/2020\/01\/08\/les-fetes-de-linsignifiance-une-nouvelle-decennie-vers-un-monde-en-crise\/#primaryimage\",\"url\":\"https:\/\/www.prendstadose.fr\/wp-content\/uploads\/2020\/01\/IMG_3996-1-scaled.jpg\",\"contentUrl\":\"https:\/\/www.prendstadose.fr\/wp-content\/uploads\/2020\/01\/IMG_3996-1-scaled.jpg\",\"width\":2560,\"height\":2200,\"caption\":\"Les f\u00eates de l\u2019insignifiance\"},{\"@type\":\"BreadcrumbList\",\"@id\":\"https:\/\/www.prendstadose.fr\/index.php\/2020\/01\/08\/les-fetes-de-linsignifiance-une-nouvelle-decennie-vers-un-monde-en-crise\/#breadcrumb\",\"itemListElement\":[{\"@type\":\"ListItem\",\"position\":1,\"name\":\"Accueil\",\"item\":\"https:\/\/www.prendstadose.fr\/\"},{\"@type\":\"ListItem\",\"position\":2,\"name\":\"Les f\u00eates de l\u2019insignifiance : vers un monde en crise\"}]},{\"@type\":\"WebSite\",\"@id\":\"https:\/\/www.prendstadose.fr\/#website\",\"url\":\"https:\/\/www.prendstadose.fr\/\",\"name\":\"PRENDS TA DOSE\",\"description\":\"Capsule Culture Pour Analphab\u00e8tes Lettr\u00e9s\",\"publisher\":{\"@id\":\"https:\/\/www.prendstadose.fr\/#organization\"},\"potentialAction\":[{\"@type\":\"SearchAction\",\"target\":{\"@type\":\"EntryPoint\",\"urlTemplate\":\"https:\/\/www.prendstadose.fr\/?s={search_term_string}\"},\"query-input\":{\"@type\":\"PropertyValueSpecification\",\"valueRequired\":true,\"valueName\":\"search_term_string\"}}],\"inLanguage\":\"fr-FR\"},{\"@type\":\"Organization\",\"@id\":\"https:\/\/www.prendstadose.fr\/#organization\",\"name\":\"PrendsTaDose\",\"url\":\"https:\/\/www.prendstadose.fr\/\",\"logo\":{\"@type\":\"ImageObject\",\"inLanguage\":\"fr-FR\",\"@id\":\"https:\/\/www.prendstadose.fr\/#\/schema\/logo\/image\/\",\"url\":\"https:\/\/www.prendstadose.fr\/wp-content\/uploads\/2021\/08\/logo-e1641309847268.png\",\"contentUrl\":\"https:\/\/www.prendstadose.fr\/wp-content\/uploads\/2021\/08\/logo-e1641309847268.png\",\"width\":400,\"height\":406,\"caption\":\"PrendsTaDose\"},\"image\":{\"@id\":\"https:\/\/www.prendstadose.fr\/#\/schema\/logo\/image\/\"},\"sameAs\":[\"https:\/\/www.facebook.com\/BrigadeSansFrontieres\/\",\"https:\/\/www.instagram.com\/romain_mailliu\/\"]},{\"@type\":\"Person\",\"@id\":\"https:\/\/www.prendstadose.fr\/#\/schema\/person\/b9a4c3bea7f1286e6488fd15fd4a2e02\",\"name\":\"Tibovski\",\"url\":\"https:\/\/www.prendstadose.fr\/index.php\/author\/tibovski\/\"}]}<\/script>\n<!-- \/ Yoast SEO plugin. -->","yoast_head_json":{"title":"Les f\u00eates de l\u2019insignifiance : vers un monde en crise &#8212; PRENDS TA DOSE","description":"Si les f\u00eates de fins d\u2019ann\u00e9es peuvent \u00e9voquer joie et liesse dans nos foyers fran\u00e7ais, celles-ci marquent \u00e9galement les plus tenaces contradictions de notre civilisation.","robots":{"index":"index","follow":"follow","max-snippet":"max-snippet:-1","max-image-preview":"max-image-preview:large","max-video-preview":"max-video-preview:-1"},"canonical":"https:\/\/www.prendstadose.fr\/index.php\/2020\/01\/08\/les-fetes-de-linsignifiance-une-nouvelle-decennie-vers-un-monde-en-crise\/","og_locale":"fr_FR","og_type":"article","og_title":"Les f\u00eates de l\u2019insignifiance : vers un monde en crise &#8212; PRENDS TA DOSE","og_description":"Si les f\u00eates de fins d\u2019ann\u00e9es peuvent \u00e9voquer joie et liesse dans nos foyers fran\u00e7ais, celles-ci marquent \u00e9galement les plus tenaces contradictions de notre civilisation.","og_url":"https:\/\/www.prendstadose.fr\/index.php\/2020\/01\/08\/les-fetes-de-linsignifiance-une-nouvelle-decennie-vers-un-monde-en-crise\/","og_site_name":"PRENDS TA DOSE","article_publisher":"https:\/\/www.facebook.com\/BrigadeSansFrontieres\/","article_published_time":"2020-01-08T10:30:51+00:00","article_modified_time":"2024-09-23T13:06:26+00:00","og_image":[{"width":2560,"height":2200,"url":"https:\/\/www.prendstadose.fr\/wp-content\/uploads\/2020\/01\/IMG_3996-1-scaled.jpg","type":"image\/jpeg"}],"author":"Tibovski","twitter_card":"summary_large_image","twitter_misc":{"\u00c9crit par":"Tibovski","Dur\u00e9e de lecture estim\u00e9e":"5 minutes"},"schema":{"@context":"https:\/\/schema.org","@graph":[{"@type":"Article","@id":"https:\/\/www.prendstadose.fr\/index.php\/2020\/01\/08\/les-fetes-de-linsignifiance-une-nouvelle-decennie-vers-un-monde-en-crise\/#article","isPartOf":{"@id":"https:\/\/www.prendstadose.fr\/index.php\/2020\/01\/08\/les-fetes-de-linsignifiance-une-nouvelle-decennie-vers-un-monde-en-crise\/"},"author":{"name":"Tibovski","@id":"https:\/\/www.prendstadose.fr\/#\/schema\/person\/b9a4c3bea7f1286e6488fd15fd4a2e02"},"headline":"Les f\u00eates de l\u2019insignifiance : vers un monde en crise","datePublished":"2020-01-08T10:30:51+00:00","dateModified":"2024-09-23T13:06:26+00:00","mainEntityOfPage":{"@id":"https:\/\/www.prendstadose.fr\/index.php\/2020\/01\/08\/les-fetes-de-linsignifiance-une-nouvelle-decennie-vers-un-monde-en-crise\/"},"wordCount":965,"commentCount":1,"publisher":{"@id":"https:\/\/www.prendstadose.fr\/#organization"},"image":{"@id":"https:\/\/www.prendstadose.fr\/index.php\/2020\/01\/08\/les-fetes-de-linsignifiance-une-nouvelle-decennie-vers-un-monde-en-crise\/#primaryimage"},"thumbnailUrl":"https:\/\/www.prendstadose.fr\/wp-content\/uploads\/2020\/01\/IMG_3996-1-scaled.jpg","keywords":["Actualit\u00e9","Article","Bonne ann\u00e9e","bsf","BSFmagazine","Carnet de route","Crise \u00e9cologique","Crise \u00e9conomique","Crise politique","Critique","croquis","Culture","dessin","dessin de presse","Guerre mondiale","Journalisme","Litt\u00e9rature","Magazine","Nouvelle ann\u00e9e","Paris","Philosophie","Presse","R\u00e9flexion","Science"],"articleSection":["Cr\u00e9ation"],"inLanguage":"fr-FR","potentialAction":[{"@type":"CommentAction","name":"Comment","target":["https:\/\/www.prendstadose.fr\/index.php\/2020\/01\/08\/les-fetes-de-linsignifiance-une-nouvelle-decennie-vers-un-monde-en-crise\/#respond"]}]},{"@type":"WebPage","@id":"https:\/\/www.prendstadose.fr\/index.php\/2020\/01\/08\/les-fetes-de-linsignifiance-une-nouvelle-decennie-vers-un-monde-en-crise\/","url":"https:\/\/www.prendstadose.fr\/index.php\/2020\/01\/08\/les-fetes-de-linsignifiance-une-nouvelle-decennie-vers-un-monde-en-crise\/","name":"Les f\u00eates de l\u2019insignifiance : vers un monde en crise &#8212; PRENDS TA DOSE","isPartOf":{"@id":"https:\/\/www.prendstadose.fr\/#website"},"primaryImageOfPage":{"@id":"https:\/\/www.prendstadose.fr\/index.php\/2020\/01\/08\/les-fetes-de-linsignifiance-une-nouvelle-decennie-vers-un-monde-en-crise\/#primaryimage"},"image":{"@id":"https:\/\/www.prendstadose.fr\/index.php\/2020\/01\/08\/les-fetes-de-linsignifiance-une-nouvelle-decennie-vers-un-monde-en-crise\/#primaryimage"},"thumbnailUrl":"https:\/\/www.prendstadose.fr\/wp-content\/uploads\/2020\/01\/IMG_3996-1-scaled.jpg","datePublished":"2020-01-08T10:30:51+00:00","dateModified":"2024-09-23T13:06:26+00:00","description":"Si les f\u00eates de fins d\u2019ann\u00e9es peuvent \u00e9voquer joie et liesse dans nos foyers fran\u00e7ais, celles-ci marquent \u00e9galement les plus tenaces contradictions de notre civilisation.","breadcrumb":{"@id":"https:\/\/www.prendstadose.fr\/index.php\/2020\/01\/08\/les-fetes-de-linsignifiance-une-nouvelle-decennie-vers-un-monde-en-crise\/#breadcrumb"},"inLanguage":"fr-FR","potentialAction":[{"@type":"ReadAction","target":["https:\/\/www.prendstadose.fr\/index.php\/2020\/01\/08\/les-fetes-de-linsignifiance-une-nouvelle-decennie-vers-un-monde-en-crise\/"]}]},{"@type":"ImageObject","inLanguage":"fr-FR","@id":"https:\/\/www.prendstadose.fr\/index.php\/2020\/01\/08\/les-fetes-de-linsignifiance-une-nouvelle-decennie-vers-un-monde-en-crise\/#primaryimage","url":"https:\/\/www.prendstadose.fr\/wp-content\/uploads\/2020\/01\/IMG_3996-1-scaled.jpg","contentUrl":"https:\/\/www.prendstadose.fr\/wp-content\/uploads\/2020\/01\/IMG_3996-1-scaled.jpg","width":2560,"height":2200,"caption":"Les f\u00eates de l\u2019insignifiance"},{"@type":"BreadcrumbList","@id":"https:\/\/www.prendstadose.fr\/index.php\/2020\/01\/08\/les-fetes-de-linsignifiance-une-nouvelle-decennie-vers-un-monde-en-crise\/#breadcrumb","itemListElement":[{"@type":"ListItem","position":1,"name":"Accueil","item":"https:\/\/www.prendstadose.fr\/"},{"@type":"ListItem","position":2,"name":"Les f\u00eates de l\u2019insignifiance : vers un monde en crise"}]},{"@type":"WebSite","@id":"https:\/\/www.prendstadose.fr\/#website","url":"https:\/\/www.prendstadose.fr\/","name":"PRENDS TA DOSE","description":"Capsule Culture Pour Analphab\u00e8tes Lettr\u00e9s","publisher":{"@id":"https:\/\/www.prendstadose.fr\/#organization"},"potentialAction":[{"@type":"SearchAction","target":{"@type":"EntryPoint","urlTemplate":"https:\/\/www.prendstadose.fr\/?s={search_term_string}"},"query-input":{"@type":"PropertyValueSpecification","valueRequired":true,"valueName":"search_term_string"}}],"inLanguage":"fr-FR"},{"@type":"Organization","@id":"https:\/\/www.prendstadose.fr\/#organization","name":"PrendsTaDose","url":"https:\/\/www.prendstadose.fr\/","logo":{"@type":"ImageObject","inLanguage":"fr-FR","@id":"https:\/\/www.prendstadose.fr\/#\/schema\/logo\/image\/","url":"https:\/\/www.prendstadose.fr\/wp-content\/uploads\/2021\/08\/logo-e1641309847268.png","contentUrl":"https:\/\/www.prendstadose.fr\/wp-content\/uploads\/2021\/08\/logo-e1641309847268.png","width":400,"height":406,"caption":"PrendsTaDose"},"image":{"@id":"https:\/\/www.prendstadose.fr\/#\/schema\/logo\/image\/"},"sameAs":["https:\/\/www.facebook.com\/BrigadeSansFrontieres\/","https:\/\/www.instagram.com\/romain_mailliu\/"]},{"@type":"Person","@id":"https:\/\/www.prendstadose.fr\/#\/schema\/person\/b9a4c3bea7f1286e6488fd15fd4a2e02","name":"Tibovski","url":"https:\/\/www.prendstadose.fr\/index.php\/author\/tibovski\/"}]}},"jetpack_publicize_connections":[],"jetpack_featured_media_url":"https:\/\/www.prendstadose.fr\/wp-content\/uploads\/2020\/01\/IMG_3996-1-scaled.jpg","jetpack_sharing_enabled":true,"_links":{"self":[{"href":"https:\/\/www.prendstadose.fr\/index.php\/wp-json\/wp\/v2\/posts\/2157","targetHints":{"allow":["GET"]}}],"collection":[{"href":"https:\/\/www.prendstadose.fr\/index.php\/wp-json\/wp\/v2\/posts"}],"about":[{"href":"https:\/\/www.prendstadose.fr\/index.php\/wp-json\/wp\/v2\/types\/post"}],"author":[{"embeddable":true,"href":"https:\/\/www.prendstadose.fr\/index.php\/wp-json\/wp\/v2\/users\/3"}],"replies":[{"embeddable":true,"href":"https:\/\/www.prendstadose.fr\/index.php\/wp-json\/wp\/v2\/comments?post=2157"}],"version-history":[{"count":3,"href":"https:\/\/www.prendstadose.fr\/index.php\/wp-json\/wp\/v2\/posts\/2157\/revisions"}],"predecessor-version":[{"id":2162,"href":"https:\/\/www.prendstadose.fr\/index.php\/wp-json\/wp\/v2\/posts\/2157\/revisions\/2162"}],"wp:featuredmedia":[{"embeddable":true,"href":"https:\/\/www.prendstadose.fr\/index.php\/wp-json\/wp\/v2\/media\/2158"}],"wp:attachment":[{"href":"https:\/\/www.prendstadose.fr\/index.php\/wp-json\/wp\/v2\/media?parent=2157"}],"wp:term":[{"taxonomy":"category","embeddable":true,"href":"https:\/\/www.prendstadose.fr\/index.php\/wp-json\/wp\/v2\/categories?post=2157"},{"taxonomy":"post_tag","embeddable":true,"href":"https:\/\/www.prendstadose.fr\/index.php\/wp-json\/wp\/v2\/tags?post=2157"}],"curies":[{"name":"wp","href":"https:\/\/api.w.org\/{rel}","templated":true}]}}