{"id":2246,"date":"2020-01-24T16:59:32","date_gmt":"2020-01-24T15:59:32","guid":{"rendered":"https:\/\/www.bsf.ovh\/?p=2246"},"modified":"2024-09-23T15:06:59","modified_gmt":"2024-09-23T13:06:59","slug":"dune-ecologie-affective-1-like-1-koala-sauve","status":"publish","type":"post","link":"https:\/\/www.prendstadose.fr\/index.php\/2020\/01\/24\/dune-ecologie-affective-1-like-1-koala-sauve\/","title":{"rendered":"D\u2019une \u00e9cologie affective : 1 like = 1 koala sauv\u00e9"},"content":{"rendered":"<p><span style=\"font-weight: 400; font-size: 14pt;\">Aujourd\u2019hui je vais tenter de faire bref. Vous le savez, l\u2019Australie conna\u00eet d\u2019importants incendies. Si vous le savez, ce n\u2019est pas uniquement parce que j\u2019ai pu l\u2019\u00e9voquer dans ma derni\u00e8re quinzaine, c\u2019est aussi et surtout parce que ces catastrophes sont particuli\u00e8rement m\u00e9diatis\u00e9es. Le monde entier s\u2019exalte sur cette histoire, des journaux, aux c\u00e9l\u00e9brit\u00e9s et surtout les r\u00e9seaux sociaux. Et ces \u00e9v\u00e9nements constituent le fond de commerce de certains, aussi bien du c\u00f4t\u00e9 de quelques \u00e9cologistes que des climatoseptiques. Mais ce n\u2019est pas cela que je veux traiter pr\u00e9cis\u00e9ment.\u00a0<\/span><\/p>\n<p><span style=\"font-size: 14pt;\"><span style=\"font-weight: 400;\">Il est vrai que ces incendies font d\u2019effrayants d\u00e9g\u00e2ts. Mais ce n\u2019est pas sp\u00e9cifiquement cela qui rend ces \u00e9v\u00e8nements si uniques. <\/span><a href=\"https:\/\/knowledge.aidr.org.au\/resources\/bushfire-new-south-wales-1974\/\"><span style=\"font-weight: 400;\">Les incendies de 1974<\/span><\/a><span style=\"font-weight: 400;\"> avaient, par exemple, touch\u00e9s une surface six fois plus grandes du territoire. Et certains grands incendies ont m\u00eame \u00e9t\u00e9 <\/span><a href=\"https:\/\/en.wikipedia.org\/wiki\/Black_Saturday_bushfires\"><span style=\"font-weight: 400;\">plus mortels<\/span><\/a><span style=\"font-weight: 400;\">. Ce qui fait la sp\u00e9cificit\u00e9 de ces incendies c\u2019est probablement une couverture m\u00e9diatique in\u00e9dite. Avec ma sensibilit\u00e9 aux catastrophes \u00e9cologique je devrais me r\u00e9jouir d\u2019une telle \u00e9volution des mentalit\u00e9s. Je ne suis pas convaincu que plus de bruit soit cependant la solution. <\/span><\/span><\/p>\n<p><span style=\"font-size: 14pt;\"><span style=\"font-weight: 400;\">Quel impact le traitement m\u00e9diatique a sur les probl\u00e8mes \u00e9cologiques ?\u00a0<\/span><\/span><\/p>\n<h2><\/h2>\n<p>&nbsp;<\/p>\n<h2><span style=\"font-size: 24pt;\"><b>Pourquoi tu nous parles de \u00e7a ?\u00a0<\/b><\/span><\/h2>\n<p><span style=\"font-weight: 400; font-size: 14pt;\">En temps normal je n\u2019aurais pas trait\u00e9 ce sujet, justement parce que nous en sommes inond\u00e9s. Quand quelque chose fait l\u2019\u00e9moi g\u00e9n\u00e9ral, \u00e7a ne m\u2019inspire pas confiance, j\u2019ai trop peur des mouvements de foules et du manque de contr\u00f4le que cela entra\u00eene. Souvent je pr\u00e9f\u00e8re regarder la vague passer. S\u2019\u00e9mouvoir c\u2019est important, j\u2019en conviens, c\u2019est parfois magnifique. Mais l\u2019\u00e9motion, c\u2019est seulement du mouvement, c\u2019est le sens m\u00eame d\u2019\u00e9motion. Bouger c\u2019est bien mais o\u00f9. C\u2019est pourquoi il n\u2019est jamais mauvais de se poser et d\u2019y r\u00e9fl\u00e9chir. Il est donc \u00e9trange de rajouter ma voix au cafouillage g\u00e9n\u00e9ral, puisque j\u2019\u2019en ai d\u00e9j\u00e0 parl\u00e9, et puis que je n\u2019ai aucune informations particuli\u00e8res \u00e0 ench\u00e9rir \u00e0 la clameur publique.\u00a0<\/span><\/p>\n<p>&nbsp;<\/p>\n<p><span style=\"font-size: 14pt;\"><span style=\"font-weight: 400;\">Seulement voil\u00e0, j\u2019ai entendu parler d\u2019une p\u00e9tition\u00a0 \u00e0 plus de 12 000 signataires sur Change.org exigeant le d\u00e9placement des koalas en Nouvelle Z\u00e9lande. Et l\u00e0\u2026 et l\u00e0. J\u2019ai support\u00e9 photos, posts, articles insistant sur le sort des \u201cadorables koalas\u201d. J\u2019ai \u00e9galement support\u00e9 toute cette mise en sc\u00e8ne <\/span><a href=\"https:\/\/www.parismatch.com\/People\/Incendies-en-Australie-les-stars-donnent-des-millions-1668564\"><span style=\"font-weight: 400;\">des c\u00e9l\u00e9brit\u00e9s donnant des sous \u00e0 l\u2019Australie<\/span><\/a><span style=\"font-weight: 400;\">. Seulement l\u00e0, c\u2019est beaucoup plus g\u00eanant. Nous parlons d\u2019une intervention de grande envergure ne s\u2019appuyant sur aucune analyse scientifique. Pour la seule raison que la Nouvelle Z\u00e9lande poss\u00e8de \u00e9galement de l\u2019eucalyptus, organiser le d\u00e9placement des koalas devrait \u00eatre une bonne id\u00e9e ? Mais \u00e7a ne marche pas comme \u00e7a. Soyons s\u00e9rieux un instant. Le peu d\u2019\u00e9cologie que j\u2019ai pu \u00e9tudier me suffit pour \u00e9valuer la monumentale erreur qu\u2019il y a l\u00e0.\u00a0\u00a0\u00a0<\/span><\/span><\/p>\n<p>&nbsp;<\/p>\n<p><span style=\"font-size: 14pt;\"><span style=\"font-weight: 400;\"><img loading=\"lazy\" decoding=\"async\" class=\"aligncenter wp-image-2249 size-full\" src=\"https:\/\/www.bsf.ovh\/wp-content\/uploads\/2020\/01\/Capture-d\u2019e\u0301cran-2020-01-24-a\u0300-23.19.43.png\" alt=\"Koala\" width=\"986\" height=\"576\" srcset=\"https:\/\/www.prendstadose.fr\/wp-content\/uploads\/2020\/01\/Capture-d\u2019e\u0301cran-2020-01-24-a\u0300-23.19.43.png 986w, https:\/\/www.prendstadose.fr\/wp-content\/uploads\/2020\/01\/Capture-d\u2019e\u0301cran-2020-01-24-a\u0300-23.19.43-300x175.png 300w, https:\/\/www.prendstadose.fr\/wp-content\/uploads\/2020\/01\/Capture-d\u2019e\u0301cran-2020-01-24-a\u0300-23.19.43-768x449.png 768w, https:\/\/www.prendstadose.fr\/wp-content\/uploads\/2020\/01\/Capture-d\u2019e\u0301cran-2020-01-24-a\u0300-23.19.43-585x342.png 585w\" sizes=\"auto, (max-width: 986px) 100vw, 986px\" \/>\u00a0<\/span><\/span><\/p>\n<p><span style=\"font-size: 14pt;\"><span style=\"font-weight: 400;\">Reprenons, et faisons bref, comme je vous l\u2019ai promis plus t\u00f4t. J\u2019accuse cette p\u00e9tition de ne s\u2019appuyer sur aucunes conceptions, aussi \u00e9loign\u00e9es soient-elles, des m\u00e9canismes \u00e9cologiques. L\u2019\u00e9cologie est une discipline tardive qui \u00e9tudie les rapports entre des esp\u00e8ces et leur environnement. L\u2019\u00e9volution de cette branche de la biologie met tr\u00e8s vite en lumi\u00e8re le complexe tissu d\u2019interd\u00e9pendance \u00e0 l\u2019oeuvre dans les environnements naturels. Se d\u00e9veloppe alors \u00e0 partir de <\/span><a href=\"https:\/\/fr.wikipedia.org\/wiki\/Arthur_George_Tansley\"><span style=\"font-weight: 400;\">Tansley<\/span><\/a><span style=\"font-weight: 400;\">, le concept d\u2019\u00e9cosyst\u00e8me pour d\u00e9signer l\u2019unit\u00e9 syst\u00e9mique qui r\u00e9git \u00e0 diff\u00e9rentes \u00e9chelles les interactions des esp\u00e8ces et de leur environnement. En termes de mod\u00e9lisation et de pr\u00e9diction, c\u2019est un v\u00e9ritable d\u00e9fi. <\/span><\/span><\/p>\n<p><span style=\"font-size: 14pt;\"><span style=\"font-weight: 400;\">Les meilleurs mod\u00e8les sont au mieux capables de r\u00e9pondre \u00e0 des questions restreintes localement, ou \u00e0 des ph\u00e9nom\u00e8nes tr\u00e8s g\u00e9n\u00e9raux. Les syst\u00e8mes \u00e9cologiques ont parfois des comportements chaotiques (<\/span><a href=\"https:\/\/www.sciencedirect.com\/science\/article\/abs\/pii\/0169534789900141\"><span style=\"font-weight: 400;\">Berryman &amp; Millstein, 1989<\/span><\/a><span style=\"font-weight: 400;\">). Une faible variation locale peut avoir des cons\u00e9quences globales. L\u2019apparition ou la disparition d\u2019une esp\u00e8ce peut perturber l\u2019ensemble. Et c\u2019est d\u2019ailleurs l\u2019Australie qui fournit l\u2019un des exemples les plus flagrants avec l\u2019introduction de faunes europ\u00e9ennes invasives sur le sol australien. <\/span><a href=\"https:\/\/fr.wikipedia.org\/wiki\/Lapins_en_Australie\"><span style=\"font-weight: 400;\">L\u2019apparition du lapin europ\u00e9en<\/span><\/a><span style=\"font-weight: 400;\">, par exemple, n\u2019ayant pas de pr\u00e9dateur direct, mais profitant de ressources communes \u00e0 d\u2019autres animaux. Ce f\u00fbt une catastrophe \u00e9cologique responsable de la disparition de nombreuses populations. <\/span><\/span><\/p>\n<p><span style=\"font-size: 14pt;\"><span style=\"font-weight: 400;\">C\u2019est justement parce qu\u2019on parle d\u2019\u00e9cosyst\u00e8me avec des \u00e9quilibres et des ph\u00e9nom\u00e8nes de r\u00e9gulation, qu\u2019on ne peut introduire de nouvelles esp\u00e8ces sans consid\u00e9rer les effets que cela peut avoir sur l\u2019ensemble de l\u2019\u00e9cosyst\u00e8me, les effets sur la pr\u00e9dation et les configurations des r\u00e9seaux trophiques. C\u2019est le sens m\u00eame de l\u2019\u00e9cologie et des recherche en \u00e9co-ing\u00e9nierie qui visent \u00e0 r\u00e9ellement comprendre le r\u00f4le et les fonctions des esp\u00e8ces et des relations sur l\u2019ensemble de l\u2019\u00e9cosyst\u00e8me. Le principe m\u00eame d\u2019\u00e9cosyst\u00e8me, rend difficile d\u2019isoler un groupe sp\u00e9cifique de l\u2019ensemble du syst\u00e8me.\u00a0<\/span><\/span><\/p>\n<p>&nbsp;<\/p>\n<p><span style=\"font-size: 24pt;\"><b>M\u00e9dias et animaux porte-drapeaux<\/b><\/span><\/p>\n<p><span style=\"font-size: 14pt;\"><span style=\"font-weight: 400;\">Les \u00e9v\u00e8nements en Australie, donnent lieu \u00e0 une grande attention \u00e0 la situation animale. En suppl\u00e9ment du chiffre \u00e9crasant du nombre de vies animales (<\/span><a href=\"https:\/\/sydney.edu.au\/news-opinion\/news\/2020\/01\/08\/australian-bushfires-more-than-one-billion-animals-impacted.html\"><span style=\"font-weight: 400;\">University of Sydney<\/span><\/a><span style=\"font-weight: 400;\">) on a le droit \u00e0 des dossiers entiers sur le p\u00e9ril des koalas et kangourous. La p\u00e9tition, \u00e0 mes yeux, n\u2019est d\u2019ailleurs rien d\u2019autre qu\u2019une r\u00e9ponse bien intentionn\u00e9e \u00e0 cette exclusivit\u00e9 m\u00e9diatique autour de ces deux mammif\u00e8res. Rien d\u2019\u00e9tonnant qu\u2019on se pr\u00e9occupe surtout du sort de ces deux b\u00eates puisque ce sont les deux embl\u00e8mes nationaux, me direz-vous. Et c\u2019est exactement ce sur quoi je souhaite insister. Il est question de symboles. Le combat contre les extinctions de masse conna\u00eet bien l\u2019usage de symbole ; on parle alors d\u2019esp\u00e8ce porte-drapeau. Comme pour porter la flamme olympique, certaines esp\u00e8ces sont choisies pour leur charisme afin de repr\u00e9senter <\/span><span style=\"font-weight: 400;\">un combat<\/span><span style=\"font-weight: 400;\">. A l\u2019exception qu\u2019il n\u2019est pas question de 100m haie, mais de l\u2019annihilation de la nature. Qu\u2019en est-il des autres ?\u00a0<\/span><\/span><\/p>\n<p><span style=\"font-size: 14pt;\"><span style=\"font-weight: 400;\">On se heurte donc ici \u00e0 ce qui me d\u00e9range profond\u00e9ment. L\u2019usage d\u2019esp\u00e8ce porte-drapeau est d\u00e9battu depuis longtemps. Cette pratique exploite justement la sensibilit\u00e9 du public et les m\u00e9canismes des m\u00e9dias. Je remarque qu\u2019avec la recrudescence du green washing et des sensibilit\u00e9s \u00e9cologiques, ces pratiques ont bon trains. Mais \u00e0 qui profite le crime, maintenant que le vert <\/span><i><span style=\"font-weight: 400;\">is the new black<\/span><\/i><span style=\"font-weight: 400;\"> ? Certainement pas aux luttes \u00e9cologiques. Premi\u00e8rement parce-que des march\u00e9s \u00e9conomiquement juteux font rarement la paire avec les id\u00e9aux environnementalistes. Mais surtout parce que cette machinerie, aux airs hollywoodiens, occulte souvent le fond du message. <\/span><\/span><\/p>\n<p><span style=\"font-size: 14pt;\"><span style=\"font-weight: 400;\">Si l\u2019id\u00e9e de choisir des \u201cstars\u201d pour faire la publicit\u00e9 sur la pr\u00e9servation de l\u2019environnement n\u2019est pas idiote, le probl\u00e8me c\u2019est qu\u2019il n\u2019est plus l\u2019heure de la pub. Je pense que <\/span><span style=\"font-weight: 400;\">suffisamment de personnes sont touch\u00e9es par ces sujets pour qu&rsquo;il soit temps de saisir les raisons des crises \u00e9cologiques<\/span><span style=\"font-weight: 400;\">. Cessons de pleurer, tentons de comprendre. Et la surrepr\u00e9sentation de certaines esp\u00e8ces ne va pas dans cette direction. Voici, \u00e0 mon sens les principaux effets pervers que cela a :\u00a0<\/span><\/span><\/p>\n<p>&nbsp;<\/p>\n<p><span style=\"font-size: 18pt;\"><b>1- L\u2019effet projecteur<\/b> <\/span><\/p>\n<p><span style=\"font-size: 14pt;\">Mettre trop de lumi\u00e8re sur une esp\u00e8ce c\u2019est automatiquement placer la majorit\u00e9 dans l\u2019ombre. Pourquoi ne parle-t-on pas de ce qui constitue l\u2019ensemble de la richesse des \u00e9cosyst\u00e8mes australiens ? Cet effet est d\u2019autant plus fort lorsque l\u2019esp\u00e8ce est peu visible ou charismatiques, comme la v\u00e9g\u00e9tation ou les <a href=\"https:\/\/www.franceinter.fr\/environnement\/papillons-coleopteres-des-millions-d-insectes-australiens-en-peril-a-cause-des-incendies\">insectes<\/a>. N\u2019oublions pas que la v\u00e9g\u00e9tation est la principale victime de ces incendies, n\u2019a-t- elle pourtant pas un r\u00f4le essentiel dans un \u00e9cosyst\u00e8me ?\u00a0<\/span><\/p>\n<p>&nbsp;<\/p>\n<p><span style=\"font-size: 18pt;\"><b>2 &#8211; L\u2019effet adoption <\/b><\/span><\/p>\n<p><span style=\"font-size: 14pt;\"><span style=\"font-weight: 400;\">On cherche souvent \u00e0 agir directement sur les sympt\u00f4mes visibles d\u2019un probl\u00e8me. Cela est directement li\u00e9 \u00e0 l\u2019effet pr\u00e9c\u00e9dent, on agit sur ce qui est visible. De la m\u00eame fa\u00e7on qu\u2019il y a une inclinaison de l\u2019homme \u00e0 prendre soin des (et adopter id\u00e9alement) animaux qui souffrent sous nos yeux. Toutefois c\u2019est voir le probl\u00e8me dans sa particularit\u00e9 et non dans sa globalit\u00e9. C\u2019est ici se pr\u00e9occuper isol\u00e9ment des esp\u00e8ces alors que c\u2019est le syst\u00e8me dans son enti\u00e8ret\u00e9 qui est touch\u00e9. Sont alors ignor\u00e9es des caract\u00e9ristiques importantes des \u00e9cosyst\u00e8mes comme les fonctions \u00e9cologiques ou encore les cha\u00eenes de r\u00e9gulation du syst\u00e8me. Des \u00e9l\u00e9ments, o\u00f9 je le r\u00e9p\u00e8te des composants insignifiants peuvent tenir une place essentielle, comme les insectes, les plantes, les champignons et les bact\u00e9ries. Comme pour une maladie, traiter le sympt\u00f4me c\u2019est se garder de pr\u00e9venir des maux futurs. <\/span><span style=\"font-weight: 400;\">Les bouleversements en cascade qu\u2019entraineraient l\u2019effondrement d\u2019un \u00e9cosyst\u00e8me sont nettement sup\u00e9rieures \u00e0 ceux que l\u2019on pouvait chercher \u00e0\u00a0 \u00e9luder en premier.<\/span><\/span><\/p>\n<p>&nbsp;<\/p>\n<p><span style=\"font-size: 14pt;\"><span style=\"font-size: 18pt;\"><b>3 &#8211; L\u2019effet Disney<\/b><\/span> <\/span><\/p>\n<p><span style=\"font-size: 14pt;\"><span style=\"font-weight: 400;\">Les recherches de <\/span><a href=\"https:\/\/lejournal.cnrs.fr\/articles\/ces-animaux-stars-menaces-dextinction\"><span style=\"font-weight: 400;\">Franck Courchamp<\/span><\/a><span style=\"font-weight: 400;\"> (CNRS) ont montr\u00e9 que les esp\u00e8ces charismatiques n\u2019\u00e9taient pas pour autant les esp\u00e8ces les mieux portantes. <\/span><span style=\"font-weight: 400;\">En effet, Courchamp a r\u00e9pertori\u00e9 les esp\u00e8ces les plus appr\u00e9ci\u00e9es aupr\u00e8s de la population. Il a pos\u00e9 la question sur des sites internet, dans des \u00e9coles primaires, \u00e9pluch\u00e9 les affiches de films d\u2019animation, les pages principales des websites de zoo, etc.<\/span><span style=\"font-weight: 400;\">. Sa conclusion ? La majorit\u00e9 de ces esp\u00e8ces \u00e9taient en voie d\u2019extinction malgr\u00e9 la publicit\u00e9 dont elles b\u00e9n\u00e9ficient. Selon lui, l\u2019omnipr\u00e9sence de ces animaux-totems donneraient une mauvaise appr\u00e9ciation du danger de leur disparition. Plus on voit un animal, moins on le pense rare :<\/span><\/span><\/p>\n<p>&nbsp;<\/p>\n<blockquote><p><span style=\"font-weight: 400; font-size: 14pt;\">\u201cEn utilisant librement l&rsquo;image d&rsquo;esp\u00e8ces rares et menac\u00e9es dans la commercialisation de leurs produits, de nombreuses entreprises peuvent participer \u00e0 la cr\u00e9ation de cette perception biais\u00e9e, avec des effets n\u00e9fastes involontaires sur les efforts de conservation, qui devraient \u00eatre compens\u00e9s en canalisant une partie des b\u00e9n\u00e9fices associ\u00e9s vers la conservation. Selon notre hypoth\u00e8se, cette perception biais\u00e9e serait susceptible de durer aussi longtemps que la pr\u00e9sence culturelle et commerciale massive d&rsquo;esp\u00e8ces charismatiques ne s&rsquo;accompagne pas de campagnes d&rsquo;information ad\u00e9quates sur les menaces imminentes auxquelles elles sont confront\u00e9es\u201d &#8211; <span style=\"font-size: 14pt;\"><span style=\"font-weight: 400;\">(<\/span><a href=\"https:\/\/journals.plos.org\/plosbiology\/article?id=10.1371\/journal.pbio.2003997\"><span style=\"font-weight: 400;\">Courchamp et al. 2018<\/span><\/a><span style=\"font-weight: 400;\">)<\/span><\/span><\/span><\/p><\/blockquote>\n<p>&nbsp;<\/p>\n<p><span style=\"font-weight: 400; font-size: 14pt;\">Comme Courchamp le pointe, c\u2019est un probl\u00e8me d\u2019information. Dans le cas de notre koala la situation est l\u00e9g\u00e8rement diff\u00e9rente puisqu\u2019au contraire on s\u2019indigne de sa disparition. Mais je pr\u00e9ciserais que la transformation d\u2019esp\u00e8ce en ic\u00f4ne a l\u2019effet pervers de la rendre int\u00e9ressante, pour l\u2019image, le tourisme, voire le braconnage (cf. image ci dessous), mettant encore plus en p\u00e9ril sa survie.<\/span><\/p>\n<p>&nbsp;<\/p>\n<p>&nbsp;<\/p>\n<div id=\"attachment_2253\" style=\"width: 706px\" class=\"wp-caption aligncenter\"><img loading=\"lazy\" decoding=\"async\" aria-describedby=\"caption-attachment-2253\" class=\"wp-image-2253 size-full\" src=\"https:\/\/www.bsf.ovh\/wp-content\/uploads\/2020\/01\/03_trump_chasse-696x428-1.jpg\" alt=\"La prog\u00e9niture de Trump dans toute sa splendeur !\" width=\"696\" height=\"428\" srcset=\"https:\/\/www.prendstadose.fr\/wp-content\/uploads\/2020\/01\/03_trump_chasse-696x428-1.jpg 696w, https:\/\/www.prendstadose.fr\/wp-content\/uploads\/2020\/01\/03_trump_chasse-696x428-1-300x184.jpg 300w, https:\/\/www.prendstadose.fr\/wp-content\/uploads\/2020\/01\/03_trump_chasse-696x428-1-585x360.jpg 585w\" sizes=\"auto, (max-width: 696px) 100vw, 696px\" \/><p id=\"caption-attachment-2253\" class=\"wp-caption-text\">La prog\u00e9niture de Trump dans toute sa splendeur !<\/p><\/div>\n<p>&nbsp;<\/p>\n<p><span style=\"font-size: 14pt;\"><span style=\"font-weight: 400;\">J\u2019accuse donc cette p\u00e9tition de repr\u00e9senter ce que je consid\u00e8re \u00eatre de la \u201cmauvaise \u00e9cologie\u201d. Pourquoi ? Parce que c\u2019est une forme de sensiblerie qui ignore tout des principes scientifiques de l\u2019\u00e9cologie. Or un des probl\u00e8mes majeurs point\u00e9 par l\u2019\u00e9cologisme c\u2018est l\u2019ignorance du fonctionnement de la nature et l\u2019incons\u00e9quence qui s\u2019ensuit. <\/span><span style=\"font-weight: 400;\">Faire de l&rsquo;\u00e9cologie sans \u00e9cologie est une b\u00eatise co\u00fbteuse. L\u2019empathie ne peut suffire si l\u2019environnement reste compromis<\/span><span style=\"font-weight: 400;\">. Pas si diff\u00e9rent que d\u2019\u00eatre climatosceptique en somme, les pleurs en plus.<\/span> <span style=\"font-weight: 400;\">J\u2019exag\u00e8re \u00e9videmment. C\u2019est n\u00e9anmoins une mise en garde contre la mise en image de causes importantes.\u00a0<\/span><\/span><\/p>\n<p><span style=\"font-weight: 400; font-size: 14pt;\">La biodiversit\u00e9 ne br\u00fble-t-elle pas en dehors de l\u2019Australie sous l\u2019effet d\u2019une humanit\u00e9 toujours plus vorace ? Faut-il attendre de r\u00e9els flamboiement pour s\u2019en soucier ? Ou bien faut-il attendre des victimes aussi charmantes que le koalas pour s\u2019en \u00e9mouvoir?\u00a0<\/span><\/p>\n<p><span style=\"font-weight: 400; font-size: 14pt;\">Moi qui avais promis de faire bref, c\u2019est rat\u00e9. La prochaine fois ce le sera, je vous l\u2019assure.<\/span><\/p>\n","protected":false},"excerpt":{"rendered":"<p>Aujourd\u2019hui je vais tenter de faire bref. Vous le savez, l\u2019Australie conna\u00eet d\u2019importants incendies. Si vous&hellip;<\/p>\n","protected":false},"author":3,"featured_media":2247,"comment_status":"open","ping_status":"open","sticky":false,"template":"","format":"standard","meta":{"_editorskit_title_hidden":false,"_editorskit_reading_time":0,"_editorskit_is_block_options_detached":false,"_editorskit_block_options_position":"{}","jetpack_post_was_ever_published":false,"_jetpack_newsletter_access":"","_jetpack_dont_email_post_to_subs":false,"_jetpack_newsletter_tier_id":0,"_jetpack_memberships_contains_paywalled_content":false,"_jetpack_memberships_contains_paid_content":false,"footnotes":"","jetpack_publicize_message":"","jetpack_publicize_feature_enabled":true,"jetpack_social_post_already_shared":false,"jetpack_social_options":{"image_generator_settings":{"template":"highway","enabled":false},"version":2}},"categories":[322],"tags":[117,121,158,116,26,182,137,123,119,120,118,172,157,58,171,124,159,156,149,153,122,152,148],"class_list":["post-2246","post","type-post","status-publish","format-standard","has-post-thumbnail","hentry","category-creation","tag-actualite","tag-animaux-porte-drapeaux","tag-article","tag-australie","tag-bsf","tag-bsfmagazine","tag-carnet-de-route","tag-climat","tag-climatosceptique","tag-courchamps","tag-critique","tag-croquis","tag-culture","tag-dessin","tag-dessin-de-presse","tag-faune-et-flore","tag-journalisme","tag-litterature","tag-magazine","tag-paris","tag-petition","tag-philosophie","tag-reflexion"],"yoast_head":"<!-- This site is optimized with the Yoast SEO plugin v24.6 - https:\/\/yoast.com\/wordpress\/plugins\/seo\/ -->\n<title>D\u2019une \u00e9cologie affective : 1 like = 1 koala sauv\u00e9 &#8212; PRENDS TA DOSE<\/title>\n<meta name=\"description\" content=\"Aujourd\u2019hui je vais tenter de faire bref. Vous le savez, l\u2019Australie conna\u00eet d\u2019importants incendies. Si vous le savez, ce n\u2019est pas uniquement parce que j\u2019ai pu l\u2019\u00e9voquer dans ma derni\u00e8re quinzaine, c\u2019est aussi et surtout parce que ces catastrophes sont particuli\u00e8rement m\u00e9diatis\u00e9es. Le monde entier s\u2019exalte sur cette histoire, des journaux, aux c\u00e9l\u00e9brit\u00e9s et surtout les r\u00e9seaux sociaux.\" \/>\n<meta name=\"robots\" content=\"index, follow, max-snippet:-1, max-image-preview:large, max-video-preview:-1\" \/>\n<link rel=\"canonical\" href=\"https:\/\/www.prendstadose.fr\/index.php\/2020\/01\/24\/dune-ecologie-affective-1-like-1-koala-sauve\/\" \/>\n<meta property=\"og:locale\" content=\"fr_FR\" \/>\n<meta property=\"og:type\" content=\"article\" \/>\n<meta property=\"og:title\" content=\"D\u2019une \u00e9cologie affective : 1 like = 1 koala sauv\u00e9 &#8212; PRENDS TA DOSE\" \/>\n<meta property=\"og:description\" content=\"Aujourd\u2019hui je vais tenter de faire bref. Vous le savez, l\u2019Australie conna\u00eet d\u2019importants incendies. Si vous le savez, ce n\u2019est pas uniquement parce que j\u2019ai pu l\u2019\u00e9voquer dans ma derni\u00e8re quinzaine, c\u2019est aussi et surtout parce que ces catastrophes sont particuli\u00e8rement m\u00e9diatis\u00e9es. Le monde entier s\u2019exalte sur cette histoire, des journaux, aux c\u00e9l\u00e9brit\u00e9s et surtout les r\u00e9seaux sociaux.\" \/>\n<meta property=\"og:url\" content=\"https:\/\/www.prendstadose.fr\/index.php\/2020\/01\/24\/dune-ecologie-affective-1-like-1-koala-sauve\/\" \/>\n<meta property=\"og:site_name\" content=\"PRENDS TA DOSE\" \/>\n<meta property=\"article:publisher\" content=\"https:\/\/www.facebook.com\/BrigadeSansFrontieres\/\" \/>\n<meta property=\"article:published_time\" content=\"2020-01-24T15:59:32+00:00\" \/>\n<meta property=\"article:modified_time\" content=\"2024-09-23T13:06:59+00:00\" \/>\n<meta property=\"og:image\" content=\"https:\/\/www.prendstadose.fr\/wp-content\/uploads\/2020\/01\/BSF-Dessin4-scaled.jpg\" \/>\n\t<meta property=\"og:image:width\" content=\"2560\" \/>\n\t<meta property=\"og:image:height\" content=\"2560\" \/>\n\t<meta property=\"og:image:type\" content=\"image\/jpeg\" \/>\n<meta name=\"author\" content=\"Tibovski\" \/>\n<meta name=\"twitter:card\" content=\"summary_large_image\" \/>\n<meta name=\"twitter:label1\" content=\"\u00c9crit par\" \/>\n\t<meta name=\"twitter:data1\" content=\"Tibovski\" \/>\n\t<meta name=\"twitter:label2\" content=\"Dur\u00e9e de lecture estim\u00e9e\" \/>\n\t<meta name=\"twitter:data2\" content=\"10 minutes\" \/>\n<script type=\"application\/ld+json\" class=\"yoast-schema-graph\">{\"@context\":\"https:\/\/schema.org\",\"@graph\":[{\"@type\":\"Article\",\"@id\":\"https:\/\/www.prendstadose.fr\/index.php\/2020\/01\/24\/dune-ecologie-affective-1-like-1-koala-sauve\/#article\",\"isPartOf\":{\"@id\":\"https:\/\/www.prendstadose.fr\/index.php\/2020\/01\/24\/dune-ecologie-affective-1-like-1-koala-sauve\/\"},\"author\":{\"name\":\"Tibovski\",\"@id\":\"https:\/\/www.prendstadose.fr\/#\/schema\/person\/b9a4c3bea7f1286e6488fd15fd4a2e02\"},\"headline\":\"D\u2019une \u00e9cologie affective : 1 like = 1 koala sauv\u00e9\",\"datePublished\":\"2020-01-24T15:59:32+00:00\",\"dateModified\":\"2024-09-23T13:06:59+00:00\",\"mainEntityOfPage\":{\"@id\":\"https:\/\/www.prendstadose.fr\/index.php\/2020\/01\/24\/dune-ecologie-affective-1-like-1-koala-sauve\/\"},\"wordCount\":2085,\"commentCount\":3,\"publisher\":{\"@id\":\"https:\/\/www.prendstadose.fr\/#organization\"},\"image\":{\"@id\":\"https:\/\/www.prendstadose.fr\/index.php\/2020\/01\/24\/dune-ecologie-affective-1-like-1-koala-sauve\/#primaryimage\"},\"thumbnailUrl\":\"https:\/\/www.prendstadose.fr\/wp-content\/uploads\/2020\/01\/BSF-Dessin4-scaled.jpg\",\"keywords\":[\"Actualit\u00e9\",\"animaux porte-drapeaux\",\"Article\",\"Australie\",\"bsf\",\"BSFmagazine\",\"Carnet de route\",\"Climat\",\"Climatosceptique\",\"Courchamps\",\"Critique\",\"croquis\",\"Culture\",\"dessin\",\"dessin de presse\",\"Faune et Flore\",\"Journalisme\",\"Litt\u00e9rature\",\"Magazine\",\"Paris\",\"P\u00e9tition\",\"Philosophie\",\"R\u00e9flexion\"],\"articleSection\":[\"Cr\u00e9ation\"],\"inLanguage\":\"fr-FR\",\"potentialAction\":[{\"@type\":\"CommentAction\",\"name\":\"Comment\",\"target\":[\"https:\/\/www.prendstadose.fr\/index.php\/2020\/01\/24\/dune-ecologie-affective-1-like-1-koala-sauve\/#respond\"]}]},{\"@type\":\"WebPage\",\"@id\":\"https:\/\/www.prendstadose.fr\/index.php\/2020\/01\/24\/dune-ecologie-affective-1-like-1-koala-sauve\/\",\"url\":\"https:\/\/www.prendstadose.fr\/index.php\/2020\/01\/24\/dune-ecologie-affective-1-like-1-koala-sauve\/\",\"name\":\"D\u2019une \u00e9cologie affective : 1 like = 1 koala sauv\u00e9 &#8212; PRENDS TA DOSE\",\"isPartOf\":{\"@id\":\"https:\/\/www.prendstadose.fr\/#website\"},\"primaryImageOfPage\":{\"@id\":\"https:\/\/www.prendstadose.fr\/index.php\/2020\/01\/24\/dune-ecologie-affective-1-like-1-koala-sauve\/#primaryimage\"},\"image\":{\"@id\":\"https:\/\/www.prendstadose.fr\/index.php\/2020\/01\/24\/dune-ecologie-affective-1-like-1-koala-sauve\/#primaryimage\"},\"thumbnailUrl\":\"https:\/\/www.prendstadose.fr\/wp-content\/uploads\/2020\/01\/BSF-Dessin4-scaled.jpg\",\"datePublished\":\"2020-01-24T15:59:32+00:00\",\"dateModified\":\"2024-09-23T13:06:59+00:00\",\"description\":\"Aujourd\u2019hui je vais tenter de faire bref. Vous le savez, l\u2019Australie conna\u00eet d\u2019importants incendies. Si vous le savez, ce n\u2019est pas uniquement parce que j\u2019ai pu l\u2019\u00e9voquer dans ma derni\u00e8re quinzaine, c\u2019est aussi et surtout parce que ces catastrophes sont particuli\u00e8rement m\u00e9diatis\u00e9es. Le monde entier s\u2019exalte sur cette histoire, des journaux, aux c\u00e9l\u00e9brit\u00e9s et surtout les r\u00e9seaux sociaux.\",\"breadcrumb\":{\"@id\":\"https:\/\/www.prendstadose.fr\/index.php\/2020\/01\/24\/dune-ecologie-affective-1-like-1-koala-sauve\/#breadcrumb\"},\"inLanguage\":\"fr-FR\",\"potentialAction\":[{\"@type\":\"ReadAction\",\"target\":[\"https:\/\/www.prendstadose.fr\/index.php\/2020\/01\/24\/dune-ecologie-affective-1-like-1-koala-sauve\/\"]}]},{\"@type\":\"ImageObject\",\"inLanguage\":\"fr-FR\",\"@id\":\"https:\/\/www.prendstadose.fr\/index.php\/2020\/01\/24\/dune-ecologie-affective-1-like-1-koala-sauve\/#primaryimage\",\"url\":\"https:\/\/www.prendstadose.fr\/wp-content\/uploads\/2020\/01\/BSF-Dessin4-scaled.jpg\",\"contentUrl\":\"https:\/\/www.prendstadose.fr\/wp-content\/uploads\/2020\/01\/BSF-Dessin4-scaled.jpg\",\"width\":2560,\"height\":2560,\"caption\":\"Animaux porte drapeau\"},{\"@type\":\"BreadcrumbList\",\"@id\":\"https:\/\/www.prendstadose.fr\/index.php\/2020\/01\/24\/dune-ecologie-affective-1-like-1-koala-sauve\/#breadcrumb\",\"itemListElement\":[{\"@type\":\"ListItem\",\"position\":1,\"name\":\"Accueil\",\"item\":\"https:\/\/www.prendstadose.fr\/\"},{\"@type\":\"ListItem\",\"position\":2,\"name\":\"D\u2019une \u00e9cologie affective : 1 like = 1 koala sauv\u00e9\"}]},{\"@type\":\"WebSite\",\"@id\":\"https:\/\/www.prendstadose.fr\/#website\",\"url\":\"https:\/\/www.prendstadose.fr\/\",\"name\":\"PRENDS TA DOSE\",\"description\":\"Capsule Culture Pour Analphab\u00e8tes Lettr\u00e9s\",\"publisher\":{\"@id\":\"https:\/\/www.prendstadose.fr\/#organization\"},\"potentialAction\":[{\"@type\":\"SearchAction\",\"target\":{\"@type\":\"EntryPoint\",\"urlTemplate\":\"https:\/\/www.prendstadose.fr\/?s={search_term_string}\"},\"query-input\":{\"@type\":\"PropertyValueSpecification\",\"valueRequired\":true,\"valueName\":\"search_term_string\"}}],\"inLanguage\":\"fr-FR\"},{\"@type\":\"Organization\",\"@id\":\"https:\/\/www.prendstadose.fr\/#organization\",\"name\":\"PrendsTaDose\",\"url\":\"https:\/\/www.prendstadose.fr\/\",\"logo\":{\"@type\":\"ImageObject\",\"inLanguage\":\"fr-FR\",\"@id\":\"https:\/\/www.prendstadose.fr\/#\/schema\/logo\/image\/\",\"url\":\"https:\/\/www.prendstadose.fr\/wp-content\/uploads\/2021\/08\/logo-e1641309847268.png\",\"contentUrl\":\"https:\/\/www.prendstadose.fr\/wp-content\/uploads\/2021\/08\/logo-e1641309847268.png\",\"width\":400,\"height\":406,\"caption\":\"PrendsTaDose\"},\"image\":{\"@id\":\"https:\/\/www.prendstadose.fr\/#\/schema\/logo\/image\/\"},\"sameAs\":[\"https:\/\/www.facebook.com\/BrigadeSansFrontieres\/\",\"https:\/\/www.instagram.com\/romain_mailliu\/\"]},{\"@type\":\"Person\",\"@id\":\"https:\/\/www.prendstadose.fr\/#\/schema\/person\/b9a4c3bea7f1286e6488fd15fd4a2e02\",\"name\":\"Tibovski\",\"url\":\"https:\/\/www.prendstadose.fr\/index.php\/author\/tibovski\/\"}]}<\/script>\n<!-- \/ Yoast SEO plugin. -->","yoast_head_json":{"title":"D\u2019une \u00e9cologie affective : 1 like = 1 koala sauv\u00e9 &#8212; PRENDS TA DOSE","description":"Aujourd\u2019hui je vais tenter de faire bref. Vous le savez, l\u2019Australie conna\u00eet d\u2019importants incendies. Si vous le savez, ce n\u2019est pas uniquement parce que j\u2019ai pu l\u2019\u00e9voquer dans ma derni\u00e8re quinzaine, c\u2019est aussi et surtout parce que ces catastrophes sont particuli\u00e8rement m\u00e9diatis\u00e9es. Le monde entier s\u2019exalte sur cette histoire, des journaux, aux c\u00e9l\u00e9brit\u00e9s et surtout les r\u00e9seaux sociaux.","robots":{"index":"index","follow":"follow","max-snippet":"max-snippet:-1","max-image-preview":"max-image-preview:large","max-video-preview":"max-video-preview:-1"},"canonical":"https:\/\/www.prendstadose.fr\/index.php\/2020\/01\/24\/dune-ecologie-affective-1-like-1-koala-sauve\/","og_locale":"fr_FR","og_type":"article","og_title":"D\u2019une \u00e9cologie affective : 1 like = 1 koala sauv\u00e9 &#8212; PRENDS TA DOSE","og_description":"Aujourd\u2019hui je vais tenter de faire bref. Vous le savez, l\u2019Australie conna\u00eet d\u2019importants incendies. Si vous le savez, ce n\u2019est pas uniquement parce que j\u2019ai pu l\u2019\u00e9voquer dans ma derni\u00e8re quinzaine, c\u2019est aussi et surtout parce que ces catastrophes sont particuli\u00e8rement m\u00e9diatis\u00e9es. Le monde entier s\u2019exalte sur cette histoire, des journaux, aux c\u00e9l\u00e9brit\u00e9s et surtout les r\u00e9seaux sociaux.","og_url":"https:\/\/www.prendstadose.fr\/index.php\/2020\/01\/24\/dune-ecologie-affective-1-like-1-koala-sauve\/","og_site_name":"PRENDS TA DOSE","article_publisher":"https:\/\/www.facebook.com\/BrigadeSansFrontieres\/","article_published_time":"2020-01-24T15:59:32+00:00","article_modified_time":"2024-09-23T13:06:59+00:00","og_image":[{"width":2560,"height":2560,"url":"https:\/\/www.prendstadose.fr\/wp-content\/uploads\/2020\/01\/BSF-Dessin4-scaled.jpg","type":"image\/jpeg"}],"author":"Tibovski","twitter_card":"summary_large_image","twitter_misc":{"\u00c9crit par":"Tibovski","Dur\u00e9e de lecture estim\u00e9e":"10 minutes"},"schema":{"@context":"https:\/\/schema.org","@graph":[{"@type":"Article","@id":"https:\/\/www.prendstadose.fr\/index.php\/2020\/01\/24\/dune-ecologie-affective-1-like-1-koala-sauve\/#article","isPartOf":{"@id":"https:\/\/www.prendstadose.fr\/index.php\/2020\/01\/24\/dune-ecologie-affective-1-like-1-koala-sauve\/"},"author":{"name":"Tibovski","@id":"https:\/\/www.prendstadose.fr\/#\/schema\/person\/b9a4c3bea7f1286e6488fd15fd4a2e02"},"headline":"D\u2019une \u00e9cologie affective : 1 like = 1 koala sauv\u00e9","datePublished":"2020-01-24T15:59:32+00:00","dateModified":"2024-09-23T13:06:59+00:00","mainEntityOfPage":{"@id":"https:\/\/www.prendstadose.fr\/index.php\/2020\/01\/24\/dune-ecologie-affective-1-like-1-koala-sauve\/"},"wordCount":2085,"commentCount":3,"publisher":{"@id":"https:\/\/www.prendstadose.fr\/#organization"},"image":{"@id":"https:\/\/www.prendstadose.fr\/index.php\/2020\/01\/24\/dune-ecologie-affective-1-like-1-koala-sauve\/#primaryimage"},"thumbnailUrl":"https:\/\/www.prendstadose.fr\/wp-content\/uploads\/2020\/01\/BSF-Dessin4-scaled.jpg","keywords":["Actualit\u00e9","animaux porte-drapeaux","Article","Australie","bsf","BSFmagazine","Carnet de route","Climat","Climatosceptique","Courchamps","Critique","croquis","Culture","dessin","dessin de presse","Faune et Flore","Journalisme","Litt\u00e9rature","Magazine","Paris","P\u00e9tition","Philosophie","R\u00e9flexion"],"articleSection":["Cr\u00e9ation"],"inLanguage":"fr-FR","potentialAction":[{"@type":"CommentAction","name":"Comment","target":["https:\/\/www.prendstadose.fr\/index.php\/2020\/01\/24\/dune-ecologie-affective-1-like-1-koala-sauve\/#respond"]}]},{"@type":"WebPage","@id":"https:\/\/www.prendstadose.fr\/index.php\/2020\/01\/24\/dune-ecologie-affective-1-like-1-koala-sauve\/","url":"https:\/\/www.prendstadose.fr\/index.php\/2020\/01\/24\/dune-ecologie-affective-1-like-1-koala-sauve\/","name":"D\u2019une \u00e9cologie affective : 1 like = 1 koala sauv\u00e9 &#8212; PRENDS TA DOSE","isPartOf":{"@id":"https:\/\/www.prendstadose.fr\/#website"},"primaryImageOfPage":{"@id":"https:\/\/www.prendstadose.fr\/index.php\/2020\/01\/24\/dune-ecologie-affective-1-like-1-koala-sauve\/#primaryimage"},"image":{"@id":"https:\/\/www.prendstadose.fr\/index.php\/2020\/01\/24\/dune-ecologie-affective-1-like-1-koala-sauve\/#primaryimage"},"thumbnailUrl":"https:\/\/www.prendstadose.fr\/wp-content\/uploads\/2020\/01\/BSF-Dessin4-scaled.jpg","datePublished":"2020-01-24T15:59:32+00:00","dateModified":"2024-09-23T13:06:59+00:00","description":"Aujourd\u2019hui je vais tenter de faire bref. Vous le savez, l\u2019Australie conna\u00eet d\u2019importants incendies. Si vous le savez, ce n\u2019est pas uniquement parce que j\u2019ai pu l\u2019\u00e9voquer dans ma derni\u00e8re quinzaine, c\u2019est aussi et surtout parce que ces catastrophes sont particuli\u00e8rement m\u00e9diatis\u00e9es. Le monde entier s\u2019exalte sur cette histoire, des journaux, aux c\u00e9l\u00e9brit\u00e9s et surtout les r\u00e9seaux sociaux.","breadcrumb":{"@id":"https:\/\/www.prendstadose.fr\/index.php\/2020\/01\/24\/dune-ecologie-affective-1-like-1-koala-sauve\/#breadcrumb"},"inLanguage":"fr-FR","potentialAction":[{"@type":"ReadAction","target":["https:\/\/www.prendstadose.fr\/index.php\/2020\/01\/24\/dune-ecologie-affective-1-like-1-koala-sauve\/"]}]},{"@type":"ImageObject","inLanguage":"fr-FR","@id":"https:\/\/www.prendstadose.fr\/index.php\/2020\/01\/24\/dune-ecologie-affective-1-like-1-koala-sauve\/#primaryimage","url":"https:\/\/www.prendstadose.fr\/wp-content\/uploads\/2020\/01\/BSF-Dessin4-scaled.jpg","contentUrl":"https:\/\/www.prendstadose.fr\/wp-content\/uploads\/2020\/01\/BSF-Dessin4-scaled.jpg","width":2560,"height":2560,"caption":"Animaux porte drapeau"},{"@type":"BreadcrumbList","@id":"https:\/\/www.prendstadose.fr\/index.php\/2020\/01\/24\/dune-ecologie-affective-1-like-1-koala-sauve\/#breadcrumb","itemListElement":[{"@type":"ListItem","position":1,"name":"Accueil","item":"https:\/\/www.prendstadose.fr\/"},{"@type":"ListItem","position":2,"name":"D\u2019une \u00e9cologie affective : 1 like = 1 koala sauv\u00e9"}]},{"@type":"WebSite","@id":"https:\/\/www.prendstadose.fr\/#website","url":"https:\/\/www.prendstadose.fr\/","name":"PRENDS TA DOSE","description":"Capsule Culture Pour Analphab\u00e8tes Lettr\u00e9s","publisher":{"@id":"https:\/\/www.prendstadose.fr\/#organization"},"potentialAction":[{"@type":"SearchAction","target":{"@type":"EntryPoint","urlTemplate":"https:\/\/www.prendstadose.fr\/?s={search_term_string}"},"query-input":{"@type":"PropertyValueSpecification","valueRequired":true,"valueName":"search_term_string"}}],"inLanguage":"fr-FR"},{"@type":"Organization","@id":"https:\/\/www.prendstadose.fr\/#organization","name":"PrendsTaDose","url":"https:\/\/www.prendstadose.fr\/","logo":{"@type":"ImageObject","inLanguage":"fr-FR","@id":"https:\/\/www.prendstadose.fr\/#\/schema\/logo\/image\/","url":"https:\/\/www.prendstadose.fr\/wp-content\/uploads\/2021\/08\/logo-e1641309847268.png","contentUrl":"https:\/\/www.prendstadose.fr\/wp-content\/uploads\/2021\/08\/logo-e1641309847268.png","width":400,"height":406,"caption":"PrendsTaDose"},"image":{"@id":"https:\/\/www.prendstadose.fr\/#\/schema\/logo\/image\/"},"sameAs":["https:\/\/www.facebook.com\/BrigadeSansFrontieres\/","https:\/\/www.instagram.com\/romain_mailliu\/"]},{"@type":"Person","@id":"https:\/\/www.prendstadose.fr\/#\/schema\/person\/b9a4c3bea7f1286e6488fd15fd4a2e02","name":"Tibovski","url":"https:\/\/www.prendstadose.fr\/index.php\/author\/tibovski\/"}]}},"jetpack_publicize_connections":[],"jetpack_featured_media_url":"https:\/\/www.prendstadose.fr\/wp-content\/uploads\/2020\/01\/BSF-Dessin4-scaled.jpg","jetpack_sharing_enabled":true,"_links":{"self":[{"href":"https:\/\/www.prendstadose.fr\/index.php\/wp-json\/wp\/v2\/posts\/2246","targetHints":{"allow":["GET"]}}],"collection":[{"href":"https:\/\/www.prendstadose.fr\/index.php\/wp-json\/wp\/v2\/posts"}],"about":[{"href":"https:\/\/www.prendstadose.fr\/index.php\/wp-json\/wp\/v2\/types\/post"}],"author":[{"embeddable":true,"href":"https:\/\/www.prendstadose.fr\/index.php\/wp-json\/wp\/v2\/users\/3"}],"replies":[{"embeddable":true,"href":"https:\/\/www.prendstadose.fr\/index.php\/wp-json\/wp\/v2\/comments?post=2246"}],"version-history":[{"count":3,"href":"https:\/\/www.prendstadose.fr\/index.php\/wp-json\/wp\/v2\/posts\/2246\/revisions"}],"predecessor-version":[{"id":2254,"href":"https:\/\/www.prendstadose.fr\/index.php\/wp-json\/wp\/v2\/posts\/2246\/revisions\/2254"}],"wp:featuredmedia":[{"embeddable":true,"href":"https:\/\/www.prendstadose.fr\/index.php\/wp-json\/wp\/v2\/media\/2247"}],"wp:attachment":[{"href":"https:\/\/www.prendstadose.fr\/index.php\/wp-json\/wp\/v2\/media?parent=2246"}],"wp:term":[{"taxonomy":"category","embeddable":true,"href":"https:\/\/www.prendstadose.fr\/index.php\/wp-json\/wp\/v2\/categories?post=2246"},{"taxonomy":"post_tag","embeddable":true,"href":"https:\/\/www.prendstadose.fr\/index.php\/wp-json\/wp\/v2\/tags?post=2246"}],"curies":[{"name":"wp","href":"https:\/\/api.w.org\/{rel}","templated":true}]}}