{"id":2287,"date":"2020-02-07T13:26:47","date_gmt":"2020-02-07T12:26:47","guid":{"rendered":"https:\/\/www.bsf.ovh\/?p=2287"},"modified":"2024-09-23T15:07:56","modified_gmt":"2024-09-23T13:07:56","slug":"la-bonne-et-la-mauvaise-fatigue","status":"publish","type":"post","link":"https:\/\/www.prendstadose.fr\/index.php\/2020\/02\/07\/la-bonne-et-la-mauvaise-fatigue\/","title":{"rendered":"La bonne et la mauvaise fatigue"},"content":{"rendered":"<p>&nbsp;<\/p>\n<p><span style=\"font-weight: 400; font-size: 14pt;\">\u00ab Je suis \u00e9reint\u00e9 \u00bb disais-je \u00e0 ma grand-m\u00e8re de retour d\u2019une randonn\u00e9e en montagne. D\u2019un air entendu avec mon grand-p\u00e8re, elle me r\u00e9pondit comme souvent que c\u2019\u00e9tait de la bonne fatigue. Je n\u2019ai jamais compris cette formule qui, chaque fois, me rend fier ! C\u2019est pourtant une expression banale digne de mes exploits les plus simples. Mais qu\u2019elle n\u2019utilise pas dans toutes les circonstances. Car si cette ineptie peut satisfaire l\u2019aventurier du dimanche, elle pose sur le fond une question bien plus importante : qu\u2019est-ce que de la bonne fatigue ?<\/span><\/p>\n<p><span style=\"font-weight: 400; font-size: 14pt;\">\u00a0<\/span><\/p>\n<h2><strong><span style=\"font-size: 24pt;\">\u201cAlors tu me dis oui <a href=\"https:\/\/www.google.fr\/search?q=claudy+dikkenek&amp;source=lnms&amp;tbm=isch&amp;sa=X&amp;ved=2ahUKEwjW6dvNi6nnAhUFA2MBHQCsBC8Q_AUoAXoECAoQAw&amp;biw=1440&amp;bih=799\">Claudy<\/a>, c&rsquo;est vrai je suis <i>tendue<\/i>, je ne suis pas \u00e0 mon aise.\u201d<\/span><\/strong><\/h2>\n<p><span style=\"font-size: 14pt;\"><span style=\"font-weight: 400;\">Qu\u2019est-ce qui n\u2019est pas de la bonne fatigue : son oppos\u00e9. La mauvaise fatigue donc. Inutile d\u2019\u00eatre un philosophe pour comprendre ce que cela peut repr\u00e9senter, chacun \u00e0 son niveau peut y arriver. Par exemple pour moi, jeune travailleur, la mauvaise fatigue est imm\u00e9diatement assimil\u00e9e aux <\/span><a href=\"https:\/\/youtu.be\/MjF60WnM6tc\"><span style=\"font-weight: 400;\">r\u00e9veils naus\u00e9abonds<\/span><\/a><span style=\"font-weight: 400;\"> les lendemains de soir\u00e9e sans lendemain. Ou bien par la nuit blanche \u00e9clair\u00e9e \u00e0 coup de jeux-vid\u00e9os ou de livres. Une vie de patachon qui prend le dessus quand je file un mauvais coton, voil\u00e0 comment ma bonne femme de grand-m\u00e8re r\u00e9sumerait la mauvaise fatigue !\u00a0<\/span><\/span><\/p>\n<p><span style=\"font-weight: 400; font-size: 14pt;\">La mauvaise fatigue semble \u00eatre toujours accompagn\u00e9e d\u2019un d\u00e9r\u00e8glement qui d\u00e9truit notre \u00e9nergie, celui d\u2019un rythme, d\u2019un corps ou d\u2019un cycle de sommeil.\u00a0<\/span><\/p>\n<p><span style=\"font-weight: 400; font-size: 14pt;\">\u00a0<\/span><\/p>\n<h2><span style=\"font-size: 24pt;\"><a href=\"https:\/\/www.dargaud.com\/bd\/Combat-ordinaire-Le\/Combat-ordinaire-Le\"><b>Le combat ordinaire<\/b><span style=\"font-weight: 400;\">\u00a0<\/span><\/a><\/span><\/h2>\n<p><span style=\"font-weight: 400; font-size: 14pt;\">Mais alors, si mauvaise fatigue = mauvais sommeil alors bonne fatigue = bon sommeil ? Non, pas seulement. Car c\u2019est ce que nous allons faire suite \u00e0 ce bon sommeil qui constituerait ou non une bonne fatigue selon ma grand-m\u00e8re. Jamais vous ne l\u2019entendrez me f\u00e9liciter apr\u00e8s une grosse journ\u00e9e au travail ! M\u00eame apr\u00e8s dix heures pass\u00e9es le dos courb\u00e9 sur une chaise de bureau, la t\u00eate pench\u00e9e, le cou pli\u00e9, les jambes et les bras mous. Pas m\u00eame apr\u00e8s une journ\u00e9e de d\u00e9placements professionnels \u00e0 Paris ponctu\u00e9e par d\u2019\u00e9puisants probl\u00e8mes de transport. Pas un mot. Rien. Si ce n\u2019est une plainte partag\u00e9e. C\u2019est \u00e0 ne plus rien comprendre ! La vieille n\u2019a pourtant rien contre les m\u00e9tiers du tertiaire. C\u2019est seulement que, sans r\u00e9ellement en prendre conscience, elle ne voit pas dans ces m\u00e9tiers une bonne fatigue. Et pourtant je reviens bien plus fatigu\u00e9 apr\u00e8s une telle journ\u00e9e qu\u2019apr\u00e8s six heures de marche dans la for\u00eat.<\/span><\/p>\n<p>&nbsp;<\/p>\n<div id=\"attachment_2289\" style=\"width: 610px\" class=\"wp-caption aligncenter\"><img loading=\"lazy\" decoding=\"async\" aria-describedby=\"caption-attachment-2289\" class=\"wp-image-2289 size-full\" src=\"https:\/\/www.bsf.ovh\/wp-content\/uploads\/2020\/02\/18791055.jpg\" alt=\"Fatigue \" width=\"600\" height=\"400\" srcset=\"https:\/\/www.prendstadose.fr\/wp-content\/uploads\/2020\/02\/18791055.jpg 600w, https:\/\/www.prendstadose.fr\/wp-content\/uploads\/2020\/02\/18791055-300x200.jpg 300w, https:\/\/www.prendstadose.fr\/wp-content\/uploads\/2020\/02\/18791055-585x390.jpg 585w, https:\/\/www.prendstadose.fr\/wp-content\/uploads\/2020\/02\/18791055-263x175.jpg 263w\" sizes=\"auto, (max-width: 600px) 100vw, 600px\" \/><p id=\"caption-attachment-2289\" class=\"wp-caption-text\">Mathieu Amalric dans \u201cUn conte de No\u00ebl\u201d d\u2019Arnaud Desplechin (2008)<\/p><\/div>\n<p>&nbsp;<\/p>\n<h2><span style=\"font-size: 24pt;\"><a href=\"https:\/\/youtu.be\/qmB7wrdD9mk\"><b>\u201cUne rock&rsquo;n&rsquo;roll attitude\u201d\u00a0<\/b><\/a><\/span><\/h2>\n<p><span style=\"font-size: 14pt;\"><span style=\"font-weight: 400;\">Qu\u2019est-ce qui peut alors distinguer la fatigue et la bonne fatigue ? Utilisons un exemple qui pourra peut-\u00eatre nous aider. <\/span><a href=\"https:\/\/fr.wikipedia.org\/wiki\/Ivan_Illich\"><span style=\"font-weight: 400;\">Ivan Illich<\/span><\/a><span style=\"font-weight: 400;\">, dans son essai <\/span><i><span style=\"font-weight: 400;\">Energie et Equit\u00e9<\/span><\/i><span style=\"font-weight: 400;\">, apporte un argument \u00e9clairant. En comparant la vitesse d\u2019un cycliste et d\u2019un automobiliste, il arrive au surprenant r\u00e9sultat que le cycliste est plus rapide que l\u2019automobiliste. Pour cela, en plus de consid\u00e9rer le temps de d\u00e9placement, il prend \u00e9galement en compte le temps de travail n\u00e9cessaire pour payer l\u2019objet et les frais annexes (carburant, parking, assurance\u2026). Travailler pour se payer une voiture afin d\u2019aller au travail est donc une perte de temps et de l\u2019\u00e9puisement inutile.<\/span><\/span><\/p>\n<p><span style=\"font-size: 14pt;\"><span style=\"font-weight: 400;\">Voil\u00e0 peut-\u00eatre ce petit quelque chose qui choque inconsciemment la logique de ma grand-m\u00e8re ! Pour autant, face aux imp\u00e9ratifs de la vie, comment tenter d\u2019am\u00e9liorer ce fatalisme moderne ? En utilisant notre \u00e9nergie pour en faire de la bonne fatigue ! Il me semble que cela peut commencer par faire confiance en nos capacit\u00e9s.<\/span> <span style=\"font-weight: 400;\">Se d\u00e9placer en ville \u00e0 v\u00e9lo est une premi\u00e8re \u00e9tape, pour reprendre notre exemple. Mais il peut \u00eatre g\u00e9n\u00e9ralis\u00e9 dans tellement d\u2019autres domaines. En faisant un travail avec du sens, en faisant grandir une passion enrichissante, en s\u2019int\u00e9grant dans une intelligence collective plut\u00f4t que dans une logique de profit individuel : en ayant de beaux objectifs de vie.<\/span><\/span><\/p>\n<p><span style=\"font-size: 14pt;\"><span style=\"font-weight: 400;\">Ainsi, je suis certain que si <\/span><a href=\"https:\/\/www.bsf.ovh\/index.php\/romain-13-mois-de-volontariat-en-indonesie\/\"><span style=\"font-weight: 400;\">Romain<\/span><\/a><span style=\"font-weight: 400;\"> lui parlait de son projet de volontariat en Indon\u00e9sie, pour accompagner des jeunes des bidonvilles \u00e0 obtenir un travail d\u00e9cent afin de sortir de l&rsquo;exclusion, ma grand-m\u00e8re hocherait la t\u00eate. Inconsciente des enjeux, la ride s\u00e9rieuse, et sans aucun autre fondement que son bon sens, elle affirmerait que ce projet est pour lui de la bonne fatigue !<\/span><\/span><\/p>\n<p>&nbsp;<\/p>\n<p><span style=\"font-size: 12pt;\"><em>Photo de couverture : <span style=\"font-weight: 400;\">\u201cLe troubadour fatigu\u00e9\u201d de Giorgio de Chirico <\/span><\/em><\/span><\/p>\n","protected":false},"excerpt":{"rendered":"<p>&nbsp; \u00ab Je suis \u00e9reint\u00e9 \u00bb disais-je \u00e0 ma grand-m\u00e8re de retour d\u2019une randonn\u00e9e en montagne.&hellip;<\/p>\n","protected":false},"author":12,"featured_media":2288,"comment_status":"open","ping_status":"open","sticky":false,"template":"","format":"standard","meta":{"_editorskit_title_hidden":false,"_editorskit_reading_time":0,"_editorskit_is_block_options_detached":false,"_editorskit_block_options_position":"{}","jetpack_post_was_ever_published":false,"_jetpack_newsletter_access":"","_jetpack_dont_email_post_to_subs":false,"_jetpack_newsletter_tier_id":0,"_jetpack_memberships_contains_paywalled_content":false,"_jetpack_memberships_contains_paid_content":false,"footnotes":"","jetpack_publicize_message":"","jetpack_publicize_feature_enabled":true,"jetpack_social_post_already_shared":false,"jetpack_social_options":{"image_generator_settings":{"template":"highway","enabled":false},"version":2}},"categories":[322],"tags":[102,26,182,142,147,151,143,161,146,149,144,153,152,145,148,150,126],"class_list":["post-2287","post","type-post","status-publish","format-standard","has-post-thumbnail","hentry","category-creation","tag-aventure","tag-bsf","tag-bsfmagazine","tag-chronique","tag-cycliste","tag-edmond-moralis","tag-fatigue","tag-humour","tag-ivan-illich","tag-magazine","tag-mathieu-amalric","tag-paris","tag-philosophie","tag-randonnee","tag-reflexion","tag-rocknroll","tag-romance"],"yoast_head":"<!-- This site is optimized with the Yoast SEO plugin v24.6 - https:\/\/yoast.com\/wordpress\/plugins\/seo\/ -->\n<title>La bonne et la mauvaise fatigue &#8212; PRENDS TA DOSE<\/title>\n<meta name=\"description\" content=\"\u00ab Je suis \u00e9reint\u00e9 \u00bb disais-je \u00e0 ma grand-m\u00e8re de retour d\u2019une randonn\u00e9e en montagne. D\u2019un air entendu avec mon grand-p\u00e8re, elle me r\u00e9pondit comme souvent que c\u2019\u00e9tait de la bonne fatigue.\" \/>\n<meta name=\"robots\" content=\"index, follow, max-snippet:-1, max-image-preview:large, max-video-preview:-1\" \/>\n<link rel=\"canonical\" href=\"https:\/\/www.prendstadose.fr\/index.php\/2020\/02\/07\/la-bonne-et-la-mauvaise-fatigue\/\" \/>\n<meta property=\"og:locale\" content=\"fr_FR\" \/>\n<meta property=\"og:type\" content=\"article\" \/>\n<meta property=\"og:title\" content=\"La bonne et la mauvaise fatigue &#8212; PRENDS TA DOSE\" \/>\n<meta property=\"og:description\" content=\"\u00ab Je suis \u00e9reint\u00e9 \u00bb disais-je \u00e0 ma grand-m\u00e8re de retour d\u2019une randonn\u00e9e en montagne. D\u2019un air entendu avec mon grand-p\u00e8re, elle me r\u00e9pondit comme souvent que c\u2019\u00e9tait de la bonne fatigue.\" \/>\n<meta property=\"og:url\" content=\"https:\/\/www.prendstadose.fr\/index.php\/2020\/02\/07\/la-bonne-et-la-mauvaise-fatigue\/\" \/>\n<meta property=\"og:site_name\" content=\"PRENDS TA DOSE\" \/>\n<meta property=\"article:publisher\" content=\"https:\/\/www.facebook.com\/BrigadeSansFrontieres\/\" \/>\n<meta property=\"article:published_time\" content=\"2020-02-07T12:26:47+00:00\" \/>\n<meta property=\"article:modified_time\" content=\"2024-09-23T13:07:56+00:00\" \/>\n<meta property=\"og:image\" content=\"https:\/\/www.prendstadose.fr\/wp-content\/uploads\/2020\/02\/c297d087ae3aab07be539be982de6b6f.jpg\" \/>\n\t<meta property=\"og:image:width\" content=\"894\" \/>\n\t<meta property=\"og:image:height\" content=\"600\" \/>\n\t<meta property=\"og:image:type\" content=\"image\/jpeg\" \/>\n<meta name=\"author\" content=\"Baudouin Duchange\" \/>\n<meta name=\"twitter:card\" content=\"summary_large_image\" \/>\n<meta name=\"twitter:label1\" content=\"\u00c9crit par\" \/>\n\t<meta name=\"twitter:data1\" content=\"Baudouin Duchange\" \/>\n\t<meta name=\"twitter:label2\" content=\"Dur\u00e9e de lecture estim\u00e9e\" \/>\n\t<meta name=\"twitter:data2\" content=\"4 minutes\" \/>\n<script type=\"application\/ld+json\" class=\"yoast-schema-graph\">{\"@context\":\"https:\/\/schema.org\",\"@graph\":[{\"@type\":\"Article\",\"@id\":\"https:\/\/www.prendstadose.fr\/index.php\/2020\/02\/07\/la-bonne-et-la-mauvaise-fatigue\/#article\",\"isPartOf\":{\"@id\":\"https:\/\/www.prendstadose.fr\/index.php\/2020\/02\/07\/la-bonne-et-la-mauvaise-fatigue\/\"},\"author\":{\"name\":\"Baudouin Duchange\",\"@id\":\"https:\/\/www.prendstadose.fr\/#\/schema\/person\/470cdc52962d193b3ca01d9cfa243f03\"},\"headline\":\"La bonne et la mauvaise fatigue\",\"datePublished\":\"2020-02-07T12:26:47+00:00\",\"dateModified\":\"2024-09-23T13:07:56+00:00\",\"mainEntityOfPage\":{\"@id\":\"https:\/\/www.prendstadose.fr\/index.php\/2020\/02\/07\/la-bonne-et-la-mauvaise-fatigue\/\"},\"wordCount\":781,\"commentCount\":2,\"publisher\":{\"@id\":\"https:\/\/www.prendstadose.fr\/#organization\"},\"image\":{\"@id\":\"https:\/\/www.prendstadose.fr\/index.php\/2020\/02\/07\/la-bonne-et-la-mauvaise-fatigue\/#primaryimage\"},\"thumbnailUrl\":\"https:\/\/www.prendstadose.fr\/wp-content\/uploads\/2020\/02\/c297d087ae3aab07be539be982de6b6f.jpg\",\"keywords\":[\"Aventure\",\"bsf\",\"BSFmagazine\",\"Chronique\",\"Cycliste\",\"Edmond Moralis\",\"Fatigue\",\"Humour\",\"Ivan Illich\",\"Magazine\",\"Mathieu Amalric\",\"Paris\",\"Philosophie\",\"Randonn\u00e9e\",\"R\u00e9flexion\",\"Rock'n'roll\",\"Romance\"],\"articleSection\":[\"Cr\u00e9ation\"],\"inLanguage\":\"fr-FR\",\"potentialAction\":[{\"@type\":\"CommentAction\",\"name\":\"Comment\",\"target\":[\"https:\/\/www.prendstadose.fr\/index.php\/2020\/02\/07\/la-bonne-et-la-mauvaise-fatigue\/#respond\"]}]},{\"@type\":\"WebPage\",\"@id\":\"https:\/\/www.prendstadose.fr\/index.php\/2020\/02\/07\/la-bonne-et-la-mauvaise-fatigue\/\",\"url\":\"https:\/\/www.prendstadose.fr\/index.php\/2020\/02\/07\/la-bonne-et-la-mauvaise-fatigue\/\",\"name\":\"La bonne et la mauvaise fatigue &#8212; PRENDS TA DOSE\",\"isPartOf\":{\"@id\":\"https:\/\/www.prendstadose.fr\/#website\"},\"primaryImageOfPage\":{\"@id\":\"https:\/\/www.prendstadose.fr\/index.php\/2020\/02\/07\/la-bonne-et-la-mauvaise-fatigue\/#primaryimage\"},\"image\":{\"@id\":\"https:\/\/www.prendstadose.fr\/index.php\/2020\/02\/07\/la-bonne-et-la-mauvaise-fatigue\/#primaryimage\"},\"thumbnailUrl\":\"https:\/\/www.prendstadose.fr\/wp-content\/uploads\/2020\/02\/c297d087ae3aab07be539be982de6b6f.jpg\",\"datePublished\":\"2020-02-07T12:26:47+00:00\",\"dateModified\":\"2024-09-23T13:07:56+00:00\",\"description\":\"\u00ab Je suis \u00e9reint\u00e9 \u00bb disais-je \u00e0 ma grand-m\u00e8re de retour d\u2019une randonn\u00e9e en montagne. D\u2019un air entendu avec mon grand-p\u00e8re, elle me r\u00e9pondit comme souvent que c\u2019\u00e9tait de la bonne fatigue.\",\"breadcrumb\":{\"@id\":\"https:\/\/www.prendstadose.fr\/index.php\/2020\/02\/07\/la-bonne-et-la-mauvaise-fatigue\/#breadcrumb\"},\"inLanguage\":\"fr-FR\",\"potentialAction\":[{\"@type\":\"ReadAction\",\"target\":[\"https:\/\/www.prendstadose.fr\/index.php\/2020\/02\/07\/la-bonne-et-la-mauvaise-fatigue\/\"]}]},{\"@type\":\"ImageObject\",\"inLanguage\":\"fr-FR\",\"@id\":\"https:\/\/www.prendstadose.fr\/index.php\/2020\/02\/07\/la-bonne-et-la-mauvaise-fatigue\/#primaryimage\",\"url\":\"https:\/\/www.prendstadose.fr\/wp-content\/uploads\/2020\/02\/c297d087ae3aab07be539be982de6b6f.jpg\",\"contentUrl\":\"https:\/\/www.prendstadose.fr\/wp-content\/uploads\/2020\/02\/c297d087ae3aab07be539be982de6b6f.jpg\",\"width\":894,\"height\":600,\"caption\":\"\u201cLe troubadour fatigu\u00e9\u201d de Giorgio de Chirico\"},{\"@type\":\"BreadcrumbList\",\"@id\":\"https:\/\/www.prendstadose.fr\/index.php\/2020\/02\/07\/la-bonne-et-la-mauvaise-fatigue\/#breadcrumb\",\"itemListElement\":[{\"@type\":\"ListItem\",\"position\":1,\"name\":\"Accueil\",\"item\":\"https:\/\/www.prendstadose.fr\/\"},{\"@type\":\"ListItem\",\"position\":2,\"name\":\"La bonne et la mauvaise fatigue\"}]},{\"@type\":\"WebSite\",\"@id\":\"https:\/\/www.prendstadose.fr\/#website\",\"url\":\"https:\/\/www.prendstadose.fr\/\",\"name\":\"PRENDS TA DOSE\",\"description\":\"Capsule Culture Pour Analphab\u00e8tes Lettr\u00e9s\",\"publisher\":{\"@id\":\"https:\/\/www.prendstadose.fr\/#organization\"},\"potentialAction\":[{\"@type\":\"SearchAction\",\"target\":{\"@type\":\"EntryPoint\",\"urlTemplate\":\"https:\/\/www.prendstadose.fr\/?s={search_term_string}\"},\"query-input\":{\"@type\":\"PropertyValueSpecification\",\"valueRequired\":true,\"valueName\":\"search_term_string\"}}],\"inLanguage\":\"fr-FR\"},{\"@type\":\"Organization\",\"@id\":\"https:\/\/www.prendstadose.fr\/#organization\",\"name\":\"PrendsTaDose\",\"url\":\"https:\/\/www.prendstadose.fr\/\",\"logo\":{\"@type\":\"ImageObject\",\"inLanguage\":\"fr-FR\",\"@id\":\"https:\/\/www.prendstadose.fr\/#\/schema\/logo\/image\/\",\"url\":\"https:\/\/www.prendstadose.fr\/wp-content\/uploads\/2021\/08\/logo-e1641309847268.png\",\"contentUrl\":\"https:\/\/www.prendstadose.fr\/wp-content\/uploads\/2021\/08\/logo-e1641309847268.png\",\"width\":400,\"height\":406,\"caption\":\"PrendsTaDose\"},\"image\":{\"@id\":\"https:\/\/www.prendstadose.fr\/#\/schema\/logo\/image\/\"},\"sameAs\":[\"https:\/\/www.facebook.com\/BrigadeSansFrontieres\/\",\"https:\/\/www.instagram.com\/romain_mailliu\/\"]},{\"@type\":\"Person\",\"@id\":\"https:\/\/www.prendstadose.fr\/#\/schema\/person\/470cdc52962d193b3ca01d9cfa243f03\",\"name\":\"Baudouin Duchange\",\"sameAs\":[\"http:\/\/www.bsf.ovh\/\"],\"url\":\"https:\/\/www.prendstadose.fr\/index.php\/author\/baudouinduchange\/\"}]}<\/script>\n<!-- \/ Yoast SEO plugin. -->","yoast_head_json":{"title":"La bonne et la mauvaise fatigue &#8212; PRENDS TA DOSE","description":"\u00ab Je suis \u00e9reint\u00e9 \u00bb disais-je \u00e0 ma grand-m\u00e8re de retour d\u2019une randonn\u00e9e en montagne. D\u2019un air entendu avec mon grand-p\u00e8re, elle me r\u00e9pondit comme souvent que c\u2019\u00e9tait de la bonne fatigue.","robots":{"index":"index","follow":"follow","max-snippet":"max-snippet:-1","max-image-preview":"max-image-preview:large","max-video-preview":"max-video-preview:-1"},"canonical":"https:\/\/www.prendstadose.fr\/index.php\/2020\/02\/07\/la-bonne-et-la-mauvaise-fatigue\/","og_locale":"fr_FR","og_type":"article","og_title":"La bonne et la mauvaise fatigue &#8212; PRENDS TA DOSE","og_description":"\u00ab Je suis \u00e9reint\u00e9 \u00bb disais-je \u00e0 ma grand-m\u00e8re de retour d\u2019une randonn\u00e9e en montagne. D\u2019un air entendu avec mon grand-p\u00e8re, elle me r\u00e9pondit comme souvent que c\u2019\u00e9tait de la bonne fatigue.","og_url":"https:\/\/www.prendstadose.fr\/index.php\/2020\/02\/07\/la-bonne-et-la-mauvaise-fatigue\/","og_site_name":"PRENDS TA DOSE","article_publisher":"https:\/\/www.facebook.com\/BrigadeSansFrontieres\/","article_published_time":"2020-02-07T12:26:47+00:00","article_modified_time":"2024-09-23T13:07:56+00:00","og_image":[{"width":894,"height":600,"url":"https:\/\/www.prendstadose.fr\/wp-content\/uploads\/2020\/02\/c297d087ae3aab07be539be982de6b6f.jpg","type":"image\/jpeg"}],"author":"Baudouin Duchange","twitter_card":"summary_large_image","twitter_misc":{"\u00c9crit par":"Baudouin Duchange","Dur\u00e9e de lecture estim\u00e9e":"4 minutes"},"schema":{"@context":"https:\/\/schema.org","@graph":[{"@type":"Article","@id":"https:\/\/www.prendstadose.fr\/index.php\/2020\/02\/07\/la-bonne-et-la-mauvaise-fatigue\/#article","isPartOf":{"@id":"https:\/\/www.prendstadose.fr\/index.php\/2020\/02\/07\/la-bonne-et-la-mauvaise-fatigue\/"},"author":{"name":"Baudouin Duchange","@id":"https:\/\/www.prendstadose.fr\/#\/schema\/person\/470cdc52962d193b3ca01d9cfa243f03"},"headline":"La bonne et la mauvaise fatigue","datePublished":"2020-02-07T12:26:47+00:00","dateModified":"2024-09-23T13:07:56+00:00","mainEntityOfPage":{"@id":"https:\/\/www.prendstadose.fr\/index.php\/2020\/02\/07\/la-bonne-et-la-mauvaise-fatigue\/"},"wordCount":781,"commentCount":2,"publisher":{"@id":"https:\/\/www.prendstadose.fr\/#organization"},"image":{"@id":"https:\/\/www.prendstadose.fr\/index.php\/2020\/02\/07\/la-bonne-et-la-mauvaise-fatigue\/#primaryimage"},"thumbnailUrl":"https:\/\/www.prendstadose.fr\/wp-content\/uploads\/2020\/02\/c297d087ae3aab07be539be982de6b6f.jpg","keywords":["Aventure","bsf","BSFmagazine","Chronique","Cycliste","Edmond Moralis","Fatigue","Humour","Ivan Illich","Magazine","Mathieu Amalric","Paris","Philosophie","Randonn\u00e9e","R\u00e9flexion","Rock'n'roll","Romance"],"articleSection":["Cr\u00e9ation"],"inLanguage":"fr-FR","potentialAction":[{"@type":"CommentAction","name":"Comment","target":["https:\/\/www.prendstadose.fr\/index.php\/2020\/02\/07\/la-bonne-et-la-mauvaise-fatigue\/#respond"]}]},{"@type":"WebPage","@id":"https:\/\/www.prendstadose.fr\/index.php\/2020\/02\/07\/la-bonne-et-la-mauvaise-fatigue\/","url":"https:\/\/www.prendstadose.fr\/index.php\/2020\/02\/07\/la-bonne-et-la-mauvaise-fatigue\/","name":"La bonne et la mauvaise fatigue &#8212; PRENDS TA DOSE","isPartOf":{"@id":"https:\/\/www.prendstadose.fr\/#website"},"primaryImageOfPage":{"@id":"https:\/\/www.prendstadose.fr\/index.php\/2020\/02\/07\/la-bonne-et-la-mauvaise-fatigue\/#primaryimage"},"image":{"@id":"https:\/\/www.prendstadose.fr\/index.php\/2020\/02\/07\/la-bonne-et-la-mauvaise-fatigue\/#primaryimage"},"thumbnailUrl":"https:\/\/www.prendstadose.fr\/wp-content\/uploads\/2020\/02\/c297d087ae3aab07be539be982de6b6f.jpg","datePublished":"2020-02-07T12:26:47+00:00","dateModified":"2024-09-23T13:07:56+00:00","description":"\u00ab Je suis \u00e9reint\u00e9 \u00bb disais-je \u00e0 ma grand-m\u00e8re de retour d\u2019une randonn\u00e9e en montagne. D\u2019un air entendu avec mon grand-p\u00e8re, elle me r\u00e9pondit comme souvent que c\u2019\u00e9tait de la bonne fatigue.","breadcrumb":{"@id":"https:\/\/www.prendstadose.fr\/index.php\/2020\/02\/07\/la-bonne-et-la-mauvaise-fatigue\/#breadcrumb"},"inLanguage":"fr-FR","potentialAction":[{"@type":"ReadAction","target":["https:\/\/www.prendstadose.fr\/index.php\/2020\/02\/07\/la-bonne-et-la-mauvaise-fatigue\/"]}]},{"@type":"ImageObject","inLanguage":"fr-FR","@id":"https:\/\/www.prendstadose.fr\/index.php\/2020\/02\/07\/la-bonne-et-la-mauvaise-fatigue\/#primaryimage","url":"https:\/\/www.prendstadose.fr\/wp-content\/uploads\/2020\/02\/c297d087ae3aab07be539be982de6b6f.jpg","contentUrl":"https:\/\/www.prendstadose.fr\/wp-content\/uploads\/2020\/02\/c297d087ae3aab07be539be982de6b6f.jpg","width":894,"height":600,"caption":"\u201cLe troubadour fatigu\u00e9\u201d de Giorgio de Chirico"},{"@type":"BreadcrumbList","@id":"https:\/\/www.prendstadose.fr\/index.php\/2020\/02\/07\/la-bonne-et-la-mauvaise-fatigue\/#breadcrumb","itemListElement":[{"@type":"ListItem","position":1,"name":"Accueil","item":"https:\/\/www.prendstadose.fr\/"},{"@type":"ListItem","position":2,"name":"La bonne et la mauvaise fatigue"}]},{"@type":"WebSite","@id":"https:\/\/www.prendstadose.fr\/#website","url":"https:\/\/www.prendstadose.fr\/","name":"PRENDS TA DOSE","description":"Capsule Culture Pour Analphab\u00e8tes Lettr\u00e9s","publisher":{"@id":"https:\/\/www.prendstadose.fr\/#organization"},"potentialAction":[{"@type":"SearchAction","target":{"@type":"EntryPoint","urlTemplate":"https:\/\/www.prendstadose.fr\/?s={search_term_string}"},"query-input":{"@type":"PropertyValueSpecification","valueRequired":true,"valueName":"search_term_string"}}],"inLanguage":"fr-FR"},{"@type":"Organization","@id":"https:\/\/www.prendstadose.fr\/#organization","name":"PrendsTaDose","url":"https:\/\/www.prendstadose.fr\/","logo":{"@type":"ImageObject","inLanguage":"fr-FR","@id":"https:\/\/www.prendstadose.fr\/#\/schema\/logo\/image\/","url":"https:\/\/www.prendstadose.fr\/wp-content\/uploads\/2021\/08\/logo-e1641309847268.png","contentUrl":"https:\/\/www.prendstadose.fr\/wp-content\/uploads\/2021\/08\/logo-e1641309847268.png","width":400,"height":406,"caption":"PrendsTaDose"},"image":{"@id":"https:\/\/www.prendstadose.fr\/#\/schema\/logo\/image\/"},"sameAs":["https:\/\/www.facebook.com\/BrigadeSansFrontieres\/","https:\/\/www.instagram.com\/romain_mailliu\/"]},{"@type":"Person","@id":"https:\/\/www.prendstadose.fr\/#\/schema\/person\/470cdc52962d193b3ca01d9cfa243f03","name":"Baudouin Duchange","sameAs":["http:\/\/www.bsf.ovh\/"],"url":"https:\/\/www.prendstadose.fr\/index.php\/author\/baudouinduchange\/"}]}},"jetpack_publicize_connections":[],"jetpack_featured_media_url":"https:\/\/www.prendstadose.fr\/wp-content\/uploads\/2020\/02\/c297d087ae3aab07be539be982de6b6f.jpg","jetpack_sharing_enabled":true,"_links":{"self":[{"href":"https:\/\/www.prendstadose.fr\/index.php\/wp-json\/wp\/v2\/posts\/2287","targetHints":{"allow":["GET"]}}],"collection":[{"href":"https:\/\/www.prendstadose.fr\/index.php\/wp-json\/wp\/v2\/posts"}],"about":[{"href":"https:\/\/www.prendstadose.fr\/index.php\/wp-json\/wp\/v2\/types\/post"}],"author":[{"embeddable":true,"href":"https:\/\/www.prendstadose.fr\/index.php\/wp-json\/wp\/v2\/users\/12"}],"replies":[{"embeddable":true,"href":"https:\/\/www.prendstadose.fr\/index.php\/wp-json\/wp\/v2\/comments?post=2287"}],"version-history":[{"count":5,"href":"https:\/\/www.prendstadose.fr\/index.php\/wp-json\/wp\/v2\/posts\/2287\/revisions"}],"predecessor-version":[{"id":2294,"href":"https:\/\/www.prendstadose.fr\/index.php\/wp-json\/wp\/v2\/posts\/2287\/revisions\/2294"}],"wp:featuredmedia":[{"embeddable":true,"href":"https:\/\/www.prendstadose.fr\/index.php\/wp-json\/wp\/v2\/media\/2288"}],"wp:attachment":[{"href":"https:\/\/www.prendstadose.fr\/index.php\/wp-json\/wp\/v2\/media?parent=2287"}],"wp:term":[{"taxonomy":"category","embeddable":true,"href":"https:\/\/www.prendstadose.fr\/index.php\/wp-json\/wp\/v2\/categories?post=2287"},{"taxonomy":"post_tag","embeddable":true,"href":"https:\/\/www.prendstadose.fr\/index.php\/wp-json\/wp\/v2\/tags?post=2287"}],"curies":[{"name":"wp","href":"https:\/\/api.w.org\/{rel}","templated":true}]}}