{"id":2344,"date":"2020-02-21T14:36:38","date_gmt":"2020-02-21T13:36:38","guid":{"rendered":"https:\/\/www.bsf.ovh\/?p=2344"},"modified":"2024-09-23T15:08:27","modified_gmt":"2024-09-23T13:08:27","slug":"a-fond-la-forme-les-vacances-quechua","status":"publish","type":"post","link":"https:\/\/www.prendstadose.fr\/index.php\/2020\/02\/21\/a-fond-la-forme-les-vacances-quechua\/","title":{"rendered":"A fond la forme : les vacances Quechua"},"content":{"rendered":"<p>&nbsp;<\/p>\n<p><span style=\"font-size: 14pt;\">Mon sac \u00e0 dos fait 15,7 kilos : c\u2019est beaucoup trop. Il me reste 12 kilom\u00e8tres de chemins boueux de montagne \u00e0 parcourir sous la pluie et la pente ressemble \u00e0 un mur infranchissable. C\u2019est \u00e9galement beaucoup trop ! Le ruissellement de la pluie contre le poncho me donne un tempo \u00e0 suivre pour la journ\u00e9e et, par un effort de volont\u00e9 hors norme, je m\u2019interdis formellement de regarder ma montre. J\u2019applique une technique de survie : minimiser la distance qu\u2019il me reste \u00e0 parcourir et enjoliver celle d\u00e9j\u00e0 r\u00e9alis\u00e9e !<\/span><\/p>\n<p><span style=\"font-size: 14pt;\">Un des quatre compagnons avec qui je grimpe cet esp\u00e8ce de <a href=\"https:\/\/lotro.fr\/map\/MRD\/\" target=\"_blank\" rel=\"noopener noreferrer\">Mordor<\/a> grogne et souffre le martyre avec sa paire de <a href=\"https:\/\/youtu.be\/ZeX61vTcmdQ\" target=\"_blank\" rel=\"noopener noreferrer\">Quechua<\/a> neuve. C\u2018est la deuxi\u00e8me fois qu\u2019il cohabite avec la montagne; la premi\u00e8re en itin\u00e9rance pendant une semaine en quasi autonomie dans les Alpes. J\u2019oscille entre le rire et la piti\u00e9, mais de toute fa\u00e7on aucun des deux ne nous aidera \u00e0 terminer cette maudite journ\u00e9e. Il faudra puiser dans nos r\u00e9serves physiques et mentales. Il faudra nous fatiguer.<\/span><\/p>\n<p><span style=\"font-size: 14pt;\">En m\u00e2chant lentement une barre Grany, il me demande quel sens y a-t-il \u00e0 s\u2019\u00e9puiser pendant des vacances. Les semaines parisiennes \u00e9reintantes ne devraient-elles pas justifier une semaine enti\u00e8re \u00e0 se dorer la graisse sur la plage plut\u00f4t que de briser nos pieds contre la pierre montagneuse ? Ce type de r\u00e9flexions ne nous aidera pas non plus \u00e0 gravir le sommet. Mais elles permettent de donner mati\u00e8re \u00e0 bouffer \u00e0 un cerveau fatigu\u00e9, et c\u2019est bien plus efficace que toutes les barres \u00e9nerg\u00e9tiques du monde.<\/span><\/p>\n<p>&nbsp;<\/p>\n<h2><span style=\"font-size: 24pt;\"><strong>Le co\u00fbt de l\u2019inertie <\/strong><\/span><\/h2>\n<p><span style=\"font-size: 14pt;\">Il est vrai qu\u2019\u00e0 premi\u00e8re vue, les vacances &#8211; ou plut\u00f4t les cong\u00e9s pay\u00e9s pour les r\u00e9cents nouveaux salari\u00e9s du march\u00e9 du travail &#8211; sont assimil\u00e9es au sable fin caress\u00e9 par le bruit doux et r\u00e9gulier de la mer ; ou bien \u00e0 du tourisme exotique dans une ville pleine de myst\u00e8res ; ou encore \u00e0 des r\u00eaveries le long de grands lacs rafra\u00eechissants. En r\u00e9sum\u00e9, \u00e0 une forme d\u2019inertie. <\/span><span style=\"font-size: 14pt;\">Et pourtant, une masse d\u2019hurluberlus continue de s\u2019imposer des d\u00e9fis insens\u00e9s. <\/span><\/p>\n<p><span style=\"font-size: 14pt;\">Au lieu d\u2019\u00e9plucher les sites de voyage \u00e0 la recherche d\u2019une bonne affaire, ces imb\u00e9ciles scrutent sur des cartes IGN d\u00e9mod\u00e9es les meilleurs chemins, lieux de ravitaillement et fontaines d\u2019eau publique. Au lieu de comparer les h\u00f4tels les plus avantageux \u00e0 l\u2019autre bout du monde, ils cherchent un moyen astucieux pour optimiser le poids de leurs sacs \u00e0 dos. Au lieu de r\u00e9server en ligne des \u00ab\u00a0activit\u00e9s\u00a0\u00bb de loisir, ils attaquent les forums d\u2019explorateurs anonymes en qu\u00eate d\u2019enseignements. Ces gens-l\u00e0 sont bien stupides de refuser un repos si m\u00e9rit\u00e9 ! En gardant un esprit ouvert et lucide, comment justifier leur comportement ? <\/span><\/p>\n<p><span style=\"font-size: 14pt;\">En me relisant, j\u2019ai l\u2019impression qu\u2019une des raisons pourrait \u00eatre le d\u00e9sir de s\u2019\u00e9carter des routes commerciales, du business que le capitalisme arrive \u00e0 cr\u00e9er partout. Il existe, bien s\u00fbr, un march\u00e9 p\u00e9cuniaire pour faire raquer les aventuriers, mais, de fait, cela vous co\u00fbtera moins cher de camper en montagne plut\u00f4t que de dormir dans un h\u00f4tel \u00e0 Duba\u00ef. En effet, la logique est la suivante : pour ne rien faire, il faut que des personnes le fassent \u00e0 notre place, et donc en payer le prix.<\/span><\/p>\n<p>&nbsp;<\/p>\n<p><span style=\"font-size: 14pt;\"><img loading=\"lazy\" decoding=\"async\" class=\"aligncenter wp-image-2346 size-large\" src=\"https:\/\/www.bsf.ovh\/wp-content\/uploads\/2020\/02\/Photo-2-1024x768.jpg\" alt=\"Vacances Quechua\" width=\"1024\" height=\"768\" srcset=\"https:\/\/www.prendstadose.fr\/wp-content\/uploads\/2020\/02\/Photo-2-1024x768.jpg 1024w, https:\/\/www.prendstadose.fr\/wp-content\/uploads\/2020\/02\/Photo-2-300x225.jpg 300w, https:\/\/www.prendstadose.fr\/wp-content\/uploads\/2020\/02\/Photo-2-768x576.jpg 768w, https:\/\/www.prendstadose.fr\/wp-content\/uploads\/2020\/02\/Photo-2-1536x1152.jpg 1536w, https:\/\/www.prendstadose.fr\/wp-content\/uploads\/2020\/02\/Photo-2-2048x1536.jpg 2048w, https:\/\/www.prendstadose.fr\/wp-content\/uploads\/2020\/02\/Photo-2-1170x878.jpg 1170w, https:\/\/www.prendstadose.fr\/wp-content\/uploads\/2020\/02\/Photo-2-1920x1440.jpg 1920w, https:\/\/www.prendstadose.fr\/wp-content\/uploads\/2020\/02\/Photo-2-585x439.jpg 585w\" sizes=\"auto, (max-width: 1024px) 100vw, 1024px\" \/><\/span><\/p>\n<p>&nbsp;<\/p>\n<h2><span style=\"font-size: 24pt;\"><strong>La pratique du tourisme <\/strong><\/span><\/h2>\n<p><span style=\"font-size: 14pt;\">Ce sont les th\u00e9matiques qu\u2019abordent Michel Houellebecq dans <a href=\"https:\/\/editions.flammarion.com\/Catalogue\/hors-collection\/litterature-francaise\/plateforme\" target=\"_blank\" rel=\"noopener noreferrer\">Plateforme<\/a>. En s\u2019immis\u00e7ant dans la peau d\u2019un quadrag\u00e9naire d\u00e9pressif souhaitant faire un break, il pose la question de la survie dans un monde o\u00f9 l\u2019argent et le plaisir sexuel sont vus comme les seules possibilit\u00e9s de bonheur. Sa critique se concentre sur le tourisme sexuel, apog\u00e9e d\u2019un voyage de consommation tourn\u00e9 vers l\u2019argent, le plaisir individualiste et le non-effort. <\/span><\/p>\n<p><span style=\"font-size: 14pt;\">Mais son regard d\u2019\u00e9crivain se tourne, de mani\u00e8re g\u00e9n\u00e9rale, vers toutes les agences de \u00ab\u00a0voyage\u00a0\u00bb. Extrait :<\/span><\/p>\n<p>&nbsp;<\/p>\n<blockquote><p><span style=\"font-size: 14pt;\">\u00ab\u00a0<em>Mes r\u00eaves sont m\u00e9diocres. Comme tous les habitants d\u2019Europe occidentale, je souhaite voyager. Enfin il y a les difficult\u00e9s, la barri\u00e8re de la langue, la mauvaise organisation des transports en commun, les risques de vol ou d\u2019arnaque : pour dire les choses cr\u00fbment, ce que je souhaite au fond, c\u2019est <strong>pratiquer le tourisme<\/strong>. On a les r\u00eaves qu\u2019on peut; et moi mon r\u00eave \u00e0 moi c\u2019est d\u2019encha<\/em><em>\u00eener \u00e0 l\u2019infini les \u00ab\u00a0Circuits passion\u00a0\u00bb, les \u00ab\u00a0S\u00e9jours couleur\u00a0\u00bb et les \u00ab\u00a0Plaisirs \u00e0 la carte\u00a0\u00bb\u00a0<\/em>\u00bb.<\/span><\/p>\n<p>&nbsp;<\/p><\/blockquote>\n<p><span style=\"font-size: 14pt;\">Comment ne plus pratiquer le tourisme mais vivre un voyage ? Le personnage de Houellebecq s\u2019en sort (partiellement) gr\u00e2ce \u00e0 l\u2019amour. De notre c\u00f4t\u00e9, si l\u2019Amour est inaccessible, lointain ou trop farouche, on peut toujours partir \u00e0 l\u2019aventure ! S\u2019\u00e9carter des chemins en les choisissant nous m\u00eame ! Troquer le programme d\u2019une croisi\u00e8re-paquebot contre une carte Michelin. Ne pas avoir peur de se fatiguer en vacance et les consid\u00e9rer au contraire comme m\u00e9ritantes. La r\u00e9compense \u00e0 cet effort : l\u2019impr\u00e9vu.<\/span><\/p>\n<p>&nbsp;<\/p>\n<h2><span style=\"font-size: 24pt;\"><strong>Sauv\u00e9 par l\u2019impr\u00e9vu <\/strong><\/span><\/h2>\n<p><span style=\"font-size: 14pt;\">L\u2019Impr\u00e9vu est un bar lillois dans lequel je trainais, parfois, en d\u00e9but de soir\u00e9e. Ici ou ailleurs, le m\u00eame rituel s\u2019impose chaque semaine, comme depuis plusieurs ann\u00e9es : pr\u00e9venir ses amis, pr\u00e9voir un repas consistant, s\u2019habiller pour l\u2019occasion et acheter un paquet de clopes, commander une bi\u00e8re puis une deuxi\u00e8me, avant de ne plus les compter, faire la fermeture, trouver un autre troquet, rentrer seul ou accompagn\u00e9. Ce programme reste inchang\u00e9 depuis des g\u00e9n\u00e9rations. La raison pour laquelle il perdure se trouve cach\u00e9 derri\u00e8re chacune de ses lignes : l\u2019ivresse ! l\u2019abandon ! la surprise ! l\u2019impr\u00e9vu ! Autrement \u00e7a ne sert \u00e0 rien. C\u2019est la m\u00eame id\u00e9e pour les vacances m\u00e9ritantes.<\/span><\/p>\n<p><span style=\"font-size: 14pt;\">Programmer un voyage n\u2019est qu\u2019un pr\u00e9texte pour choper un peu d\u2019impr\u00e9vu, capter une sensation incontr\u00f4lable ou un instant providentiel. Et pour cela, il est indispensable de sortir des sentiers battus, de nous forcer \u00e0 brutalement s\u2019arracher \u00e0 notre quotidien dangereux de s\u00e9dentaire languissant. Dans <a href=\"http:\/\/www.gallimard.fr\/Catalogue\/GALLIMARD\/Blanche\/Terre-des-hommes\" target=\"_blank\" rel=\"noopener noreferrer\">Terre des hommes<\/a><u>,<\/u> Antoine de Saint-Exup\u00e9ry s\u2019affole devant cette inertie moribonde vidant l\u2019\u00eatre humain de sa conscience :<\/span><\/p>\n<blockquote><p>&nbsp;<\/p>\n<p><span style=\"font-size: 14pt;\">\u00ab\u00a0<em>Vieux bureaucrate, mon camarade ici pr\u00e9sent, nul jamais ne t\u2019a fait \u00e9vader et tu n\u2019en es point responsable. Tu as construit ta paix \u00e0 force d\u2019aveugler de ciment, comme le font les termites, toutes les \u00e9chapp\u00e9es vers la lumi\u00e8re. Tu t\u2019es roul\u00e9 en boule dans ta s\u00e9curit\u00e9 bourgeoise, tes routines, tes rites \u00e9touffants de ta vie provinciales, tu as \u00e9lev\u00e9 cet humble rempart contre les vents et les mar\u00e9es et \u00e9toiles. Tu ne veux point t\u2019inqui\u00e9ter des grands probl\u00e8mes, tu as eu bien assez de mal \u00e0 oublier ta condition d\u2019homme. <u>Tu n\u2019es point l\u2019habitant d\u2019une plan\u00e8te errante<\/u>, tu ne te poses point de questions sans r\u00e9ponse : tu es un petit bourgeois de Toulouse. Nul ne t\u2019a saisi par les \u00e9paules quand il \u00e9tait temps encore. Maintenant, la glaise dont tu es form\u00e9 <\/em><em>a s\u00e9ch\u00e9, et s\u2019est durcie, et nul en toi ne saurait d\u00e9sormais r\u00e9veiller le musicien endormi, ou le po\u00e8te, ou l\u2019astronome qui peut-\u00eatre t\u2019habitait d\u2019abord.\u00a0\u00bb. <\/em><\/span><\/p><\/blockquote>\n<p>&nbsp;<\/p>\n<p><span style=\"font-size: 14pt;\">Etre \u00e9veill\u00e9 par l\u2019impr\u00e9vu afin de rester vivant, pour paraphraser <a href=\"https:\/\/fr.wikipedia.org\/wiki\/Henry_David_Thoreau\" target=\"_blank\" rel=\"noopener noreferrer\">Thoreau<\/a>, voil\u00e0 ce que cherche le vacancier adepte de la fatigue ! Et qu\u2019il trouve dans l\u2019\u00e9vasion offerte par le voyage.<\/span><\/p>\n<p>&nbsp;<\/p>\n<p><span style=\"font-size: 14pt;\"><img loading=\"lazy\" decoding=\"async\" class=\"aligncenter wp-image-2347 size-large\" src=\"https:\/\/www.bsf.ovh\/wp-content\/uploads\/2020\/02\/Photo-3-1024x1024.jpg\" alt=\"Vacances Quechua\" width=\"1024\" height=\"1024\" srcset=\"https:\/\/www.prendstadose.fr\/wp-content\/uploads\/2020\/02\/Photo-3-1024x1024.jpg 1024w, https:\/\/www.prendstadose.fr\/wp-content\/uploads\/2020\/02\/Photo-3-300x300.jpg 300w, https:\/\/www.prendstadose.fr\/wp-content\/uploads\/2020\/02\/Photo-3-150x150.jpg 150w, https:\/\/www.prendstadose.fr\/wp-content\/uploads\/2020\/02\/Photo-3-768x768.jpg 768w, https:\/\/www.prendstadose.fr\/wp-content\/uploads\/2020\/02\/Photo-3-1536x1536.jpg 1536w, https:\/\/www.prendstadose.fr\/wp-content\/uploads\/2020\/02\/Photo-3-2048x2048.jpg 2048w, https:\/\/www.prendstadose.fr\/wp-content\/uploads\/2020\/02\/Photo-3-1170x1170.jpg 1170w, https:\/\/www.prendstadose.fr\/wp-content\/uploads\/2020\/02\/Photo-3-1920x1920.jpg 1920w, https:\/\/www.prendstadose.fr\/wp-content\/uploads\/2020\/02\/Photo-3-585x585.jpg 585w\" sizes=\"auto, (max-width: 1024px) 100vw, 1024px\" \/><\/span><\/p>\n<p>&nbsp;<\/p>\n<h2><span style=\"font-size: 24pt;\"><strong>Conclusion<\/strong><\/span><\/h2>\n<p><span style=\"font-size: 14pt;\">Notre sommet des Alpes a \u00e9t\u00e9 dompt\u00e9. La r\u00e9compense : l\u2019inestimable le\u00e7on impossible \u00e0 r\u00e9citer enseign\u00e9e par la montagne. Mais <a href=\"https:\/\/fr.wikipedia.org\/wiki\/Fernando_Pessoa\" target=\"_blank\" rel=\"noopener noreferrer\">Fernando Pessoa<\/a> disait que \u00ab<em>\u00a0agir c\u2019est <\/em><em>conna\u00eetre le repos\u00a0<\/em>\u00bb. Mes amis randonneurs et moi sommes maintenant, au chaud et au sec, le ventre plein et les yeux fatigu\u00e9s, dans le train nous ramenant \u00e0 la capitale. On ne sait jamais pourquoi on continue. En tout cas, moi pas. Surtout apr\u00e8s tant de moments \u00e0 se dire que c\u2019est la derni\u00e8re fois. Mais pourtant, chaque fois, apr\u00e8s nous \u00eatre \u00e9merveill\u00e9s, surpass\u00e9s, s\u2019\u00eatre rendus fier, un petit quelque chose imperceptible nous donne envie d\u2019y retourner. La preuve en arrivant \u00e0 Paris o\u00f9 notre ami aux pieds quechua fi\u00e9vreux s\u2019\u00e9cria : \u00ab\u00a0Ah la montagne c\u2019\u00e9tait quelque chose\u2026 l\u2019ann\u00e9e prochaine je fais les Vosges !\u00a0\u00bb<\/span><\/p>\n<p>&nbsp;<\/p>\n<p><img loading=\"lazy\" decoding=\"async\" class=\"aligncenter wp-image-2348 size-large\" src=\"https:\/\/www.bsf.ovh\/wp-content\/uploads\/2020\/02\/IMG_0254-1024x768.jpg\" alt=\"Vacances Quechua\" width=\"1024\" height=\"768\" srcset=\"https:\/\/www.prendstadose.fr\/wp-content\/uploads\/2020\/02\/IMG_0254-1024x768.jpg 1024w, https:\/\/www.prendstadose.fr\/wp-content\/uploads\/2020\/02\/IMG_0254-300x225.jpg 300w, https:\/\/www.prendstadose.fr\/wp-content\/uploads\/2020\/02\/IMG_0254-768x576.jpg 768w, https:\/\/www.prendstadose.fr\/wp-content\/uploads\/2020\/02\/IMG_0254-1536x1152.jpg 1536w, https:\/\/www.prendstadose.fr\/wp-content\/uploads\/2020\/02\/IMG_0254-2048x1536.jpg 2048w, https:\/\/www.prendstadose.fr\/wp-content\/uploads\/2020\/02\/IMG_0254-1170x878.jpg 1170w, https:\/\/www.prendstadose.fr\/wp-content\/uploads\/2020\/02\/IMG_0254-1920x1440.jpg 1920w, https:\/\/www.prendstadose.fr\/wp-content\/uploads\/2020\/02\/IMG_0254-585x439.jpg 585w\" sizes=\"auto, (max-width: 1024px) 100vw, 1024px\" \/><\/p>\n<p>&nbsp;<\/p>\n<p><em><span style=\"font-size: 14pt;\">Cr\u00e9dit photo : B.Duchange + Guillaume Hummel<\/span><\/em><\/p>\n","protected":false},"excerpt":{"rendered":"<p>&nbsp; Mon sac \u00e0 dos fait 15,7 kilos : c\u2019est beaucoup trop. Il me reste 12&hellip;<\/p>\n","protected":false},"author":12,"featured_media":2345,"comment_status":"open","ping_status":"open","sticky":false,"template":"","format":"standard","meta":{"_editorskit_title_hidden":false,"_editorskit_reading_time":0,"_editorskit_is_block_options_detached":false,"_editorskit_block_options_position":"{}","jetpack_post_was_ever_published":false,"_jetpack_newsletter_access":"","_jetpack_dont_email_post_to_subs":false,"_jetpack_newsletter_tier_id":0,"_jetpack_memberships_contains_paywalled_content":false,"_jetpack_memberships_contains_paid_content":false,"footnotes":"","jetpack_publicize_message":"","jetpack_publicize_feature_enabled":true,"jetpack_social_post_already_shared":false,"jetpack_social_options":{"image_generator_settings":{"template":"highway","enabled":false},"version":2}},"categories":[356],"tags":[219,158,102,26,182,137,157,143,161,220,218,156,149,221,153,223,145,148,175,222,131],"class_list":["post-2344","post","type-post","status-publish","format-standard","has-post-thumbnail","hentry","category-carnet-de-voyage","tag-alpes","tag-article","tag-aventure","tag-bsf","tag-bsfmagazine","tag-carnet-de-route","tag-culture","tag-fatigue","tag-humour","tag-imprevu","tag-itineraire","tag-litterature","tag-magazine","tag-montagne","tag-paris","tag-quechua","tag-randonnee","tag-reflexion","tag-satire","tag-tourisme","tag-vacances"],"yoast_head":"<!-- This site is optimized with the Yoast SEO plugin v24.6 - https:\/\/yoast.com\/wordpress\/plugins\/seo\/ -->\n<title>A fond la forme : les vacances Quechua &#8212; PRENDS TA DOSE<\/title>\n<meta name=\"description\" content=\"&nbsp; Mon sac \u00e0 dos fait 15,7 kilos : c\u2019est beaucoup trop. Il me reste 12 kilom\u00e8tres de chemins boueux de montagne \u00e0 parcourir sous la pluie et la pente\" \/>\n<meta name=\"robots\" content=\"index, follow, max-snippet:-1, max-image-preview:large, max-video-preview:-1\" \/>\n<link rel=\"canonical\" href=\"https:\/\/www.prendstadose.fr\/index.php\/2020\/02\/21\/a-fond-la-forme-les-vacances-quechua\/\" \/>\n<meta property=\"og:locale\" content=\"fr_FR\" \/>\n<meta property=\"og:type\" content=\"article\" \/>\n<meta property=\"og:title\" content=\"A fond la forme : les vacances Quechua &#8212; PRENDS TA DOSE\" \/>\n<meta property=\"og:description\" content=\"&nbsp; Mon sac \u00e0 dos fait 15,7 kilos : c\u2019est beaucoup trop. Il me reste 12 kilom\u00e8tres de chemins boueux de montagne \u00e0 parcourir sous la pluie et la pente\" \/>\n<meta property=\"og:url\" content=\"https:\/\/www.prendstadose.fr\/index.php\/2020\/02\/21\/a-fond-la-forme-les-vacances-quechua\/\" \/>\n<meta property=\"og:site_name\" content=\"PRENDS TA DOSE\" \/>\n<meta property=\"article:publisher\" content=\"https:\/\/www.facebook.com\/BrigadeSansFrontieres\/\" \/>\n<meta property=\"article:published_time\" content=\"2020-02-21T13:36:38+00:00\" \/>\n<meta property=\"article:modified_time\" content=\"2024-09-23T13:08:27+00:00\" \/>\n<meta property=\"og:image\" content=\"https:\/\/www.prendstadose.fr\/wp-content\/uploads\/2020\/02\/Photo-principale-scaled.jpg\" \/>\n\t<meta property=\"og:image:width\" content=\"2560\" \/>\n\t<meta property=\"og:image:height\" content=\"1920\" \/>\n\t<meta property=\"og:image:type\" content=\"image\/jpeg\" \/>\n<meta name=\"author\" content=\"Baudouin Duchange\" \/>\n<meta name=\"twitter:card\" content=\"summary_large_image\" \/>\n<meta name=\"twitter:label1\" content=\"\u00c9crit par\" \/>\n\t<meta name=\"twitter:data1\" content=\"Baudouin Duchange\" \/>\n\t<meta name=\"twitter:label2\" content=\"Dur\u00e9e de lecture estim\u00e9e\" \/>\n\t<meta name=\"twitter:data2\" content=\"7 minutes\" \/>\n<script type=\"application\/ld+json\" class=\"yoast-schema-graph\">{\"@context\":\"https:\/\/schema.org\",\"@graph\":[{\"@type\":\"Article\",\"@id\":\"https:\/\/www.prendstadose.fr\/index.php\/2020\/02\/21\/a-fond-la-forme-les-vacances-quechua\/#article\",\"isPartOf\":{\"@id\":\"https:\/\/www.prendstadose.fr\/index.php\/2020\/02\/21\/a-fond-la-forme-les-vacances-quechua\/\"},\"author\":{\"name\":\"Baudouin Duchange\",\"@id\":\"https:\/\/www.prendstadose.fr\/#\/schema\/person\/470cdc52962d193b3ca01d9cfa243f03\"},\"headline\":\"A fond la forme : les vacances Quechua\",\"datePublished\":\"2020-02-21T13:36:38+00:00\",\"dateModified\":\"2024-09-23T13:08:27+00:00\",\"mainEntityOfPage\":{\"@id\":\"https:\/\/www.prendstadose.fr\/index.php\/2020\/02\/21\/a-fond-la-forme-les-vacances-quechua\/\"},\"wordCount\":1450,\"commentCount\":1,\"publisher\":{\"@id\":\"https:\/\/www.prendstadose.fr\/#organization\"},\"image\":{\"@id\":\"https:\/\/www.prendstadose.fr\/index.php\/2020\/02\/21\/a-fond-la-forme-les-vacances-quechua\/#primaryimage\"},\"thumbnailUrl\":\"https:\/\/www.prendstadose.fr\/wp-content\/uploads\/2020\/02\/Photo-principale-scaled.jpg\",\"keywords\":[\"Alpes\",\"Article\",\"Aventure\",\"bsf\",\"BSFmagazine\",\"Carnet de route\",\"Culture\",\"Fatigue\",\"Humour\",\"impr\u00e9vu\",\"Itin\u00e9raire\",\"Litt\u00e9rature\",\"Magazine\",\"Montagne\",\"Paris\",\"Quechua\",\"Randonn\u00e9e\",\"R\u00e9flexion\",\"Satire\",\"Tourisme\",\"Vacances\"],\"articleSection\":[\"Carnet de voyage\"],\"inLanguage\":\"fr-FR\",\"potentialAction\":[{\"@type\":\"CommentAction\",\"name\":\"Comment\",\"target\":[\"https:\/\/www.prendstadose.fr\/index.php\/2020\/02\/21\/a-fond-la-forme-les-vacances-quechua\/#respond\"]}]},{\"@type\":\"WebPage\",\"@id\":\"https:\/\/www.prendstadose.fr\/index.php\/2020\/02\/21\/a-fond-la-forme-les-vacances-quechua\/\",\"url\":\"https:\/\/www.prendstadose.fr\/index.php\/2020\/02\/21\/a-fond-la-forme-les-vacances-quechua\/\",\"name\":\"A fond la forme : les vacances Quechua &#8212; PRENDS TA DOSE\",\"isPartOf\":{\"@id\":\"https:\/\/www.prendstadose.fr\/#website\"},\"primaryImageOfPage\":{\"@id\":\"https:\/\/www.prendstadose.fr\/index.php\/2020\/02\/21\/a-fond-la-forme-les-vacances-quechua\/#primaryimage\"},\"image\":{\"@id\":\"https:\/\/www.prendstadose.fr\/index.php\/2020\/02\/21\/a-fond-la-forme-les-vacances-quechua\/#primaryimage\"},\"thumbnailUrl\":\"https:\/\/www.prendstadose.fr\/wp-content\/uploads\/2020\/02\/Photo-principale-scaled.jpg\",\"datePublished\":\"2020-02-21T13:36:38+00:00\",\"dateModified\":\"2024-09-23T13:08:27+00:00\",\"description\":\"&nbsp; Mon sac \u00e0 dos fait 15,7 kilos : c\u2019est beaucoup trop. Il me reste 12 kilom\u00e8tres de chemins boueux de montagne \u00e0 parcourir sous la pluie et la pente\",\"breadcrumb\":{\"@id\":\"https:\/\/www.prendstadose.fr\/index.php\/2020\/02\/21\/a-fond-la-forme-les-vacances-quechua\/#breadcrumb\"},\"inLanguage\":\"fr-FR\",\"potentialAction\":[{\"@type\":\"ReadAction\",\"target\":[\"https:\/\/www.prendstadose.fr\/index.php\/2020\/02\/21\/a-fond-la-forme-les-vacances-quechua\/\"]}]},{\"@type\":\"ImageObject\",\"inLanguage\":\"fr-FR\",\"@id\":\"https:\/\/www.prendstadose.fr\/index.php\/2020\/02\/21\/a-fond-la-forme-les-vacances-quechua\/#primaryimage\",\"url\":\"https:\/\/www.prendstadose.fr\/wp-content\/uploads\/2020\/02\/Photo-principale-scaled.jpg\",\"contentUrl\":\"https:\/\/www.prendstadose.fr\/wp-content\/uploads\/2020\/02\/Photo-principale-scaled.jpg\",\"width\":2560,\"height\":1920,\"caption\":\"Vacances Quechua\"},{\"@type\":\"BreadcrumbList\",\"@id\":\"https:\/\/www.prendstadose.fr\/index.php\/2020\/02\/21\/a-fond-la-forme-les-vacances-quechua\/#breadcrumb\",\"itemListElement\":[{\"@type\":\"ListItem\",\"position\":1,\"name\":\"Accueil\",\"item\":\"https:\/\/www.prendstadose.fr\/\"},{\"@type\":\"ListItem\",\"position\":2,\"name\":\"A fond la forme : les vacances Quechua\"}]},{\"@type\":\"WebSite\",\"@id\":\"https:\/\/www.prendstadose.fr\/#website\",\"url\":\"https:\/\/www.prendstadose.fr\/\",\"name\":\"PRENDS TA DOSE\",\"description\":\"Capsule Culture Pour Analphab\u00e8tes Lettr\u00e9s\",\"publisher\":{\"@id\":\"https:\/\/www.prendstadose.fr\/#organization\"},\"potentialAction\":[{\"@type\":\"SearchAction\",\"target\":{\"@type\":\"EntryPoint\",\"urlTemplate\":\"https:\/\/www.prendstadose.fr\/?s={search_term_string}\"},\"query-input\":{\"@type\":\"PropertyValueSpecification\",\"valueRequired\":true,\"valueName\":\"search_term_string\"}}],\"inLanguage\":\"fr-FR\"},{\"@type\":\"Organization\",\"@id\":\"https:\/\/www.prendstadose.fr\/#organization\",\"name\":\"PrendsTaDose\",\"url\":\"https:\/\/www.prendstadose.fr\/\",\"logo\":{\"@type\":\"ImageObject\",\"inLanguage\":\"fr-FR\",\"@id\":\"https:\/\/www.prendstadose.fr\/#\/schema\/logo\/image\/\",\"url\":\"https:\/\/www.prendstadose.fr\/wp-content\/uploads\/2021\/08\/logo-e1641309847268.png\",\"contentUrl\":\"https:\/\/www.prendstadose.fr\/wp-content\/uploads\/2021\/08\/logo-e1641309847268.png\",\"width\":400,\"height\":406,\"caption\":\"PrendsTaDose\"},\"image\":{\"@id\":\"https:\/\/www.prendstadose.fr\/#\/schema\/logo\/image\/\"},\"sameAs\":[\"https:\/\/www.facebook.com\/BrigadeSansFrontieres\/\",\"https:\/\/www.instagram.com\/romain_mailliu\/\"]},{\"@type\":\"Person\",\"@id\":\"https:\/\/www.prendstadose.fr\/#\/schema\/person\/470cdc52962d193b3ca01d9cfa243f03\",\"name\":\"Baudouin Duchange\",\"sameAs\":[\"http:\/\/www.bsf.ovh\/\"],\"url\":\"https:\/\/www.prendstadose.fr\/index.php\/author\/baudouinduchange\/\"}]}<\/script>\n<!-- \/ Yoast SEO plugin. -->","yoast_head_json":{"title":"A fond la forme : les vacances Quechua &#8212; PRENDS TA DOSE","description":"&nbsp; Mon sac \u00e0 dos fait 15,7 kilos : c\u2019est beaucoup trop. Il me reste 12 kilom\u00e8tres de chemins boueux de montagne \u00e0 parcourir sous la pluie et la pente","robots":{"index":"index","follow":"follow","max-snippet":"max-snippet:-1","max-image-preview":"max-image-preview:large","max-video-preview":"max-video-preview:-1"},"canonical":"https:\/\/www.prendstadose.fr\/index.php\/2020\/02\/21\/a-fond-la-forme-les-vacances-quechua\/","og_locale":"fr_FR","og_type":"article","og_title":"A fond la forme : les vacances Quechua &#8212; PRENDS TA DOSE","og_description":"&nbsp; Mon sac \u00e0 dos fait 15,7 kilos : c\u2019est beaucoup trop. Il me reste 12 kilom\u00e8tres de chemins boueux de montagne \u00e0 parcourir sous la pluie et la pente","og_url":"https:\/\/www.prendstadose.fr\/index.php\/2020\/02\/21\/a-fond-la-forme-les-vacances-quechua\/","og_site_name":"PRENDS TA DOSE","article_publisher":"https:\/\/www.facebook.com\/BrigadeSansFrontieres\/","article_published_time":"2020-02-21T13:36:38+00:00","article_modified_time":"2024-09-23T13:08:27+00:00","og_image":[{"width":2560,"height":1920,"url":"https:\/\/www.prendstadose.fr\/wp-content\/uploads\/2020\/02\/Photo-principale-scaled.jpg","type":"image\/jpeg"}],"author":"Baudouin Duchange","twitter_card":"summary_large_image","twitter_misc":{"\u00c9crit par":"Baudouin Duchange","Dur\u00e9e de lecture estim\u00e9e":"7 minutes"},"schema":{"@context":"https:\/\/schema.org","@graph":[{"@type":"Article","@id":"https:\/\/www.prendstadose.fr\/index.php\/2020\/02\/21\/a-fond-la-forme-les-vacances-quechua\/#article","isPartOf":{"@id":"https:\/\/www.prendstadose.fr\/index.php\/2020\/02\/21\/a-fond-la-forme-les-vacances-quechua\/"},"author":{"name":"Baudouin Duchange","@id":"https:\/\/www.prendstadose.fr\/#\/schema\/person\/470cdc52962d193b3ca01d9cfa243f03"},"headline":"A fond la forme : les vacances Quechua","datePublished":"2020-02-21T13:36:38+00:00","dateModified":"2024-09-23T13:08:27+00:00","mainEntityOfPage":{"@id":"https:\/\/www.prendstadose.fr\/index.php\/2020\/02\/21\/a-fond-la-forme-les-vacances-quechua\/"},"wordCount":1450,"commentCount":1,"publisher":{"@id":"https:\/\/www.prendstadose.fr\/#organization"},"image":{"@id":"https:\/\/www.prendstadose.fr\/index.php\/2020\/02\/21\/a-fond-la-forme-les-vacances-quechua\/#primaryimage"},"thumbnailUrl":"https:\/\/www.prendstadose.fr\/wp-content\/uploads\/2020\/02\/Photo-principale-scaled.jpg","keywords":["Alpes","Article","Aventure","bsf","BSFmagazine","Carnet de route","Culture","Fatigue","Humour","impr\u00e9vu","Itin\u00e9raire","Litt\u00e9rature","Magazine","Montagne","Paris","Quechua","Randonn\u00e9e","R\u00e9flexion","Satire","Tourisme","Vacances"],"articleSection":["Carnet de voyage"],"inLanguage":"fr-FR","potentialAction":[{"@type":"CommentAction","name":"Comment","target":["https:\/\/www.prendstadose.fr\/index.php\/2020\/02\/21\/a-fond-la-forme-les-vacances-quechua\/#respond"]}]},{"@type":"WebPage","@id":"https:\/\/www.prendstadose.fr\/index.php\/2020\/02\/21\/a-fond-la-forme-les-vacances-quechua\/","url":"https:\/\/www.prendstadose.fr\/index.php\/2020\/02\/21\/a-fond-la-forme-les-vacances-quechua\/","name":"A fond la forme : les vacances Quechua &#8212; PRENDS TA DOSE","isPartOf":{"@id":"https:\/\/www.prendstadose.fr\/#website"},"primaryImageOfPage":{"@id":"https:\/\/www.prendstadose.fr\/index.php\/2020\/02\/21\/a-fond-la-forme-les-vacances-quechua\/#primaryimage"},"image":{"@id":"https:\/\/www.prendstadose.fr\/index.php\/2020\/02\/21\/a-fond-la-forme-les-vacances-quechua\/#primaryimage"},"thumbnailUrl":"https:\/\/www.prendstadose.fr\/wp-content\/uploads\/2020\/02\/Photo-principale-scaled.jpg","datePublished":"2020-02-21T13:36:38+00:00","dateModified":"2024-09-23T13:08:27+00:00","description":"&nbsp; Mon sac \u00e0 dos fait 15,7 kilos : c\u2019est beaucoup trop. Il me reste 12 kilom\u00e8tres de chemins boueux de montagne \u00e0 parcourir sous la pluie et la pente","breadcrumb":{"@id":"https:\/\/www.prendstadose.fr\/index.php\/2020\/02\/21\/a-fond-la-forme-les-vacances-quechua\/#breadcrumb"},"inLanguage":"fr-FR","potentialAction":[{"@type":"ReadAction","target":["https:\/\/www.prendstadose.fr\/index.php\/2020\/02\/21\/a-fond-la-forme-les-vacances-quechua\/"]}]},{"@type":"ImageObject","inLanguage":"fr-FR","@id":"https:\/\/www.prendstadose.fr\/index.php\/2020\/02\/21\/a-fond-la-forme-les-vacances-quechua\/#primaryimage","url":"https:\/\/www.prendstadose.fr\/wp-content\/uploads\/2020\/02\/Photo-principale-scaled.jpg","contentUrl":"https:\/\/www.prendstadose.fr\/wp-content\/uploads\/2020\/02\/Photo-principale-scaled.jpg","width":2560,"height":1920,"caption":"Vacances Quechua"},{"@type":"BreadcrumbList","@id":"https:\/\/www.prendstadose.fr\/index.php\/2020\/02\/21\/a-fond-la-forme-les-vacances-quechua\/#breadcrumb","itemListElement":[{"@type":"ListItem","position":1,"name":"Accueil","item":"https:\/\/www.prendstadose.fr\/"},{"@type":"ListItem","position":2,"name":"A fond la forme : les vacances Quechua"}]},{"@type":"WebSite","@id":"https:\/\/www.prendstadose.fr\/#website","url":"https:\/\/www.prendstadose.fr\/","name":"PRENDS TA DOSE","description":"Capsule Culture Pour Analphab\u00e8tes Lettr\u00e9s","publisher":{"@id":"https:\/\/www.prendstadose.fr\/#organization"},"potentialAction":[{"@type":"SearchAction","target":{"@type":"EntryPoint","urlTemplate":"https:\/\/www.prendstadose.fr\/?s={search_term_string}"},"query-input":{"@type":"PropertyValueSpecification","valueRequired":true,"valueName":"search_term_string"}}],"inLanguage":"fr-FR"},{"@type":"Organization","@id":"https:\/\/www.prendstadose.fr\/#organization","name":"PrendsTaDose","url":"https:\/\/www.prendstadose.fr\/","logo":{"@type":"ImageObject","inLanguage":"fr-FR","@id":"https:\/\/www.prendstadose.fr\/#\/schema\/logo\/image\/","url":"https:\/\/www.prendstadose.fr\/wp-content\/uploads\/2021\/08\/logo-e1641309847268.png","contentUrl":"https:\/\/www.prendstadose.fr\/wp-content\/uploads\/2021\/08\/logo-e1641309847268.png","width":400,"height":406,"caption":"PrendsTaDose"},"image":{"@id":"https:\/\/www.prendstadose.fr\/#\/schema\/logo\/image\/"},"sameAs":["https:\/\/www.facebook.com\/BrigadeSansFrontieres\/","https:\/\/www.instagram.com\/romain_mailliu\/"]},{"@type":"Person","@id":"https:\/\/www.prendstadose.fr\/#\/schema\/person\/470cdc52962d193b3ca01d9cfa243f03","name":"Baudouin Duchange","sameAs":["http:\/\/www.bsf.ovh\/"],"url":"https:\/\/www.prendstadose.fr\/index.php\/author\/baudouinduchange\/"}]}},"jetpack_publicize_connections":[],"jetpack_featured_media_url":"https:\/\/www.prendstadose.fr\/wp-content\/uploads\/2020\/02\/Photo-principale-scaled.jpg","jetpack_sharing_enabled":true,"_links":{"self":[{"href":"https:\/\/www.prendstadose.fr\/index.php\/wp-json\/wp\/v2\/posts\/2344","targetHints":{"allow":["GET"]}}],"collection":[{"href":"https:\/\/www.prendstadose.fr\/index.php\/wp-json\/wp\/v2\/posts"}],"about":[{"href":"https:\/\/www.prendstadose.fr\/index.php\/wp-json\/wp\/v2\/types\/post"}],"author":[{"embeddable":true,"href":"https:\/\/www.prendstadose.fr\/index.php\/wp-json\/wp\/v2\/users\/12"}],"replies":[{"embeddable":true,"href":"https:\/\/www.prendstadose.fr\/index.php\/wp-json\/wp\/v2\/comments?post=2344"}],"version-history":[{"count":3,"href":"https:\/\/www.prendstadose.fr\/index.php\/wp-json\/wp\/v2\/posts\/2344\/revisions"}],"predecessor-version":[{"id":2436,"href":"https:\/\/www.prendstadose.fr\/index.php\/wp-json\/wp\/v2\/posts\/2344\/revisions\/2436"}],"wp:featuredmedia":[{"embeddable":true,"href":"https:\/\/www.prendstadose.fr\/index.php\/wp-json\/wp\/v2\/media\/2345"}],"wp:attachment":[{"href":"https:\/\/www.prendstadose.fr\/index.php\/wp-json\/wp\/v2\/media?parent=2344"}],"wp:term":[{"taxonomy":"category","embeddable":true,"href":"https:\/\/www.prendstadose.fr\/index.php\/wp-json\/wp\/v2\/categories?post=2344"},{"taxonomy":"post_tag","embeddable":true,"href":"https:\/\/www.prendstadose.fr\/index.php\/wp-json\/wp\/v2\/tags?post=2344"}],"curies":[{"name":"wp","href":"https:\/\/api.w.org\/{rel}","templated":true}]}}