{"id":2452,"date":"2020-03-25T13:15:57","date_gmt":"2020-03-25T12:15:57","guid":{"rendered":"https:\/\/www.bsf.ovh\/?p=2452"},"modified":"2024-09-23T15:09:50","modified_gmt":"2024-09-23T13:09:50","slug":"le-dessin-de-la-quarantaine","status":"publish","type":"post","link":"https:\/\/www.prendstadose.fr\/index.php\/2020\/03\/25\/le-dessin-de-la-quarantaine\/","title":{"rendered":"Le dessin de la quarantaine !"},"content":{"rendered":"<p><span style=\"font-weight: 400; font-size: 14pt;\">La situation que nous vivons est plus que particuli\u00e8re. Il y aurait beaucoup \u00e0 dire. Sur le confinement, sur les lourdes cons\u00e9quences d\u2019un syst\u00e8me hospitalier exsangue, sur l\u2019hypocrisie de la classe dirigeante et ses mesures contradictoires. \u00c0 la fois je pense qu\u2019il est important de traiter certains de ces sujets, car notre quotidien est rythm\u00e9 par cette seule affaire de pand\u00e9mie et que beaucoup est en jeu. De l\u2019autre, c\u2019est justement parce que nous en sommes submerg\u00e9 qu\u2019il importe de d\u00e9passer cela, d\u2019\u00e9voquer d\u2019autres sujets.\u00a0<\/span><\/p>\n<p><span style=\"font-weight: 400; font-size: 14pt;\">Pourquoi ? Pour des raisons psychologiques : \u00e9viter l\u2019obsession, l\u2019angoisse. Pour des raisons intellectuelles : avoir un tableau plus large de la situation, comprendre que d\u2019autres choses animent le monde en ce moment. Pour des raisons morales : se soucier d\u2019autres crises qui frappent ailleurs. Je pense aussi que BSF s\u2019est depuis le d\u00e9but propos\u00e9 d\u2019explorer l\u2019Ailleurs, au travers du voyage, des questions humanitaires et soci\u00e9tales. N\u2019est-ce donc pas coh\u00e9rent dans un cas d\u2019enfermement partiel, de porter le regard sur autre chose. Je n\u2019ai pourtant pas de solution, ni d\u2019id\u00e9e brillante pour r\u00e9pondre \u00e0 cette intuition.\u00a0<\/span><\/p>\n<p><img loading=\"lazy\" decoding=\"async\" class=\"aligncenter wp-image-2454 size-large\" src=\"https:\/\/www.bsf.ovh\/wp-content\/uploads\/2020\/03\/IMG-2-1024x1024.jpg\" alt=\"criquets\" width=\"1024\" height=\"1024\" srcset=\"https:\/\/www.prendstadose.fr\/wp-content\/uploads\/2020\/03\/IMG-2-1024x1024.jpg 1024w, https:\/\/www.prendstadose.fr\/wp-content\/uploads\/2020\/03\/IMG-2-300x300.jpg 300w, https:\/\/www.prendstadose.fr\/wp-content\/uploads\/2020\/03\/IMG-2-150x150.jpg 150w, https:\/\/www.prendstadose.fr\/wp-content\/uploads\/2020\/03\/IMG-2-768x768.jpg 768w, https:\/\/www.prendstadose.fr\/wp-content\/uploads\/2020\/03\/IMG-2-1536x1536.jpg 1536w, https:\/\/www.prendstadose.fr\/wp-content\/uploads\/2020\/03\/IMG-2-2048x2048.jpg 2048w, https:\/\/www.prendstadose.fr\/wp-content\/uploads\/2020\/03\/IMG-2-1170x1170.jpg 1170w, https:\/\/www.prendstadose.fr\/wp-content\/uploads\/2020\/03\/IMG-2-1920x1920.jpg 1920w, https:\/\/www.prendstadose.fr\/wp-content\/uploads\/2020\/03\/IMG-2-585x585.jpg 585w\" sizes=\"auto, (max-width: 1024px) 100vw, 1024px\" \/><\/p>\n<p><span style=\"font-size: 14pt;\"><span style=\"font-weight: 400;\">Ce que je vous propose, bri\u00e8vement, c\u2019est de nous int\u00e9resser quelques instants au probl\u00e8me que subit l\u2019Afrique de l\u2019Est, une partie de la p\u00e9ninsule arabique et de l\u2019Asie du Sud depuis plusieurs mois. Certes, cela n\u2019apporte ni joie ni espoir, mais c\u2019est grave. <\/span><a href=\"https:\/\/www.sciencepresse.qc.ca\/actualite\/2020\/03\/15\/epidemie-milliards-sauterelles\"><span style=\"font-weight: 400;\">Des milliards de criquets envahissent et prolif\u00e8rent dans ses r\u00e9gions<\/span><\/a><span style=\"font-weight: 400;\"> dans des proportions in\u00e9dites depuis un quart de si\u00e8cle. Les essaims d\u00e9vorent les cultures. La quantit\u00e9 d\u2019insectes est probl\u00e9matique pour les r\u00e9coltes et annonce une grave crise alimentaire dans des r\u00e9gions d\u00e9j\u00e0 fortement touch\u00e9es par la pauvret\u00e9, la guerre et les catastrophes naturelles.<\/span><\/span><\/p>\n<p><img loading=\"lazy\" decoding=\"async\" class=\"aligncenter wp-image-2455 size-large\" src=\"https:\/\/www.bsf.ovh\/wp-content\/uploads\/2020\/03\/IMG-3-1024x1024.jpg\" alt=\"criquets\" width=\"1024\" height=\"1024\" srcset=\"https:\/\/www.prendstadose.fr\/wp-content\/uploads\/2020\/03\/IMG-3-1024x1024.jpg 1024w, https:\/\/www.prendstadose.fr\/wp-content\/uploads\/2020\/03\/IMG-3-300x300.jpg 300w, https:\/\/www.prendstadose.fr\/wp-content\/uploads\/2020\/03\/IMG-3-150x150.jpg 150w, https:\/\/www.prendstadose.fr\/wp-content\/uploads\/2020\/03\/IMG-3-768x768.jpg 768w, https:\/\/www.prendstadose.fr\/wp-content\/uploads\/2020\/03\/IMG-3-1536x1536.jpg 1536w, https:\/\/www.prendstadose.fr\/wp-content\/uploads\/2020\/03\/IMG-3-2048x2048.jpg 2048w, https:\/\/www.prendstadose.fr\/wp-content\/uploads\/2020\/03\/IMG-3-1170x1170.jpg 1170w, https:\/\/www.prendstadose.fr\/wp-content\/uploads\/2020\/03\/IMG-3-1920x1920.jpg 1920w, https:\/\/www.prendstadose.fr\/wp-content\/uploads\/2020\/03\/IMG-3-585x585.jpg 585w\" sizes=\"auto, (max-width: 1024px) 100vw, 1024px\" \/><\/p>\n<p><span style=\"font-weight: 400; font-size: 14pt;\">\u00a0Le petit dessin pseudo-humoristique que je vous livre laisse penser qu\u2019il y a un monde touch\u00e9 par le coronavirus et un autre touch\u00e9 par les criquets. Mais en r\u00e9alit\u00e9, l\u2019Afrique subsaharienne commence \u00e0 \u00eatre touch\u00e9 par l\u2019\u00e9pid\u00e9mie, et inqui\u00e8te l\u2019OMS. Car la plupart de ces pays n\u2019ont pas les moyens techniques et humains pour r\u00e9pondre \u00e0 cette crise sanitaire. La pand\u00e9mie risque de se surajouter \u00e0 la famine et d\u2019accro\u00eetre les pertes.\u00a0<\/span><\/p>\n<p><span style=\"font-weight: 400; font-size: 14pt;\">Maintenant, je souhaiterais poursuivre cet \u00e9lan, en proposant plus fr\u00e9quemment des illustrations, des r\u00e9flexions \u00e0 la fois sur la pand\u00e9mie, mais aussi et surtout sur d\u2019autres th\u00e9matiques. Rien de certain. C\u2019est encore en maturation. Cela pourrait \u00eatre des formats plus brefs, plus spontan\u00e9s. Quelque chose comme \u201cLe dessin de la quarantaine\u201d \u00e0 la place du \u201cdessin de la quinzaine\u201d.\u00a0<\/span><\/p>\n","protected":false},"excerpt":{"rendered":"<p>La situation que nous vivons est plus que particuli\u00e8re. Il y aurait beaucoup \u00e0 dire. Sur&hellip;<\/p>\n","protected":false},"author":3,"featured_media":2453,"comment_status":"open","ping_status":"open","sticky":false,"template":"","format":"standard","meta":{"_editorskit_title_hidden":false,"_editorskit_reading_time":0,"_editorskit_is_block_options_detached":false,"_editorskit_block_options_position":"{}","jetpack_post_was_ever_published":false,"_jetpack_newsletter_access":"","_jetpack_dont_email_post_to_subs":false,"_jetpack_newsletter_tier_id":0,"_jetpack_memberships_contains_paywalled_content":false,"_jetpack_memberships_contains_paid_content":false,"footnotes":"","jetpack_publicize_message":"","jetpack_publicize_feature_enabled":true,"jetpack_social_post_already_shared":false,"jetpack_social_options":{"image_generator_settings":{"template":"highway","enabled":false},"version":2}},"categories":[322],"tags":[301,303,158,302,224,26,182,137,300,118,172,157,58,171,225,159,84,156,149,153,152,174,299,148,173],"class_list":["post-2452","post","type-post","status-publish","format-standard","has-post-thumbnail","hentry","category-creation","tag-afrique","tag-afrique-de-l-est","tag-article","tag-asie-du-sud","tag-assange","tag-bsf","tag-bsfmagazine","tag-carnet-de-route","tag-criquets","tag-critique","tag-croquis","tag-culture","tag-dessin","tag-dessin-de-presse","tag-internet","tag-journalisme","tag-liberte","tag-litterature","tag-magazine","tag-paris","tag-philosophie","tag-presse","tag-quinzaine-actualite","tag-reflexion","tag-science"],"yoast_head":"<!-- This site is optimized with the Yoast SEO plugin v24.6 - https:\/\/yoast.com\/wordpress\/plugins\/seo\/ -->\n<title>Le dessin de la quarantaine ! &#8212; PRENDS TA DOSE<\/title>\n<meta name=\"description\" content=\"La situation que nous vivons est plus que particuli\u00e8re. Il y aurait beaucoup \u00e0 dire. Sur le confinement, sur les lourdes cons\u00e9quences d\u2019un syst\u00e8me\" \/>\n<meta name=\"robots\" content=\"index, follow, max-snippet:-1, max-image-preview:large, max-video-preview:-1\" \/>\n<link rel=\"canonical\" href=\"https:\/\/www.prendstadose.fr\/index.php\/2020\/03\/25\/le-dessin-de-la-quarantaine\/\" \/>\n<meta property=\"og:locale\" content=\"fr_FR\" \/>\n<meta property=\"og:type\" content=\"article\" \/>\n<meta property=\"og:title\" content=\"Le dessin de la quarantaine ! &#8212; PRENDS TA DOSE\" \/>\n<meta property=\"og:description\" content=\"La situation que nous vivons est plus que particuli\u00e8re. Il y aurait beaucoup \u00e0 dire. Sur le confinement, sur les lourdes cons\u00e9quences d\u2019un syst\u00e8me\" \/>\n<meta property=\"og:url\" content=\"https:\/\/www.prendstadose.fr\/index.php\/2020\/03\/25\/le-dessin-de-la-quarantaine\/\" \/>\n<meta property=\"og:site_name\" content=\"PRENDS TA DOSE\" \/>\n<meta property=\"article:publisher\" content=\"https:\/\/www.facebook.com\/BrigadeSansFrontieres\/\" \/>\n<meta property=\"article:published_time\" content=\"2020-03-25T12:15:57+00:00\" \/>\n<meta property=\"article:modified_time\" content=\"2024-09-23T13:09:50+00:00\" \/>\n<meta property=\"og:image\" content=\"https:\/\/www.prendstadose.fr\/wp-content\/uploads\/2020\/03\/IMG-1-scaled.jpg\" \/>\n\t<meta property=\"og:image:width\" content=\"2560\" \/>\n\t<meta property=\"og:image:height\" content=\"2560\" \/>\n\t<meta property=\"og:image:type\" content=\"image\/jpeg\" \/>\n<meta name=\"author\" content=\"Tibovski\" \/>\n<meta name=\"twitter:card\" content=\"summary_large_image\" \/>\n<meta name=\"twitter:label1\" content=\"\u00c9crit par\" \/>\n\t<meta name=\"twitter:data1\" content=\"Tibovski\" \/>\n\t<meta name=\"twitter:label2\" content=\"Dur\u00e9e de lecture estim\u00e9e\" \/>\n\t<meta name=\"twitter:data2\" content=\"2 minutes\" \/>\n<script type=\"application\/ld+json\" class=\"yoast-schema-graph\">{\"@context\":\"https:\/\/schema.org\",\"@graph\":[{\"@type\":\"Article\",\"@id\":\"https:\/\/www.prendstadose.fr\/index.php\/2020\/03\/25\/le-dessin-de-la-quarantaine\/#article\",\"isPartOf\":{\"@id\":\"https:\/\/www.prendstadose.fr\/index.php\/2020\/03\/25\/le-dessin-de-la-quarantaine\/\"},\"author\":{\"name\":\"Tibovski\",\"@id\":\"https:\/\/www.prendstadose.fr\/#\/schema\/person\/b9a4c3bea7f1286e6488fd15fd4a2e02\"},\"headline\":\"Le dessin de la quarantaine !\",\"datePublished\":\"2020-03-25T12:15:57+00:00\",\"dateModified\":\"2024-09-23T13:09:50+00:00\",\"mainEntityOfPage\":{\"@id\":\"https:\/\/www.prendstadose.fr\/index.php\/2020\/03\/25\/le-dessin-de-la-quarantaine\/\"},\"wordCount\":470,\"commentCount\":3,\"publisher\":{\"@id\":\"https:\/\/www.prendstadose.fr\/#organization\"},\"image\":{\"@id\":\"https:\/\/www.prendstadose.fr\/index.php\/2020\/03\/25\/le-dessin-de-la-quarantaine\/#primaryimage\"},\"thumbnailUrl\":\"https:\/\/www.prendstadose.fr\/wp-content\/uploads\/2020\/03\/IMG-1-scaled.jpg\",\"keywords\":[\"Afrique\",\"Afrique de l est\",\"Article\",\"Asie du Sud\",\"Assange\",\"bsf\",\"BSFmagazine\",\"Carnet de route\",\"Criquets\",\"Critique\",\"croquis\",\"Culture\",\"dessin\",\"dessin de presse\",\"Internet\",\"Journalisme\",\"Libert\u00e9\",\"Litt\u00e9rature\",\"Magazine\",\"Paris\",\"Philosophie\",\"Presse\",\"quinzaine Actualit\u00e9\",\"R\u00e9flexion\",\"Science\"],\"articleSection\":[\"Cr\u00e9ation\"],\"inLanguage\":\"fr-FR\",\"potentialAction\":[{\"@type\":\"CommentAction\",\"name\":\"Comment\",\"target\":[\"https:\/\/www.prendstadose.fr\/index.php\/2020\/03\/25\/le-dessin-de-la-quarantaine\/#respond\"]}]},{\"@type\":\"WebPage\",\"@id\":\"https:\/\/www.prendstadose.fr\/index.php\/2020\/03\/25\/le-dessin-de-la-quarantaine\/\",\"url\":\"https:\/\/www.prendstadose.fr\/index.php\/2020\/03\/25\/le-dessin-de-la-quarantaine\/\",\"name\":\"Le dessin de la quarantaine ! &#8212; PRENDS TA DOSE\",\"isPartOf\":{\"@id\":\"https:\/\/www.prendstadose.fr\/#website\"},\"primaryImageOfPage\":{\"@id\":\"https:\/\/www.prendstadose.fr\/index.php\/2020\/03\/25\/le-dessin-de-la-quarantaine\/#primaryimage\"},\"image\":{\"@id\":\"https:\/\/www.prendstadose.fr\/index.php\/2020\/03\/25\/le-dessin-de-la-quarantaine\/#primaryimage\"},\"thumbnailUrl\":\"https:\/\/www.prendstadose.fr\/wp-content\/uploads\/2020\/03\/IMG-1-scaled.jpg\",\"datePublished\":\"2020-03-25T12:15:57+00:00\",\"dateModified\":\"2024-09-23T13:09:50+00:00\",\"description\":\"La situation que nous vivons est plus que particuli\u00e8re. Il y aurait beaucoup \u00e0 dire. Sur le confinement, sur les lourdes cons\u00e9quences d\u2019un syst\u00e8me\",\"breadcrumb\":{\"@id\":\"https:\/\/www.prendstadose.fr\/index.php\/2020\/03\/25\/le-dessin-de-la-quarantaine\/#breadcrumb\"},\"inLanguage\":\"fr-FR\",\"potentialAction\":[{\"@type\":\"ReadAction\",\"target\":[\"https:\/\/www.prendstadose.fr\/index.php\/2020\/03\/25\/le-dessin-de-la-quarantaine\/\"]}]},{\"@type\":\"ImageObject\",\"inLanguage\":\"fr-FR\",\"@id\":\"https:\/\/www.prendstadose.fr\/index.php\/2020\/03\/25\/le-dessin-de-la-quarantaine\/#primaryimage\",\"url\":\"https:\/\/www.prendstadose.fr\/wp-content\/uploads\/2020\/03\/IMG-1-scaled.jpg\",\"contentUrl\":\"https:\/\/www.prendstadose.fr\/wp-content\/uploads\/2020\/03\/IMG-1-scaled.jpg\",\"width\":2560,\"height\":2560,\"caption\":\"criquets\"},{\"@type\":\"BreadcrumbList\",\"@id\":\"https:\/\/www.prendstadose.fr\/index.php\/2020\/03\/25\/le-dessin-de-la-quarantaine\/#breadcrumb\",\"itemListElement\":[{\"@type\":\"ListItem\",\"position\":1,\"name\":\"Accueil\",\"item\":\"https:\/\/www.prendstadose.fr\/\"},{\"@type\":\"ListItem\",\"position\":2,\"name\":\"Le dessin de la quarantaine !\"}]},{\"@type\":\"WebSite\",\"@id\":\"https:\/\/www.prendstadose.fr\/#website\",\"url\":\"https:\/\/www.prendstadose.fr\/\",\"name\":\"PRENDS TA DOSE\",\"description\":\"Capsule Culture Pour Analphab\u00e8tes Lettr\u00e9s\",\"publisher\":{\"@id\":\"https:\/\/www.prendstadose.fr\/#organization\"},\"potentialAction\":[{\"@type\":\"SearchAction\",\"target\":{\"@type\":\"EntryPoint\",\"urlTemplate\":\"https:\/\/www.prendstadose.fr\/?s={search_term_string}\"},\"query-input\":{\"@type\":\"PropertyValueSpecification\",\"valueRequired\":true,\"valueName\":\"search_term_string\"}}],\"inLanguage\":\"fr-FR\"},{\"@type\":\"Organization\",\"@id\":\"https:\/\/www.prendstadose.fr\/#organization\",\"name\":\"PrendsTaDose\",\"url\":\"https:\/\/www.prendstadose.fr\/\",\"logo\":{\"@type\":\"ImageObject\",\"inLanguage\":\"fr-FR\",\"@id\":\"https:\/\/www.prendstadose.fr\/#\/schema\/logo\/image\/\",\"url\":\"https:\/\/www.prendstadose.fr\/wp-content\/uploads\/2021\/08\/logo-e1641309847268.png\",\"contentUrl\":\"https:\/\/www.prendstadose.fr\/wp-content\/uploads\/2021\/08\/logo-e1641309847268.png\",\"width\":400,\"height\":406,\"caption\":\"PrendsTaDose\"},\"image\":{\"@id\":\"https:\/\/www.prendstadose.fr\/#\/schema\/logo\/image\/\"},\"sameAs\":[\"https:\/\/www.facebook.com\/BrigadeSansFrontieres\/\",\"https:\/\/www.instagram.com\/romain_mailliu\/\"]},{\"@type\":\"Person\",\"@id\":\"https:\/\/www.prendstadose.fr\/#\/schema\/person\/b9a4c3bea7f1286e6488fd15fd4a2e02\",\"name\":\"Tibovski\",\"url\":\"https:\/\/www.prendstadose.fr\/index.php\/author\/tibovski\/\"}]}<\/script>\n<!-- \/ Yoast SEO plugin. -->","yoast_head_json":{"title":"Le dessin de la quarantaine ! &#8212; PRENDS TA DOSE","description":"La situation que nous vivons est plus que particuli\u00e8re. Il y aurait beaucoup \u00e0 dire. Sur le confinement, sur les lourdes cons\u00e9quences d\u2019un syst\u00e8me","robots":{"index":"index","follow":"follow","max-snippet":"max-snippet:-1","max-image-preview":"max-image-preview:large","max-video-preview":"max-video-preview:-1"},"canonical":"https:\/\/www.prendstadose.fr\/index.php\/2020\/03\/25\/le-dessin-de-la-quarantaine\/","og_locale":"fr_FR","og_type":"article","og_title":"Le dessin de la quarantaine ! &#8212; PRENDS TA DOSE","og_description":"La situation que nous vivons est plus que particuli\u00e8re. Il y aurait beaucoup \u00e0 dire. Sur le confinement, sur les lourdes cons\u00e9quences d\u2019un syst\u00e8me","og_url":"https:\/\/www.prendstadose.fr\/index.php\/2020\/03\/25\/le-dessin-de-la-quarantaine\/","og_site_name":"PRENDS TA DOSE","article_publisher":"https:\/\/www.facebook.com\/BrigadeSansFrontieres\/","article_published_time":"2020-03-25T12:15:57+00:00","article_modified_time":"2024-09-23T13:09:50+00:00","og_image":[{"width":2560,"height":2560,"url":"https:\/\/www.prendstadose.fr\/wp-content\/uploads\/2020\/03\/IMG-1-scaled.jpg","type":"image\/jpeg"}],"author":"Tibovski","twitter_card":"summary_large_image","twitter_misc":{"\u00c9crit par":"Tibovski","Dur\u00e9e de lecture estim\u00e9e":"2 minutes"},"schema":{"@context":"https:\/\/schema.org","@graph":[{"@type":"Article","@id":"https:\/\/www.prendstadose.fr\/index.php\/2020\/03\/25\/le-dessin-de-la-quarantaine\/#article","isPartOf":{"@id":"https:\/\/www.prendstadose.fr\/index.php\/2020\/03\/25\/le-dessin-de-la-quarantaine\/"},"author":{"name":"Tibovski","@id":"https:\/\/www.prendstadose.fr\/#\/schema\/person\/b9a4c3bea7f1286e6488fd15fd4a2e02"},"headline":"Le dessin de la quarantaine !","datePublished":"2020-03-25T12:15:57+00:00","dateModified":"2024-09-23T13:09:50+00:00","mainEntityOfPage":{"@id":"https:\/\/www.prendstadose.fr\/index.php\/2020\/03\/25\/le-dessin-de-la-quarantaine\/"},"wordCount":470,"commentCount":3,"publisher":{"@id":"https:\/\/www.prendstadose.fr\/#organization"},"image":{"@id":"https:\/\/www.prendstadose.fr\/index.php\/2020\/03\/25\/le-dessin-de-la-quarantaine\/#primaryimage"},"thumbnailUrl":"https:\/\/www.prendstadose.fr\/wp-content\/uploads\/2020\/03\/IMG-1-scaled.jpg","keywords":["Afrique","Afrique de l est","Article","Asie du Sud","Assange","bsf","BSFmagazine","Carnet de route","Criquets","Critique","croquis","Culture","dessin","dessin de presse","Internet","Journalisme","Libert\u00e9","Litt\u00e9rature","Magazine","Paris","Philosophie","Presse","quinzaine Actualit\u00e9","R\u00e9flexion","Science"],"articleSection":["Cr\u00e9ation"],"inLanguage":"fr-FR","potentialAction":[{"@type":"CommentAction","name":"Comment","target":["https:\/\/www.prendstadose.fr\/index.php\/2020\/03\/25\/le-dessin-de-la-quarantaine\/#respond"]}]},{"@type":"WebPage","@id":"https:\/\/www.prendstadose.fr\/index.php\/2020\/03\/25\/le-dessin-de-la-quarantaine\/","url":"https:\/\/www.prendstadose.fr\/index.php\/2020\/03\/25\/le-dessin-de-la-quarantaine\/","name":"Le dessin de la quarantaine ! &#8212; PRENDS TA DOSE","isPartOf":{"@id":"https:\/\/www.prendstadose.fr\/#website"},"primaryImageOfPage":{"@id":"https:\/\/www.prendstadose.fr\/index.php\/2020\/03\/25\/le-dessin-de-la-quarantaine\/#primaryimage"},"image":{"@id":"https:\/\/www.prendstadose.fr\/index.php\/2020\/03\/25\/le-dessin-de-la-quarantaine\/#primaryimage"},"thumbnailUrl":"https:\/\/www.prendstadose.fr\/wp-content\/uploads\/2020\/03\/IMG-1-scaled.jpg","datePublished":"2020-03-25T12:15:57+00:00","dateModified":"2024-09-23T13:09:50+00:00","description":"La situation que nous vivons est plus que particuli\u00e8re. Il y aurait beaucoup \u00e0 dire. Sur le confinement, sur les lourdes cons\u00e9quences d\u2019un syst\u00e8me","breadcrumb":{"@id":"https:\/\/www.prendstadose.fr\/index.php\/2020\/03\/25\/le-dessin-de-la-quarantaine\/#breadcrumb"},"inLanguage":"fr-FR","potentialAction":[{"@type":"ReadAction","target":["https:\/\/www.prendstadose.fr\/index.php\/2020\/03\/25\/le-dessin-de-la-quarantaine\/"]}]},{"@type":"ImageObject","inLanguage":"fr-FR","@id":"https:\/\/www.prendstadose.fr\/index.php\/2020\/03\/25\/le-dessin-de-la-quarantaine\/#primaryimage","url":"https:\/\/www.prendstadose.fr\/wp-content\/uploads\/2020\/03\/IMG-1-scaled.jpg","contentUrl":"https:\/\/www.prendstadose.fr\/wp-content\/uploads\/2020\/03\/IMG-1-scaled.jpg","width":2560,"height":2560,"caption":"criquets"},{"@type":"BreadcrumbList","@id":"https:\/\/www.prendstadose.fr\/index.php\/2020\/03\/25\/le-dessin-de-la-quarantaine\/#breadcrumb","itemListElement":[{"@type":"ListItem","position":1,"name":"Accueil","item":"https:\/\/www.prendstadose.fr\/"},{"@type":"ListItem","position":2,"name":"Le dessin de la quarantaine !"}]},{"@type":"WebSite","@id":"https:\/\/www.prendstadose.fr\/#website","url":"https:\/\/www.prendstadose.fr\/","name":"PRENDS TA DOSE","description":"Capsule Culture Pour Analphab\u00e8tes Lettr\u00e9s","publisher":{"@id":"https:\/\/www.prendstadose.fr\/#organization"},"potentialAction":[{"@type":"SearchAction","target":{"@type":"EntryPoint","urlTemplate":"https:\/\/www.prendstadose.fr\/?s={search_term_string}"},"query-input":{"@type":"PropertyValueSpecification","valueRequired":true,"valueName":"search_term_string"}}],"inLanguage":"fr-FR"},{"@type":"Organization","@id":"https:\/\/www.prendstadose.fr\/#organization","name":"PrendsTaDose","url":"https:\/\/www.prendstadose.fr\/","logo":{"@type":"ImageObject","inLanguage":"fr-FR","@id":"https:\/\/www.prendstadose.fr\/#\/schema\/logo\/image\/","url":"https:\/\/www.prendstadose.fr\/wp-content\/uploads\/2021\/08\/logo-e1641309847268.png","contentUrl":"https:\/\/www.prendstadose.fr\/wp-content\/uploads\/2021\/08\/logo-e1641309847268.png","width":400,"height":406,"caption":"PrendsTaDose"},"image":{"@id":"https:\/\/www.prendstadose.fr\/#\/schema\/logo\/image\/"},"sameAs":["https:\/\/www.facebook.com\/BrigadeSansFrontieres\/","https:\/\/www.instagram.com\/romain_mailliu\/"]},{"@type":"Person","@id":"https:\/\/www.prendstadose.fr\/#\/schema\/person\/b9a4c3bea7f1286e6488fd15fd4a2e02","name":"Tibovski","url":"https:\/\/www.prendstadose.fr\/index.php\/author\/tibovski\/"}]}},"jetpack_publicize_connections":[],"jetpack_featured_media_url":"https:\/\/www.prendstadose.fr\/wp-content\/uploads\/2020\/03\/IMG-1-scaled.jpg","jetpack_sharing_enabled":true,"_links":{"self":[{"href":"https:\/\/www.prendstadose.fr\/index.php\/wp-json\/wp\/v2\/posts\/2452","targetHints":{"allow":["GET"]}}],"collection":[{"href":"https:\/\/www.prendstadose.fr\/index.php\/wp-json\/wp\/v2\/posts"}],"about":[{"href":"https:\/\/www.prendstadose.fr\/index.php\/wp-json\/wp\/v2\/types\/post"}],"author":[{"embeddable":true,"href":"https:\/\/www.prendstadose.fr\/index.php\/wp-json\/wp\/v2\/users\/3"}],"replies":[{"embeddable":true,"href":"https:\/\/www.prendstadose.fr\/index.php\/wp-json\/wp\/v2\/comments?post=2452"}],"version-history":[{"count":1,"href":"https:\/\/www.prendstadose.fr\/index.php\/wp-json\/wp\/v2\/posts\/2452\/revisions"}],"predecessor-version":[{"id":2456,"href":"https:\/\/www.prendstadose.fr\/index.php\/wp-json\/wp\/v2\/posts\/2452\/revisions\/2456"}],"wp:featuredmedia":[{"embeddable":true,"href":"https:\/\/www.prendstadose.fr\/index.php\/wp-json\/wp\/v2\/media\/2453"}],"wp:attachment":[{"href":"https:\/\/www.prendstadose.fr\/index.php\/wp-json\/wp\/v2\/media?parent=2452"}],"wp:term":[{"taxonomy":"category","embeddable":true,"href":"https:\/\/www.prendstadose.fr\/index.php\/wp-json\/wp\/v2\/categories?post=2452"},{"taxonomy":"post_tag","embeddable":true,"href":"https:\/\/www.prendstadose.fr\/index.php\/wp-json\/wp\/v2\/tags?post=2452"}],"curies":[{"name":"wp","href":"https:\/\/api.w.org\/{rel}","templated":true}]}}