{"id":2636,"date":"2020-05-06T16:13:29","date_gmt":"2020-05-06T14:13:29","guid":{"rendered":"https:\/\/www.bsf.ovh\/?p=2636"},"modified":"2024-09-23T21:01:52","modified_gmt":"2024-09-23T19:01:52","slug":"palestine-revet-sa-robe-dallegresse","status":"publish","type":"post","link":"https:\/\/www.prendstadose.fr\/index.php\/2020\/05\/06\/palestine-revet-sa-robe-dallegresse\/","title":{"rendered":"Palestine rev\u00eat sa robe d\u2019all\u00e9gresse"},"content":{"rendered":"<p>&nbsp;<\/p>\n<p><span style=\"font-weight: 400; font-size: 14pt;\">Dernier dessin de confinement.\u00a0<\/span><\/p>\n<p><span style=\"font-weight: 400; font-size: 14pt;\">Comme je le mentionnais <a href=\"https:\/\/www.bsf.ovh\/index.php\/2020\/04\/22\/tends-lautre-joue\/\">dans mon pr\u00e9c\u00e9dent billet<\/a>, il y aurait beaucoup \u00e0 dire sur la crise actuelle. Ce sera pour une prochaine fois. Aujourd\u2019hui, je me contenterai de partager une information qui a de l\u2019importance \u00e0 mes yeux.\u00a0<\/span><\/p>\n<p><span style=\"font-weight: 400; font-size: 14pt;\">Fatou Bensouda, la procureure de la Cour P\u00e9nale Internationale (CPI) a remis ce 30 avril un rapport soutenant l\u2019ouverture d\u2019une enqu\u00eate concernant des \u201ccrimes de guerre\u201d isra\u00e9liens. La Palestine pourrait donc, apr\u00e8s confirmation d\u2019une chambre pr\u00e9liminaire, poursuivre Isra\u00ebl \u00e0 la fois pour \u201ccrime de guerre\u201d et pour \u201ccrime contre l\u2019humanit\u00e9\u201d. La CPI avait \u00e9t\u00e9 saisie en 2015 et c\u2019est seulement en d\u00e9cembre que celle-ci avait annonc\u00e9 son intention d\u2019ouvrir une enqu\u00eate. Cette enqu\u00eate pourrait donc reconna\u00eetre la culpabilit\u00e9 de Tsahal (arm\u00e9e isra\u00e9lienne) durant la guerre de Gaza en 2014. Mais ce dossier a une port\u00e9e plus large sur la question palestinienne.\u00a0<\/span><\/p>\n<p>&nbsp;<\/p>\n<h2><span style=\"font-size: 24pt;\"><b>Disproportion<\/b><\/span><\/h2>\n<p><span style=\"font-weight: 400; font-size: 14pt;\">La complexit\u00e9 des rapports isra\u00e9lo-arabes a tendance \u00e0 gommer la disproportion entre les forces isra\u00e9liennes et palestiniennes. Comme si cette complexit\u00e9 rendait impossible de se positionner parmi les deux camps sans compromettre la paix. Il est \u00e9vident que des tensions aussi anciennes et diverses sont ardues \u00e0 r\u00e9soudre. Il est \u00e9galement \u00e9vident que c\u2019est en direction de la paix que ces r\u00e9solutions doivent \u00eatre men\u00e9es. Seulement tout cela doit \u00eatre entendu sans pour autant pr\u00e9sumer que les deux bellig\u00e9rants sont \u00e9gaux dans cette affaire. Rappelons que la Palestine se bat encore pour \u00eatre reconnue comme un \u00c9tat, que certains de ses territoires sont sous contr\u00f4le isra\u00e9lien et que les conditions d&rsquo;existence y sont accablantes. On ne peut d\u00e9cemment pas promouvoir la r\u00e9solution d\u2019un conflit sans comprendre qu\u2019elle n\u2019a pas la m\u00eame signification pour les deux \u00c9tats. M\u00eame s\u2019il serait malvenu de le comparer \u00e0 David contre Goliath, les intifadas se sont pourtant faites avec des lance-pierre. Les forces sont in\u00e9gales. Parler de Paix dans ce conflit doit concerner, dans un premier temps, la subsistance d\u2019un peuple palestinien qui \u00e9touffe.\u00a0<\/span><\/p>\n<p>&nbsp;<\/p>\n<h2><span style=\"font-size: 24pt;\"><b>N\u00e9gociations<\/b><\/span><\/h2>\n<p><span style=\"font-size: 14pt;\"><span style=\"font-weight: 400;\">L\u2019intervention de la CPI d\u00e9passe donc la seule affaire de 2014 et offre \u00e0 une Palestine d\u00e9sarm\u00e9e un nouveau levier. Bien que seul, dans la r\u00e9gion, Isra\u00ebl b\u00e9n\u00e9ficie d\u2019importants soutiens diplomatiques. Ses excellentes relations avec les \u00c9tats-Unis lui assurent une position diplomatique et militaire puissante au Moyen-Orient et dans le Monde. Ce n\u2019est \u00e9videmment pas le cas de la Palestine, qui, m\u00eame en ayant le soutien de certains pays arabes, peine \u00e0 acc\u00e9der \u00e0 un statut officiel aupr\u00e8s des diff\u00e9rents organismes de gouvernances internationales. Le Conseil de s\u00e9curit\u00e9 de l\u2019ONU lui avait refus\u00e9 le statut d\u2019\u00c9tat membre en 2011 et lui a finalement accord\u00e9 en 2012 le statut d\u2019\u00c9tat observateur non-membre. C\u2019est seulement en 2015 que la Palestine a eu le droit de dresser son drapeau au si\u00e8ge de l\u2019ONU<\/span><span style=\"font-weight: 400;\"> malgr\u00e9 la d\u00e9sapprobation marqu\u00e9e des \u00c9tats-Unis. L\u2019adh\u00e9sion de la Palestine \u00e0 la CPI lui octroie donc une reconnaissance officielle de l\u2019organisme. Diplomatiquement, le travail de la CPI est donc majeur pour les n\u00e9gociations. Cela signerait \u00e9galement l\u2019intervention d\u2019une institution externe et neutre sur la question palestinienne. Cela va sans dire que cette interposition n\u2019est pas du go\u00fbt des autorit\u00e9s isra\u00e9liennes qui y voient une ing\u00e9rence malvenue. Isra\u00ebl n\u2019est pas signataire du Statut de Rome \u00e0 l\u2019origine de la Cour P\u00e9nale Internationale. Mais comme je l\u2019ai d\u00e9j\u00e0 pr\u00e9cis\u00e9 les rapports entre Isra\u00ebl et la Palestine ne sont pas \u00e9quilibr\u00e9s, il n\u2019y a donc rien de malheureux \u00e0 ce qu\u2019un organisme ind\u00e9pendant s\u2019y immisce. Il n\u2019y a rien d\u2019\u00e9trange non plus \u00e0 ce qu&rsquo;Isra\u00ebl y soit d\u00e9favorable.\u00a0<\/span><\/span><\/p>\n<p>&nbsp;<\/p>\n<h2><span style=\"font-size: 24pt;\"><b>Identit\u00e9<\/b><\/span><\/h2>\n<p><span style=\"font-size: 14pt;\"><span style=\"font-weight: 400;\">Pour conclure, je dirais que le climat de la r\u00e9gion a construit des positions politiques belliqueuses dans les deux camps. Or on pourrait entrevoir, dans cette affaire, l\u2019espoir d\u2019une \u00e9volution. Actuellement, le premier ministre conservateur Benjamin Netanyahou (a.k.a \u201cBibi\u201d) peine \u00e0 constituer un gouvernement isra\u00e9lien. Le pays a d\u00e9j\u00e0 connu trois \u00e9lections depuis mars 2019 en raison de ces instabilit\u00e9s. Enfin, il y aussi le fait que Bibi soit dans l\u2019attente d\u2019un proc\u00e8s pour fraude et corruption. Si les \u00e9lections l\u00e9gislatives montrent que le conservatisme h\u00e9g\u00e9moniste est encore fort en Isra\u00ebl, la crise politique actuelle pourrait marquer un tournant en mettant fin \u00e0 plus de 10 ans de mandat pour Netanyahou. Ces d\u00e9cennies d\u2019ultra-conservatisme isra\u00e9lien ont renforc\u00e9 les courants nationalistes et militaristes en Palestine. C\u2019est le cas du Hamas. Mais au risque de me r\u00e9p\u00e9ter, ces courants politiques factieux ont \u00e9volu\u00e9 en Palestine pour des raisons diff\u00e9rentes qu\u2019en Isra\u00ebl. Elles sont une r\u00e9ponse \u00e0 la crise humanitaire et \u00e0 la menace constante. Le terrorisme et le nationalisme sont ici des voies politiques de survie. L\u2019identit\u00e9 de ce peuple est une identit\u00e9 broy\u00e9e d\u00e9finie au travers d\u2019une longue et douloureuse oppression. Porter ses causes devant la Cour P\u00e9nale Internationale ouvre un nouveau canal pour mener les combats. Esp\u00e9rons que si cette voie prosp\u00e8re, les n\u00e9gociations se d\u00e9rouleront sans feu ni sang. Mahmoud Darwich, un des plus grands po\u00e8tes palestiniens, r\u00e9sumait l\u2019identit\u00e9 de son peuple mieux que moi<\/span><span style=\"font-weight: 400;\"> :\u00a0<\/span><\/span><\/p>\n<p>&nbsp;<\/p>\n<blockquote><p><span style=\"font-size: 14pt;\"><i><span style=\"font-weight: 400;\">Celui qui m\u2019a chang\u00e9 en exil\u00e9 m\u2019a chang\u00e9 en bombe&#8230; Palestine est devenue mille corps mouvants sillonnant les rues du monde, chantant le chant de la mort, car le nouveau Christ, descendu de sa croix, porta b\u00e2ton et sortit de Palestine\u201d<\/span><\/i><i><span style=\"font-weight: 400;\">\u00a0\u00a0<\/span><\/i><\/span><\/p><\/blockquote>\n<p>&nbsp;<\/p>\n<p><span style=\"font-weight: 400; font-size: 14pt;\">\u00c0 la prochaine quinzaine !<\/span><\/p>\n<p>&nbsp;<\/p>\n<p><span style=\"font-size: 14pt;\"><span style=\"font-weight: 400;\">Sources :<\/span><\/span><\/p>\n<ul>\n<li><a href=\"https:\/\/www.humanite.fr\/historique-la-palestine-autorisee-poursuivre-israel-pour-crimes-de-guerre-et-crimes-contre-lhumanite?fbclid=IwAR3S7pnZnCFNgExkEWfCN0NQ6yxHrQaqoiOaccQO7ttxwOUaZ0idvwRWUFI\"><i><span style=\"font-weight: 400;\">https:\/\/www.humanite.fr\/historique-la-palestine-autorisee-poursuivre-israel-pour-crimes-de-guerre-et-crimes-contre-lhumanite?fbclid=IwAR3S7pnZnCFNgExkEWfCN0NQ6yxHrQaqoiOaccQO7ttxwOUaZ0idvwRWUFI<\/span><\/i><\/a><i><span style=\"font-weight: 400;\">\u00a0<\/span><\/i><\/li>\n<li><a href=\"https:\/\/www.lemonde.fr\/international\/article\/2019\/12\/20\/la-cpi-veut-enqueter-sur-d-eventuels-crimes-de-guerre-dans-les-territoires-palestiniens_6023652_3210.html\"><i><span style=\"font-weight: 400;\">https:\/\/www.lemonde.fr\/international\/article\/2019\/12\/20\/la-cpi-veut-enqueter-sur-d-eventuels-crimes-de-guerre-dans-les-territoires-palestiniens_6023652_3210.html<\/span><\/i><\/a><\/li>\n<li><a href=\"https:\/\/www.ouest-france.fr\/monde\/israel\/israel-l-accord-de-gouvernement-entre-netanyahu-et-gantz-entre-les-mains-de-la-cour-supreme-6824969\"><i><span style=\"font-weight: 400;\">https:\/\/www.ouest-france.fr\/monde\/israel\/israel-l-accord-de-gouvernement-entre-netanyahu-et-gantz-entre-les-mains-de-la-cour-supreme-6824969<\/span><\/i><\/a><\/li>\n<li><a href=\"https:\/\/www.haaretz.com\/israel-news\/elections\/.premium-likud-and-kahol-lavan-shorten-freeze-on-appointments-after-high-court-hearing-1.8822047\"><i><span style=\"font-weight: 400;\">https:\/\/www.haaretz.com\/israel-news\/elections\/.premium-likud-and-kahol-lavan-shorten-freeze-on-appointments-after-high-court-hearing-1.8822047<\/span><\/i><\/a><\/li>\n<li><a href=\"https:\/\/edition.cnn.com\/2015\/09\/30\/world\/united-nations-palestinian-flag\/index.html\"><i><span style=\"font-weight: 400;\">https:\/\/edition.cnn.com\/2015\/09\/30\/world\/united-nations-palestinian-flag\/index.html<\/span><\/i><\/a><\/li>\n<li><a href=\"https:\/\/www.haaretz.com\/israel-news\/.premium-netanyahu-s-real-target-this-week-isn-t-the-high-court-but-it-is-a-judge-1.8822361\"><i><span style=\"font-weight: 400;\">https:\/\/www.haaretz.com\/israel-news\/.premium-netanyahu-s-real-target-this-week-isn-t-the-high-court-but-it-is-a-judge-1.8822361<\/span><\/i><\/a><\/li>\n<\/ul>\n<p><span style=\"font-size: 14pt;\"><em>Photo de couverture par l&rsquo;auteur Tibovski\u00a0<\/em><\/span><\/p>\n","protected":false},"excerpt":{"rendered":"<p>&nbsp; Dernier dessin de confinement.\u00a0 Comme je le mentionnais dans mon pr\u00e9c\u00e9dent billet, il y aurait&hellip;<\/p>\n","protected":false},"author":3,"featured_media":2637,"comment_status":"open","ping_status":"open","sticky":false,"template":"","format":"standard","meta":{"_editorskit_title_hidden":false,"_editorskit_reading_time":0,"_editorskit_is_block_options_detached":false,"_editorskit_block_options_position":"{}","jetpack_post_was_ever_published":false,"_jetpack_newsletter_access":"","_jetpack_dont_email_post_to_subs":false,"_jetpack_newsletter_tier_id":0,"_jetpack_memberships_contains_paywalled_content":false,"_jetpack_memberships_contains_paid_content":false,"footnotes":"","jetpack_publicize_message":"","jetpack_publicize_feature_enabled":true,"jetpack_social_post_already_shared":false,"jetpack_social_options":{"image_generator_settings":{"template":"highway","enabled":false},"version":2}},"categories":[322],"tags":[408,158,26,182,433,430,339,118,172,157,437,58,171,436,409,435,345,340,429,346,431,159,84,149,434,438,432,152,211,174,148],"class_list":["post-2636","post","type-post","status-publish","format-standard","has-post-thumbnail","hentry","category-creation","tag-arabes","tag-article","tag-bsf","tag-bsfmagazine","tag-cpi","tag-crime","tag-crise","tag-critique","tag-croquis","tag-culture","tag-david-contre-goliath","tag-dessin","tag-dessin-de-presse","tag-droit","tag-etats-unis","tag-gaza","tag-geo-politique","tag-gestion-de-crise","tag-guerre","tag-histoire","tag-israel","tag-journalisme","tag-liberte","tag-magazine","tag-nations-unis","tag-onu","tag-palestine","tag-philosophie","tag-politique","tag-presse","tag-reflexion"],"yoast_head":"<!-- This site is optimized with the Yoast SEO plugin v24.6 - https:\/\/yoast.com\/wordpress\/plugins\/seo\/ -->\n<title>Palestine rev\u00eat sa robe d\u2019all\u00e9gresse &#8212; PRENDS TA DOSE<\/title>\n<meta name=\"description\" content=\"&nbsp; Dernier dessin de confinement.\u00a0 Comme je le mentionnais dans mon pr\u00e9c\u00e9dent billet, il y aurait beaucoup \u00e0 dire sur la crise actuelle. Ce sera pour\" \/>\n<meta name=\"robots\" content=\"index, follow, max-snippet:-1, max-image-preview:large, max-video-preview:-1\" \/>\n<link rel=\"canonical\" href=\"https:\/\/www.prendstadose.fr\/index.php\/2020\/05\/06\/palestine-revet-sa-robe-dallegresse\/\" \/>\n<meta property=\"og:locale\" content=\"fr_FR\" \/>\n<meta property=\"og:type\" content=\"article\" \/>\n<meta property=\"og:title\" content=\"Palestine rev\u00eat sa robe d\u2019all\u00e9gresse &#8212; PRENDS TA DOSE\" \/>\n<meta property=\"og:description\" content=\"&nbsp; Dernier dessin de confinement.\u00a0 Comme je le mentionnais dans mon pr\u00e9c\u00e9dent billet, il y aurait beaucoup \u00e0 dire sur la crise actuelle. Ce sera pour\" \/>\n<meta property=\"og:url\" content=\"https:\/\/www.prendstadose.fr\/index.php\/2020\/05\/06\/palestine-revet-sa-robe-dallegresse\/\" \/>\n<meta property=\"og:site_name\" content=\"PRENDS TA DOSE\" \/>\n<meta property=\"article:publisher\" content=\"https:\/\/www.facebook.com\/BrigadeSansFrontieres\/\" \/>\n<meta property=\"article:published_time\" content=\"2020-05-06T14:13:29+00:00\" \/>\n<meta property=\"article:modified_time\" content=\"2024-09-23T19:01:52+00:00\" \/>\n<meta property=\"og:image\" content=\"https:\/\/www.prendstadose.fr\/wp-content\/uploads\/2020\/05\/IMG_1043.jpg\" \/>\n\t<meta property=\"og:image:width\" content=\"2494\" \/>\n\t<meta property=\"og:image:height\" content=\"1819\" \/>\n\t<meta property=\"og:image:type\" content=\"image\/jpeg\" \/>\n<meta name=\"author\" content=\"Tibovski\" \/>\n<meta name=\"twitter:card\" content=\"summary_large_image\" \/>\n<meta name=\"twitter:label1\" content=\"\u00c9crit par\" \/>\n\t<meta name=\"twitter:data1\" content=\"Tibovski\" \/>\n\t<meta name=\"twitter:label2\" content=\"Dur\u00e9e de lecture estim\u00e9e\" \/>\n\t<meta name=\"twitter:data2\" content=\"5 minutes\" \/>\n<script type=\"application\/ld+json\" class=\"yoast-schema-graph\">{\"@context\":\"https:\/\/schema.org\",\"@graph\":[{\"@type\":\"Article\",\"@id\":\"https:\/\/www.prendstadose.fr\/index.php\/2020\/05\/06\/palestine-revet-sa-robe-dallegresse\/#article\",\"isPartOf\":{\"@id\":\"https:\/\/www.prendstadose.fr\/index.php\/2020\/05\/06\/palestine-revet-sa-robe-dallegresse\/\"},\"author\":{\"name\":\"Tibovski\",\"@id\":\"https:\/\/www.prendstadose.fr\/#\/schema\/person\/b9a4c3bea7f1286e6488fd15fd4a2e02\"},\"headline\":\"Palestine rev\u00eat sa robe d\u2019all\u00e9gresse\",\"datePublished\":\"2020-05-06T14:13:29+00:00\",\"dateModified\":\"2024-09-23T19:01:52+00:00\",\"mainEntityOfPage\":{\"@id\":\"https:\/\/www.prendstadose.fr\/index.php\/2020\/05\/06\/palestine-revet-sa-robe-dallegresse\/\"},\"wordCount\":1041,\"commentCount\":0,\"publisher\":{\"@id\":\"https:\/\/www.prendstadose.fr\/#organization\"},\"image\":{\"@id\":\"https:\/\/www.prendstadose.fr\/index.php\/2020\/05\/06\/palestine-revet-sa-robe-dallegresse\/#primaryimage\"},\"thumbnailUrl\":\"https:\/\/www.prendstadose.fr\/wp-content\/uploads\/2020\/05\/IMG_1043.jpg\",\"keywords\":[\"Arabes\",\"Article\",\"bsf\",\"BSFmagazine\",\"CPI\",\"Crime\",\"Crise\",\"Critique\",\"croquis\",\"Culture\",\"David contre Goliath\",\"dessin\",\"dessin de presse\",\"Droit\",\"Etats-Unis\",\"Gaza\",\"G\u00e9o politique\",\"Gestion de crise\",\"Guerre\",\"Histoire\",\"Israel\",\"Journalisme\",\"Libert\u00e9\",\"Magazine\",\"Nations Unis\",\"ONU\",\"Palestine\",\"Philosophie\",\"Politique\",\"Presse\",\"R\u00e9flexion\"],\"articleSection\":[\"Cr\u00e9ation\"],\"inLanguage\":\"fr-FR\",\"potentialAction\":[{\"@type\":\"CommentAction\",\"name\":\"Comment\",\"target\":[\"https:\/\/www.prendstadose.fr\/index.php\/2020\/05\/06\/palestine-revet-sa-robe-dallegresse\/#respond\"]}]},{\"@type\":\"WebPage\",\"@id\":\"https:\/\/www.prendstadose.fr\/index.php\/2020\/05\/06\/palestine-revet-sa-robe-dallegresse\/\",\"url\":\"https:\/\/www.prendstadose.fr\/index.php\/2020\/05\/06\/palestine-revet-sa-robe-dallegresse\/\",\"name\":\"Palestine rev\u00eat sa robe d\u2019all\u00e9gresse &#8212; PRENDS TA DOSE\",\"isPartOf\":{\"@id\":\"https:\/\/www.prendstadose.fr\/#website\"},\"primaryImageOfPage\":{\"@id\":\"https:\/\/www.prendstadose.fr\/index.php\/2020\/05\/06\/palestine-revet-sa-robe-dallegresse\/#primaryimage\"},\"image\":{\"@id\":\"https:\/\/www.prendstadose.fr\/index.php\/2020\/05\/06\/palestine-revet-sa-robe-dallegresse\/#primaryimage\"},\"thumbnailUrl\":\"https:\/\/www.prendstadose.fr\/wp-content\/uploads\/2020\/05\/IMG_1043.jpg\",\"datePublished\":\"2020-05-06T14:13:29+00:00\",\"dateModified\":\"2024-09-23T19:01:52+00:00\",\"description\":\"&nbsp; Dernier dessin de confinement.\u00a0 Comme je le mentionnais dans mon pr\u00e9c\u00e9dent billet, il y aurait beaucoup \u00e0 dire sur la crise actuelle. Ce sera pour\",\"breadcrumb\":{\"@id\":\"https:\/\/www.prendstadose.fr\/index.php\/2020\/05\/06\/palestine-revet-sa-robe-dallegresse\/#breadcrumb\"},\"inLanguage\":\"fr-FR\",\"potentialAction\":[{\"@type\":\"ReadAction\",\"target\":[\"https:\/\/www.prendstadose.fr\/index.php\/2020\/05\/06\/palestine-revet-sa-robe-dallegresse\/\"]}]},{\"@type\":\"ImageObject\",\"inLanguage\":\"fr-FR\",\"@id\":\"https:\/\/www.prendstadose.fr\/index.php\/2020\/05\/06\/palestine-revet-sa-robe-dallegresse\/#primaryimage\",\"url\":\"https:\/\/www.prendstadose.fr\/wp-content\/uploads\/2020\/05\/IMG_1043.jpg\",\"contentUrl\":\"https:\/\/www.prendstadose.fr\/wp-content\/uploads\/2020\/05\/IMG_1043.jpg\",\"width\":2494,\"height\":1819,\"caption\":\"Palestine\"},{\"@type\":\"BreadcrumbList\",\"@id\":\"https:\/\/www.prendstadose.fr\/index.php\/2020\/05\/06\/palestine-revet-sa-robe-dallegresse\/#breadcrumb\",\"itemListElement\":[{\"@type\":\"ListItem\",\"position\":1,\"name\":\"Accueil\",\"item\":\"https:\/\/www.prendstadose.fr\/\"},{\"@type\":\"ListItem\",\"position\":2,\"name\":\"Palestine rev\u00eat sa robe d\u2019all\u00e9gresse\"}]},{\"@type\":\"WebSite\",\"@id\":\"https:\/\/www.prendstadose.fr\/#website\",\"url\":\"https:\/\/www.prendstadose.fr\/\",\"name\":\"PRENDS TA DOSE\",\"description\":\"Capsule Culture Pour Analphab\u00e8tes Lettr\u00e9s\",\"publisher\":{\"@id\":\"https:\/\/www.prendstadose.fr\/#organization\"},\"potentialAction\":[{\"@type\":\"SearchAction\",\"target\":{\"@type\":\"EntryPoint\",\"urlTemplate\":\"https:\/\/www.prendstadose.fr\/?s={search_term_string}\"},\"query-input\":{\"@type\":\"PropertyValueSpecification\",\"valueRequired\":true,\"valueName\":\"search_term_string\"}}],\"inLanguage\":\"fr-FR\"},{\"@type\":\"Organization\",\"@id\":\"https:\/\/www.prendstadose.fr\/#organization\",\"name\":\"PrendsTaDose\",\"url\":\"https:\/\/www.prendstadose.fr\/\",\"logo\":{\"@type\":\"ImageObject\",\"inLanguage\":\"fr-FR\",\"@id\":\"https:\/\/www.prendstadose.fr\/#\/schema\/logo\/image\/\",\"url\":\"https:\/\/www.prendstadose.fr\/wp-content\/uploads\/2021\/08\/logo-e1641309847268.png\",\"contentUrl\":\"https:\/\/www.prendstadose.fr\/wp-content\/uploads\/2021\/08\/logo-e1641309847268.png\",\"width\":400,\"height\":406,\"caption\":\"PrendsTaDose\"},\"image\":{\"@id\":\"https:\/\/www.prendstadose.fr\/#\/schema\/logo\/image\/\"},\"sameAs\":[\"https:\/\/www.facebook.com\/BrigadeSansFrontieres\/\",\"https:\/\/www.instagram.com\/romain_mailliu\/\"]},{\"@type\":\"Person\",\"@id\":\"https:\/\/www.prendstadose.fr\/#\/schema\/person\/b9a4c3bea7f1286e6488fd15fd4a2e02\",\"name\":\"Tibovski\",\"url\":\"https:\/\/www.prendstadose.fr\/index.php\/author\/tibovski\/\"}]}<\/script>\n<!-- \/ Yoast SEO plugin. -->","yoast_head_json":{"title":"Palestine rev\u00eat sa robe d\u2019all\u00e9gresse &#8212; PRENDS TA DOSE","description":"&nbsp; Dernier dessin de confinement.\u00a0 Comme je le mentionnais dans mon pr\u00e9c\u00e9dent billet, il y aurait beaucoup \u00e0 dire sur la crise actuelle. Ce sera pour","robots":{"index":"index","follow":"follow","max-snippet":"max-snippet:-1","max-image-preview":"max-image-preview:large","max-video-preview":"max-video-preview:-1"},"canonical":"https:\/\/www.prendstadose.fr\/index.php\/2020\/05\/06\/palestine-revet-sa-robe-dallegresse\/","og_locale":"fr_FR","og_type":"article","og_title":"Palestine rev\u00eat sa robe d\u2019all\u00e9gresse &#8212; PRENDS TA DOSE","og_description":"&nbsp; Dernier dessin de confinement.\u00a0 Comme je le mentionnais dans mon pr\u00e9c\u00e9dent billet, il y aurait beaucoup \u00e0 dire sur la crise actuelle. Ce sera pour","og_url":"https:\/\/www.prendstadose.fr\/index.php\/2020\/05\/06\/palestine-revet-sa-robe-dallegresse\/","og_site_name":"PRENDS TA DOSE","article_publisher":"https:\/\/www.facebook.com\/BrigadeSansFrontieres\/","article_published_time":"2020-05-06T14:13:29+00:00","article_modified_time":"2024-09-23T19:01:52+00:00","og_image":[{"width":2494,"height":1819,"url":"https:\/\/www.prendstadose.fr\/wp-content\/uploads\/2020\/05\/IMG_1043.jpg","type":"image\/jpeg"}],"author":"Tibovski","twitter_card":"summary_large_image","twitter_misc":{"\u00c9crit par":"Tibovski","Dur\u00e9e de lecture estim\u00e9e":"5 minutes"},"schema":{"@context":"https:\/\/schema.org","@graph":[{"@type":"Article","@id":"https:\/\/www.prendstadose.fr\/index.php\/2020\/05\/06\/palestine-revet-sa-robe-dallegresse\/#article","isPartOf":{"@id":"https:\/\/www.prendstadose.fr\/index.php\/2020\/05\/06\/palestine-revet-sa-robe-dallegresse\/"},"author":{"name":"Tibovski","@id":"https:\/\/www.prendstadose.fr\/#\/schema\/person\/b9a4c3bea7f1286e6488fd15fd4a2e02"},"headline":"Palestine rev\u00eat sa robe d\u2019all\u00e9gresse","datePublished":"2020-05-06T14:13:29+00:00","dateModified":"2024-09-23T19:01:52+00:00","mainEntityOfPage":{"@id":"https:\/\/www.prendstadose.fr\/index.php\/2020\/05\/06\/palestine-revet-sa-robe-dallegresse\/"},"wordCount":1041,"commentCount":0,"publisher":{"@id":"https:\/\/www.prendstadose.fr\/#organization"},"image":{"@id":"https:\/\/www.prendstadose.fr\/index.php\/2020\/05\/06\/palestine-revet-sa-robe-dallegresse\/#primaryimage"},"thumbnailUrl":"https:\/\/www.prendstadose.fr\/wp-content\/uploads\/2020\/05\/IMG_1043.jpg","keywords":["Arabes","Article","bsf","BSFmagazine","CPI","Crime","Crise","Critique","croquis","Culture","David contre Goliath","dessin","dessin de presse","Droit","Etats-Unis","Gaza","G\u00e9o politique","Gestion de crise","Guerre","Histoire","Israel","Journalisme","Libert\u00e9","Magazine","Nations Unis","ONU","Palestine","Philosophie","Politique","Presse","R\u00e9flexion"],"articleSection":["Cr\u00e9ation"],"inLanguage":"fr-FR","potentialAction":[{"@type":"CommentAction","name":"Comment","target":["https:\/\/www.prendstadose.fr\/index.php\/2020\/05\/06\/palestine-revet-sa-robe-dallegresse\/#respond"]}]},{"@type":"WebPage","@id":"https:\/\/www.prendstadose.fr\/index.php\/2020\/05\/06\/palestine-revet-sa-robe-dallegresse\/","url":"https:\/\/www.prendstadose.fr\/index.php\/2020\/05\/06\/palestine-revet-sa-robe-dallegresse\/","name":"Palestine rev\u00eat sa robe d\u2019all\u00e9gresse &#8212; PRENDS TA DOSE","isPartOf":{"@id":"https:\/\/www.prendstadose.fr\/#website"},"primaryImageOfPage":{"@id":"https:\/\/www.prendstadose.fr\/index.php\/2020\/05\/06\/palestine-revet-sa-robe-dallegresse\/#primaryimage"},"image":{"@id":"https:\/\/www.prendstadose.fr\/index.php\/2020\/05\/06\/palestine-revet-sa-robe-dallegresse\/#primaryimage"},"thumbnailUrl":"https:\/\/www.prendstadose.fr\/wp-content\/uploads\/2020\/05\/IMG_1043.jpg","datePublished":"2020-05-06T14:13:29+00:00","dateModified":"2024-09-23T19:01:52+00:00","description":"&nbsp; Dernier dessin de confinement.\u00a0 Comme je le mentionnais dans mon pr\u00e9c\u00e9dent billet, il y aurait beaucoup \u00e0 dire sur la crise actuelle. Ce sera pour","breadcrumb":{"@id":"https:\/\/www.prendstadose.fr\/index.php\/2020\/05\/06\/palestine-revet-sa-robe-dallegresse\/#breadcrumb"},"inLanguage":"fr-FR","potentialAction":[{"@type":"ReadAction","target":["https:\/\/www.prendstadose.fr\/index.php\/2020\/05\/06\/palestine-revet-sa-robe-dallegresse\/"]}]},{"@type":"ImageObject","inLanguage":"fr-FR","@id":"https:\/\/www.prendstadose.fr\/index.php\/2020\/05\/06\/palestine-revet-sa-robe-dallegresse\/#primaryimage","url":"https:\/\/www.prendstadose.fr\/wp-content\/uploads\/2020\/05\/IMG_1043.jpg","contentUrl":"https:\/\/www.prendstadose.fr\/wp-content\/uploads\/2020\/05\/IMG_1043.jpg","width":2494,"height":1819,"caption":"Palestine"},{"@type":"BreadcrumbList","@id":"https:\/\/www.prendstadose.fr\/index.php\/2020\/05\/06\/palestine-revet-sa-robe-dallegresse\/#breadcrumb","itemListElement":[{"@type":"ListItem","position":1,"name":"Accueil","item":"https:\/\/www.prendstadose.fr\/"},{"@type":"ListItem","position":2,"name":"Palestine rev\u00eat sa robe d\u2019all\u00e9gresse"}]},{"@type":"WebSite","@id":"https:\/\/www.prendstadose.fr\/#website","url":"https:\/\/www.prendstadose.fr\/","name":"PRENDS TA DOSE","description":"Capsule Culture Pour Analphab\u00e8tes Lettr\u00e9s","publisher":{"@id":"https:\/\/www.prendstadose.fr\/#organization"},"potentialAction":[{"@type":"SearchAction","target":{"@type":"EntryPoint","urlTemplate":"https:\/\/www.prendstadose.fr\/?s={search_term_string}"},"query-input":{"@type":"PropertyValueSpecification","valueRequired":true,"valueName":"search_term_string"}}],"inLanguage":"fr-FR"},{"@type":"Organization","@id":"https:\/\/www.prendstadose.fr\/#organization","name":"PrendsTaDose","url":"https:\/\/www.prendstadose.fr\/","logo":{"@type":"ImageObject","inLanguage":"fr-FR","@id":"https:\/\/www.prendstadose.fr\/#\/schema\/logo\/image\/","url":"https:\/\/www.prendstadose.fr\/wp-content\/uploads\/2021\/08\/logo-e1641309847268.png","contentUrl":"https:\/\/www.prendstadose.fr\/wp-content\/uploads\/2021\/08\/logo-e1641309847268.png","width":400,"height":406,"caption":"PrendsTaDose"},"image":{"@id":"https:\/\/www.prendstadose.fr\/#\/schema\/logo\/image\/"},"sameAs":["https:\/\/www.facebook.com\/BrigadeSansFrontieres\/","https:\/\/www.instagram.com\/romain_mailliu\/"]},{"@type":"Person","@id":"https:\/\/www.prendstadose.fr\/#\/schema\/person\/b9a4c3bea7f1286e6488fd15fd4a2e02","name":"Tibovski","url":"https:\/\/www.prendstadose.fr\/index.php\/author\/tibovski\/"}]}},"jetpack_publicize_connections":[],"jetpack_featured_media_url":"https:\/\/www.prendstadose.fr\/wp-content\/uploads\/2020\/05\/IMG_1043.jpg","jetpack_sharing_enabled":true,"_links":{"self":[{"href":"https:\/\/www.prendstadose.fr\/index.php\/wp-json\/wp\/v2\/posts\/2636","targetHints":{"allow":["GET"]}}],"collection":[{"href":"https:\/\/www.prendstadose.fr\/index.php\/wp-json\/wp\/v2\/posts"}],"about":[{"href":"https:\/\/www.prendstadose.fr\/index.php\/wp-json\/wp\/v2\/types\/post"}],"author":[{"embeddable":true,"href":"https:\/\/www.prendstadose.fr\/index.php\/wp-json\/wp\/v2\/users\/3"}],"replies":[{"embeddable":true,"href":"https:\/\/www.prendstadose.fr\/index.php\/wp-json\/wp\/v2\/comments?post=2636"}],"version-history":[{"count":2,"href":"https:\/\/www.prendstadose.fr\/index.php\/wp-json\/wp\/v2\/posts\/2636\/revisions"}],"predecessor-version":[{"id":2639,"href":"https:\/\/www.prendstadose.fr\/index.php\/wp-json\/wp\/v2\/posts\/2636\/revisions\/2639"}],"wp:featuredmedia":[{"embeddable":true,"href":"https:\/\/www.prendstadose.fr\/index.php\/wp-json\/wp\/v2\/media\/2637"}],"wp:attachment":[{"href":"https:\/\/www.prendstadose.fr\/index.php\/wp-json\/wp\/v2\/media?parent=2636"}],"wp:term":[{"taxonomy":"category","embeddable":true,"href":"https:\/\/www.prendstadose.fr\/index.php\/wp-json\/wp\/v2\/categories?post=2636"},{"taxonomy":"post_tag","embeddable":true,"href":"https:\/\/www.prendstadose.fr\/index.php\/wp-json\/wp\/v2\/tags?post=2636"}],"curies":[{"name":"wp","href":"https:\/\/api.w.org\/{rel}","templated":true}]}}