{"id":2665,"date":"2020-05-16T14:15:00","date_gmt":"2020-05-16T12:15:00","guid":{"rendered":"https:\/\/www.bsf.ovh\/?p=2665"},"modified":"2024-09-24T10:43:12","modified_gmt":"2024-09-24T08:43:12","slug":"laventure-de-la-boustifaille-1-culture-vs-puree","status":"publish","type":"post","link":"https:\/\/www.prendstadose.fr\/index.php\/2020\/05\/16\/laventure-de-la-boustifaille-1-culture-vs-puree\/","title":{"rendered":"L\u2019aventure de la boustifaille #1 &#8211; Culture Vs Pur\u00e9e"},"content":{"rendered":"<p><span style=\"font-size: 14pt;\"><span style=\"font-weight: 400;\"><br \/>\n<\/span><\/span><span style=\"font-size: 14pt;\"><span style=\"font-weight: 400;\"><br \/>\n<\/span><\/span><span style=\"font-size: 14pt;\"><span style=\"font-weight: 400;\">Je vous arr\u00eate d\u00e8s maintenant : oui, la pur\u00e9e de pommes de terre est un sujet dont on peut discuter. Ce n\u2019est pas une question de soci\u00e9t\u00e9 taboue. Ni \u00eatre ind\u00e9licat que de d\u00e9battre sur sa qualit\u00e9. Certains me diront avec raison \u201cC\u2019est politiquement tendu, tu auras des comptes \u00e0 rendre\u201d. Mais BSF<\/span><i><span style=\"font-weight: 400;\">magazine<\/span><\/i><span style=\"font-weight: 400;\">, c\u2019est l\u2019aventure ! La digression ! La digestion des id\u00e9es mise en couvert par une r\u00e9flexion intraitable ! Je traiterai donc de la pur\u00e9e de pommes de terre, n\u2019en d\u00e9plaise aux plus born\u00e9s.\u00a0<\/span><\/span><\/p>\n<p><span style=\"font-weight: 400; font-size: 14pt;\">D\u2019autant plus que c\u2019est ce f\u00e9culent que j\u2019ai choisi pour m\u2019occuper, en perspective, du sujet de la culture. Pour vous la faire simple : pur\u00e9e maison ou pur\u00e9e Mousline ? Culture \u00e9litiste ou kulture Kardashian ? \u00c9ternel d\u00e9bat qui trouve probablement sa r\u00e9ponse dans un juste dosage.<\/span><\/p>\n<p>&nbsp;<\/p>\n<div id=\"attachment_2668\" style=\"width: 1034px\" class=\"wp-caption aligncenter\"><img loading=\"lazy\" decoding=\"async\" aria-describedby=\"caption-attachment-2668\" class=\"wp-image-2668 size-large\" src=\"https:\/\/www.bsf.ovh\/wp-content\/uploads\/2020\/05\/potatoes-43259_1280-1024x768.jpg\" alt=\"Description : La meilleure amie des fran\u00e7ais vient \u00e0 l\u2019origine du P\u00e9rou. Ses anciens habitants, les Incas, l\u2019appelaient \u201cpapa\u201d &lt;3\u00a0\" width=\"1024\" height=\"768\" srcset=\"https:\/\/www.prendstadose.fr\/wp-content\/uploads\/2020\/05\/potatoes-43259_1280-1024x768.jpg 1024w, https:\/\/www.prendstadose.fr\/wp-content\/uploads\/2020\/05\/potatoes-43259_1280-300x225.jpg 300w, https:\/\/www.prendstadose.fr\/wp-content\/uploads\/2020\/05\/potatoes-43259_1280-768x576.jpg 768w, https:\/\/www.prendstadose.fr\/wp-content\/uploads\/2020\/05\/potatoes-43259_1280-1170x878.jpg 1170w, https:\/\/www.prendstadose.fr\/wp-content\/uploads\/2020\/05\/potatoes-43259_1280-585x439.jpg 585w, https:\/\/www.prendstadose.fr\/wp-content\/uploads\/2020\/05\/potatoes-43259_1280.jpg 1280w\" sizes=\"auto, (max-width: 1024px) 100vw, 1024px\" \/><p id=\"caption-attachment-2668\" class=\"wp-caption-text\">Description : La meilleure amie des fran\u00e7ais vient \u00e0 l\u2019origine du P\u00e9rou. Ses anciens habitants, les Incas, l\u2019appelaient \u201cpapa\u201d &lt;3<\/p><\/div>\n<p>&nbsp;<\/p>\n<h2><span style=\"font-size: 14pt;\"><span style=\"font-size: 24pt;\"><b>Patate trop cuite (ou pourquoi il ne faut pas rendre la culture trop \u00e9litiste)<\/b><\/span><span style=\"font-weight: 400;\"><br \/>\n<\/span><\/span><\/h2>\n<p><span style=\"font-size: 14pt;\"><span style=\"font-weight: 400;\">\u201c<\/span><i><span style=\"font-weight: 400;\">La bourgeoisie a transform\u00e9 l&rsquo;art en culture<\/span><\/i><span style=\"font-weight: 400;\">\u201d critique <\/span><a href=\"https:\/\/fr.wikipedia.org\/wiki\/Pascal_Jardin\"><span style=\"font-weight: 400;\">Pascal Jardin<\/span><\/a><span style=\"font-weight: 400;\"> dans <\/span><i><span style=\"font-weight: 400;\">La b\u00eate \u00e0 bon Dieu<\/span><\/i><span style=\"font-weight: 400;\">. Cette id\u00e9e d\u2019une culture institutionnalis\u00e9e est souvent d\u00e9glac\u00e9e dans les discussions mondaines. En la rendant intouchable, en la laissant reposer quelques ann\u00e9es dans la poussi\u00e8re intellectuelle, en la pla\u00e7ant sur un pi\u00e9destal qu\u2019elle ne m\u00e9rite pas toujours, le \u201cbourgeois\u201d rend la culture insaisissable. <\/span><a href=\"https:\/\/editionsladecouverte.fr\/catalogue\/index-Culture_d_en_haut__culture_d_en_bas-9782707158703.html\"><span style=\"font-weight: 400;\">Laurence w. Levine<\/span><\/a><span style=\"font-weight: 400;\"> ajouterait probablement : insaisissable pour la \u201cculture d\u2019en bas\u201d. Pour ces deux auteurs, la culture \u201cd\u2019en haut\u201d repr\u00e9sente, inconsciemment ou non, un complot cr\u00e9\u00e9 par l\u2019\u00e9lite pour conserver la mainmise sur les centres de pouvoir.<\/span><\/span><\/p>\n<p><span style=\"font-size: 14pt;\"><span style=\"font-weight: 400;\">Je comprends ces analyses, mais ne les aime pas. Pour mon palais simple d\u2019amateur de pur\u00e9e de pommes de terre, je les trouve trop politis\u00e9es, trop sociologiques, trop souvent r\u00e9p\u00e9t\u00e9es. Comme une sauce industrielle aux ar\u00f4mes chimiques prononc\u00e9s, ces r\u00e9flexions masquent l\u2019essentiel : la culture a rendu l\u2019art chiant. Ni plus, ni moins.\u00a0<\/span><\/span><\/p>\n<p><span style=\"font-size: 14pt;\"><span style=\"font-weight: 400;\">Le danger de momifier l\u2019art via la culture, c\u2019est d\u2019arr\u00eater de le remettre en question, et donc de cesser \u201c<\/span><i><span style=\"font-weight: 400;\">d\u2019ins\u00e9rer dans le monde d\u2019aujourd\u2019hui ce qui sera le monde demain<\/span><\/i><span style=\"font-weight: 400;\">\u201d pour reprendre les mots d&rsquo;Ormesson issus d\u2019 <\/span><i><span style=\"font-weight: 400;\">Au revoir et merci<\/span><\/i><span style=\"font-weight: 400;\">. C\u2019est d\u2019ailleurs ce qui inqui\u00e8te certains sp\u00e9cialistes de l\u2019histoire de l\u2019art qui observent, depuis les ann\u00e9e 2010, la fin d\u2019une \u00e8re de \u201ctransgression permanente\u201d entam\u00e9e dans les ann\u00e9es 70. Symboliquement, celle-ci s\u2019arr\u00eate brutalement avec les attentats de Charlie Hebdo. De mani\u00e8re plus diffuse, on remarque que la censure vient d\u00e9sormais des milieux progressistes via des op\u00e9rations d\u2019intimidation (\u00e0 lire <\/span><a href=\"https:\/\/le1hebdo.fr\/journal\/numero\/286\/les-oprations-d-intimidation-font-office-de-censure-3733.html\"><span style=\"font-weight: 400;\">ici<\/span><\/a><span style=\"font-weight: 400;\"> : entretien avec Thomas Schlesser ; <\/span><i><span style=\"font-weight: 400;\">le 1<\/span><\/i> <i><span style=\"font-weight: 400;\">hebdo<\/span><\/i><span style=\"font-weight: 400;\"> du 4 mars 2020). La censure se cache toujours derri\u00e8re un masque d\u2019int\u00e9r\u00eat g\u00e9n\u00e9ral ou pour une cause juste. Un masque est fait pour \u00eatre enlev\u00e9, et pour \u00eatre br\u00fbl\u00e9. J\u2019ai beaucoup cit\u00e9 Huysmans dans <\/span><a href=\"https:\/\/www.bsf.ovh\/index.php\/2020\/04\/03\/avis-de-deces-la-peinture-a-t-elle-rendu-lame\/\"><span style=\"font-weight: 400;\">mon article<\/span><\/a><span style=\"font-weight: 400;\"> sur la mort de la peinture. Je me permets de nouveau d\u2019emprunter ses mots : \u201c<\/span><i><span style=\"font-weight: 400;\">Ah ! C\u2019est que Dieu merci, nous commen\u00e7ons \u00e0 d\u00e9sapprendre le respect des gloires convenues<\/span><\/i><span style=\"font-weight: 400;\">\u201d. Continuons \u00e0 d\u00e9sapprendre en permanence !\u00a0<\/span><\/span><\/p>\n<p><span style=\"font-size: 14pt;\"><span style=\"font-weight: 400;\">D\u00e9sapprendre c\u2019est essayer de nouvelles choses. Par exemple, pr\u00e9parer une pur\u00e9e Mousline par habitude, et puis, un jour, tenter la pur\u00e9e maison. <\/span><\/span><\/p>\n<p>&nbsp;<\/p>\n<p>&nbsp;<\/p>\n<div id=\"attachment_2667\" style=\"width: 1034px\" class=\"wp-caption aligncenter\"><img loading=\"lazy\" decoding=\"async\" aria-describedby=\"caption-attachment-2667\" class=\"wp-image-2667 size-large\" src=\"https:\/\/www.bsf.ovh\/wp-content\/uploads\/2020\/05\/mashed-potatoes-439976_1280-1024x768.jpg\" alt=\"Description : Se perdre dans la pur\u00e9e.\" width=\"1024\" height=\"768\" srcset=\"https:\/\/www.prendstadose.fr\/wp-content\/uploads\/2020\/05\/mashed-potatoes-439976_1280-1024x768.jpg 1024w, https:\/\/www.prendstadose.fr\/wp-content\/uploads\/2020\/05\/mashed-potatoes-439976_1280-300x225.jpg 300w, https:\/\/www.prendstadose.fr\/wp-content\/uploads\/2020\/05\/mashed-potatoes-439976_1280-768x576.jpg 768w, https:\/\/www.prendstadose.fr\/wp-content\/uploads\/2020\/05\/mashed-potatoes-439976_1280-1170x878.jpg 1170w, https:\/\/www.prendstadose.fr\/wp-content\/uploads\/2020\/05\/mashed-potatoes-439976_1280-585x439.jpg 585w, https:\/\/www.prendstadose.fr\/wp-content\/uploads\/2020\/05\/mashed-potatoes-439976_1280.jpg 1280w\" sizes=\"auto, (max-width: 1024px) 100vw, 1024px\" \/><p id=\"caption-attachment-2667\" class=\"wp-caption-text\">Description : Se perdre dans la pur\u00e9e.<\/p><\/div>\n<p><span style=\"font-size: 14pt;\"><span style=\"font-weight: 400;\">\u00a0<\/span><\/span><\/p>\n<h2><span style=\"font-size: 24pt;\"><b>Patate pas assez cuite\u00a0 (ou pourquoi la culture ne doit pas s\u2019abaisser au niveau d\u2019une pur\u00e9e Mousline)<\/b><\/span><\/h2>\n<p><span style=\"font-size: 14pt;\"><span style=\"font-weight: 400;\">Le passage du <\/span><i><span style=\"font-weight: 400;\">kitch<\/span><\/i><span style=\"font-weight: 400;\"> dans <\/span><i><span style=\"font-weight: 400;\">L&rsquo;Insoutenable L\u00e9g\u00e8ret\u00e9 de l&rsquo;\u00eatre<\/span><\/i><span style=\"font-weight: 400;\"> de Kundera m\u2019a coup\u00e9 la faim. Vraiment incroyable. Je vous le dis car c\u2019est l\u2019auteur que nous allons savourer pour accepter que la culture <\/span><i><span style=\"font-weight: 400;\">ne peut pas<\/span><\/i><span style=\"font-weight: 400;\"> ressembler \u00e0 <\/span><i><span style=\"font-weight: 400;\">Konbini<\/span><\/i><span style=\"font-weight: 400;\">, et qu\u2019une Mousline <\/span><i><span style=\"font-weight: 400;\">ne peut pas<\/span><\/i><span style=\"font-weight: 400;\"> \u00eatre consid\u00e9r\u00e9e comme une pur\u00e9e.<\/span><\/span><\/p>\n<p><span style=\"font-size: 14pt;\"><span style=\"font-weight: 400;\">D\u00e9finition du concept du <\/span><i><span style=\"font-weight: 400;\">kitsch<\/span><\/i><span style=\"font-weight: 400;\"> par Kundera lui m\u00eame lors d\u2019une <\/span><a href=\"http:\/\/www.fabgerard.com\/F4\/cont\/2\/kundera\/kitsch.htm\"><span style=\"font-weight: 400;\">remise de prix<\/span><\/a><i><span style=\"font-weight: 400;\"> : <\/span><\/i><span style=\"font-weight: 400;\">\u201c<\/span><i><span style=\"font-weight: 400;\">le mot <\/span><\/i><span style=\"font-weight: 400;\">kitsch<\/span><i><span style=\"font-weight: 400;\"> d\u00e9signe l&rsquo;attitude de celui qui veut plaire \u00e0 tout prix et au plus grand nombre. Pour plaire, il faut confirmer ce que tout le monde veut entendre, \u00eatre au service des id\u00e9es re\u00e7ues. Le <\/span><\/i><span style=\"font-weight: 400;\">kitsch<\/span><i><span style=\"font-weight: 400;\">, c&rsquo;est la traduction de la b\u00eatise des id\u00e9es re\u00e7ues dans le langage de la beaut\u00e9 et de l&rsquo;\u00e9motion&#8230; Vu la n\u00e9cessit\u00e9 imp\u00e9rative de plaire et de gagner ainsi l&rsquo;attention du plus grand nombre, l&rsquo;esth\u00e9tique des <\/span><\/i><span style=\"font-weight: 400;\">mass media<\/span><i><span style=\"font-weight: 400;\"> est in\u00e9vitablement celle du <\/span><\/i><span style=\"font-weight: 400;\">kitsch<\/span><i><span style=\"font-weight: 400;\">, et au fur et \u00e0 mesure que les <\/span><\/i><span style=\"font-weight: 400;\">mass<\/span> <span style=\"font-weight: 400;\">media<\/span><i><span style=\"font-weight: 400;\"> embrassent et infiltrent toute notre vie, le <\/span><\/i><span style=\"font-weight: 400;\">kitsch<\/span><i><span style=\"font-weight: 400;\"> devient notre esth\u00e9tique et notre morale quotidienne<\/span><\/i><span style=\"font-weight: 400;\">.\u201d<\/span><\/span><\/p>\n<p><span style=\"font-size: 14pt;\"><span style=\"font-weight: 400;\">Pour nous, <\/span><i><span style=\"font-weight: 400;\">kitsch<\/span><\/i><span style=\"font-weight: 400;\"> = pur\u00e9e Mousline.\u00a0<\/span><\/span><\/p>\n<p><span style=\"font-size: 14pt;\"><span style=\"font-weight: 400;\">Le <\/span><i><span style=\"font-weight: 400;\">kitsch<\/span><\/i><span style=\"font-weight: 400;\">, c\u2019est exactement ce qu\u2019utilise comme mod\u00e8le \u00e9conomique une entreprise comme <\/span><i><span style=\"font-weight: 400;\">Konbini<\/span><\/i><span style=\"font-weight: 400;\">, et maintenant tous les autres m\u00e9dias sur les r\u00e9seaux. Comment ?<\/span> <span style=\"font-weight: 400;\">En partageant des contenus qui cr\u00e9ent, chez les \u201cclients\u201d, un sentiment d\u2019int\u00e9gration \u00e0 une communaut\u00e9 gr\u00e2ce \u00e0 des r\u00e9f\u00e9rences communes. Vegan ou carniste ? Ville ou campagne ? Tout le monde est au moins un des deux. En obligeant \u00e0 se positionner autours d\u2019un sujet \u201cculturel\u201d simple, Konbini cr\u00e9e en plus une forme de morale naus\u00e9abonde fond\u00e9e sur une \u00e9motion (\u201cil faut \u00eatre un monstre pour tuer un b\u00e9b\u00e9 mouton\u201d \/ \u201cles vegans sont des hippies d\u00e9g\u00e9n\u00e9r\u00e9s\u201d). La cons\u00e9quence : la cr\u00e9ation d\u2019une dictature de l\u2019\u00e9motion qui impose un point de vue, une morale. Mais ne vous trompez pas, il n\u2019y a pas de complot pour imposer une vision du monde. Il y a seulement l\u2019argent. Car c\u2019est en appliquant le kitsch que Konbini se cr\u00e9e de la visibilit\u00e9 = meilleure mon\u00e9tisation de la pub = plus d\u2019argent. Eh merce la culture !<\/span><\/span><\/p>\n<p><span style=\"font-size: 14pt;\"><span style=\"font-weight: 400;\">Jusqu\u2019\u00e0 un certain point, c\u2019est aussi la mani\u00e8re dont fonctionnaient, par exemple, la propagande des r\u00e9gimes nazis et communistes. Etape 1 : vendre du bonheur en conserve en imposant des r\u00e9f\u00e9rences communes et en rassurant gr\u00e2ce \u00e0 des valeurs fortes. Etape 2 : La morale d\u2019Etat devient la norme, elle est impos\u00e9e par une propagande. Etape 3 : Tous ceux ne respectant pas cette morale sont des parias. L\u2019objectif, cette fois, n\u2019est pas de gagner de l\u2019argent mais d\u2019imposer une id\u00e9ologie pour soumettre un peuple. Eh merce la culture !!\u00a0<\/span><\/span><\/p>\n<p><span style=\"font-size: 14pt;\"><span style=\"font-weight: 400;\">\u201c<\/span><i><span style=\"font-weight: 400;\">La fraternit\u00e9 de tous les Hommes ne pourra \u00eatre fond\u00e9e sur le kitsch<\/span><\/i><span style=\"font-weight: 400;\">\u201d ajoute Kundera, toujours dans <\/span><a href=\"https:\/\/www.babelio.com\/livres\/Kundera-Linsoutenable-legerete-de-letre\/399679\"><span style=\"font-weight: 400;\">son roman le plus c\u00e9l\u00e8bre<\/span><\/a><span style=\"font-weight: 400;\">. Elle ne pourra pas non plus \u00eatre fond\u00e9e sur une pur\u00e9e Mousline.\u00a0<\/span><\/span><\/p>\n<h2><\/h2>\n<p>&nbsp;<\/p>\n<div id=\"attachment_2666\" style=\"width: 410px\" class=\"wp-caption aligncenter\"><img loading=\"lazy\" decoding=\"async\" aria-describedby=\"caption-attachment-2666\" class=\"wp-image-2666\" src=\"https:\/\/www.bsf.ovh\/wp-content\/uploads\/2020\/05\/182164f418b9ed848f938d8dfbbd8e60.jpg\" alt=\" Une honn\u00eate travailleuse sovi\u00e9tique qui promet une r\u00e9colte de 18 \u00e0 20 tonnes de patates par hectare\" width=\"400\" height=\"565\" srcset=\"https:\/\/www.prendstadose.fr\/wp-content\/uploads\/2020\/05\/182164f418b9ed848f938d8dfbbd8e60.jpg 235w, https:\/\/www.prendstadose.fr\/wp-content\/uploads\/2020\/05\/182164f418b9ed848f938d8dfbbd8e60-212x300.jpg 212w\" sizes=\"auto, (max-width: 400px) 100vw, 400px\" \/><p id=\"caption-attachment-2666\" class=\"wp-caption-text\">Une honn\u00eate travailleuse sovi\u00e9tique qui promet une r\u00e9colte de 18 \u00e0 20 tonnes de patates par hectare<\/p><\/div>\n<h2><span style=\"font-size: 14pt;\"><span style=\"font-weight: 400;\"><br \/>\n<\/span><span style=\"font-size: 24pt;\"><b>Conclusion<\/b><\/span><span style=\"font-weight: 400;\"> \u00a0<\/span><\/span><\/h2>\n<p><span style=\"font-size: 14pt;\"><span style=\"font-weight: 400;\">J\u2019ai conscience que mes propos peuvent choquer. On ne s\u2019attaque pas impun\u00e9ment \u00e0 la pur\u00e9e Mousline qui est, pour beaucoup d\u2019entre nous, un souvenir d\u2019enfance joyeux et fac\u00e9tieux.<\/span><\/span><\/p>\n<p><span style=\"font-size: 14pt;\"><span style=\"font-weight: 400;\">Pur\u00e9e ou culture, impossible de rester impartial face \u00e0 ces questions. D\u2019autant plus que, comme le rappel la Reine Elizabeth dans <\/span><a href=\"https:\/\/youtu.be\/rnyNNxSEhA4\"><span style=\"font-weight: 400;\">The Crown<\/span><\/a><span style=\"font-weight: 400;\">, \u201c<\/span><i><span style=\"font-weight: 400;\">\u00eatre impartial n\u2019est pas naturel, n\u2019est pas humain<\/span><\/i><span style=\"font-weight: 400;\">\u201d. Elle en sait bien plus que nous, donc restons-en l\u00e0 sur ce sujet !\u00a0<\/span><\/span><\/p>\n<p><span style=\"font-weight: 400; font-size: 14pt;\">En revanche, je peux vous donner ma recette de pur\u00e9e de pommes de terre maison. Je la trouve parfaite et je la cuisine souvent. L\u2019essentiel est d\u2019avoir un bon fouet, par exemple un \u00e9lectrique, c\u2019est le plus pratique pour atteindre une texture onctueuse.<\/span><\/p>\n<ul>\n<li style=\"font-weight: 400;\"><span style=\"font-weight: 400; font-size: 14pt;\">1 kilo de pommes de terre sp\u00e9ciales pur\u00e9e \u00e0 cuire dans 400 grammes de lait (poivre et sel \u00e0 convenance, je n\u2019en mets pas personnellement).\u00a0<\/span><\/li>\n<li style=\"font-weight: 400;\"><span style=\"font-weight: 400; font-size: 14pt;\">Apr\u00e8s 25 minutes de cuisson, mettre une dose g\u00e9n\u00e9reuse de beurre (au moins 50 grammes pour ma part) et 30 grammes de parmesan. Battre le tout avec un fouet. Ne pas mettre \u00e0 r\u00e9chauffer au four, la pur\u00e9e risque de perdre sa texture onctueuse.<\/span><\/li>\n<li style=\"font-weight: 400;\"><span style=\"font-weight: 400; font-size: 14pt;\">Une fois la pur\u00e9e ayant une bonne consistance, la manger ! Par exemple, avec du boudin noir cuit au four, ou encore des bonnes c\u00f4telettes d\u2019agneaux cuisin\u00e9s \u00e0 l\u2019ail.<\/span><\/li>\n<\/ul>\n<p><span style=\"font-size: 14pt;\"><span style=\"font-weight: 400;\">Et toi ami lecteur, as-tu une recette de pur\u00e9e maison \u00e0 partager ? Ou bien un avis diff\u00e9rent sur la culture ? N\u2019h\u00e9sites pas \u00e0 mettre un message en commentaire ou sur les r\u00e9seaux sociaux ! C\u2019est toujours un plaisir d\u2019\u00e9changer !<\/span><span style=\"font-weight: 400;\"><br \/>\n<\/span><\/span><\/p>\n<p>&nbsp;<\/p>\n","protected":false},"excerpt":{"rendered":"<p>Je vous arr\u00eate d\u00e8s maintenant : oui, la pur\u00e9e de pommes de terre est un sujet&hellip;<\/p>\n","protected":false},"author":12,"featured_media":2669,"comment_status":"open","ping_status":"open","sticky":false,"template":"","format":"standard","meta":{"_editorskit_title_hidden":false,"_editorskit_reading_time":0,"_editorskit_is_block_options_detached":false,"_editorskit_block_options_position":"{}","jetpack_post_was_ever_published":false,"_jetpack_newsletter_access":"","_jetpack_dont_email_post_to_subs":false,"_jetpack_newsletter_tier_id":0,"_jetpack_memberships_contains_paywalled_content":false,"_jetpack_memberships_contains_paid_content":false,"footnotes":"","jetpack_publicize_message":"","jetpack_publicize_feature_enabled":true,"jetpack_social_post_already_shared":false,"jetpack_social_options":{"image_generator_settings":{"template":"highway","enabled":false},"version":2}},"categories":[358],"tags":[243,102,459,272,214,157,447,458,327,453,457,449,446,156,149,451,455,450,456,241,448,452,454,445],"class_list":["post-2665","post","type-post","status-publish","format-standard","has-post-thumbnail","hentry","category-cultureetsociete","tag-art","tag-aventure","tag-boustifaille","tag-cinema","tag-cuisine","tag-culture","tag-ecrire","tag-huysmans","tag-jul","tag-konbini","tag-laurence-w-levine","tag-le-1-hebdo","tag-lire","tag-litterature","tag-magazine","tag-mousline","tag-nourriture","tag-ormesson","tag-pascal-jardin","tag-peinture","tag-pomme-de-terre","tag-puree","tag-reine-elizabeth","tag-video"],"yoast_head":"<!-- This site is optimized with the Yoast SEO plugin v24.6 - https:\/\/yoast.com\/wordpress\/plugins\/seo\/ -->\n<title>L\u2019aventure de la boustifaille #1 - Culture Vs Pur\u00e9e &#8212; PRENDS TA DOSE<\/title>\n<meta name=\"description\" content=\"Je vous arr\u00eate d\u00e8s maintenant : oui, la pur\u00e9e de pommes de terre est un sujet dont on peut discuter. Ce n\u2019est pas une question de soci\u00e9t\u00e9 taboue. Ni \u00eatre\" \/>\n<meta name=\"robots\" content=\"index, follow, max-snippet:-1, max-image-preview:large, max-video-preview:-1\" \/>\n<link rel=\"canonical\" href=\"https:\/\/www.prendstadose.fr\/index.php\/2020\/05\/16\/laventure-de-la-boustifaille-1-culture-vs-puree\/\" \/>\n<meta property=\"og:locale\" content=\"fr_FR\" \/>\n<meta property=\"og:type\" content=\"article\" \/>\n<meta property=\"og:title\" content=\"L\u2019aventure de la boustifaille #1 - Culture Vs Pur\u00e9e &#8212; PRENDS TA DOSE\" \/>\n<meta property=\"og:description\" content=\"Je vous arr\u00eate d\u00e8s maintenant : oui, la pur\u00e9e de pommes de terre est un sujet dont on peut discuter. Ce n\u2019est pas une question de soci\u00e9t\u00e9 taboue. Ni \u00eatre\" \/>\n<meta property=\"og:url\" content=\"https:\/\/www.prendstadose.fr\/index.php\/2020\/05\/16\/laventure-de-la-boustifaille-1-culture-vs-puree\/\" \/>\n<meta property=\"og:site_name\" content=\"PRENDS TA DOSE\" \/>\n<meta property=\"article:publisher\" content=\"https:\/\/www.facebook.com\/BrigadeSansFrontieres\/\" \/>\n<meta property=\"article:published_time\" content=\"2020-05-16T12:15:00+00:00\" \/>\n<meta property=\"article:modified_time\" content=\"2024-09-24T08:43:12+00:00\" \/>\n<meta property=\"og:image\" content=\"https:\/\/www.prendstadose.fr\/wp-content\/uploads\/2020\/05\/shutterstock_127052651.jpg\" \/>\n\t<meta property=\"og:image:width\" content=\"500\" \/>\n\t<meta property=\"og:image:height\" content=\"352\" \/>\n\t<meta property=\"og:image:type\" content=\"image\/jpeg\" \/>\n<meta name=\"author\" content=\"Baudouin Duchange\" \/>\n<meta name=\"twitter:card\" content=\"summary_large_image\" \/>\n<meta name=\"twitter:label1\" content=\"\u00c9crit par\" \/>\n\t<meta name=\"twitter:data1\" content=\"Baudouin Duchange\" \/>\n\t<meta name=\"twitter:label2\" content=\"Dur\u00e9e de lecture estim\u00e9e\" \/>\n\t<meta name=\"twitter:data2\" content=\"7 minutes\" \/>\n<script type=\"application\/ld+json\" class=\"yoast-schema-graph\">{\"@context\":\"https:\/\/schema.org\",\"@graph\":[{\"@type\":\"Article\",\"@id\":\"https:\/\/www.prendstadose.fr\/index.php\/2020\/05\/16\/laventure-de-la-boustifaille-1-culture-vs-puree\/#article\",\"isPartOf\":{\"@id\":\"https:\/\/www.prendstadose.fr\/index.php\/2020\/05\/16\/laventure-de-la-boustifaille-1-culture-vs-puree\/\"},\"author\":{\"name\":\"Baudouin Duchange\",\"@id\":\"https:\/\/www.prendstadose.fr\/#\/schema\/person\/470cdc52962d193b3ca01d9cfa243f03\"},\"headline\":\"L\u2019aventure de la boustifaille #1 &#8211; Culture Vs Pur\u00e9e\",\"datePublished\":\"2020-05-16T12:15:00+00:00\",\"dateModified\":\"2024-09-24T08:43:12+00:00\",\"mainEntityOfPage\":{\"@id\":\"https:\/\/www.prendstadose.fr\/index.php\/2020\/05\/16\/laventure-de-la-boustifaille-1-culture-vs-puree\/\"},\"wordCount\":1466,\"commentCount\":1,\"publisher\":{\"@id\":\"https:\/\/www.prendstadose.fr\/#organization\"},\"image\":{\"@id\":\"https:\/\/www.prendstadose.fr\/index.php\/2020\/05\/16\/laventure-de-la-boustifaille-1-culture-vs-puree\/#primaryimage\"},\"thumbnailUrl\":\"https:\/\/www.prendstadose.fr\/wp-content\/uploads\/2020\/05\/shutterstock_127052651.jpg\",\"keywords\":[\"Art\",\"Aventure\",\"Boustifaille\",\"Cin\u00e9ma\",\"Cuisine\",\"Culture\",\"Ecrire\",\"Huysmans\",\"Jul\",\"Konbini\",\"Laurence w.Levine\",\"Le 1 Hebdo\",\"Lire\",\"Litt\u00e9rature\",\"Magazine\",\"Mousline\",\"Nourriture\",\"Ormesson\",\"Pascal Jardin\",\"Peinture\",\"Pomme de terre\",\"Pur\u00e9e\",\"Reine Elizabeth\",\"Vid\u00e9o\"],\"articleSection\":[\"Culture &amp; Soci\u00e9t\u00e9\"],\"inLanguage\":\"fr-FR\",\"potentialAction\":[{\"@type\":\"CommentAction\",\"name\":\"Comment\",\"target\":[\"https:\/\/www.prendstadose.fr\/index.php\/2020\/05\/16\/laventure-de-la-boustifaille-1-culture-vs-puree\/#respond\"]}]},{\"@type\":\"WebPage\",\"@id\":\"https:\/\/www.prendstadose.fr\/index.php\/2020\/05\/16\/laventure-de-la-boustifaille-1-culture-vs-puree\/\",\"url\":\"https:\/\/www.prendstadose.fr\/index.php\/2020\/05\/16\/laventure-de-la-boustifaille-1-culture-vs-puree\/\",\"name\":\"L\u2019aventure de la boustifaille #1 - Culture Vs Pur\u00e9e &#8212; PRENDS TA DOSE\",\"isPartOf\":{\"@id\":\"https:\/\/www.prendstadose.fr\/#website\"},\"primaryImageOfPage\":{\"@id\":\"https:\/\/www.prendstadose.fr\/index.php\/2020\/05\/16\/laventure-de-la-boustifaille-1-culture-vs-puree\/#primaryimage\"},\"image\":{\"@id\":\"https:\/\/www.prendstadose.fr\/index.php\/2020\/05\/16\/laventure-de-la-boustifaille-1-culture-vs-puree\/#primaryimage\"},\"thumbnailUrl\":\"https:\/\/www.prendstadose.fr\/wp-content\/uploads\/2020\/05\/shutterstock_127052651.jpg\",\"datePublished\":\"2020-05-16T12:15:00+00:00\",\"dateModified\":\"2024-09-24T08:43:12+00:00\",\"description\":\"Je vous arr\u00eate d\u00e8s maintenant : oui, la pur\u00e9e de pommes de terre est un sujet dont on peut discuter. Ce n\u2019est pas une question de soci\u00e9t\u00e9 taboue. Ni \u00eatre\",\"breadcrumb\":{\"@id\":\"https:\/\/www.prendstadose.fr\/index.php\/2020\/05\/16\/laventure-de-la-boustifaille-1-culture-vs-puree\/#breadcrumb\"},\"inLanguage\":\"fr-FR\",\"potentialAction\":[{\"@type\":\"ReadAction\",\"target\":[\"https:\/\/www.prendstadose.fr\/index.php\/2020\/05\/16\/laventure-de-la-boustifaille-1-culture-vs-puree\/\"]}]},{\"@type\":\"ImageObject\",\"inLanguage\":\"fr-FR\",\"@id\":\"https:\/\/www.prendstadose.fr\/index.php\/2020\/05\/16\/laventure-de-la-boustifaille-1-culture-vs-puree\/#primaryimage\",\"url\":\"https:\/\/www.prendstadose.fr\/wp-content\/uploads\/2020\/05\/shutterstock_127052651.jpg\",\"contentUrl\":\"https:\/\/www.prendstadose.fr\/wp-content\/uploads\/2020\/05\/shutterstock_127052651.jpg\",\"width\":500,\"height\":352,\"caption\":\"Description : Se perdre dans la pur\u00e9e.\"},{\"@type\":\"BreadcrumbList\",\"@id\":\"https:\/\/www.prendstadose.fr\/index.php\/2020\/05\/16\/laventure-de-la-boustifaille-1-culture-vs-puree\/#breadcrumb\",\"itemListElement\":[{\"@type\":\"ListItem\",\"position\":1,\"name\":\"Accueil\",\"item\":\"https:\/\/www.prendstadose.fr\/\"},{\"@type\":\"ListItem\",\"position\":2,\"name\":\"L\u2019aventure de la boustifaille #1 &#8211; Culture Vs Pur\u00e9e\"}]},{\"@type\":\"WebSite\",\"@id\":\"https:\/\/www.prendstadose.fr\/#website\",\"url\":\"https:\/\/www.prendstadose.fr\/\",\"name\":\"PRENDS TA DOSE\",\"description\":\"Capsule Culture Pour Analphab\u00e8tes Lettr\u00e9s\",\"publisher\":{\"@id\":\"https:\/\/www.prendstadose.fr\/#organization\"},\"potentialAction\":[{\"@type\":\"SearchAction\",\"target\":{\"@type\":\"EntryPoint\",\"urlTemplate\":\"https:\/\/www.prendstadose.fr\/?s={search_term_string}\"},\"query-input\":{\"@type\":\"PropertyValueSpecification\",\"valueRequired\":true,\"valueName\":\"search_term_string\"}}],\"inLanguage\":\"fr-FR\"},{\"@type\":\"Organization\",\"@id\":\"https:\/\/www.prendstadose.fr\/#organization\",\"name\":\"PrendsTaDose\",\"url\":\"https:\/\/www.prendstadose.fr\/\",\"logo\":{\"@type\":\"ImageObject\",\"inLanguage\":\"fr-FR\",\"@id\":\"https:\/\/www.prendstadose.fr\/#\/schema\/logo\/image\/\",\"url\":\"https:\/\/www.prendstadose.fr\/wp-content\/uploads\/2021\/08\/logo-e1641309847268.png\",\"contentUrl\":\"https:\/\/www.prendstadose.fr\/wp-content\/uploads\/2021\/08\/logo-e1641309847268.png\",\"width\":400,\"height\":406,\"caption\":\"PrendsTaDose\"},\"image\":{\"@id\":\"https:\/\/www.prendstadose.fr\/#\/schema\/logo\/image\/\"},\"sameAs\":[\"https:\/\/www.facebook.com\/BrigadeSansFrontieres\/\",\"https:\/\/www.instagram.com\/romain_mailliu\/\"]},{\"@type\":\"Person\",\"@id\":\"https:\/\/www.prendstadose.fr\/#\/schema\/person\/470cdc52962d193b3ca01d9cfa243f03\",\"name\":\"Baudouin Duchange\",\"sameAs\":[\"http:\/\/www.bsf.ovh\/\"],\"url\":\"https:\/\/www.prendstadose.fr\/index.php\/author\/baudouinduchange\/\"}]}<\/script>\n<!-- \/ Yoast SEO plugin. -->","yoast_head_json":{"title":"L\u2019aventure de la boustifaille #1 - Culture Vs Pur\u00e9e &#8212; PRENDS TA DOSE","description":"Je vous arr\u00eate d\u00e8s maintenant : oui, la pur\u00e9e de pommes de terre est un sujet dont on peut discuter. Ce n\u2019est pas une question de soci\u00e9t\u00e9 taboue. Ni \u00eatre","robots":{"index":"index","follow":"follow","max-snippet":"max-snippet:-1","max-image-preview":"max-image-preview:large","max-video-preview":"max-video-preview:-1"},"canonical":"https:\/\/www.prendstadose.fr\/index.php\/2020\/05\/16\/laventure-de-la-boustifaille-1-culture-vs-puree\/","og_locale":"fr_FR","og_type":"article","og_title":"L\u2019aventure de la boustifaille #1 - Culture Vs Pur\u00e9e &#8212; PRENDS TA DOSE","og_description":"Je vous arr\u00eate d\u00e8s maintenant : oui, la pur\u00e9e de pommes de terre est un sujet dont on peut discuter. Ce n\u2019est pas une question de soci\u00e9t\u00e9 taboue. Ni \u00eatre","og_url":"https:\/\/www.prendstadose.fr\/index.php\/2020\/05\/16\/laventure-de-la-boustifaille-1-culture-vs-puree\/","og_site_name":"PRENDS TA DOSE","article_publisher":"https:\/\/www.facebook.com\/BrigadeSansFrontieres\/","article_published_time":"2020-05-16T12:15:00+00:00","article_modified_time":"2024-09-24T08:43:12+00:00","og_image":[{"width":500,"height":352,"url":"https:\/\/www.prendstadose.fr\/wp-content\/uploads\/2020\/05\/shutterstock_127052651.jpg","type":"image\/jpeg"}],"author":"Baudouin Duchange","twitter_card":"summary_large_image","twitter_misc":{"\u00c9crit par":"Baudouin Duchange","Dur\u00e9e de lecture estim\u00e9e":"7 minutes"},"schema":{"@context":"https:\/\/schema.org","@graph":[{"@type":"Article","@id":"https:\/\/www.prendstadose.fr\/index.php\/2020\/05\/16\/laventure-de-la-boustifaille-1-culture-vs-puree\/#article","isPartOf":{"@id":"https:\/\/www.prendstadose.fr\/index.php\/2020\/05\/16\/laventure-de-la-boustifaille-1-culture-vs-puree\/"},"author":{"name":"Baudouin Duchange","@id":"https:\/\/www.prendstadose.fr\/#\/schema\/person\/470cdc52962d193b3ca01d9cfa243f03"},"headline":"L\u2019aventure de la boustifaille #1 &#8211; Culture Vs Pur\u00e9e","datePublished":"2020-05-16T12:15:00+00:00","dateModified":"2024-09-24T08:43:12+00:00","mainEntityOfPage":{"@id":"https:\/\/www.prendstadose.fr\/index.php\/2020\/05\/16\/laventure-de-la-boustifaille-1-culture-vs-puree\/"},"wordCount":1466,"commentCount":1,"publisher":{"@id":"https:\/\/www.prendstadose.fr\/#organization"},"image":{"@id":"https:\/\/www.prendstadose.fr\/index.php\/2020\/05\/16\/laventure-de-la-boustifaille-1-culture-vs-puree\/#primaryimage"},"thumbnailUrl":"https:\/\/www.prendstadose.fr\/wp-content\/uploads\/2020\/05\/shutterstock_127052651.jpg","keywords":["Art","Aventure","Boustifaille","Cin\u00e9ma","Cuisine","Culture","Ecrire","Huysmans","Jul","Konbini","Laurence w.Levine","Le 1 Hebdo","Lire","Litt\u00e9rature","Magazine","Mousline","Nourriture","Ormesson","Pascal Jardin","Peinture","Pomme de terre","Pur\u00e9e","Reine Elizabeth","Vid\u00e9o"],"articleSection":["Culture &amp; Soci\u00e9t\u00e9"],"inLanguage":"fr-FR","potentialAction":[{"@type":"CommentAction","name":"Comment","target":["https:\/\/www.prendstadose.fr\/index.php\/2020\/05\/16\/laventure-de-la-boustifaille-1-culture-vs-puree\/#respond"]}]},{"@type":"WebPage","@id":"https:\/\/www.prendstadose.fr\/index.php\/2020\/05\/16\/laventure-de-la-boustifaille-1-culture-vs-puree\/","url":"https:\/\/www.prendstadose.fr\/index.php\/2020\/05\/16\/laventure-de-la-boustifaille-1-culture-vs-puree\/","name":"L\u2019aventure de la boustifaille #1 - Culture Vs Pur\u00e9e &#8212; PRENDS TA DOSE","isPartOf":{"@id":"https:\/\/www.prendstadose.fr\/#website"},"primaryImageOfPage":{"@id":"https:\/\/www.prendstadose.fr\/index.php\/2020\/05\/16\/laventure-de-la-boustifaille-1-culture-vs-puree\/#primaryimage"},"image":{"@id":"https:\/\/www.prendstadose.fr\/index.php\/2020\/05\/16\/laventure-de-la-boustifaille-1-culture-vs-puree\/#primaryimage"},"thumbnailUrl":"https:\/\/www.prendstadose.fr\/wp-content\/uploads\/2020\/05\/shutterstock_127052651.jpg","datePublished":"2020-05-16T12:15:00+00:00","dateModified":"2024-09-24T08:43:12+00:00","description":"Je vous arr\u00eate d\u00e8s maintenant : oui, la pur\u00e9e de pommes de terre est un sujet dont on peut discuter. Ce n\u2019est pas une question de soci\u00e9t\u00e9 taboue. Ni \u00eatre","breadcrumb":{"@id":"https:\/\/www.prendstadose.fr\/index.php\/2020\/05\/16\/laventure-de-la-boustifaille-1-culture-vs-puree\/#breadcrumb"},"inLanguage":"fr-FR","potentialAction":[{"@type":"ReadAction","target":["https:\/\/www.prendstadose.fr\/index.php\/2020\/05\/16\/laventure-de-la-boustifaille-1-culture-vs-puree\/"]}]},{"@type":"ImageObject","inLanguage":"fr-FR","@id":"https:\/\/www.prendstadose.fr\/index.php\/2020\/05\/16\/laventure-de-la-boustifaille-1-culture-vs-puree\/#primaryimage","url":"https:\/\/www.prendstadose.fr\/wp-content\/uploads\/2020\/05\/shutterstock_127052651.jpg","contentUrl":"https:\/\/www.prendstadose.fr\/wp-content\/uploads\/2020\/05\/shutterstock_127052651.jpg","width":500,"height":352,"caption":"Description : Se perdre dans la pur\u00e9e."},{"@type":"BreadcrumbList","@id":"https:\/\/www.prendstadose.fr\/index.php\/2020\/05\/16\/laventure-de-la-boustifaille-1-culture-vs-puree\/#breadcrumb","itemListElement":[{"@type":"ListItem","position":1,"name":"Accueil","item":"https:\/\/www.prendstadose.fr\/"},{"@type":"ListItem","position":2,"name":"L\u2019aventure de la boustifaille #1 &#8211; Culture Vs Pur\u00e9e"}]},{"@type":"WebSite","@id":"https:\/\/www.prendstadose.fr\/#website","url":"https:\/\/www.prendstadose.fr\/","name":"PRENDS TA DOSE","description":"Capsule Culture Pour Analphab\u00e8tes Lettr\u00e9s","publisher":{"@id":"https:\/\/www.prendstadose.fr\/#organization"},"potentialAction":[{"@type":"SearchAction","target":{"@type":"EntryPoint","urlTemplate":"https:\/\/www.prendstadose.fr\/?s={search_term_string}"},"query-input":{"@type":"PropertyValueSpecification","valueRequired":true,"valueName":"search_term_string"}}],"inLanguage":"fr-FR"},{"@type":"Organization","@id":"https:\/\/www.prendstadose.fr\/#organization","name":"PrendsTaDose","url":"https:\/\/www.prendstadose.fr\/","logo":{"@type":"ImageObject","inLanguage":"fr-FR","@id":"https:\/\/www.prendstadose.fr\/#\/schema\/logo\/image\/","url":"https:\/\/www.prendstadose.fr\/wp-content\/uploads\/2021\/08\/logo-e1641309847268.png","contentUrl":"https:\/\/www.prendstadose.fr\/wp-content\/uploads\/2021\/08\/logo-e1641309847268.png","width":400,"height":406,"caption":"PrendsTaDose"},"image":{"@id":"https:\/\/www.prendstadose.fr\/#\/schema\/logo\/image\/"},"sameAs":["https:\/\/www.facebook.com\/BrigadeSansFrontieres\/","https:\/\/www.instagram.com\/romain_mailliu\/"]},{"@type":"Person","@id":"https:\/\/www.prendstadose.fr\/#\/schema\/person\/470cdc52962d193b3ca01d9cfa243f03","name":"Baudouin Duchange","sameAs":["http:\/\/www.bsf.ovh\/"],"url":"https:\/\/www.prendstadose.fr\/index.php\/author\/baudouinduchange\/"}]}},"jetpack_publicize_connections":[],"jetpack_featured_media_url":"https:\/\/www.prendstadose.fr\/wp-content\/uploads\/2020\/05\/shutterstock_127052651.jpg","jetpack_sharing_enabled":true,"_links":{"self":[{"href":"https:\/\/www.prendstadose.fr\/index.php\/wp-json\/wp\/v2\/posts\/2665","targetHints":{"allow":["GET"]}}],"collection":[{"href":"https:\/\/www.prendstadose.fr\/index.php\/wp-json\/wp\/v2\/posts"}],"about":[{"href":"https:\/\/www.prendstadose.fr\/index.php\/wp-json\/wp\/v2\/types\/post"}],"author":[{"embeddable":true,"href":"https:\/\/www.prendstadose.fr\/index.php\/wp-json\/wp\/v2\/users\/12"}],"replies":[{"embeddable":true,"href":"https:\/\/www.prendstadose.fr\/index.php\/wp-json\/wp\/v2\/comments?post=2665"}],"version-history":[{"count":4,"href":"https:\/\/www.prendstadose.fr\/index.php\/wp-json\/wp\/v2\/posts\/2665\/revisions"}],"predecessor-version":[{"id":2674,"href":"https:\/\/www.prendstadose.fr\/index.php\/wp-json\/wp\/v2\/posts\/2665\/revisions\/2674"}],"wp:featuredmedia":[{"embeddable":true,"href":"https:\/\/www.prendstadose.fr\/index.php\/wp-json\/wp\/v2\/media\/2669"}],"wp:attachment":[{"href":"https:\/\/www.prendstadose.fr\/index.php\/wp-json\/wp\/v2\/media?parent=2665"}],"wp:term":[{"taxonomy":"category","embeddable":true,"href":"https:\/\/www.prendstadose.fr\/index.php\/wp-json\/wp\/v2\/categories?post=2665"},{"taxonomy":"post_tag","embeddable":true,"href":"https:\/\/www.prendstadose.fr\/index.php\/wp-json\/wp\/v2\/tags?post=2665"}],"curies":[{"name":"wp","href":"https:\/\/api.w.org\/{rel}","templated":true}]}}