{"id":2710,"date":"2020-05-25T14:11:00","date_gmt":"2020-05-25T12:11:00","guid":{"rendered":"https:\/\/www.bsf.ovh\/?p=2710"},"modified":"2022-01-04T11:23:57","modified_gmt":"2022-01-04T10:23:57","slug":"labus-de-lecture-peut-il-etre-dangereux-pour-la-sante-2","status":"publish","type":"post","link":"https:\/\/www.prendstadose.fr\/index.php\/2020\/05\/25\/labus-de-lecture-peut-il-etre-dangereux-pour-la-sante-2\/","title":{"rendered":"L\u2019ABUS DE LECTURE PEUT-IL \u00caTRE DANGEREUX POUR LA SANT\u00c9 ?"},"content":{"rendered":"<p>&nbsp;<\/p>\n<blockquote><p><span style=\"font-size: 14pt;\"><i><span style=\"font-weight: 400;\">\u00ab En somme, le public est compos\u00e9 de groupes nombreux qui nous crient :<\/span><\/i><\/span><\/p>\n<p><span style=\"font-size: 14pt;\"><i><span style=\"font-weight: 400;\">\u2014 Consolez-moi.<\/span><\/i><\/span><\/p>\n<p><span style=\"font-size: 14pt;\"><i><span style=\"font-weight: 400;\">\u2014 Amusez-moi.<\/span><\/i><\/span><\/p>\n<p><span style=\"font-size: 14pt;\"><i><span style=\"font-weight: 400;\">\u2014 Attristez-moi.<\/span><\/i><\/span><\/p>\n<p><span style=\"font-size: 14pt;\"><i><span style=\"font-weight: 400;\">\u2014\u00a0Faites-moi r\u00eaver.<\/span><\/i><\/span><\/p>\n<p><span style=\"font-size: 14pt;\"><i><span style=\"font-weight: 400;\">\u2014\u00a0Faites-moi rire.<\/span><\/i><\/span><\/p>\n<p><span style=\"font-size: 14pt;\"><i><span style=\"font-weight: 400;\">\u2014\u00a0Faites-moi fr\u00e9mir.<\/span><\/i><\/span><\/p>\n<p><span style=\"font-size: 14pt;\"><i><span style=\"font-weight: 400;\">\u2014\u00a0Faites-moi pleurer.<\/span><\/i><\/span><\/p>\n<p><span style=\"font-size: 14pt;\"><i><span style=\"font-weight: 400;\">\u2014\u00a0Faites-moi penser.<\/span><\/i><\/span><\/p>\n<p><span style=\"font-size: 14pt;\"><i><span style=\"font-weight: 400;\">Seuls, quelques esprits d&rsquo;\u00e9lite demandent \u00e0 l\u2019artiste :<\/span><\/i><\/span><\/p>\n<p><span style=\"font-size: 14pt;\"><i><span style=\"font-weight: 400;\">Faites-moi quelque chose de beau, dans la forme qui conviendra le mieux, suivant votre temp\u00e9rament. \u00bb<\/span><\/i><\/span><\/p>\n<p><span style=\"font-size: 14pt;\"><span style=\"font-weight: 400;\">Guy de Maupassant, Pr\u00e9face de <\/span><i><span style=\"font-weight: 400;\">Pierre et Jean<\/span><\/i><span style=\"font-weight: 400;\"> : \u00ab Le roman \u00bb, 1887.<\/span><\/span><\/p><\/blockquote>\n<p>&nbsp;<\/p>\n<p><span style=\"font-size: 24pt;\"><b>Quand \u2018\u2019lecture\u2019\u2019 rime avec \u2018\u2019culture\u2019\u2019<\/b><\/span><\/p>\n<p><span style=\"font-weight: 400; font-size: 14pt;\">\u00a0<\/span><span style=\"font-size: 14pt;\"><span style=\"font-weight: 400;\">La question peut para\u00eetre saugrenue. Qui imaginerait que la lecture puisse ne pas \u00eatre source de bienfaits \u00e0 l\u2019heure o\u00f9 l\u2019on clame sur les r\u00e9seaux sociaux que <\/span><i><span style=\"font-weight: 400;\">\u00ab lire des livres d\u00e9livre \u00bb<\/span><\/i><span style=\"font-weight: 400;\"> et que la biblioth\u00e9rapie fait son apparition sur le march\u00e9 du bien-\u00eatre ?<\/span><\/span><\/p>\n<p><span style=\"font-size: 14pt;\"><i><span style=\"font-weight: 400;\">\u00ab Lire des livres d\u00e9livre \u00bb<\/span><\/i><span style=\"font-weight: 400;\">, je ne le conteste pas et m\u00eame : je le revendique. Des centaines voire des milliers d\u2019\u00e9tudes et de t\u00e9moignages viennent nous redire l\u2019importance de la lecture quant \u00e0 la construction de soi : d\u00e9veloppement de l\u2019empathie et de l\u2019imagination, stimulation du cortex neuronal, intensification de la plasticit\u00e9 c\u00e9r\u00e9brale, entretien de la m\u00e9moire et, bien s<\/span><span style=\"font-weight: 400;\">\u00fb<\/span><span style=\"font-weight: 400;\">r, assimilation<\/span><span style=\"font-weight: 400;\"> d\u2019\u00e9l\u00e9ments culturels.<\/span><\/span><\/p>\n<p>&nbsp;<\/p>\n<div id=\"attachment_2689\" style=\"width: 945px\" class=\"wp-caption aligncenter\"><img loading=\"lazy\" decoding=\"async\" aria-describedby=\"caption-attachment-2689\" class=\"wp-image-2689 size-full\" src=\"https:\/\/www.bsf.ovh\/wp-content\/uploads\/2020\/05\/Pieter_van_Steenwyck_001.jpg\" alt=\"Pieter Steenwijck, Ars longa, vitta brevis (Vanit\u00e9), entre 1633 et 1656, huile, 74.5x96.5 cm Cr\u00e9dit photo \u00a9 Wikimedia Commons\" width=\"935\" height=\"721\" srcset=\"https:\/\/www.prendstadose.fr\/wp-content\/uploads\/2020\/05\/Pieter_van_Steenwyck_001.jpg 935w, https:\/\/www.prendstadose.fr\/wp-content\/uploads\/2020\/05\/Pieter_van_Steenwyck_001-300x231.jpg 300w, https:\/\/www.prendstadose.fr\/wp-content\/uploads\/2020\/05\/Pieter_van_Steenwyck_001-768x592.jpg 768w, https:\/\/www.prendstadose.fr\/wp-content\/uploads\/2020\/05\/Pieter_van_Steenwyck_001-585x451.jpg 585w\" sizes=\"auto, (max-width: 935px) 100vw, 935px\" \/><p id=\"caption-attachment-2689\" class=\"wp-caption-text\">Pieter Steenwijck, Ars longa, vitta brevis (Vanit\u00e9), entre 1633 et 1656, huile, 74.5&#215;96.5 cm<br \/>Cr\u00e9dit photo \u00a9 Wikimedia Commons<\/p><\/div>\n<p>&nbsp;<\/p>\n<p><span style=\"font-weight: 400; font-size: 14pt;\">Ah\u2026 la lecture \u2014 et donc : le savoir \u2014 comme moyen de briller en soci\u00e9t\u00e9 ! Vieux mythe ? Pas tout \u00e0 fait\u2026 Et m\u00eame : v\u00e9rifi\u00e9 et approuv\u00e9.\u00a0 Que cet argument en faveur de la lecture soit ou non celui qui pousse \u00e0 parcourir les reliures, il est \u00e9vident que plus nous consultons de livres, plus le volume et la circonf\u00e9rence de notre \u2018\u2018cercle de culture\u2019\u2019 s\u2019accroissent, et plus la probabilit\u00e9 que nous avons de passer pour quelqu\u2019un d\u2019intelligent et d\u2019int\u00e9ressant augmente. Gr\u00e2ce \u00e0 la culture \u2014 longtemps pr\u00e9sent\u00e9e comme l\u2019une des plus puissantes armes civilisationnelle \u2014 et \u00e0 la fr\u00e9quentation r\u00e9guli\u00e8re de personnages de romans nous initiant \u00e0 d\u2019autres vies qui peuvent faire \u00e9cho \u00e0 la n\u00f4tre, il est commun\u00e9ment admis que le lecteur devrait avoir un certain nombre de cl\u00e9s en main pour avancer dans l\u2019existence.<\/span><\/p>\n<p><span style=\"font-weight: 400; font-size: 14pt;\">Le d\u00e9clic est-il pour autant automatique ? Et si nos modes de lectures ou le rapport que l\u2019on entretient avec les \u0153uvres pouvait nous jouer des tours ?<\/span><\/p>\n<p><span style=\"font-weight: 400; font-size: 14pt;\">\u00a0<\/span><\/p>\n<h2><span style=\"font-size: 24pt;\"><a href=\"https:\/\/www.youtube.com\/watch?v=SQ8wfT1MSrU\"><b><i>\u00ab Prends garde \u00e0 toi ! \u00bb<\/i><\/b><\/a><\/span><\/h2>\n<p><span style=\"font-weight: 400; font-size: 14pt;\">\u00a0<\/span><span style=\"font-size: 14pt;\"><span style=\"font-weight: 400;\">Une fois encore, la question est curieuse. Je la pose \u2014 je <\/span><i><span style=\"font-weight: 400;\">nous<\/span><\/i><span style=\"font-weight: 400;\"> la pose \u2014 au regard d\u2019une conversation que j\u2019eus avec un homme f\u00e9ru de litt\u00e9rature. Il avait mis \u00e0 profit la g\u00e9n\u00e9ration d\u2019avance qu\u2019il avait sur moi pour lire nombre d\u2019ouvrages. Nous prenions plaisir \u00e0 \u00e9changer sur nos lectures respectives et il lui arrivait de me conseiller vivement tout aussi bien un classique qu\u2019un auteur insoup\u00e7onn\u00e9. Il discourait avec passion \u00e0 leur sujet quand, quelques instants plus tard, son regard pouvait se perdre dans la brume de lointains inconnus.<\/span><\/span><\/p>\n<p><span style=\"font-size: 14pt;\"><span style=\"font-weight: 400;\">Un jour que nous \u00e9tions seuls, il m\u2019avoua en substance ceci : <\/span><i><span style=\"font-weight: 400;\">\u00ab Tu sais, la lecture, \u00e7a peut devenir une v\u00e9ritable addiction \u00bb<\/span><\/i><span style=\"font-weight: 400;\">. Je le regardais, incertaine. Il reprit en me disant que, parfois, \u00e0 d\u00e9faut de vider cannettes ou bouteilles, <\/span><i><span style=\"font-weight: 400;\">on<\/span><\/i><span style=\"font-weight: 400;\"> pouvait se saouler de mots. Manifestement, lorsqu\u2019il ouvrait un livre, il semblait \u00eatre tant\u00f4t dans une dynamique de recherche, esp\u00e9rant trouver une r\u00e9ponse \u00e0 ses maux, tant\u00f4t tent\u00e9 par la fuite du r\u00e9el \u2014 nous reviendrons plus tard sur ce point.<\/span><\/span><\/p>\n<p><span style=\"font-size: 14pt;\"><span style=\"font-weight: 400;\">Je le redis : je ne saurais m\u2019opposer \u00e0 l\u2019aspect salvifique que peut <\/span><span style=\"font-weight: 400;\">rev\u00eatir<\/span><span style=\"font-weight: 400;\"> la lecture. Y aurait-il cependant des conditions de lecture plus fructueuses que d\u2019autres ?<\/span><\/span><\/p>\n<p>&nbsp;<\/p>\n<h2><span style=\"font-size: 24pt;\"><b>L\u2019algorithme de la tarte Tatin<\/b><\/span><\/h2>\n<p><span style=\"font-size: 14pt;\"><span style=\"font-weight: 400;\">La confidence de cet homme nous am\u00e8ne \u00e0 nous pencher sur nos propres pr\u00e9suppos\u00e9s de lecteurs. <\/span><i><span style=\"font-weight: 400;\">Au fond<\/span><\/i><span style=\"font-weight: 400;\">, pourquoi lit-on ? D\u2019o\u00f9 vient ce besoin ? Cherchons-nous nous aussi des r\u00e9ponses \u00e0 des questionnements peu ou prou enfouis ? La solution pourrait-elle finalement consister en un retournement de perspectives ?<\/span><\/span><\/p>\n<p>&nbsp;<\/p>\n<div id=\"attachment_2688\" style=\"width: 1034px\" class=\"wp-caption aligncenter\"><img loading=\"lazy\" decoding=\"async\" aria-describedby=\"caption-attachment-2688\" class=\"wp-image-2688 size-large\" src=\"https:\/\/www.bsf.ovh\/wp-content\/uploads\/2020\/05\/pie-3931528_1920-1024x683.jpg\" alt=\"pie\" width=\"1024\" height=\"683\" srcset=\"https:\/\/www.prendstadose.fr\/wp-content\/uploads\/2020\/05\/pie-3931528_1920-1024x683.jpg 1024w, https:\/\/www.prendstadose.fr\/wp-content\/uploads\/2020\/05\/pie-3931528_1920-300x200.jpg 300w, https:\/\/www.prendstadose.fr\/wp-content\/uploads\/2020\/05\/pie-3931528_1920-768x512.jpg 768w, https:\/\/www.prendstadose.fr\/wp-content\/uploads\/2020\/05\/pie-3931528_1920-1536x1024.jpg 1536w, https:\/\/www.prendstadose.fr\/wp-content\/uploads\/2020\/05\/pie-3931528_1920-1170x780.jpg 1170w, https:\/\/www.prendstadose.fr\/wp-content\/uploads\/2020\/05\/pie-3931528_1920-585x390.jpg 585w, https:\/\/www.prendstadose.fr\/wp-content\/uploads\/2020\/05\/pie-3931528_1920-263x175.jpg 263w, https:\/\/www.prendstadose.fr\/wp-content\/uploads\/2020\/05\/pie-3931528_1920.jpg 1920w\" sizes=\"auto, (max-width: 1024px) 100vw, 1024px\" \/><p id=\"caption-attachment-2688\" class=\"wp-caption-text\">Cr\u00e9dit photo \u00a9 Pixabay<\/p><\/div>\n<p>&nbsp;<\/p>\n<p><span style=\"font-size: 14pt;\"><span style=\"font-weight: 400;\">Lo\u00efc Corbery, com\u00e9dien soci\u00e9taire de la Com\u00e9die Fran\u00e7aise, intervenait le 3 avril dans le cadre des programmations \u00e9ph\u00e9m\u00e8res \u2018\u2019sp\u00e9cial confinement\u2019\u2019 propos\u00e9s sur <\/span><a href=\"https:\/\/www.youtube.com\/user\/LaComedieFrancaise\"><span style=\"font-weight: 400;\">la cha\u00eene <\/span><i><span style=\"font-weight: 400;\">YouTube<\/span><\/i><span style=\"font-weight: 400;\"> de la troupe<\/span><\/a><span style=\"font-weight: 400;\">. Alors qu\u2019il achevait de commenter un passage d\u2019<\/span><i><span style=\"font-weight: 400;\">On ne badine pas avec l\u2019amour<\/span><\/i><span style=\"font-weight: 400;\">, il conseillait tout spontan\u00e9ment aux spectateurs de lire moins pour chercher des r\u00e9ponses que pour se nourrir des questions que les \u0153uvres nous font nous poser. Le questionnement, cl\u00e9 de lecture ?<\/span><\/span><\/p>\n<p>&nbsp;<\/p>\n<blockquote><p><span style=\"font-size: 14pt;\"><i><span style=\"font-weight: 400;\">\u00ab Quoiqu\u2019il [Govinda] e\u00fbt v\u00e9cu toute sa vie dans l\u2019observation de la r\u00e8gle et, en raison de son \u00e2ge avanc\u00e9 et de sa modestie, qu\u2019il jou\u00eet aupr\u00e8s des moines plus jeunes que lui d\u2019une haute consid\u00e9ration, l\u2019inqui\u00e9tude et le besoin de chercher hantaient toujours son \u00e2me.\u00a0<\/span><\/i><\/span><span style=\"font-size: 14pt;\"><i><span style=\"font-weight: 400;\">(\u2026) \u00ab\u00a0<\/span><\/i><\/span><span style=\"font-size: 14pt;\"><i><span style=\"font-weight: 400;\">Que pourrais-je te dire, \u00f4 V\u00e9n\u00e9rable ; \u2026 que peut-\u00eatre tu cherches trop ? Que c\u2019est \u00e0 force de chercher que tu ne trouves pas ?<\/span><\/i><\/span><\/p>\n<p><span style=\"font-size: 14pt;\"><i><span style=\"font-weight: 400;\"> (\u2026) <\/span><\/i><\/span><\/p>\n<p><span style=\"font-size: 14pt;\"><i><span style=\"font-weight: 400;\">Quand on cherche, reprit Siddhartha, il arrive facilement que nous yeux ne voient que l\u2019objet de nos recherches; on ne trouve rien parce qu\u2019ils sont inaccessibles \u00e0 autre chose, parce qu\u2019on ne songe toujours qu\u2019\u00e0 cet objet, parce qu\u2019on s\u2019est fix\u00e9 un but \u00e0 atteindre et qu\u2019on est enti\u00e8rement poss\u00e9d\u00e9 par ce but. Qui dit chercher dit avoir un but. Mais trouver, c\u2019est \u00eatre libre, c\u2019est \u00eatre ouvert \u00e0 tout, c\u2019est n\u2019avoir aucun but d\u00e9termin\u00e9. Toi, V\u00e9n\u00e9rable, tu es peut-\u00eatre en effet un chercheur; mais le but que tu as devant les yeux et que tu essayes d\u2019atteindre, t\u2019emp\u00eache justement de voir ce qui est tout proche de toi.\u2019\u2019 \u00bb <\/span><\/i><\/span><\/p>\n<p><span style=\"font-size: 14pt;\"><i><span style=\"font-weight: 400;\">Hermann Hesse, Siddhartha, Grasset, coll. \u00ab Le livre de poche \u00bb, Paris, 1995, p. 201-203.<\/span><\/i><\/span><\/p>\n<p><span style=\"font-weight: 400; font-size: 14pt;\">\u00a0<\/span><\/p><\/blockquote>\n<p><span style=\"font-size: 14pt;\"><span style=\"font-weight: 400;\">\u00c0 bien y regarder, les plus grands chercheurs \u2014 et donc : les meilleurs trouveurs aussi appel\u00e9s \u2018\u2019inventeurs\u2019\u2019 \u2014 <\/span><i><span style=\"font-weight: 400;\">de tous horizons<\/span><\/i><span style=\"font-weight: 400;\"> ne sont pas ceux qui s\u2019\u00e9vertuent \u00e0 \u00e9laborer les r\u00e9ponses les plus sophistiqu\u00e9es mais ceux qui concentrent <\/span><i><span style=\"font-weight: 400;\">en premier lieu<\/span><\/i><span style=\"font-weight: 400;\"> leur \u00e9nergie \u00e0 poser les <\/span><i><span style=\"font-weight: 400;\">bonnes<\/span><\/i><span style=\"font-weight: 400;\"> questions.<\/span><\/span><\/p>\n<p>&nbsp;<\/p>\n<blockquote><p><span style=\"font-weight: 400; font-size: 14pt;\">\u00a0<\/span><span style=\"font-size: 14pt;\"><i><span style=\"font-weight: 400;\">\u00ab Einstein nous explique ce qui a fait le g\u00e9nie de ses recherches. C\u2019est la mise en question plus que la mise en r\u00e9ponse. \u00bb <\/span><\/i><\/span><\/p>\n<p><span style=\"font-size: 14pt;\"><span style=\"font-weight: 400;\">Fr\u00e9d\u00e9ric Falisse <\/span><a href=\"https:\/\/www.youtube.com\/watch?v=R6YYiZVQMFg\"><span style=\"font-weight: 400;\">\u00ab La questiologie ou l&rsquo;art de poser les bonnes questions: Frederic Falisse at TEDxPantheonSorbonne \u00bb<\/span><\/a><span style=\"font-weight: 400;\">,<\/span> <i><span style=\"font-weight: 400;\">TEDx Talks<\/span><\/i><span style=\"font-weight: 400;\">, 4\u201927\u2019\u2019<\/span><\/span><\/p><\/blockquote>\n<p><span style=\"font-weight: 400; font-size: 14pt;\">\u00a0<\/span><\/p>\n<p><span style=\"font-size: 14pt;\"><i><span style=\"font-weight: 400;\">\u00ab Si vous posez une bonne probl\u00e9matique nous votre d\u00e9veloppement<\/span><\/i><span style=\"font-weight: 400;\">, recommande-on \u00e0 l\u2019universit\u00e9,<\/span><i><span style=\"font-weight: 400;\"> soyez assur\u00e9 d\u2019avoir d\u2019embl\u00e9e la faveur de votre correcteur. \u00bb<\/span><\/i><\/span><\/p>\n<p>&nbsp;<\/p>\n<h2><span style=\"font-size: 24pt;\"><b>La t\u00eate dans les nuages\u2026 et les pieds sur Terre<\/b><\/span><\/h2>\n<p><span style=\"font-weight: 400; font-size: 14pt;\">\u00a0<\/span><span style=\"font-size: 14pt;\"><i><span style=\"font-weight: 400;\">\u00ab Pour autant<\/span><\/i><span style=\"font-weight: 400;\">, poursuivent les professeurs, <\/span><i><span style=\"font-weight: 400;\">t\u00e2chez de faire en sorte que votre d\u00e9veloppement soit \u00e0 la hauteur de votre probl\u00e9matique. \u00bb<\/span><\/i><span style=\"font-weight: 400;\"> Si l\u2019on file la m\u00e9taphore de la composition universitaire, nous avons : un texte donn\u00e9 (le livre) ; une probl\u00e9matique \u00e0 \u00e9tablir (les questions qui viennent au fil de la lecture) ; un d\u00e9veloppement \u00e0 apporter \u00e0 la suite de cette probl\u00e9matique. Nous pourrions faire le parall\u00e8le suivant. Cette exhortation \u00e0 fournir un d\u00e9veloppement d\u2019une qualit\u00e9 au moins aussi \u00e9lev\u00e9e que celle du questionnement sonne comme une invitation au r\u00e9el. Ne pas s\u2019en tenir seulement l\u2019ouvrage \u2014 celui que l\u2019on doit commenter pour son professeur ou celui que l\u2019on butine sur un transat au mois de juillet \u2014 et aux questionnements qu\u2019il fait germer et tourner dans notre t\u00eate. Au contraire d\u2019une fuite \u00e0 travers d\u2019autres vies et possibles r\u00eav\u00e9es : en <\/span><i><span style=\"font-weight: 400;\">investir le r\u00e9el<\/span><\/i><span style=\"font-weight: 400;\">.<\/span><\/span><\/p>\n<p><span style=\"font-size: 14pt;\"><span style=\"font-weight: 400;\">Comme si nous \u00e9tions, en toile de fond de ces fl\u00e2neries, sans cesse invit\u00e9s \u00e0 rejoindre le casting d\u2019un film de capes et d&rsquo;\u00e9p\u00e9es dans lequel notre regard escrimerait contre les mots. Nous lancerions au texte que l\u2019on tiendrait entre nos mains un martial <\/span><i><span style=\"font-weight: 400;\">\u00ab R\u00e9ponds, te dis-je ! \u00bb<\/span><\/i><span style=\"font-weight: 400;\">. Suite \u00e0 un nombre de passes au moins aussi abondantes que la pagination du volume, ce dernier finirait par nous d\u00e9sarmer et nous renvoyer la sommation : <\/span><i><span style=\"font-weight: 400;\">\u00ab R\u00e9ponds, te dis-je ! \u00bb<\/span><\/i><span style=\"font-weight: 400;\">. Dans <\/span><i><span style=\"font-weight: 400;\">Quand dire, c\u2019est faire<\/span><\/i><span style=\"font-weight: 400;\">, le philosophe John Austin expose sa <\/span><a href=\"http:\/\/www.ac-grenoble.fr\/PhiloSophie\/austin-le-langage-performatif\/\"><span style=\"font-weight: 400;\">th\u00e9orie du langage performatif<\/span><\/a><span style=\"font-weight: 400;\"> : l&rsquo;\u00e9nonciation, pourvu qu\u2019elle soit prononc\u00e9e <\/span><i><span style=\"font-weight: 400;\">\u00ab dans les circonstances appropri\u00e9es \u00bb<\/span><\/i><span style=\"font-weight: 400;\">, devient acte. <\/span><i><span style=\"font-weight: 400;\">\u00ab Parle ! \u00bb<\/span><\/i><span style=\"font-weight: 400;\"> Notre r\u00e9ponse est bien plus qu\u2019une suite de lettres : elle est un <\/span><i><span style=\"font-weight: 400;\">abracadabra<\/span><\/i><span style=\"font-weight: 400;\"> (1) indispensable \u00e0 la confection de la cl\u00e9 d\u00e9livrant <\/span><i><span style=\"font-weight: 400;\">\u00ab tous les dragons de notre vie \u00bb<\/span><\/i><span style=\"font-weight: 400;\"> qui <\/span><i><span style=\"font-weight: 400;\">\u00ab sont peut-\u00eatre des princesses qui attendent de nous voir beaux et courageux \u00bb<\/span><\/i><span style=\"font-weight: 400;\"> (2).<\/span><\/span><\/p>\n<p>&nbsp;<\/p>\n<div id=\"attachment_2686\" style=\"width: 1034px\" class=\"wp-caption aligncenter\"><img loading=\"lazy\" decoding=\"async\" aria-describedby=\"caption-attachment-2686\" class=\"wp-image-2686 size-large\" src=\"https:\/\/www.bsf.ovh\/wp-content\/uploads\/2020\/05\/actor-1807557_1920-1024x673.jpg\" alt=\"\" width=\"1024\" height=\"673\" srcset=\"https:\/\/www.prendstadose.fr\/wp-content\/uploads\/2020\/05\/actor-1807557_1920-1024x673.jpg 1024w, https:\/\/www.prendstadose.fr\/wp-content\/uploads\/2020\/05\/actor-1807557_1920-300x197.jpg 300w, https:\/\/www.prendstadose.fr\/wp-content\/uploads\/2020\/05\/actor-1807557_1920-768x504.jpg 768w, https:\/\/www.prendstadose.fr\/wp-content\/uploads\/2020\/05\/actor-1807557_1920-1536x1009.jpg 1536w, https:\/\/www.prendstadose.fr\/wp-content\/uploads\/2020\/05\/actor-1807557_1920-1170x768.jpg 1170w, https:\/\/www.prendstadose.fr\/wp-content\/uploads\/2020\/05\/actor-1807557_1920-585x384.jpg 585w, https:\/\/www.prendstadose.fr\/wp-content\/uploads\/2020\/05\/actor-1807557_1920.jpg 1920w\" sizes=\"auto, (max-width: 1024px) 100vw, 1024px\" \/><p id=\"caption-attachment-2686\" class=\"wp-caption-text\">Cr\u00e9dit photo \u00a9 Pixabay<\/p><\/div>\n<p>&nbsp;<\/p>\n<p><span style=\"font-size: 14pt;\"><span style=\"font-weight: 400;\">Qu\u2019est-ce qui pousse les auteurs \u00e0 \u00e9crire <\/span><span style=\"font-weight: 400;\">\u2014 \u00e0 nous faire <\/span><i><span style=\"font-weight: 400;\">parler<\/span><\/i><span style=\"font-weight: 400;\"> \u2014<\/span><span style=\"font-weight: 400;\"> en dehors de la n\u00e9cessit\u00e9 de gagner leur vie ? Il me plait \u00e0 penser qu\u2019il ne s\u2019agit pas pour la plupart d\u2019un simple exercice de style mais que cette volont\u00e9 proc\u00e8de du d\u00e9sir de nous donner du grain \u00e0 moudre pour que nous puissions <\/span><i><span style=\"font-weight: 400;\">p\u00e9trir<\/span><\/i><span style=\"font-weight: 400;\"> notre vie. P\u00e9trir \u2014 de la fa\u00e7on la plus fondamentale et physique qui soit. Ainsi, parvenir \u00e0 inscrire pleinement notre existence dans le monde.<\/span><\/span><\/p>\n<p>&nbsp;<\/p>\n<blockquote><p><span style=\"font-size: 14pt;\"><i><span style=\"font-weight: 400;\">\u00ab Efforcez-vous d\u2019aimer <\/span><\/i><span style=\"font-weight: 400;\">vos questions elles-m\u00eames<\/span><i><span style=\"font-weight: 400;\"> (&#8230;). Peut-\u00eatre, simplement en les vivant, finirez-vous par entrer insensiblement, un jour, dans les r\u00e9ponses. \u00bb <\/span><\/i><\/span><\/p>\n<p><span style=\"font-size: 14pt;\"><i><span style=\"font-weight: 400;\">Rainer-Maria Rilke, <\/span><\/i><span style=\"font-weight: 400;\">Lettres \u00e0 un jeune po\u00e8te<\/span><i><span style=\"font-weight: 400;\">, Grasset, coll. \u201cLes Cahiers Rouges\u201d, 2018, p. 43<\/span><\/i><\/span><\/p><\/blockquote>\n<p>&nbsp;<\/p>\n<p style=\"text-align: right;\"><strong><span style=\"font-size: 14pt;\">Marine<\/span><\/strong><\/p>\n<p>&nbsp;<\/p>\n<p><span style=\"font-size: 12pt;\"><span style=\"font-weight: 400;\">(1) Formule magique ancienne qui pourrait faire r\u00e9f\u00e9rence \u00e0 la cr\u00e9ation par la parole. Voir l\u2019article <\/span><a href=\"https:\/\/fr.wikipedia.org\/wiki\/Abracadabra#Usages_anciens_et_modernes\"><span style=\"font-weight: 400;\">\u201cAbracadabra\u201d<\/span><\/a><span style=\"font-weight: 400;\"> sur Wikipedia.<\/span><\/span><\/p>\n<p><span style=\"font-size: 12pt;\"><span style=\"font-weight: 400;\">(2) Rainer-Maria Rilke, <\/span><i><span style=\"font-weight: 400;\">Lettres \u00e0 un jeune po\u00e8te<\/span><\/i><span style=\"font-weight: 400;\">, Grasset, coll. \u201cLes Cahiers Rouges\u201d, 2018, p. 80<\/span><\/span><\/p>\n","protected":false},"excerpt":{"rendered":"<p>&nbsp; \u00ab En somme, le public est compos\u00e9 de groupes nombreux qui nous crient : \u2014&hellip;<\/p>\n","protected":false},"author":8,"featured_media":2687,"comment_status":"open","ping_status":"open","sticky":false,"template":"","format":"standard","meta":{"_editorskit_title_hidden":false,"_editorskit_reading_time":0,"_editorskit_is_block_options_detached":false,"_editorskit_block_options_position":"{}","jetpack_post_was_ever_published":false,"_jetpack_newsletter_access":"","_jetpack_dont_email_post_to_subs":false,"_jetpack_newsletter_tier_id":0,"_jetpack_memberships_contains_paywalled_content":false,"_jetpack_memberships_contains_paid_content":false,"footnotes":"","jetpack_publicize_message":"","jetpack_publicize_feature_enabled":true,"jetpack_social_post_already_shared":false,"jetpack_social_options":{"image_generator_settings":{"template":"highway","enabled":false},"version":2}},"categories":[358],"tags":[471,243,157,473,472,469,156,470,152,474],"class_list":["post-2710","post","type-post","status-publish","format-standard","has-post-thumbnail","hentry","category-cultureetsociete","tag-algorithme","tag-art","tag-culture","tag-einstein","tag-hermann-hesse","tag-lecture","tag-litterature","tag-livre","tag-philosophie","tag-rainer-maria-rilke"],"yoast_head":"<!-- This site is optimized with the Yoast SEO plugin v24.6 - https:\/\/yoast.com\/wordpress\/plugins\/seo\/ -->\n<title>L\u2019ABUS DE LECTURE PEUT-IL \u00caTRE DANGEREUX POUR LA SANT\u00c9 ? &#8212; PRENDS TA DOSE<\/title>\n<meta name=\"description\" content=\"&nbsp; \u00ab En somme, le public est compos\u00e9 de groupes nombreux qui nous crient : \u2014 Consolez-moi. \u2014 Amusez-moi. \u2014 Attristez-moi. \u2014\u00a0Faites-moi r\u00eaver.\" \/>\n<meta name=\"robots\" content=\"index, follow, max-snippet:-1, max-image-preview:large, max-video-preview:-1\" \/>\n<link rel=\"canonical\" href=\"https:\/\/www.prendstadose.fr\/index.php\/2020\/05\/25\/labus-de-lecture-peut-il-etre-dangereux-pour-la-sante-2\/\" \/>\n<meta property=\"og:locale\" content=\"fr_FR\" \/>\n<meta property=\"og:type\" content=\"article\" \/>\n<meta property=\"og:title\" content=\"L\u2019ABUS DE LECTURE PEUT-IL \u00caTRE DANGEREUX POUR LA SANT\u00c9 ? &#8212; PRENDS TA DOSE\" \/>\n<meta property=\"og:description\" content=\"&nbsp; \u00ab En somme, le public est compos\u00e9 de groupes nombreux qui nous crient : \u2014 Consolez-moi. \u2014 Amusez-moi. \u2014 Attristez-moi. \u2014\u00a0Faites-moi r\u00eaver.\" \/>\n<meta property=\"og:url\" content=\"https:\/\/www.prendstadose.fr\/index.php\/2020\/05\/25\/labus-de-lecture-peut-il-etre-dangereux-pour-la-sante-2\/\" \/>\n<meta property=\"og:site_name\" content=\"PRENDS TA DOSE\" \/>\n<meta property=\"article:publisher\" content=\"https:\/\/www.facebook.com\/BrigadeSansFrontieres\/\" \/>\n<meta property=\"article:published_time\" content=\"2020-05-25T12:11:00+00:00\" \/>\n<meta property=\"article:modified_time\" content=\"2022-01-04T10:23:57+00:00\" \/>\n<meta property=\"og:image\" content=\"https:\/\/www.prendstadose.fr\/wp-content\/uploads\/2020\/05\/books-1655783_1920.jpg\" \/>\n\t<meta property=\"og:image:width\" content=\"1920\" \/>\n\t<meta property=\"og:image:height\" content=\"1281\" \/>\n\t<meta property=\"og:image:type\" content=\"image\/jpeg\" \/>\n<meta name=\"author\" content=\"Marine\" \/>\n<meta name=\"twitter:card\" content=\"summary_large_image\" \/>\n<meta name=\"twitter:label1\" content=\"\u00c9crit par\" \/>\n\t<meta name=\"twitter:data1\" content=\"Marine\" \/>\n\t<meta name=\"twitter:label2\" content=\"Dur\u00e9e de lecture estim\u00e9e\" \/>\n\t<meta name=\"twitter:data2\" content=\"8 minutes\" \/>\n<script type=\"application\/ld+json\" class=\"yoast-schema-graph\">{\"@context\":\"https:\/\/schema.org\",\"@graph\":[{\"@type\":\"Article\",\"@id\":\"https:\/\/www.prendstadose.fr\/index.php\/2020\/05\/25\/labus-de-lecture-peut-il-etre-dangereux-pour-la-sante-2\/#article\",\"isPartOf\":{\"@id\":\"https:\/\/www.prendstadose.fr\/index.php\/2020\/05\/25\/labus-de-lecture-peut-il-etre-dangereux-pour-la-sante-2\/\"},\"author\":{\"name\":\"Marine\",\"@id\":\"https:\/\/www.prendstadose.fr\/#\/schema\/person\/0f5e950afc3801d5f59f889446d8e570\"},\"headline\":\"L\u2019ABUS DE LECTURE PEUT-IL \u00caTRE DANGEREUX POUR LA SANT\u00c9 ?\",\"datePublished\":\"2020-05-25T12:11:00+00:00\",\"dateModified\":\"2022-01-04T10:23:57+00:00\",\"mainEntityOfPage\":{\"@id\":\"https:\/\/www.prendstadose.fr\/index.php\/2020\/05\/25\/labus-de-lecture-peut-il-etre-dangereux-pour-la-sante-2\/\"},\"wordCount\":1611,\"commentCount\":2,\"publisher\":{\"@id\":\"https:\/\/www.prendstadose.fr\/#organization\"},\"image\":{\"@id\":\"https:\/\/www.prendstadose.fr\/index.php\/2020\/05\/25\/labus-de-lecture-peut-il-etre-dangereux-pour-la-sante-2\/#primaryimage\"},\"thumbnailUrl\":\"https:\/\/www.prendstadose.fr\/wp-content\/uploads\/2020\/05\/books-1655783_1920.jpg\",\"keywords\":[\"Algorithme\",\"Art\",\"Culture\",\"Einstein\",\"Hermann Hesse\",\"Lecture\",\"Litt\u00e9rature\",\"Livre\",\"Philosophie\",\"Rainer-Maria Rilke\"],\"articleSection\":[\"Culture &amp; Soci\u00e9t\u00e9\"],\"inLanguage\":\"fr-FR\",\"potentialAction\":[{\"@type\":\"CommentAction\",\"name\":\"Comment\",\"target\":[\"https:\/\/www.prendstadose.fr\/index.php\/2020\/05\/25\/labus-de-lecture-peut-il-etre-dangereux-pour-la-sante-2\/#respond\"]}]},{\"@type\":\"WebPage\",\"@id\":\"https:\/\/www.prendstadose.fr\/index.php\/2020\/05\/25\/labus-de-lecture-peut-il-etre-dangereux-pour-la-sante-2\/\",\"url\":\"https:\/\/www.prendstadose.fr\/index.php\/2020\/05\/25\/labus-de-lecture-peut-il-etre-dangereux-pour-la-sante-2\/\",\"name\":\"L\u2019ABUS DE LECTURE PEUT-IL \u00caTRE DANGEREUX POUR LA SANT\u00c9 ? &#8212; PRENDS TA DOSE\",\"isPartOf\":{\"@id\":\"https:\/\/www.prendstadose.fr\/#website\"},\"primaryImageOfPage\":{\"@id\":\"https:\/\/www.prendstadose.fr\/index.php\/2020\/05\/25\/labus-de-lecture-peut-il-etre-dangereux-pour-la-sante-2\/#primaryimage\"},\"image\":{\"@id\":\"https:\/\/www.prendstadose.fr\/index.php\/2020\/05\/25\/labus-de-lecture-peut-il-etre-dangereux-pour-la-sante-2\/#primaryimage\"},\"thumbnailUrl\":\"https:\/\/www.prendstadose.fr\/wp-content\/uploads\/2020\/05\/books-1655783_1920.jpg\",\"datePublished\":\"2020-05-25T12:11:00+00:00\",\"dateModified\":\"2022-01-04T10:23:57+00:00\",\"description\":\"&nbsp; \u00ab En somme, le public est compos\u00e9 de groupes nombreux qui nous crient : \u2014 Consolez-moi. \u2014 Amusez-moi. \u2014 Attristez-moi. \u2014\u00a0Faites-moi r\u00eaver.\",\"breadcrumb\":{\"@id\":\"https:\/\/www.prendstadose.fr\/index.php\/2020\/05\/25\/labus-de-lecture-peut-il-etre-dangereux-pour-la-sante-2\/#breadcrumb\"},\"inLanguage\":\"fr-FR\",\"potentialAction\":[{\"@type\":\"ReadAction\",\"target\":[\"https:\/\/www.prendstadose.fr\/index.php\/2020\/05\/25\/labus-de-lecture-peut-il-etre-dangereux-pour-la-sante-2\/\"]}]},{\"@type\":\"ImageObject\",\"inLanguage\":\"fr-FR\",\"@id\":\"https:\/\/www.prendstadose.fr\/index.php\/2020\/05\/25\/labus-de-lecture-peut-il-etre-dangereux-pour-la-sante-2\/#primaryimage\",\"url\":\"https:\/\/www.prendstadose.fr\/wp-content\/uploads\/2020\/05\/books-1655783_1920.jpg\",\"contentUrl\":\"https:\/\/www.prendstadose.fr\/wp-content\/uploads\/2020\/05\/books-1655783_1920.jpg\",\"width\":1920,\"height\":1281,\"caption\":\"Cr\u00e9dit photo \u00a9 Pixabay\"},{\"@type\":\"BreadcrumbList\",\"@id\":\"https:\/\/www.prendstadose.fr\/index.php\/2020\/05\/25\/labus-de-lecture-peut-il-etre-dangereux-pour-la-sante-2\/#breadcrumb\",\"itemListElement\":[{\"@type\":\"ListItem\",\"position\":1,\"name\":\"Accueil\",\"item\":\"https:\/\/www.prendstadose.fr\/\"},{\"@type\":\"ListItem\",\"position\":2,\"name\":\"L\u2019ABUS DE LECTURE PEUT-IL \u00caTRE DANGEREUX POUR LA SANT\u00c9 ?\"}]},{\"@type\":\"WebSite\",\"@id\":\"https:\/\/www.prendstadose.fr\/#website\",\"url\":\"https:\/\/www.prendstadose.fr\/\",\"name\":\"PRENDS TA DOSE\",\"description\":\"Capsule Culture Pour Analphab\u00e8tes Lettr\u00e9s\",\"publisher\":{\"@id\":\"https:\/\/www.prendstadose.fr\/#organization\"},\"potentialAction\":[{\"@type\":\"SearchAction\",\"target\":{\"@type\":\"EntryPoint\",\"urlTemplate\":\"https:\/\/www.prendstadose.fr\/?s={search_term_string}\"},\"query-input\":{\"@type\":\"PropertyValueSpecification\",\"valueRequired\":true,\"valueName\":\"search_term_string\"}}],\"inLanguage\":\"fr-FR\"},{\"@type\":\"Organization\",\"@id\":\"https:\/\/www.prendstadose.fr\/#organization\",\"name\":\"PrendsTaDose\",\"url\":\"https:\/\/www.prendstadose.fr\/\",\"logo\":{\"@type\":\"ImageObject\",\"inLanguage\":\"fr-FR\",\"@id\":\"https:\/\/www.prendstadose.fr\/#\/schema\/logo\/image\/\",\"url\":\"https:\/\/www.prendstadose.fr\/wp-content\/uploads\/2021\/08\/logo-e1641309847268.png\",\"contentUrl\":\"https:\/\/www.prendstadose.fr\/wp-content\/uploads\/2021\/08\/logo-e1641309847268.png\",\"width\":400,\"height\":406,\"caption\":\"PrendsTaDose\"},\"image\":{\"@id\":\"https:\/\/www.prendstadose.fr\/#\/schema\/logo\/image\/\"},\"sameAs\":[\"https:\/\/www.facebook.com\/BrigadeSansFrontieres\/\",\"https:\/\/www.instagram.com\/romain_mailliu\/\"]},{\"@type\":\"Person\",\"@id\":\"https:\/\/www.prendstadose.fr\/#\/schema\/person\/0f5e950afc3801d5f59f889446d8e570\",\"name\":\"Marine\",\"url\":\"https:\/\/www.prendstadose.fr\/index.php\/author\/marine\/\"}]}<\/script>\n<!-- \/ Yoast SEO plugin. -->","yoast_head_json":{"title":"L\u2019ABUS DE LECTURE PEUT-IL \u00caTRE DANGEREUX POUR LA SANT\u00c9 ? &#8212; PRENDS TA DOSE","description":"&nbsp; \u00ab En somme, le public est compos\u00e9 de groupes nombreux qui nous crient : \u2014 Consolez-moi. \u2014 Amusez-moi. \u2014 Attristez-moi. \u2014\u00a0Faites-moi r\u00eaver.","robots":{"index":"index","follow":"follow","max-snippet":"max-snippet:-1","max-image-preview":"max-image-preview:large","max-video-preview":"max-video-preview:-1"},"canonical":"https:\/\/www.prendstadose.fr\/index.php\/2020\/05\/25\/labus-de-lecture-peut-il-etre-dangereux-pour-la-sante-2\/","og_locale":"fr_FR","og_type":"article","og_title":"L\u2019ABUS DE LECTURE PEUT-IL \u00caTRE DANGEREUX POUR LA SANT\u00c9 ? &#8212; PRENDS TA DOSE","og_description":"&nbsp; \u00ab En somme, le public est compos\u00e9 de groupes nombreux qui nous crient : \u2014 Consolez-moi. \u2014 Amusez-moi. \u2014 Attristez-moi. \u2014\u00a0Faites-moi r\u00eaver.","og_url":"https:\/\/www.prendstadose.fr\/index.php\/2020\/05\/25\/labus-de-lecture-peut-il-etre-dangereux-pour-la-sante-2\/","og_site_name":"PRENDS TA DOSE","article_publisher":"https:\/\/www.facebook.com\/BrigadeSansFrontieres\/","article_published_time":"2020-05-25T12:11:00+00:00","article_modified_time":"2022-01-04T10:23:57+00:00","og_image":[{"width":1920,"height":1281,"url":"https:\/\/www.prendstadose.fr\/wp-content\/uploads\/2020\/05\/books-1655783_1920.jpg","type":"image\/jpeg"}],"author":"Marine","twitter_card":"summary_large_image","twitter_misc":{"\u00c9crit par":"Marine","Dur\u00e9e de lecture estim\u00e9e":"8 minutes"},"schema":{"@context":"https:\/\/schema.org","@graph":[{"@type":"Article","@id":"https:\/\/www.prendstadose.fr\/index.php\/2020\/05\/25\/labus-de-lecture-peut-il-etre-dangereux-pour-la-sante-2\/#article","isPartOf":{"@id":"https:\/\/www.prendstadose.fr\/index.php\/2020\/05\/25\/labus-de-lecture-peut-il-etre-dangereux-pour-la-sante-2\/"},"author":{"name":"Marine","@id":"https:\/\/www.prendstadose.fr\/#\/schema\/person\/0f5e950afc3801d5f59f889446d8e570"},"headline":"L\u2019ABUS DE LECTURE PEUT-IL \u00caTRE DANGEREUX POUR LA SANT\u00c9 ?","datePublished":"2020-05-25T12:11:00+00:00","dateModified":"2022-01-04T10:23:57+00:00","mainEntityOfPage":{"@id":"https:\/\/www.prendstadose.fr\/index.php\/2020\/05\/25\/labus-de-lecture-peut-il-etre-dangereux-pour-la-sante-2\/"},"wordCount":1611,"commentCount":2,"publisher":{"@id":"https:\/\/www.prendstadose.fr\/#organization"},"image":{"@id":"https:\/\/www.prendstadose.fr\/index.php\/2020\/05\/25\/labus-de-lecture-peut-il-etre-dangereux-pour-la-sante-2\/#primaryimage"},"thumbnailUrl":"https:\/\/www.prendstadose.fr\/wp-content\/uploads\/2020\/05\/books-1655783_1920.jpg","keywords":["Algorithme","Art","Culture","Einstein","Hermann Hesse","Lecture","Litt\u00e9rature","Livre","Philosophie","Rainer-Maria Rilke"],"articleSection":["Culture &amp; Soci\u00e9t\u00e9"],"inLanguage":"fr-FR","potentialAction":[{"@type":"CommentAction","name":"Comment","target":["https:\/\/www.prendstadose.fr\/index.php\/2020\/05\/25\/labus-de-lecture-peut-il-etre-dangereux-pour-la-sante-2\/#respond"]}]},{"@type":"WebPage","@id":"https:\/\/www.prendstadose.fr\/index.php\/2020\/05\/25\/labus-de-lecture-peut-il-etre-dangereux-pour-la-sante-2\/","url":"https:\/\/www.prendstadose.fr\/index.php\/2020\/05\/25\/labus-de-lecture-peut-il-etre-dangereux-pour-la-sante-2\/","name":"L\u2019ABUS DE LECTURE PEUT-IL \u00caTRE DANGEREUX POUR LA SANT\u00c9 ? &#8212; PRENDS TA DOSE","isPartOf":{"@id":"https:\/\/www.prendstadose.fr\/#website"},"primaryImageOfPage":{"@id":"https:\/\/www.prendstadose.fr\/index.php\/2020\/05\/25\/labus-de-lecture-peut-il-etre-dangereux-pour-la-sante-2\/#primaryimage"},"image":{"@id":"https:\/\/www.prendstadose.fr\/index.php\/2020\/05\/25\/labus-de-lecture-peut-il-etre-dangereux-pour-la-sante-2\/#primaryimage"},"thumbnailUrl":"https:\/\/www.prendstadose.fr\/wp-content\/uploads\/2020\/05\/books-1655783_1920.jpg","datePublished":"2020-05-25T12:11:00+00:00","dateModified":"2022-01-04T10:23:57+00:00","description":"&nbsp; \u00ab En somme, le public est compos\u00e9 de groupes nombreux qui nous crient : \u2014 Consolez-moi. \u2014 Amusez-moi. \u2014 Attristez-moi. \u2014\u00a0Faites-moi r\u00eaver.","breadcrumb":{"@id":"https:\/\/www.prendstadose.fr\/index.php\/2020\/05\/25\/labus-de-lecture-peut-il-etre-dangereux-pour-la-sante-2\/#breadcrumb"},"inLanguage":"fr-FR","potentialAction":[{"@type":"ReadAction","target":["https:\/\/www.prendstadose.fr\/index.php\/2020\/05\/25\/labus-de-lecture-peut-il-etre-dangereux-pour-la-sante-2\/"]}]},{"@type":"ImageObject","inLanguage":"fr-FR","@id":"https:\/\/www.prendstadose.fr\/index.php\/2020\/05\/25\/labus-de-lecture-peut-il-etre-dangereux-pour-la-sante-2\/#primaryimage","url":"https:\/\/www.prendstadose.fr\/wp-content\/uploads\/2020\/05\/books-1655783_1920.jpg","contentUrl":"https:\/\/www.prendstadose.fr\/wp-content\/uploads\/2020\/05\/books-1655783_1920.jpg","width":1920,"height":1281,"caption":"Cr\u00e9dit photo \u00a9 Pixabay"},{"@type":"BreadcrumbList","@id":"https:\/\/www.prendstadose.fr\/index.php\/2020\/05\/25\/labus-de-lecture-peut-il-etre-dangereux-pour-la-sante-2\/#breadcrumb","itemListElement":[{"@type":"ListItem","position":1,"name":"Accueil","item":"https:\/\/www.prendstadose.fr\/"},{"@type":"ListItem","position":2,"name":"L\u2019ABUS DE LECTURE PEUT-IL \u00caTRE DANGEREUX POUR LA SANT\u00c9 ?"}]},{"@type":"WebSite","@id":"https:\/\/www.prendstadose.fr\/#website","url":"https:\/\/www.prendstadose.fr\/","name":"PRENDS TA DOSE","description":"Capsule Culture Pour Analphab\u00e8tes Lettr\u00e9s","publisher":{"@id":"https:\/\/www.prendstadose.fr\/#organization"},"potentialAction":[{"@type":"SearchAction","target":{"@type":"EntryPoint","urlTemplate":"https:\/\/www.prendstadose.fr\/?s={search_term_string}"},"query-input":{"@type":"PropertyValueSpecification","valueRequired":true,"valueName":"search_term_string"}}],"inLanguage":"fr-FR"},{"@type":"Organization","@id":"https:\/\/www.prendstadose.fr\/#organization","name":"PrendsTaDose","url":"https:\/\/www.prendstadose.fr\/","logo":{"@type":"ImageObject","inLanguage":"fr-FR","@id":"https:\/\/www.prendstadose.fr\/#\/schema\/logo\/image\/","url":"https:\/\/www.prendstadose.fr\/wp-content\/uploads\/2021\/08\/logo-e1641309847268.png","contentUrl":"https:\/\/www.prendstadose.fr\/wp-content\/uploads\/2021\/08\/logo-e1641309847268.png","width":400,"height":406,"caption":"PrendsTaDose"},"image":{"@id":"https:\/\/www.prendstadose.fr\/#\/schema\/logo\/image\/"},"sameAs":["https:\/\/www.facebook.com\/BrigadeSansFrontieres\/","https:\/\/www.instagram.com\/romain_mailliu\/"]},{"@type":"Person","@id":"https:\/\/www.prendstadose.fr\/#\/schema\/person\/0f5e950afc3801d5f59f889446d8e570","name":"Marine","url":"https:\/\/www.prendstadose.fr\/index.php\/author\/marine\/"}]}},"jetpack_publicize_connections":[],"jetpack_featured_media_url":"https:\/\/www.prendstadose.fr\/wp-content\/uploads\/2020\/05\/books-1655783_1920.jpg","jetpack_sharing_enabled":true,"_links":{"self":[{"href":"https:\/\/www.prendstadose.fr\/index.php\/wp-json\/wp\/v2\/posts\/2710","targetHints":{"allow":["GET"]}}],"collection":[{"href":"https:\/\/www.prendstadose.fr\/index.php\/wp-json\/wp\/v2\/posts"}],"about":[{"href":"https:\/\/www.prendstadose.fr\/index.php\/wp-json\/wp\/v2\/types\/post"}],"author":[{"embeddable":true,"href":"https:\/\/www.prendstadose.fr\/index.php\/wp-json\/wp\/v2\/users\/8"}],"replies":[{"embeddable":true,"href":"https:\/\/www.prendstadose.fr\/index.php\/wp-json\/wp\/v2\/comments?post=2710"}],"version-history":[{"count":1,"href":"https:\/\/www.prendstadose.fr\/index.php\/wp-json\/wp\/v2\/posts\/2710\/revisions"}],"predecessor-version":[{"id":2729,"href":"https:\/\/www.prendstadose.fr\/index.php\/wp-json\/wp\/v2\/posts\/2710\/revisions\/2729"}],"wp:featuredmedia":[{"embeddable":true,"href":"https:\/\/www.prendstadose.fr\/index.php\/wp-json\/wp\/v2\/media\/2687"}],"wp:attachment":[{"href":"https:\/\/www.prendstadose.fr\/index.php\/wp-json\/wp\/v2\/media?parent=2710"}],"wp:term":[{"taxonomy":"category","embeddable":true,"href":"https:\/\/www.prendstadose.fr\/index.php\/wp-json\/wp\/v2\/categories?post=2710"},{"taxonomy":"post_tag","embeddable":true,"href":"https:\/\/www.prendstadose.fr\/index.php\/wp-json\/wp\/v2\/tags?post=2710"}],"curies":[{"name":"wp","href":"https:\/\/api.w.org\/{rel}","templated":true}]}}