{"id":2759,"date":"2020-06-28T13:23:47","date_gmt":"2020-06-28T11:23:47","guid":{"rendered":"https:\/\/www.bsf.ovh\/?p=2759"},"modified":"2024-09-23T17:55:47","modified_gmt":"2024-09-23T15:55:47","slug":"voyage-en-questionnie","status":"publish","type":"post","link":"https:\/\/www.prendstadose.fr\/index.php\/2020\/06\/28\/voyage-en-questionnie\/","title":{"rendered":"Voyage en Questionnie"},"content":{"rendered":"<p>&nbsp;<\/p>\n<p><span style=\"font-weight: 400; font-size: 14pt;\">A l\u2019occasion du confinement li\u00e9 au Covid 19, j\u2019ai pu me rendre en Questionnie, le pays des Questions qui ne se posent pas.<\/span><\/p>\n<p><span style=\"font-weight: 400; font-size: 14pt;\">Je n\u2019avais jamais eu l\u2019opportunit\u00e9 de visiter ce pays. Il est r\u00e9serv\u00e9 aux esprits confin\u00e9s qui veulent s\u2019\u00e9vader.<\/span><\/p>\n<p><span style=\"font-size: 14pt;\"><span style=\"font-weight: 400;\">Je suis plut\u00f4t le genre de mec \u00e0 poser les questions <\/span><i><span style=\"font-weight: 400;\">qu\u2019on pose<\/span><\/i><span style=\"font-weight: 400;\">, par exemple \u00ab comment vas-tu ? \u00bb ou juste \u00ab \u00e7a va ? \u00bb. Tous les jours, je pose les m\u00eames questions : celles qu\u2019on m\u2019a apprises \u00e0 l\u2019\u00e9cole. J\u2019ai bien appris et je les pose tr\u00e8s bien. I can even ask them in english : \u00ab how are you ? \u00bb.<\/span><\/span><\/p>\n<p><span style=\"font-size: 14pt;\"><span style=\"font-weight: 400;\">Un jour que je me baladais dans ma ville confin\u00e9e, attestation remplie dans ma poche, je me suis arr\u00eat\u00e9 devant la vitrine d\u2019un voyagiste. Parmis les livres qu\u2019il proposait, une destination nouvelle attira mon attention : \u00ab Vivre sans\u2026 \u00bb de Fr\u00e9d\u00e9ric Lordon publi\u00e9 par <\/span><i><span style=\"font-weight: 400;\">La Fabrique<\/span><\/i><span style=\"font-weight: 400;\">. Le billet valait une blinde, mais le d\u00e9part \u00e9tait imm\u00e9diat.<\/span><\/span><\/p>\n<p><span style=\"font-weight: 400; font-size: 14pt;\">Le billet achet\u00e9, une belle h\u00f4tesse brune masqu\u00e9e de papier, me pr\u00e9cisa : \u00ab .ien..enue \u00e0 .ord .e\u00a0 .et. a.ion \u00bb. Voyant que je n\u2019avais rien compris, elle me r\u00e9p\u00e9ta son propos d\u00e9masqu\u00e9e : \u00ab Bienvenue \u00e0 bord de cet avion de la Lordon Airways. Veuillez-vous installer, nous allons d\u00e9coller \u00bb. Elle me pr\u00e9vint que : \u00ab le premier tiers du voyage est turbulent, on y croise de grands mots savants, organis\u00e9s d\u2019une mani\u00e8re \u00e9trange. Ne vous inqui\u00e9tez, ils sont l\u00e0 pour dissuader certains esprits, n\u2019h\u00e9sitez pas \u00e0 utiliser l\u2019avance rapide. Les mots que vous rencontrerez pendant le reste du voyage sont plus facile d\u2019acc\u00e8s.\u00bb<\/span><\/p>\n<p>&nbsp;<\/p>\n<h2><strong><span style=\"font-size: 24pt;\">30 Prairial an -1<\/span><\/strong><\/h2>\n<p><span style=\"font-weight: 400; font-size: 14pt;\">La premi\u00e8re question que je ne m\u2019\u00e9tais jamais pos\u00e9 m\u2019est tomb\u00e9e dessus comme \u00e7a :<\/span><\/p>\n<p><span style=\"font-weight: 400; font-size: 14pt;\">Va-t-il rester quelque chose de l\u2019\u00c9tat fran\u00e7ais \u00e0 la fin du repas financier ?<\/span><\/p>\n<p><span style=\"font-weight: 400; font-size: 14pt;\">Je ne connais pas de financier. Mais si j\u2019avais \u00e9t\u00e9 \u00e9duqu\u00e9 en financier, dress\u00e9 \u00e0 d\u00e9nicher le moindre profit, je n\u2019aurais pas arr\u00eat\u00e9 mon travail avant d\u2019avoir retourn\u00e9 le dernier bout d\u2019\u00c9tat pour me saisir de chaque miette de b\u00e9n\u00e9fice. Si j\u2019\u00e9tais un financier, j\u2019aurais mang\u00e9 l\u2019\u00c9tat en entier.<\/span><\/p>\n<p><span style=\"font-weight: 400; font-size: 14pt;\">Heureusement, je ne suis qu\u2019un fabricant de produits de papier et de mots.<\/span><\/p>\n<p><span style=\"font-weight: 400; font-size: 14pt;\">L\u2019\u00c9tat fran\u00e7ais d\u00e9vor\u00e9 par la Finance, que deviendrait la Nation fran\u00e7aise ? Serait-il possible de la consid\u00e9rer comme une Nation lib\u00e9r\u00e9e de son \u00c9tat ? Une Nation Libre d\u2019\u00c9tat?<\/span><\/p>\n<p><span style=\"font-size: 14pt;\"><span style=\"font-weight: 400;\">Je me suis souvenu d\u2019un voyage lexical que j\u2019avais fait il y a quelques ann\u00e9es. J\u2019avais rencontr\u00e9 un petit bonhomme am\u00e9rindien du nom de<\/span><a href=\"https:\/\/en.wikipedia.org\/wiki\/Yana_people\"> <span style=\"font-weight: 400;\">Ishi<\/span><\/a><span style=\"font-weight: 400;\">. Il \u00e9tait un membre de la <\/span><a href=\"https:\/\/fr.wikipedia.org\/wiki\/Ishi\"><span style=\"font-weight: 400;\">tribu Yana<\/span><\/a><span style=\"font-weight: 400;\">, en Am\u00e9rique du Nord. C\u2019est dans ce livre que j\u2019avais la premi\u00e8re fois d\u00e9couvert l\u2019id\u00e9e de <\/span><i><span style=\"font-weight: 400;\">Nation libre<\/span><\/i><span style=\"font-weight: 400;\">. La perspective de voir la Nation fran\u00e7aise s\u2019\u00e9teindre de la m\u00eame mani\u00e8re que la <\/span><i><span style=\"font-weight: 400;\">Yana Nation<\/span><\/i><span style=\"font-weight: 400;\"> n\u2019\u00e9tait pas assez plaisante pour faire partie de mes possibles. Il devait forc\u00e9ment y avoir une r\u00e9ponse \u00e0 la hauteur de la Nation fran\u00e7aise.<\/span><\/span><\/p>\n<p><span style=\"font-size: 14pt;\"><span style=\"font-weight: 400;\">Dans son <\/span><a href=\"https:\/\/books.google.fr\/books?id=T7DXvH0k3lcC&amp;pg=PA173&amp;lpg=PA173&amp;dq=Est-ce+qu%E2%80%99un+%C3%89tat+peut+cesser+d%E2%80%99exister+?&amp;source=bl&amp;ots=kfDz9zVDuA&amp;sig=ACfU3U2U_F2ByxDTDviru_yOVcjJMNV4NA&amp;hl=fr&amp;sa=X&amp;ved=2ahUKEwjRhoWd1N7pAhVDQBoKHZ4BC_UQ6AEwA3oECC4QAQ#v=onepage&amp;q=Est-ce%20qu%E2%80%99un%20%C3%89tat%20peut%20cesser%20d%E2%80%99exister%20%3F&amp;f=false\"><i><span style=\"font-weight: 400;\">Dictionnaire Manuel de Diplomatie et de droit international Public et Priv\u00e9<\/span><\/i><\/a><span style=\"font-weight: 400;\">, Carlos Calvo, parle d\u2019une \u00ab association politique \u00bb comme \u00e9l\u00e9ment essentiel de l\u2019\u00c9tat. Je ne sais pas vous, mais je suis gav\u00e9 de la cuisine politicienne.<\/span><\/span><\/p>\n<p><span style=\"font-weight: 400; font-size: 14pt;\">Est-ce qu\u2019une \u00ab association d\u00e9mocratique \u00bb pourrait se substituer \u00e0 \u00ab l\u2019association politique \u00bb de l\u2019\u00c9tat ?<\/span><\/p>\n<p><span style=\"font-weight: 400; font-size: 14pt;\">Quelle serait la diff\u00e9rence entre l\u2019une et l\u2019autre ? Je n\u2019ai pas trouv\u00e9 de r\u00e9ponse sur Google, alors j\u2019ai d\u00fb en imaginer une.<\/span><\/p>\n<p><span style=\"font-size: 14pt;\"><span style=\"font-weight: 400;\">La diff\u00e9rence entre la politique et la d\u00e9mocratie pourrait \u00eatre le mode de d\u00e9signation des repr\u00e9sentants. Les politiciens sont \u00e9lus (\u00e9lection), tandis que les <\/span><i><span style=\"font-weight: 400;\">d\u00e9mocraticiens<\/span><\/i><span style=\"font-weight: 400;\"> sont tir\u00e9s au sort (<\/span><i><span style=\"font-weight: 400;\">sortition<\/span><\/i><span style=\"font-weight: 400;\">).<\/span><\/span><\/p>\n<p><span style=\"font-weight: 400; font-size: 14pt;\">Aussi rassurante que cette r\u00e9ponse puisse \u00eatre, je me suis retrouv\u00e9 devant une autre question.<\/span><\/p>\n<p>&nbsp;<\/p>\n<p><img loading=\"lazy\" decoding=\"async\" class=\"aligncenter wp-image-2761 size-full\" src=\"https:\/\/www.bsf.ovh\/wp-content\/uploads\/2020\/06\/Q.png\" alt=\"\" width=\"457\" height=\"681\" srcset=\"https:\/\/www.prendstadose.fr\/wp-content\/uploads\/2020\/06\/Q.png 457w, https:\/\/www.prendstadose.fr\/wp-content\/uploads\/2020\/06\/Q-201x300.png 201w\" sizes=\"auto, (max-width: 457px) 100vw, 457px\" \/><\/p>\n<h2><\/h2>\n<p>&nbsp;<\/p>\n<h2><strong><span style=\"font-size: 24pt;\">1er flor\u00e9al an -1.<\/span><\/strong><\/h2>\n<p><span style=\"font-size: 14pt;\"><span style=\"font-weight: 400;\">Pourquoi les mots <\/span><i><span style=\"font-weight: 400;\">d\u00e9mocraticiens <\/span><\/i><span style=\"font-weight: 400;\">et <\/span><i><span style=\"font-weight: 400;\">sortition<\/span><\/i><span style=\"font-weight: 400;\"> n\u2019existent pas ?<\/span><\/span><\/p>\n<p><span style=\"font-weight: 400; font-size: 14pt;\">Le mot sortition existe en anglais depuis longtemps d\u00e9j\u00e0, mais pas en fran\u00e7ais.<\/span><\/p>\n<p>&nbsp;<\/p>\n<p><img loading=\"lazy\" decoding=\"async\" class=\"aligncenter wp-image-2760 size-full\" src=\"https:\/\/www.bsf.ovh\/wp-content\/uploads\/2020\/06\/Q2.png\" alt=\"\" width=\"975\" height=\"431\" srcset=\"https:\/\/www.prendstadose.fr\/wp-content\/uploads\/2020\/06\/Q2.png 975w, https:\/\/www.prendstadose.fr\/wp-content\/uploads\/2020\/06\/Q2-300x133.png 300w, https:\/\/www.prendstadose.fr\/wp-content\/uploads\/2020\/06\/Q2-768x339.png 768w, https:\/\/www.prendstadose.fr\/wp-content\/uploads\/2020\/06\/Q2-585x259.png 585w\" sizes=\"auto, (max-width: 975px) 100vw, 975px\" \/><\/p>\n<p>&nbsp;<\/p>\n<p><span style=\"font-size: 14pt;\"><span style=\"font-weight: 400;\">Quant au mot <\/span><i><span style=\"font-weight: 400;\">d\u00e9mocraticien<\/span><\/i><span style=\"font-weight: 400;\">, il n\u2019existe ni en fran\u00e7ais, ni en Anglais (<\/span><i><span style=\"font-weight: 400;\">democratician<\/span><\/i><span style=\"font-weight: 400;\">).<\/span><\/span><\/p>\n<p><span style=\"font-size: 14pt;\"><span style=\"font-weight: 400;\">\u00ab Pourquoi le mot <\/span><i><span style=\"font-weight: 400;\">d\u00e9mocraticien<\/span><\/i><span style=\"font-weight: 400;\"> n\u2019existe pas ? \u00bb me suis-je demand\u00e9. Et comme je n\u2019avais pas de r\u00e9ponse, je me suis adress\u00e9 \u00e0 l\u2019administration en charge des mots : l\u2019Acad\u00e9mie fran\u00e7aise.<\/span><\/span><\/p>\n<p><span style=\"font-size: 14pt;\"><span style=\"font-weight: 400;\">L\u2019Acad\u00e9mie fran\u00e7aise est l\u2019administration en charge de la naturalisation des mots \u00ab <\/span><i><span style=\"font-weight: 400;\">sans-papier<\/span><\/i><span style=\"font-weight: 400;\"> \u00bb. Je me suis saisi du formulaire B45EF789, qui correspond \u00e0 la demande d\u2019asile r\u00e9glementaire pour un mot r\u00e9fugi\u00e9.<\/span><\/span><\/p>\n<p><span style=\"font-size: 14pt;\"><span style=\"font-weight: 400;\">La bureaucratie lexicale m\u2019a r\u00e9pondu : \u00ab Comme vous l&rsquo;indiquez, de ces locutions d\u00e9rive naturellement la locution nominale pour d\u00e9signer des personnes : \u00ab\u00a0les tir\u00e9s au sort\u00a0\u00bb ou \u00ab\u00a0les personnes tir\u00e9es au sort\u00a0\u00bb, \u00ab\u00a0tir\u00e9 au sort\u00a0\u00bb comptant une syllabe de moins que votre proposition \u00ab\u00a0d\u00e9mocraticien\u00a0\u00bb. <\/span><b>A-t-on besoin de nouveaux mots<\/b><span style=\"font-weight: 400;\"> ? C&rsquo;est la question que devra se poser le groupe d&rsquo;experts avant de commencer tout travail terminologique. \u00c0 bient\u00f4t sur FranceTerme. \u00bb<\/span><\/span><\/p>\n<p><span style=\"font-weight: 400; font-size: 14pt;\">Je saurais la prochaine fois que c\u2019est le nombre de syllabe qui d\u00e9termine la capacit\u00e9 \u00e0 obtenir un certificat de naturalisation lexical.<\/span><\/p>\n<p><span style=\"font-size: 14pt;\"><span style=\"font-weight: 400;\">Cette aventure administrative m\u2019a permis de prendre connaissance d\u2019un m\u00e9tier que je ne connaissais pas : <\/span><b>terminologue<\/b><span style=\"font-weight: 400;\">. Rien \u00e0 voir avec Terminator. Un terminologue vient du pass\u00e9 et donne la capacit\u00e9 \u00e0 des mots d\u2019exister, ou pas.<\/span><\/span><\/p>\n<p><span style=\"font-weight: 400; font-size: 14pt;\">Combien de mots attendent patiemment un permis de circuler dans les t\u00eates fran\u00e7aises ? Qu\u2019est-ce que deviendrait ces t\u00eates si elles disposaient de ces mots ?<\/span><\/p>\n<p><span style=\"font-weight: 400; font-size: 14pt;\">J\u2019en suis l\u00e0. Je n\u2019ai pas encore de r\u00e9ponses \u00e0 ces questions, le voyage en Questionnie continue.<\/span><\/p>\n<p style=\"text-align: right;\"><strong><span style=\"font-size: 14pt;\">\u00a0Julien Biri<\/span><\/strong><\/p>\n<p>&nbsp;<\/p>\n<p><span style=\"font-size: 14pt;\"><span style=\"font-weight: 400;\">D\u00e9couvrez <\/span><\/span><\/p>\n<ul>\n<li><span style=\"font-size: 14pt;\"><span style=\"font-weight: 400;\">le dernier livre de l&rsquo;auteur\u00a0 : <\/span><a href=\"https:\/\/www.amazon.fr\/Nation-Libre-d%C3%89tat-exp%C3%A9rience-pens%C3%A9e\/dp\/1677989343\" target=\"_blank\" rel=\"noopener noreferrer\"><span style=\"font-weight: 400;\">https:\/\/www.amazon.fr\/dp\/1677989343<\/span><\/a><\/span><\/li>\n<li><span style=\"font-size: 14pt;\">Son site internet : <a href=\"https:\/\/www.petite-fabrique.fr\/\" target=\"_blank\" rel=\"noopener noreferrer\">https:\/\/www.petite-fabrique.fr\/<\/a><\/span><\/li>\n<\/ul>\n<p>&nbsp;<\/p>\n","protected":false},"excerpt":{"rendered":"<p>&nbsp; A l\u2019occasion du confinement li\u00e9 au Covid 19, j\u2019ai pu me rendre en Questionnie, le&hellip;<\/p>\n","protected":false},"author":4,"featured_media":2762,"comment_status":"open","ping_status":"open","sticky":false,"template":"","format":"standard","meta":{"_editorskit_title_hidden":false,"_editorskit_reading_time":0,"_editorskit_is_block_options_detached":false,"_editorskit_block_options_position":"{}","jetpack_post_was_ever_published":false,"_jetpack_newsletter_access":"","_jetpack_dont_email_post_to_subs":false,"_jetpack_newsletter_tier_id":0,"_jetpack_memberships_contains_paywalled_content":false,"_jetpack_memberships_contains_paid_content":false,"footnotes":"","jetpack_publicize_message":"","jetpack_publicize_feature_enabled":true,"jetpack_social_post_already_shared":false,"jetpack_social_options":{"image_generator_settings":{"template":"highway","enabled":false},"version":2}},"categories":[322],"tags":[521,516,353,522,519,188,518,84,520,152,211,517,523,133],"class_list":["post-2759","post","type-post","status-publish","format-standard","has-post-thumbnail","hentry","category-creation","tag-carlos-calvo","tag-coronavius","tag-covid-19","tag-democratie","tag-finance","tag-france","tag-frederic-lordon","tag-liberte","tag-nation","tag-philosophie","tag-politique","tag-question","tag-terminator","tag-voyage"],"yoast_head":"<!-- This site is optimized with the Yoast SEO plugin v24.6 - https:\/\/yoast.com\/wordpress\/plugins\/seo\/ -->\n<title>Voyage en Questionnie &#8212; PRENDS TA DOSE<\/title>\n<meta name=\"description\" content=\"&nbsp; A l\u2019occasion du confinement li\u00e9 au Covid 19, j\u2019ai pu me rendre en Questionnie, le pays des Questions qui ne se posent pas. Je n\u2019avais jamais eu\" \/>\n<meta name=\"robots\" content=\"index, follow, max-snippet:-1, max-image-preview:large, max-video-preview:-1\" \/>\n<link rel=\"canonical\" href=\"https:\/\/www.prendstadose.fr\/index.php\/2020\/06\/28\/voyage-en-questionnie\/\" \/>\n<meta property=\"og:locale\" content=\"fr_FR\" \/>\n<meta property=\"og:type\" content=\"article\" \/>\n<meta property=\"og:title\" content=\"Voyage en Questionnie &#8212; PRENDS TA DOSE\" \/>\n<meta property=\"og:description\" content=\"&nbsp; A l\u2019occasion du confinement li\u00e9 au Covid 19, j\u2019ai pu me rendre en Questionnie, le pays des Questions qui ne se posent pas. Je n\u2019avais jamais eu\" \/>\n<meta property=\"og:url\" content=\"https:\/\/www.prendstadose.fr\/index.php\/2020\/06\/28\/voyage-en-questionnie\/\" \/>\n<meta property=\"og:site_name\" content=\"PRENDS TA DOSE\" \/>\n<meta property=\"article:publisher\" content=\"https:\/\/www.facebook.com\/BrigadeSansFrontieres\/\" \/>\n<meta property=\"article:published_time\" content=\"2020-06-28T11:23:47+00:00\" \/>\n<meta property=\"article:modified_time\" content=\"2024-09-23T15:55:47+00:00\" \/>\n<meta property=\"og:image\" content=\"https:\/\/www.prendstadose.fr\/wp-content\/uploads\/2020\/06\/compass-held-above-world-map-scaled.jpg\" \/>\n\t<meta property=\"og:image:width\" content=\"2560\" \/>\n\t<meta property=\"og:image:height\" content=\"1706\" \/>\n\t<meta property=\"og:image:type\" content=\"image\/jpeg\" \/>\n<meta name=\"author\" content=\"Un Contributeur\" \/>\n<meta name=\"twitter:card\" content=\"summary_large_image\" \/>\n<meta name=\"twitter:label1\" content=\"\u00c9crit par\" \/>\n\t<meta name=\"twitter:data1\" content=\"Un Contributeur\" \/>\n\t<meta name=\"twitter:label2\" content=\"Dur\u00e9e de lecture estim\u00e9e\" \/>\n\t<meta name=\"twitter:data2\" content=\"5 minutes\" \/>\n<script type=\"application\/ld+json\" class=\"yoast-schema-graph\">{\"@context\":\"https:\/\/schema.org\",\"@graph\":[{\"@type\":\"Article\",\"@id\":\"https:\/\/www.prendstadose.fr\/index.php\/2020\/06\/28\/voyage-en-questionnie\/#article\",\"isPartOf\":{\"@id\":\"https:\/\/www.prendstadose.fr\/index.php\/2020\/06\/28\/voyage-en-questionnie\/\"},\"author\":{\"name\":\"Un Contributeur\",\"@id\":\"https:\/\/www.prendstadose.fr\/#\/schema\/person\/f0756358117683c969d3b233670ddc21\"},\"headline\":\"Voyage en Questionnie\",\"datePublished\":\"2020-06-28T11:23:47+00:00\",\"dateModified\":\"2024-09-23T15:55:47+00:00\",\"mainEntityOfPage\":{\"@id\":\"https:\/\/www.prendstadose.fr\/index.php\/2020\/06\/28\/voyage-en-questionnie\/\"},\"wordCount\":1004,\"commentCount\":3,\"publisher\":{\"@id\":\"https:\/\/www.prendstadose.fr\/#organization\"},\"image\":{\"@id\":\"https:\/\/www.prendstadose.fr\/index.php\/2020\/06\/28\/voyage-en-questionnie\/#primaryimage\"},\"thumbnailUrl\":\"https:\/\/www.prendstadose.fr\/wp-content\/uploads\/2020\/06\/compass-held-above-world-map-scaled.jpg\",\"keywords\":[\"Carlos Calvo\",\"Coronavius\",\"Covid-19\",\"D\u00e9mocratie\",\"Finance\",\"France\",\"Fr\u00e9d\u00e9ric Lordon\",\"Libert\u00e9\",\"Nation\",\"Philosophie\",\"Politique\",\"Question\",\"Terminator\",\"Voyage\"],\"articleSection\":[\"Cr\u00e9ation\"],\"inLanguage\":\"fr-FR\",\"potentialAction\":[{\"@type\":\"CommentAction\",\"name\":\"Comment\",\"target\":[\"https:\/\/www.prendstadose.fr\/index.php\/2020\/06\/28\/voyage-en-questionnie\/#respond\"]}]},{\"@type\":\"WebPage\",\"@id\":\"https:\/\/www.prendstadose.fr\/index.php\/2020\/06\/28\/voyage-en-questionnie\/\",\"url\":\"https:\/\/www.prendstadose.fr\/index.php\/2020\/06\/28\/voyage-en-questionnie\/\",\"name\":\"Voyage en Questionnie &#8212; PRENDS TA DOSE\",\"isPartOf\":{\"@id\":\"https:\/\/www.prendstadose.fr\/#website\"},\"primaryImageOfPage\":{\"@id\":\"https:\/\/www.prendstadose.fr\/index.php\/2020\/06\/28\/voyage-en-questionnie\/#primaryimage\"},\"image\":{\"@id\":\"https:\/\/www.prendstadose.fr\/index.php\/2020\/06\/28\/voyage-en-questionnie\/#primaryimage\"},\"thumbnailUrl\":\"https:\/\/www.prendstadose.fr\/wp-content\/uploads\/2020\/06\/compass-held-above-world-map-scaled.jpg\",\"datePublished\":\"2020-06-28T11:23:47+00:00\",\"dateModified\":\"2024-09-23T15:55:47+00:00\",\"description\":\"&nbsp; A l\u2019occasion du confinement li\u00e9 au Covid 19, j\u2019ai pu me rendre en Questionnie, le pays des Questions qui ne se posent pas. Je n\u2019avais jamais eu\",\"breadcrumb\":{\"@id\":\"https:\/\/www.prendstadose.fr\/index.php\/2020\/06\/28\/voyage-en-questionnie\/#breadcrumb\"},\"inLanguage\":\"fr-FR\",\"potentialAction\":[{\"@type\":\"ReadAction\",\"target\":[\"https:\/\/www.prendstadose.fr\/index.php\/2020\/06\/28\/voyage-en-questionnie\/\"]}]},{\"@type\":\"ImageObject\",\"inLanguage\":\"fr-FR\",\"@id\":\"https:\/\/www.prendstadose.fr\/index.php\/2020\/06\/28\/voyage-en-questionnie\/#primaryimage\",\"url\":\"https:\/\/www.prendstadose.fr\/wp-content\/uploads\/2020\/06\/compass-held-above-world-map-scaled.jpg\",\"contentUrl\":\"https:\/\/www.prendstadose.fr\/wp-content\/uploads\/2020\/06\/compass-held-above-world-map-scaled.jpg\",\"width\":2560,\"height\":1706},{\"@type\":\"BreadcrumbList\",\"@id\":\"https:\/\/www.prendstadose.fr\/index.php\/2020\/06\/28\/voyage-en-questionnie\/#breadcrumb\",\"itemListElement\":[{\"@type\":\"ListItem\",\"position\":1,\"name\":\"Accueil\",\"item\":\"https:\/\/www.prendstadose.fr\/\"},{\"@type\":\"ListItem\",\"position\":2,\"name\":\"Voyage en Questionnie\"}]},{\"@type\":\"WebSite\",\"@id\":\"https:\/\/www.prendstadose.fr\/#website\",\"url\":\"https:\/\/www.prendstadose.fr\/\",\"name\":\"PRENDS TA DOSE\",\"description\":\"Capsule Culture Pour Analphab\u00e8tes Lettr\u00e9s\",\"publisher\":{\"@id\":\"https:\/\/www.prendstadose.fr\/#organization\"},\"potentialAction\":[{\"@type\":\"SearchAction\",\"target\":{\"@type\":\"EntryPoint\",\"urlTemplate\":\"https:\/\/www.prendstadose.fr\/?s={search_term_string}\"},\"query-input\":{\"@type\":\"PropertyValueSpecification\",\"valueRequired\":true,\"valueName\":\"search_term_string\"}}],\"inLanguage\":\"fr-FR\"},{\"@type\":\"Organization\",\"@id\":\"https:\/\/www.prendstadose.fr\/#organization\",\"name\":\"PrendsTaDose\",\"url\":\"https:\/\/www.prendstadose.fr\/\",\"logo\":{\"@type\":\"ImageObject\",\"inLanguage\":\"fr-FR\",\"@id\":\"https:\/\/www.prendstadose.fr\/#\/schema\/logo\/image\/\",\"url\":\"https:\/\/www.prendstadose.fr\/wp-content\/uploads\/2021\/08\/logo-e1641309847268.png\",\"contentUrl\":\"https:\/\/www.prendstadose.fr\/wp-content\/uploads\/2021\/08\/logo-e1641309847268.png\",\"width\":400,\"height\":406,\"caption\":\"PrendsTaDose\"},\"image\":{\"@id\":\"https:\/\/www.prendstadose.fr\/#\/schema\/logo\/image\/\"},\"sameAs\":[\"https:\/\/www.facebook.com\/BrigadeSansFrontieres\/\",\"https:\/\/www.instagram.com\/romain_mailliu\/\"]},{\"@type\":\"Person\",\"@id\":\"https:\/\/www.prendstadose.fr\/#\/schema\/person\/f0756358117683c969d3b233670ddc21\",\"name\":\"Un Contributeur\",\"url\":\"https:\/\/www.prendstadose.fr\/index.php\/author\/albi\/\"}]}<\/script>\n<!-- \/ Yoast SEO plugin. -->","yoast_head_json":{"title":"Voyage en Questionnie &#8212; PRENDS TA DOSE","description":"&nbsp; A l\u2019occasion du confinement li\u00e9 au Covid 19, j\u2019ai pu me rendre en Questionnie, le pays des Questions qui ne se posent pas. Je n\u2019avais jamais eu","robots":{"index":"index","follow":"follow","max-snippet":"max-snippet:-1","max-image-preview":"max-image-preview:large","max-video-preview":"max-video-preview:-1"},"canonical":"https:\/\/www.prendstadose.fr\/index.php\/2020\/06\/28\/voyage-en-questionnie\/","og_locale":"fr_FR","og_type":"article","og_title":"Voyage en Questionnie &#8212; PRENDS TA DOSE","og_description":"&nbsp; A l\u2019occasion du confinement li\u00e9 au Covid 19, j\u2019ai pu me rendre en Questionnie, le pays des Questions qui ne se posent pas. Je n\u2019avais jamais eu","og_url":"https:\/\/www.prendstadose.fr\/index.php\/2020\/06\/28\/voyage-en-questionnie\/","og_site_name":"PRENDS TA DOSE","article_publisher":"https:\/\/www.facebook.com\/BrigadeSansFrontieres\/","article_published_time":"2020-06-28T11:23:47+00:00","article_modified_time":"2024-09-23T15:55:47+00:00","og_image":[{"width":2560,"height":1706,"url":"https:\/\/www.prendstadose.fr\/wp-content\/uploads\/2020\/06\/compass-held-above-world-map-scaled.jpg","type":"image\/jpeg"}],"author":"Un Contributeur","twitter_card":"summary_large_image","twitter_misc":{"\u00c9crit par":"Un Contributeur","Dur\u00e9e de lecture estim\u00e9e":"5 minutes"},"schema":{"@context":"https:\/\/schema.org","@graph":[{"@type":"Article","@id":"https:\/\/www.prendstadose.fr\/index.php\/2020\/06\/28\/voyage-en-questionnie\/#article","isPartOf":{"@id":"https:\/\/www.prendstadose.fr\/index.php\/2020\/06\/28\/voyage-en-questionnie\/"},"author":{"name":"Un Contributeur","@id":"https:\/\/www.prendstadose.fr\/#\/schema\/person\/f0756358117683c969d3b233670ddc21"},"headline":"Voyage en Questionnie","datePublished":"2020-06-28T11:23:47+00:00","dateModified":"2024-09-23T15:55:47+00:00","mainEntityOfPage":{"@id":"https:\/\/www.prendstadose.fr\/index.php\/2020\/06\/28\/voyage-en-questionnie\/"},"wordCount":1004,"commentCount":3,"publisher":{"@id":"https:\/\/www.prendstadose.fr\/#organization"},"image":{"@id":"https:\/\/www.prendstadose.fr\/index.php\/2020\/06\/28\/voyage-en-questionnie\/#primaryimage"},"thumbnailUrl":"https:\/\/www.prendstadose.fr\/wp-content\/uploads\/2020\/06\/compass-held-above-world-map-scaled.jpg","keywords":["Carlos Calvo","Coronavius","Covid-19","D\u00e9mocratie","Finance","France","Fr\u00e9d\u00e9ric Lordon","Libert\u00e9","Nation","Philosophie","Politique","Question","Terminator","Voyage"],"articleSection":["Cr\u00e9ation"],"inLanguage":"fr-FR","potentialAction":[{"@type":"CommentAction","name":"Comment","target":["https:\/\/www.prendstadose.fr\/index.php\/2020\/06\/28\/voyage-en-questionnie\/#respond"]}]},{"@type":"WebPage","@id":"https:\/\/www.prendstadose.fr\/index.php\/2020\/06\/28\/voyage-en-questionnie\/","url":"https:\/\/www.prendstadose.fr\/index.php\/2020\/06\/28\/voyage-en-questionnie\/","name":"Voyage en Questionnie &#8212; PRENDS TA DOSE","isPartOf":{"@id":"https:\/\/www.prendstadose.fr\/#website"},"primaryImageOfPage":{"@id":"https:\/\/www.prendstadose.fr\/index.php\/2020\/06\/28\/voyage-en-questionnie\/#primaryimage"},"image":{"@id":"https:\/\/www.prendstadose.fr\/index.php\/2020\/06\/28\/voyage-en-questionnie\/#primaryimage"},"thumbnailUrl":"https:\/\/www.prendstadose.fr\/wp-content\/uploads\/2020\/06\/compass-held-above-world-map-scaled.jpg","datePublished":"2020-06-28T11:23:47+00:00","dateModified":"2024-09-23T15:55:47+00:00","description":"&nbsp; A l\u2019occasion du confinement li\u00e9 au Covid 19, j\u2019ai pu me rendre en Questionnie, le pays des Questions qui ne se posent pas. Je n\u2019avais jamais eu","breadcrumb":{"@id":"https:\/\/www.prendstadose.fr\/index.php\/2020\/06\/28\/voyage-en-questionnie\/#breadcrumb"},"inLanguage":"fr-FR","potentialAction":[{"@type":"ReadAction","target":["https:\/\/www.prendstadose.fr\/index.php\/2020\/06\/28\/voyage-en-questionnie\/"]}]},{"@type":"ImageObject","inLanguage":"fr-FR","@id":"https:\/\/www.prendstadose.fr\/index.php\/2020\/06\/28\/voyage-en-questionnie\/#primaryimage","url":"https:\/\/www.prendstadose.fr\/wp-content\/uploads\/2020\/06\/compass-held-above-world-map-scaled.jpg","contentUrl":"https:\/\/www.prendstadose.fr\/wp-content\/uploads\/2020\/06\/compass-held-above-world-map-scaled.jpg","width":2560,"height":1706},{"@type":"BreadcrumbList","@id":"https:\/\/www.prendstadose.fr\/index.php\/2020\/06\/28\/voyage-en-questionnie\/#breadcrumb","itemListElement":[{"@type":"ListItem","position":1,"name":"Accueil","item":"https:\/\/www.prendstadose.fr\/"},{"@type":"ListItem","position":2,"name":"Voyage en Questionnie"}]},{"@type":"WebSite","@id":"https:\/\/www.prendstadose.fr\/#website","url":"https:\/\/www.prendstadose.fr\/","name":"PRENDS TA DOSE","description":"Capsule Culture Pour Analphab\u00e8tes Lettr\u00e9s","publisher":{"@id":"https:\/\/www.prendstadose.fr\/#organization"},"potentialAction":[{"@type":"SearchAction","target":{"@type":"EntryPoint","urlTemplate":"https:\/\/www.prendstadose.fr\/?s={search_term_string}"},"query-input":{"@type":"PropertyValueSpecification","valueRequired":true,"valueName":"search_term_string"}}],"inLanguage":"fr-FR"},{"@type":"Organization","@id":"https:\/\/www.prendstadose.fr\/#organization","name":"PrendsTaDose","url":"https:\/\/www.prendstadose.fr\/","logo":{"@type":"ImageObject","inLanguage":"fr-FR","@id":"https:\/\/www.prendstadose.fr\/#\/schema\/logo\/image\/","url":"https:\/\/www.prendstadose.fr\/wp-content\/uploads\/2021\/08\/logo-e1641309847268.png","contentUrl":"https:\/\/www.prendstadose.fr\/wp-content\/uploads\/2021\/08\/logo-e1641309847268.png","width":400,"height":406,"caption":"PrendsTaDose"},"image":{"@id":"https:\/\/www.prendstadose.fr\/#\/schema\/logo\/image\/"},"sameAs":["https:\/\/www.facebook.com\/BrigadeSansFrontieres\/","https:\/\/www.instagram.com\/romain_mailliu\/"]},{"@type":"Person","@id":"https:\/\/www.prendstadose.fr\/#\/schema\/person\/f0756358117683c969d3b233670ddc21","name":"Un Contributeur","url":"https:\/\/www.prendstadose.fr\/index.php\/author\/albi\/"}]}},"jetpack_publicize_connections":[],"jetpack_featured_media_url":"https:\/\/www.prendstadose.fr\/wp-content\/uploads\/2020\/06\/compass-held-above-world-map-scaled.jpg","jetpack_sharing_enabled":true,"_links":{"self":[{"href":"https:\/\/www.prendstadose.fr\/index.php\/wp-json\/wp\/v2\/posts\/2759","targetHints":{"allow":["GET"]}}],"collection":[{"href":"https:\/\/www.prendstadose.fr\/index.php\/wp-json\/wp\/v2\/posts"}],"about":[{"href":"https:\/\/www.prendstadose.fr\/index.php\/wp-json\/wp\/v2\/types\/post"}],"author":[{"embeddable":true,"href":"https:\/\/www.prendstadose.fr\/index.php\/wp-json\/wp\/v2\/users\/4"}],"replies":[{"embeddable":true,"href":"https:\/\/www.prendstadose.fr\/index.php\/wp-json\/wp\/v2\/comments?post=2759"}],"version-history":[{"count":4,"href":"https:\/\/www.prendstadose.fr\/index.php\/wp-json\/wp\/v2\/posts\/2759\/revisions"}],"predecessor-version":[{"id":2767,"href":"https:\/\/www.prendstadose.fr\/index.php\/wp-json\/wp\/v2\/posts\/2759\/revisions\/2767"}],"wp:featuredmedia":[{"embeddable":true,"href":"https:\/\/www.prendstadose.fr\/index.php\/wp-json\/wp\/v2\/media\/2762"}],"wp:attachment":[{"href":"https:\/\/www.prendstadose.fr\/index.php\/wp-json\/wp\/v2\/media?parent=2759"}],"wp:term":[{"taxonomy":"category","embeddable":true,"href":"https:\/\/www.prendstadose.fr\/index.php\/wp-json\/wp\/v2\/categories?post=2759"},{"taxonomy":"post_tag","embeddable":true,"href":"https:\/\/www.prendstadose.fr\/index.php\/wp-json\/wp\/v2\/tags?post=2759"}],"curies":[{"name":"wp","href":"https:\/\/api.w.org\/{rel}","templated":true}]}}