{"id":2791,"date":"2020-07-05T08:36:01","date_gmt":"2020-07-05T06:36:01","guid":{"rendered":"https:\/\/www.bsf.ovh\/?p=2791"},"modified":"2024-09-23T17:57:18","modified_gmt":"2024-09-23T15:57:18","slug":"ouighours-le-visage-de-lhorreur","status":"publish","type":"post","link":"https:\/\/www.prendstadose.fr\/index.php\/2020\/07\/05\/ouighours-le-visage-de-lhorreur\/","title":{"rendered":"Ou\u00efghours : Le visage de l\u2019horreur\u00a0"},"content":{"rendered":"<p>&nbsp;<\/p>\n<p><span style=\"font-size: 14pt;\"><span style=\"font-weight: 400;\">Depuis longtemps, je souhaitais \u00e9voquer le cas des populations Ou\u00efghours dans cette rubrique. Mais face \u00e0 tant d\u2019horreur aucun de mes mots, ni de mes illustrations ne semblent assez percutant. Il faudrait au minimum un <\/span><a href=\"https:\/\/fr.wikipedia.org\/wiki\/Guernica_(Picasso)\"><i><span style=\"font-weight: 400;\">Guernica<\/span><\/i><\/a><span style=\"font-weight: 400;\"> ou un <\/span><a href=\"https:\/\/fr.wikipedia.org\/wiki\/J%27accuse%E2%80%A6_!\"><i><span style=\"font-weight: 400;\">J\u2019accuse <\/span><\/i><\/a><span style=\"font-weight: 400;\">pour d\u00e9peindre, sans trop de ridicules, la gravit\u00e9 de la situation. <\/span><a href=\"https:\/\/fr.wikipedia.org\/wiki\/Ou%C3%AFghours\"><span style=\"font-weight: 400;\">Cette ethnie musulmane<\/span><\/a><span style=\"font-weight: 400;\"> est s\u00e9rieusement pers\u00e9cut\u00e9e par l\u2019Etat chinois depuis le d\u00e9but des ann\u00e9es 2000. Le gouvernement chinois construit en 2014 des <\/span><a href=\"https:\/\/fr.wikipedia.org\/wiki\/Camps_d%27internement_du_Xinjiang\"><span style=\"font-weight: 400;\">camps d\u2019internement et de r\u00e9\u00e9ducation<\/span><\/a><span style=\"font-weight: 400;\"> destin\u00e9s \u00e0 enfermer des musulmans. Aujourd\u2019hui encore des <\/span><a href=\"https:\/\/www.mediapart.fr\/journal\/international\/100818\/la-chine-detiendrait-un-million-douighours-dans-des-camps-dinternement?onglet=full\"><span style=\"font-weight: 400;\">millions de personnes sont intern\u00e9es dans ces camps<\/span><\/a><span style=\"font-weight: 400;\">.\u00a0<\/span><\/span><\/p>\n<p><span style=\"font-size: 14pt;\"><span style=\"font-weight: 400;\">De jour en jour, la situation semble s\u2019assombrir. Pour \u00eatre honn\u00eate, c\u2019est l<\/span><a href=\"https:\/\/www.vice.com\/fr\/article\/bv8m3q\/la-chine-vend-les-organes-halal-de-ses-prisonniers-ouigours-riches\"><span style=\"font-weight: 400;\">\u2019enqu\u00eate de Vice <\/span><\/a><span style=\"font-weight: 400;\">sur le commerce d\u2019organes qui m\u2019a d\u00e9cid\u00e9 \u00e0 consacrer un dessin \u00e0 ce propos. Je n\u2019ai toujours rien de brillant \u00e0 vous offrir sur la question, m<\/span><span style=\"font-weight: 400;\">ais me voil\u00e0 seulement plus incommod\u00e9 qu\u2019avant d\u2019\u00e9viter le sujet<\/span><span style=\"font-weight: 400;\">. Cet article n\u2019a donc pour autre intention que de vous signaler, sans pr\u00e9tention aucune, l\u2019existence de ces atrocit\u00e9s. Je vous invite, ainsi, \u00e0 vous <\/span><a href=\"https:\/\/uhrp.org\/\"><span style=\"font-weight: 400;\">documenter de votre c\u00f4t\u00e9<\/span><\/a><span style=\"font-weight: 400;\"> sur les proportions de cette infamie qui implique censure, st\u00e9rilisation, torture et ex\u00e9cution. Et si la condition des Ou\u00efghours rappelle le sort d\u2019autres minorit\u00e9s musulmane en Asie (comme les Rohingyas dont j\u2019ai d\u00e9j\u00e0 parl\u00e9 dans <\/span><a href=\"https:\/\/www.bsf.ovh\/index.php\/2019\/12\/20\/guerre-et-paix-la-lady-au-double-visage\/\"><span style=\"font-weight: 400;\">cet article<\/span><\/a><span style=\"font-weight: 400;\">), il est toutefois beaucoup plus difficile diplomatiquement de r\u00e9soudre cette crise humanitaire en faisant pression sur l\u2019Empire du milieu ; premi\u00e8re puissance \u00e9conomique mondiale.<\/span><\/span><\/p>\n<p><span style=\"font-weight: 400; font-size: 14pt;\">Peut-\u00eatre aurai-je l\u2019occasion de traiter de fa\u00e7on plus sp\u00e9cifique la question ou\u00efghoure dans un futur article.\u00a0<\/span><\/p>\n<p>&nbsp;<\/p>\n","protected":false},"excerpt":{"rendered":"<p>&nbsp; Depuis longtemps, je souhaitais \u00e9voquer le cas des populations Ou\u00efghours dans cette rubrique. Mais face&hellip;<\/p>\n","protected":false},"author":3,"featured_media":2792,"comment_status":"open","ping_status":"open","sticky":false,"template":"","format":"standard","meta":{"_editorskit_title_hidden":false,"_editorskit_reading_time":0,"_editorskit_is_block_options_detached":false,"_editorskit_block_options_position":"{}","jetpack_post_was_ever_published":false,"_jetpack_newsletter_access":"","_jetpack_dont_email_post_to_subs":false,"_jetpack_newsletter_tier_id":0,"_jetpack_memberships_contains_paywalled_content":false,"_jetpack_memberships_contains_paid_content":false,"footnotes":"","jetpack_publicize_message":"","jetpack_publicize_feature_enabled":true,"jetpack_social_post_already_shared":false,"jetpack_social_options":{"image_generator_settings":{"template":"highway","enabled":false},"version":2}},"categories":[322],"tags":[421,533,411,534,531,530,532,529],"class_list":["post-2791","post","type-post","status-publish","format-standard","has-post-thumbnail","hentry","category-creation","tag-asie","tag-camps-dinternement","tag-chine","tag-crise-humanitaire","tag-horreur","tag-jaccuse","tag-musulman","tag-ouighours"],"yoast_head":"<!-- This site is optimized with the Yoast SEO plugin v24.6 - https:\/\/yoast.com\/wordpress\/plugins\/seo\/ -->\n<title>Ou\u00efghours : Le visage de l\u2019horreur\u00a0 &#8212; PRENDS TA DOSE<\/title>\n<meta name=\"description\" content=\"&nbsp; Depuis longtemps, je souhaitais \u00e9voquer le cas des populations Ou\u00efghours dans cette rubrique. Mais face \u00e0 tant d\u2019horreur aucun de mes mots, ni de\" \/>\n<meta name=\"robots\" content=\"index, follow, max-snippet:-1, max-image-preview:large, max-video-preview:-1\" \/>\n<link rel=\"canonical\" href=\"https:\/\/www.prendstadose.fr\/index.php\/2020\/07\/05\/ouighours-le-visage-de-lhorreur\/\" \/>\n<meta property=\"og:locale\" content=\"fr_FR\" \/>\n<meta property=\"og:type\" content=\"article\" \/>\n<meta property=\"og:title\" content=\"Ou\u00efghours : Le visage de l\u2019horreur\u00a0 &#8212; PRENDS TA DOSE\" \/>\n<meta property=\"og:description\" content=\"&nbsp; Depuis longtemps, je souhaitais \u00e9voquer le cas des populations Ou\u00efghours dans cette rubrique. Mais face \u00e0 tant d\u2019horreur aucun de mes mots, ni de\" \/>\n<meta property=\"og:url\" content=\"https:\/\/www.prendstadose.fr\/index.php\/2020\/07\/05\/ouighours-le-visage-de-lhorreur\/\" \/>\n<meta property=\"og:site_name\" content=\"PRENDS TA DOSE\" \/>\n<meta property=\"article:publisher\" content=\"https:\/\/www.facebook.com\/BrigadeSansFrontieres\/\" \/>\n<meta property=\"article:published_time\" content=\"2020-07-05T06:36:01+00:00\" \/>\n<meta property=\"article:modified_time\" content=\"2024-09-23T15:57:18+00:00\" \/>\n<meta property=\"og:image\" content=\"https:\/\/www.prendstadose.fr\/wp-content\/uploads\/2020\/07\/IMG_1407-scaled.jpg\" \/>\n\t<meta property=\"og:image:width\" content=\"2560\" \/>\n\t<meta property=\"og:image:height\" content=\"2560\" \/>\n\t<meta property=\"og:image:type\" content=\"image\/jpeg\" \/>\n<meta name=\"author\" content=\"Tibovski\" \/>\n<meta name=\"twitter:card\" content=\"summary_large_image\" \/>\n<meta name=\"twitter:label1\" content=\"\u00c9crit par\" \/>\n\t<meta name=\"twitter:data1\" content=\"Tibovski\" \/>\n\t<meta name=\"twitter:label2\" content=\"Dur\u00e9e de lecture estim\u00e9e\" \/>\n\t<meta name=\"twitter:data2\" content=\"1 minute\" \/>\n<script type=\"application\/ld+json\" class=\"yoast-schema-graph\">{\"@context\":\"https:\/\/schema.org\",\"@graph\":[{\"@type\":\"Article\",\"@id\":\"https:\/\/www.prendstadose.fr\/index.php\/2020\/07\/05\/ouighours-le-visage-de-lhorreur\/#article\",\"isPartOf\":{\"@id\":\"https:\/\/www.prendstadose.fr\/index.php\/2020\/07\/05\/ouighours-le-visage-de-lhorreur\/\"},\"author\":{\"name\":\"Tibovski\",\"@id\":\"https:\/\/www.prendstadose.fr\/#\/schema\/person\/b9a4c3bea7f1286e6488fd15fd4a2e02\"},\"headline\":\"Ou\u00efghours : Le visage de l\u2019horreur\u00a0\",\"datePublished\":\"2020-07-05T06:36:01+00:00\",\"dateModified\":\"2024-09-23T15:57:18+00:00\",\"mainEntityOfPage\":{\"@id\":\"https:\/\/www.prendstadose.fr\/index.php\/2020\/07\/05\/ouighours-le-visage-de-lhorreur\/\"},\"wordCount\":296,\"commentCount\":2,\"publisher\":{\"@id\":\"https:\/\/www.prendstadose.fr\/#organization\"},\"image\":{\"@id\":\"https:\/\/www.prendstadose.fr\/index.php\/2020\/07\/05\/ouighours-le-visage-de-lhorreur\/#primaryimage\"},\"thumbnailUrl\":\"https:\/\/www.prendstadose.fr\/wp-content\/uploads\/2020\/07\/IMG_1407-scaled.jpg\",\"keywords\":[\"Asie\",\"Camps d'internement\",\"Chine\",\"Crise humanitaire\",\"Horreur\",\"J'accuse\",\"Musulman\",\"Ouighours\"],\"articleSection\":[\"Cr\u00e9ation\"],\"inLanguage\":\"fr-FR\",\"potentialAction\":[{\"@type\":\"CommentAction\",\"name\":\"Comment\",\"target\":[\"https:\/\/www.prendstadose.fr\/index.php\/2020\/07\/05\/ouighours-le-visage-de-lhorreur\/#respond\"]}]},{\"@type\":\"WebPage\",\"@id\":\"https:\/\/www.prendstadose.fr\/index.php\/2020\/07\/05\/ouighours-le-visage-de-lhorreur\/\",\"url\":\"https:\/\/www.prendstadose.fr\/index.php\/2020\/07\/05\/ouighours-le-visage-de-lhorreur\/\",\"name\":\"Ou\u00efghours : Le visage de l\u2019horreur\u00a0 &#8212; PRENDS TA DOSE\",\"isPartOf\":{\"@id\":\"https:\/\/www.prendstadose.fr\/#website\"},\"primaryImageOfPage\":{\"@id\":\"https:\/\/www.prendstadose.fr\/index.php\/2020\/07\/05\/ouighours-le-visage-de-lhorreur\/#primaryimage\"},\"image\":{\"@id\":\"https:\/\/www.prendstadose.fr\/index.php\/2020\/07\/05\/ouighours-le-visage-de-lhorreur\/#primaryimage\"},\"thumbnailUrl\":\"https:\/\/www.prendstadose.fr\/wp-content\/uploads\/2020\/07\/IMG_1407-scaled.jpg\",\"datePublished\":\"2020-07-05T06:36:01+00:00\",\"dateModified\":\"2024-09-23T15:57:18+00:00\",\"description\":\"&nbsp; Depuis longtemps, je souhaitais \u00e9voquer le cas des populations Ou\u00efghours dans cette rubrique. Mais face \u00e0 tant d\u2019horreur aucun de mes mots, ni de\",\"breadcrumb\":{\"@id\":\"https:\/\/www.prendstadose.fr\/index.php\/2020\/07\/05\/ouighours-le-visage-de-lhorreur\/#breadcrumb\"},\"inLanguage\":\"fr-FR\",\"potentialAction\":[{\"@type\":\"ReadAction\",\"target\":[\"https:\/\/www.prendstadose.fr\/index.php\/2020\/07\/05\/ouighours-le-visage-de-lhorreur\/\"]}]},{\"@type\":\"ImageObject\",\"inLanguage\":\"fr-FR\",\"@id\":\"https:\/\/www.prendstadose.fr\/index.php\/2020\/07\/05\/ouighours-le-visage-de-lhorreur\/#primaryimage\",\"url\":\"https:\/\/www.prendstadose.fr\/wp-content\/uploads\/2020\/07\/IMG_1407-scaled.jpg\",\"contentUrl\":\"https:\/\/www.prendstadose.fr\/wp-content\/uploads\/2020\/07\/IMG_1407-scaled.jpg\",\"width\":2560,\"height\":2560,\"caption\":\"Ou\u00efghours : Le visage de l\u2019horreur\"},{\"@type\":\"BreadcrumbList\",\"@id\":\"https:\/\/www.prendstadose.fr\/index.php\/2020\/07\/05\/ouighours-le-visage-de-lhorreur\/#breadcrumb\",\"itemListElement\":[{\"@type\":\"ListItem\",\"position\":1,\"name\":\"Accueil\",\"item\":\"https:\/\/www.prendstadose.fr\/\"},{\"@type\":\"ListItem\",\"position\":2,\"name\":\"Ou\u00efghours : Le visage de l\u2019horreur\u00a0\"}]},{\"@type\":\"WebSite\",\"@id\":\"https:\/\/www.prendstadose.fr\/#website\",\"url\":\"https:\/\/www.prendstadose.fr\/\",\"name\":\"PRENDS TA DOSE\",\"description\":\"Capsule Culture Pour Analphab\u00e8tes Lettr\u00e9s\",\"publisher\":{\"@id\":\"https:\/\/www.prendstadose.fr\/#organization\"},\"potentialAction\":[{\"@type\":\"SearchAction\",\"target\":{\"@type\":\"EntryPoint\",\"urlTemplate\":\"https:\/\/www.prendstadose.fr\/?s={search_term_string}\"},\"query-input\":{\"@type\":\"PropertyValueSpecification\",\"valueRequired\":true,\"valueName\":\"search_term_string\"}}],\"inLanguage\":\"fr-FR\"},{\"@type\":\"Organization\",\"@id\":\"https:\/\/www.prendstadose.fr\/#organization\",\"name\":\"PrendsTaDose\",\"url\":\"https:\/\/www.prendstadose.fr\/\",\"logo\":{\"@type\":\"ImageObject\",\"inLanguage\":\"fr-FR\",\"@id\":\"https:\/\/www.prendstadose.fr\/#\/schema\/logo\/image\/\",\"url\":\"https:\/\/www.prendstadose.fr\/wp-content\/uploads\/2021\/08\/logo-e1641309847268.png\",\"contentUrl\":\"https:\/\/www.prendstadose.fr\/wp-content\/uploads\/2021\/08\/logo-e1641309847268.png\",\"width\":400,\"height\":406,\"caption\":\"PrendsTaDose\"},\"image\":{\"@id\":\"https:\/\/www.prendstadose.fr\/#\/schema\/logo\/image\/\"},\"sameAs\":[\"https:\/\/www.facebook.com\/BrigadeSansFrontieres\/\",\"https:\/\/www.instagram.com\/romain_mailliu\/\"]},{\"@type\":\"Person\",\"@id\":\"https:\/\/www.prendstadose.fr\/#\/schema\/person\/b9a4c3bea7f1286e6488fd15fd4a2e02\",\"name\":\"Tibovski\",\"url\":\"https:\/\/www.prendstadose.fr\/index.php\/author\/tibovski\/\"}]}<\/script>\n<!-- \/ Yoast SEO plugin. -->","yoast_head_json":{"title":"Ou\u00efghours : Le visage de l\u2019horreur\u00a0 &#8212; PRENDS TA DOSE","description":"&nbsp; Depuis longtemps, je souhaitais \u00e9voquer le cas des populations Ou\u00efghours dans cette rubrique. Mais face \u00e0 tant d\u2019horreur aucun de mes mots, ni de","robots":{"index":"index","follow":"follow","max-snippet":"max-snippet:-1","max-image-preview":"max-image-preview:large","max-video-preview":"max-video-preview:-1"},"canonical":"https:\/\/www.prendstadose.fr\/index.php\/2020\/07\/05\/ouighours-le-visage-de-lhorreur\/","og_locale":"fr_FR","og_type":"article","og_title":"Ou\u00efghours : Le visage de l\u2019horreur\u00a0 &#8212; PRENDS TA DOSE","og_description":"&nbsp; Depuis longtemps, je souhaitais \u00e9voquer le cas des populations Ou\u00efghours dans cette rubrique. Mais face \u00e0 tant d\u2019horreur aucun de mes mots, ni de","og_url":"https:\/\/www.prendstadose.fr\/index.php\/2020\/07\/05\/ouighours-le-visage-de-lhorreur\/","og_site_name":"PRENDS TA DOSE","article_publisher":"https:\/\/www.facebook.com\/BrigadeSansFrontieres\/","article_published_time":"2020-07-05T06:36:01+00:00","article_modified_time":"2024-09-23T15:57:18+00:00","og_image":[{"width":2560,"height":2560,"url":"https:\/\/www.prendstadose.fr\/wp-content\/uploads\/2020\/07\/IMG_1407-scaled.jpg","type":"image\/jpeg"}],"author":"Tibovski","twitter_card":"summary_large_image","twitter_misc":{"\u00c9crit par":"Tibovski","Dur\u00e9e de lecture estim\u00e9e":"1 minute"},"schema":{"@context":"https:\/\/schema.org","@graph":[{"@type":"Article","@id":"https:\/\/www.prendstadose.fr\/index.php\/2020\/07\/05\/ouighours-le-visage-de-lhorreur\/#article","isPartOf":{"@id":"https:\/\/www.prendstadose.fr\/index.php\/2020\/07\/05\/ouighours-le-visage-de-lhorreur\/"},"author":{"name":"Tibovski","@id":"https:\/\/www.prendstadose.fr\/#\/schema\/person\/b9a4c3bea7f1286e6488fd15fd4a2e02"},"headline":"Ou\u00efghours : Le visage de l\u2019horreur\u00a0","datePublished":"2020-07-05T06:36:01+00:00","dateModified":"2024-09-23T15:57:18+00:00","mainEntityOfPage":{"@id":"https:\/\/www.prendstadose.fr\/index.php\/2020\/07\/05\/ouighours-le-visage-de-lhorreur\/"},"wordCount":296,"commentCount":2,"publisher":{"@id":"https:\/\/www.prendstadose.fr\/#organization"},"image":{"@id":"https:\/\/www.prendstadose.fr\/index.php\/2020\/07\/05\/ouighours-le-visage-de-lhorreur\/#primaryimage"},"thumbnailUrl":"https:\/\/www.prendstadose.fr\/wp-content\/uploads\/2020\/07\/IMG_1407-scaled.jpg","keywords":["Asie","Camps d'internement","Chine","Crise humanitaire","Horreur","J'accuse","Musulman","Ouighours"],"articleSection":["Cr\u00e9ation"],"inLanguage":"fr-FR","potentialAction":[{"@type":"CommentAction","name":"Comment","target":["https:\/\/www.prendstadose.fr\/index.php\/2020\/07\/05\/ouighours-le-visage-de-lhorreur\/#respond"]}]},{"@type":"WebPage","@id":"https:\/\/www.prendstadose.fr\/index.php\/2020\/07\/05\/ouighours-le-visage-de-lhorreur\/","url":"https:\/\/www.prendstadose.fr\/index.php\/2020\/07\/05\/ouighours-le-visage-de-lhorreur\/","name":"Ou\u00efghours : Le visage de l\u2019horreur\u00a0 &#8212; PRENDS TA DOSE","isPartOf":{"@id":"https:\/\/www.prendstadose.fr\/#website"},"primaryImageOfPage":{"@id":"https:\/\/www.prendstadose.fr\/index.php\/2020\/07\/05\/ouighours-le-visage-de-lhorreur\/#primaryimage"},"image":{"@id":"https:\/\/www.prendstadose.fr\/index.php\/2020\/07\/05\/ouighours-le-visage-de-lhorreur\/#primaryimage"},"thumbnailUrl":"https:\/\/www.prendstadose.fr\/wp-content\/uploads\/2020\/07\/IMG_1407-scaled.jpg","datePublished":"2020-07-05T06:36:01+00:00","dateModified":"2024-09-23T15:57:18+00:00","description":"&nbsp; Depuis longtemps, je souhaitais \u00e9voquer le cas des populations Ou\u00efghours dans cette rubrique. Mais face \u00e0 tant d\u2019horreur aucun de mes mots, ni de","breadcrumb":{"@id":"https:\/\/www.prendstadose.fr\/index.php\/2020\/07\/05\/ouighours-le-visage-de-lhorreur\/#breadcrumb"},"inLanguage":"fr-FR","potentialAction":[{"@type":"ReadAction","target":["https:\/\/www.prendstadose.fr\/index.php\/2020\/07\/05\/ouighours-le-visage-de-lhorreur\/"]}]},{"@type":"ImageObject","inLanguage":"fr-FR","@id":"https:\/\/www.prendstadose.fr\/index.php\/2020\/07\/05\/ouighours-le-visage-de-lhorreur\/#primaryimage","url":"https:\/\/www.prendstadose.fr\/wp-content\/uploads\/2020\/07\/IMG_1407-scaled.jpg","contentUrl":"https:\/\/www.prendstadose.fr\/wp-content\/uploads\/2020\/07\/IMG_1407-scaled.jpg","width":2560,"height":2560,"caption":"Ou\u00efghours : Le visage de l\u2019horreur"},{"@type":"BreadcrumbList","@id":"https:\/\/www.prendstadose.fr\/index.php\/2020\/07\/05\/ouighours-le-visage-de-lhorreur\/#breadcrumb","itemListElement":[{"@type":"ListItem","position":1,"name":"Accueil","item":"https:\/\/www.prendstadose.fr\/"},{"@type":"ListItem","position":2,"name":"Ou\u00efghours : Le visage de l\u2019horreur\u00a0"}]},{"@type":"WebSite","@id":"https:\/\/www.prendstadose.fr\/#website","url":"https:\/\/www.prendstadose.fr\/","name":"PRENDS TA DOSE","description":"Capsule Culture Pour Analphab\u00e8tes Lettr\u00e9s","publisher":{"@id":"https:\/\/www.prendstadose.fr\/#organization"},"potentialAction":[{"@type":"SearchAction","target":{"@type":"EntryPoint","urlTemplate":"https:\/\/www.prendstadose.fr\/?s={search_term_string}"},"query-input":{"@type":"PropertyValueSpecification","valueRequired":true,"valueName":"search_term_string"}}],"inLanguage":"fr-FR"},{"@type":"Organization","@id":"https:\/\/www.prendstadose.fr\/#organization","name":"PrendsTaDose","url":"https:\/\/www.prendstadose.fr\/","logo":{"@type":"ImageObject","inLanguage":"fr-FR","@id":"https:\/\/www.prendstadose.fr\/#\/schema\/logo\/image\/","url":"https:\/\/www.prendstadose.fr\/wp-content\/uploads\/2021\/08\/logo-e1641309847268.png","contentUrl":"https:\/\/www.prendstadose.fr\/wp-content\/uploads\/2021\/08\/logo-e1641309847268.png","width":400,"height":406,"caption":"PrendsTaDose"},"image":{"@id":"https:\/\/www.prendstadose.fr\/#\/schema\/logo\/image\/"},"sameAs":["https:\/\/www.facebook.com\/BrigadeSansFrontieres\/","https:\/\/www.instagram.com\/romain_mailliu\/"]},{"@type":"Person","@id":"https:\/\/www.prendstadose.fr\/#\/schema\/person\/b9a4c3bea7f1286e6488fd15fd4a2e02","name":"Tibovski","url":"https:\/\/www.prendstadose.fr\/index.php\/author\/tibovski\/"}]}},"jetpack_publicize_connections":[],"jetpack_featured_media_url":"https:\/\/www.prendstadose.fr\/wp-content\/uploads\/2020\/07\/IMG_1407-scaled.jpg","jetpack_sharing_enabled":true,"_links":{"self":[{"href":"https:\/\/www.prendstadose.fr\/index.php\/wp-json\/wp\/v2\/posts\/2791","targetHints":{"allow":["GET"]}}],"collection":[{"href":"https:\/\/www.prendstadose.fr\/index.php\/wp-json\/wp\/v2\/posts"}],"about":[{"href":"https:\/\/www.prendstadose.fr\/index.php\/wp-json\/wp\/v2\/types\/post"}],"author":[{"embeddable":true,"href":"https:\/\/www.prendstadose.fr\/index.php\/wp-json\/wp\/v2\/users\/3"}],"replies":[{"embeddable":true,"href":"https:\/\/www.prendstadose.fr\/index.php\/wp-json\/wp\/v2\/comments?post=2791"}],"version-history":[{"count":1,"href":"https:\/\/www.prendstadose.fr\/index.php\/wp-json\/wp\/v2\/posts\/2791\/revisions"}],"predecessor-version":[{"id":2793,"href":"https:\/\/www.prendstadose.fr\/index.php\/wp-json\/wp\/v2\/posts\/2791\/revisions\/2793"}],"wp:featuredmedia":[{"embeddable":true,"href":"https:\/\/www.prendstadose.fr\/index.php\/wp-json\/wp\/v2\/media\/2792"}],"wp:attachment":[{"href":"https:\/\/www.prendstadose.fr\/index.php\/wp-json\/wp\/v2\/media?parent=2791"}],"wp:term":[{"taxonomy":"category","embeddable":true,"href":"https:\/\/www.prendstadose.fr\/index.php\/wp-json\/wp\/v2\/categories?post=2791"},{"taxonomy":"post_tag","embeddable":true,"href":"https:\/\/www.prendstadose.fr\/index.php\/wp-json\/wp\/v2\/tags?post=2791"}],"curies":[{"name":"wp","href":"https:\/\/api.w.org\/{rel}","templated":true}]}}