{"id":2795,"date":"2020-07-08T17:04:23","date_gmt":"2020-07-08T15:04:23","guid":{"rendered":"https:\/\/www.bsf.ovh\/?p=2795"},"modified":"2024-09-23T17:48:51","modified_gmt":"2024-09-23T15:48:51","slug":"cap-ou-pas-cap","status":"publish","type":"post","link":"https:\/\/www.prendstadose.fr\/index.php\/2020\/07\/08\/cap-ou-pas-cap\/","title":{"rendered":"Cap ou pas cap ? !"},"content":{"rendered":"<p>&nbsp;<\/p>\n<p><span style=\"font-weight: 400; font-size: 14pt;\">\u201cUn texte vit gr\u00e2ce \u00e0 ses lecteurs\u201d. C\u2019est \u00e0 la faveur de cette petite phrase des plus innocentes que je me retrouve face \u00e0 vous, en cette soir\u00e9e orageuse, avec la chaleur tropicale et \u00e9crasante d\u2019un mois de mai dans le Delta du M\u00e9kong au Vietnam, \u00e0 \u00e9crire. Enfin gr\u00e2ce \u2026 parfois je me dis \u00e0 cause ! Tout \u00e7a parce que, pour une fois, j\u2019ai os\u00e9 dire ce que je pensais sinc\u00e8rement, j\u2019ai os\u00e9 d\u00e9passer cette petite voix au fond de moi qui me disait habituellement : \u201cEs-tu vraiment s\u00fbre de vouloir exprimer ou faire \u00e7a ? Es-tu s\u00fbre que ce n\u2019est pas stupide ? Es-tu s\u00fbre que \u00e7a en vaut la peine ? Es-tu s\u00fbre que \u00e7a va les int\u00e9resser ? Es-tu s\u00fbre que\u201d. Je pourrais vous faire une liste longue comme le Code Civil qui hantait mes nuits \u00e9tudiantes ! Mais bon, je ne voudrais pas vous donner l\u2019impression que je vous prends de haut, je suis s\u00fbre que vous avez compris.\u00a0<\/span><\/p>\n<p>&nbsp;<\/p>\n<p><img loading=\"lazy\" decoding=\"async\" class=\"aligncenter wp-image-2797 size-large\" src=\"https:\/\/www.bsf.ovh\/wp-content\/uploads\/2020\/07\/CAP4-682x1024.png\" alt=\"\" width=\"682\" height=\"1024\" srcset=\"https:\/\/www.prendstadose.fr\/wp-content\/uploads\/2020\/07\/CAP4-682x1024.png 682w, https:\/\/www.prendstadose.fr\/wp-content\/uploads\/2020\/07\/CAP4-200x300.png 200w, https:\/\/www.prendstadose.fr\/wp-content\/uploads\/2020\/07\/CAP4-768x1152.png 768w, https:\/\/www.prendstadose.fr\/wp-content\/uploads\/2020\/07\/CAP4-585x878.png 585w, https:\/\/www.prendstadose.fr\/wp-content\/uploads\/2020\/07\/CAP4.png 975w\" sizes=\"auto, (max-width: 682px) 100vw, 682px\" \/><\/p>\n<p>&nbsp;<\/p>\n<p><span style=\"font-size: 14pt;\"><span style=\"font-weight: 400;\">Vous allez vous dire que j\u2019ai \u00e9t\u00e9 audacieuse, que je me suis engag\u00e9e dans une cause consid\u00e9rable, un combat embl\u00e9matique ! M\u00eame pas\u2026 J\u2019ai tout banalement compliment\u00e9 l\u2019auteur d\u2019un article. Un commentaire pour un grand journaliste ? Une analyse pouss\u00e9e d\u2019un \u00e9crivain de renom ? Non, un simple retour de lecture, un simple besoin de partager mon ressenti, ce que ses mots avaient pu provoquer en moi. Mon but ? L\u2019excitation d\u2019\u00e9crire \u00e0 un quasi inconnu ? Peut \u00eatre. L\u2019encourager \u00e0 continuer \u00e0 \u2019\u00e9crire ? Qui sait. L\u2019envie de conna\u00eetre un peu plus qui se cachait derri\u00e8re ce texte ? Sans doute. Pour \u00eatre franche, je n\u2019en avait pas la moindre id\u00e9e ! Pour tout vous dire: je ne regrette pas d\u2019\u00eatre sortie des sentiers battus. Jeune mill\u00e9niale que je suis, de ne pas avoir c\u00e9d\u00e9 \u00e0 la tentation de double cliquer sur mon smartphone 2.0 pour mettre un simple <\/span><i><span style=\"font-weight: 400;\">jaime<\/span><\/i><span style=\"font-weight: 400;\">. D\u2019avoir tout bonnement partag\u00e9 son article dans ma eni\u00e8me story Instagram. O\u00f9 m\u00eame pire, d\u2019avoir remis \u00e0 plus tard &#8211; comme ma g\u00e9n\u00e9ration Y et moi m\u00eame savons si bien le faire &#8211; ce partage de lecture.\u00a0<\/span><\/span><\/p>\n<p><span style=\"font-weight: 400; font-size: 14pt;\">Non, cette fois j\u2019ai fais le grand saut, enfin plut\u00f4t le petit, car le grand saut c\u2019est l\u00e0, maintenant, tout de suite, que je le r\u00e9alise en \u00e9crivant ces quelques lignes. Pardon, je m\u2019\u00e9parpille. Pour ma d\u00e9fense, ce n\u2019est pas dans mes habitudes d\u2019\u00e9crire. Enfin, plut\u00f4t d\u2019\u00e9crire pour publier. Revenons \u00e0 nos moutons ou plus exactement \u00e0 nos sauts ! Retournons \u00e0 ce petit saut, ce petit pas pour l\u2019humanit\u00e9 et ce grand pas pour moi m\u00eame.\u00a0<\/span><\/p>\n<p>&nbsp;<\/p>\n<p><img loading=\"lazy\" decoding=\"async\" class=\"aligncenter wp-image-2799 size-large\" src=\"https:\/\/www.bsf.ovh\/wp-content\/uploads\/2020\/07\/CAP2-737x1024.png\" alt=\"\" width=\"737\" height=\"1024\" srcset=\"https:\/\/www.prendstadose.fr\/wp-content\/uploads\/2020\/07\/CAP2-737x1024.png 737w, https:\/\/www.prendstadose.fr\/wp-content\/uploads\/2020\/07\/CAP2-216x300.png 216w, https:\/\/www.prendstadose.fr\/wp-content\/uploads\/2020\/07\/CAP2-768x1067.png 768w, https:\/\/www.prendstadose.fr\/wp-content\/uploads\/2020\/07\/CAP2-585x812.png 585w, https:\/\/www.prendstadose.fr\/wp-content\/uploads\/2020\/07\/CAP2.png 975w\" sizes=\"auto, (max-width: 737px) 100vw, 737px\" \/><\/p>\n<p>&nbsp;<\/p>\n<p><span style=\"font-weight: 400; font-size: 14pt;\">Recommen\u00e7ons du d\u00e9but. C\u2019est vous dire \u00e0 quel point je me suis \u00e9parpill\u00e9e ! \u201cUn texte vit gr\u00e2ce \u00e0 ses lecteurs\u201d. Cette phrase m\u2019a fait un petit \u00e9lectrochoc. Elle \u00e9tait pourtant sortie un peu de nul part. Mais pas de n&rsquo;importe qui. De l&rsquo;auteur m\u00eame que j&rsquo;avais compliment\u00e9 en amont sur son article. Nous \u00e9tions en plein d\u00e9bat sur la question de l\u2019\u00e9criture. Suite \u00e0 ma critique positive sur son texte, il m\u2019avait pi\u00e9g\u00e9 en me demandant si j\u2019\u00e9crivais. Vaste question, vaste r\u00e9ponse.\u00a0<\/span><\/p>\n<p><span style=\"font-weight: 400; font-size: 14pt;\">Amoureuse de lecture que je suis, je ne pouvais me d\u00e9finir comme quelqu\u2019un qui \u00e9crit. J\u2019ai bien couch\u00e9 sur le papier quelques pens\u00e9es, tent\u00e9 quelques carnets de bord lors de mes diff\u00e9rents s\u00e9jours \u00e0 l\u2019\u00e9tranger. Mon c\u00f4t\u00e9 romantique m\u2019a \u00e9galement fait \u00e9crire quelques lettres d\u2019amour. Mais ai-je vraiment \u00e9crit ? Apr\u00e8s quelques \u00e9changes sur cette question infinie de l\u2019\u00e9criture, apr\u00e8s quelques tournures de phrases plut\u00f4t bien faites pour essayer de lui prouver que l\u2019\u00e9criture selon moi perdrait toute sa puret\u00e9 d\u00e8s lors qu\u2019elle est con\u00e7ue dans le but d\u2019\u00eatre publi\u00e9e, en t\u00e2chant de lui faire croire que l\u2019auteur pouvait \u00eatre lui m\u00eame le lecteur, j\u2019\u00e9tais moi m\u00eame \u00e0 court d\u2019arguments.\u00a0\u00a0<\/span><\/p>\n<p><span style=\"font-size: 14pt;\"><span style=\"font-weight: 400;\">Ma petite voix \u00e9tait de retour. Sa phrase me revenait sans cesse \u00e0 l\u2019esprit : \u201cUn texte vit gr\u00e2ce \u00e0 ses lecteurs\u201d. Elle sonnait dans ma t\u00eate comme un \u201cCap ou pas cap\u201d. Vous savez cette fourberie popularis\u00e9e par le film <\/span><a href=\"http:\/\/www.allocine.fr\/film\/fichefilm_gen_cfilm=46551.html\"><i><span style=\"font-weight: 400;\">Jeux d\u2019enfants<\/span><\/i><\/a><span style=\"font-weight: 400;\"> avec Marion Cotillard et Guillaume Canet. De leur plus tendre enfance jusqu\u2019\u00e0 leur mort, ils se lancent des d\u00e9fis \u00e0 l\u2019aide d\u2019une bo\u00eete en m\u00e9tal. Celui qui d\u00e9tient la bo\u00eete est le ma\u00eetre du jeu et peut lancer n\u2019importe quel d\u00e9fi, conclu par le fameux \u201cCap ou pas cap\u201d. Une fois le d\u00e9fi relev\u00e9, la bo\u00eete \u00e9tait transmise \u00e0 l\u2019autre et les r\u00f4les invers\u00e9s.\u00a0<\/span><\/span><\/p>\n<p><span style=\"font-size: 14pt;\"><span style=\"font-weight: 400;\">Alors sa phrase, pour moi, c\u2019\u00e9tait un peu ma bo\u00eete en m\u00e9tal. Vous allez me dire \u201cet le <\/span><i><span style=\"font-weight: 400;\">Cap ou pas cap<\/span><\/i><span style=\"font-weight: 400;\">, il est o\u00f9 dans ta jolie m\u00e9taphore ?\u201d Le \u201cCap ou pas cap\u201d c&rsquo;\u00e9tait ma petite voix, avec toutes mes questions, mes peurs, mes interrogations\u2026 Vous savez, mon Code Civil du d\u00e9but ! L\u2019auteur de l\u2019article m\u2019avait transmis la boite en m\u00e9tal, et je m\u2019\u00e9tais donn\u00e9e le \u201cCap ou pas cap\u201d moi-m\u00eame.\u00a0<\/span><\/span><\/p>\n<p>&nbsp;<\/p>\n<p><img loading=\"lazy\" decoding=\"async\" class=\"aligncenter wp-image-2798 size-full\" src=\"https:\/\/www.bsf.ovh\/wp-content\/uploads\/2020\/07\/CAP3.png\" alt=\"\" width=\"975\" height=\"646\" srcset=\"https:\/\/www.prendstadose.fr\/wp-content\/uploads\/2020\/07\/CAP3.png 975w, https:\/\/www.prendstadose.fr\/wp-content\/uploads\/2020\/07\/CAP3-300x199.png 300w, https:\/\/www.prendstadose.fr\/wp-content\/uploads\/2020\/07\/CAP3-768x509.png 768w, https:\/\/www.prendstadose.fr\/wp-content\/uploads\/2020\/07\/CAP3-780x516.png 780w, https:\/\/www.prendstadose.fr\/wp-content\/uploads\/2020\/07\/CAP3-585x388.png 585w, https:\/\/www.prendstadose.fr\/wp-content\/uploads\/2020\/07\/CAP3-263x175.png 263w\" sizes=\"auto, (max-width: 975px) 100vw, 975px\" \/><\/p>\n<p><span style=\"font-weight: 400; font-size: 14pt;\">\u00a0<\/span><\/p>\n<p><span style=\"font-weight: 400; font-size: 14pt;\">Et voil\u00e0, cher lecteur, nous nous rencontrons. Nous voil\u00e0 aujourd\u2019hui, vous et moi, \u00e0 faire vivre ce texte. Parce que n\u2019oublions pas qu&rsquo;\u201dun texte vit gr\u00e2ce \u00e0 ses lecteurs.\u201d<\/span><\/p>\n<p><span style=\"font-weight: 400;\"><span style=\"font-size: 14pt;\">\u00a0Mon prochain saut ? Il est d\u00e9j\u00e0 en pr\u00e9paration. Recommencer cet exercice d\u2019\u00e9criture, mais avec un sujet donn\u00e9, avec un cadre peut-\u00eatre ? Allez, vous pouvez le dire, j\u2019ai \u00e9t\u00e9 un peu brouillon ! Mais j\u2019ai fais le grand saut. On a fait le grand saut. Auteur et lecteur, ensemble. Alors, on recommence ? \u201cCap ou pas cap\u201d !<\/span> <\/span><\/p>\n<p style=\"text-align: right;\"><span style=\"font-size: 14pt;\"><strong>Daphn\u00e9 Fradin\u00a0<\/strong><\/span><\/p>\n","protected":false},"excerpt":{"rendered":"<p>&nbsp; \u201cUn texte vit gr\u00e2ce \u00e0 ses lecteurs\u201d. C\u2019est \u00e0 la faveur de cette petite phrase&hellip;<\/p>\n","protected":false},"author":4,"featured_media":2796,"comment_status":"open","ping_status":"open","sticky":false,"template":"","format":"standard","meta":{"_editorskit_title_hidden":false,"_editorskit_reading_time":0,"_editorskit_is_block_options_detached":false,"_editorskit_block_options_position":"{}","jetpack_post_was_ever_published":false,"_jetpack_newsletter_access":"","_jetpack_dont_email_post_to_subs":false,"_jetpack_newsletter_tier_id":0,"_jetpack_memberships_contains_paywalled_content":false,"_jetpack_memberships_contains_paid_content":false,"footnotes":"","jetpack_publicize_message":"","jetpack_publicize_feature_enabled":true,"jetpack_social_post_already_shared":false,"jetpack_social_options":{"image_generator_settings":{"template":"highway","enabled":false},"version":2}},"categories":[322],"tags":[102,538,447,242,537,536,469,156,535,539],"class_list":["post-2795","post","type-post","status-publish","format-standard","has-post-thumbnail","hentry","category-creation","tag-aventure","tag-cap","tag-ecrire","tag-ecriture","tag-jeux-denfants","tag-lecteur","tag-lecture","tag-litterature","tag-milleniale","tag-vertige"],"yoast_head":"<!-- This site is optimized with the Yoast SEO plugin v24.6 - https:\/\/yoast.com\/wordpress\/plugins\/seo\/ -->\n<title>Cap ou pas cap ? ! &#8212; PRENDS TA DOSE<\/title>\n<meta name=\"description\" content=\"&nbsp; \u201cUn texte vit gr\u00e2ce \u00e0 ses lecteurs\u201d. C\u2019est \u00e0 la faveur de cette petite phrase des plus innocentes que je me retrouve face \u00e0 vous, en cette soir\u00e9e\" \/>\n<meta name=\"robots\" content=\"index, follow, max-snippet:-1, max-image-preview:large, max-video-preview:-1\" \/>\n<link rel=\"canonical\" href=\"https:\/\/www.prendstadose.fr\/index.php\/2020\/07\/08\/cap-ou-pas-cap\/\" \/>\n<meta property=\"og:locale\" content=\"fr_FR\" \/>\n<meta property=\"og:type\" content=\"article\" \/>\n<meta property=\"og:title\" content=\"Cap ou pas cap ? ! &#8212; PRENDS TA DOSE\" \/>\n<meta property=\"og:description\" content=\"&nbsp; \u201cUn texte vit gr\u00e2ce \u00e0 ses lecteurs\u201d. C\u2019est \u00e0 la faveur de cette petite phrase des plus innocentes que je me retrouve face \u00e0 vous, en cette soir\u00e9e\" \/>\n<meta property=\"og:url\" content=\"https:\/\/www.prendstadose.fr\/index.php\/2020\/07\/08\/cap-ou-pas-cap\/\" \/>\n<meta property=\"og:site_name\" content=\"PRENDS TA DOSE\" \/>\n<meta property=\"article:publisher\" content=\"https:\/\/www.facebook.com\/BrigadeSansFrontieres\/\" \/>\n<meta property=\"article:published_time\" content=\"2020-07-08T15:04:23+00:00\" \/>\n<meta property=\"article:modified_time\" content=\"2024-09-23T15:48:51+00:00\" \/>\n<meta property=\"og:image\" content=\"https:\/\/www.prendstadose.fr\/wp-content\/uploads\/2020\/07\/cap1.png\" \/>\n\t<meta property=\"og:image:width\" content=\"975\" \/>\n\t<meta property=\"og:image:height\" content=\"650\" \/>\n\t<meta property=\"og:image:type\" content=\"image\/png\" \/>\n<meta name=\"author\" content=\"Un Contributeur\" \/>\n<meta name=\"twitter:card\" content=\"summary_large_image\" \/>\n<meta name=\"twitter:label1\" content=\"\u00c9crit par\" \/>\n\t<meta name=\"twitter:data1\" content=\"Un Contributeur\" \/>\n\t<meta name=\"twitter:label2\" content=\"Dur\u00e9e de lecture estim\u00e9e\" \/>\n\t<meta name=\"twitter:data2\" content=\"5 minutes\" \/>\n<script type=\"application\/ld+json\" class=\"yoast-schema-graph\">{\"@context\":\"https:\/\/schema.org\",\"@graph\":[{\"@type\":\"Article\",\"@id\":\"https:\/\/www.prendstadose.fr\/index.php\/2020\/07\/08\/cap-ou-pas-cap\/#article\",\"isPartOf\":{\"@id\":\"https:\/\/www.prendstadose.fr\/index.php\/2020\/07\/08\/cap-ou-pas-cap\/\"},\"author\":{\"name\":\"Un Contributeur\",\"@id\":\"https:\/\/www.prendstadose.fr\/#\/schema\/person\/f0756358117683c969d3b233670ddc21\"},\"headline\":\"Cap ou pas cap ? !\",\"datePublished\":\"2020-07-08T15:04:23+00:00\",\"dateModified\":\"2024-09-23T15:48:51+00:00\",\"mainEntityOfPage\":{\"@id\":\"https:\/\/www.prendstadose.fr\/index.php\/2020\/07\/08\/cap-ou-pas-cap\/\"},\"wordCount\":993,\"commentCount\":4,\"publisher\":{\"@id\":\"https:\/\/www.prendstadose.fr\/#organization\"},\"image\":{\"@id\":\"https:\/\/www.prendstadose.fr\/index.php\/2020\/07\/08\/cap-ou-pas-cap\/#primaryimage\"},\"thumbnailUrl\":\"https:\/\/www.prendstadose.fr\/wp-content\/uploads\/2020\/07\/cap1.png\",\"keywords\":[\"Aventure\",\"Cap\",\"Ecrire\",\"Ecriture\",\"Jeux d'enfants\",\"Lecteur\",\"Lecture\",\"Litt\u00e9rature\",\"Mill\u00e9niale\",\"Vertige\"],\"articleSection\":[\"Cr\u00e9ation\"],\"inLanguage\":\"fr-FR\",\"potentialAction\":[{\"@type\":\"CommentAction\",\"name\":\"Comment\",\"target\":[\"https:\/\/www.prendstadose.fr\/index.php\/2020\/07\/08\/cap-ou-pas-cap\/#respond\"]}]},{\"@type\":\"WebPage\",\"@id\":\"https:\/\/www.prendstadose.fr\/index.php\/2020\/07\/08\/cap-ou-pas-cap\/\",\"url\":\"https:\/\/www.prendstadose.fr\/index.php\/2020\/07\/08\/cap-ou-pas-cap\/\",\"name\":\"Cap ou pas cap ? ! &#8212; PRENDS TA DOSE\",\"isPartOf\":{\"@id\":\"https:\/\/www.prendstadose.fr\/#website\"},\"primaryImageOfPage\":{\"@id\":\"https:\/\/www.prendstadose.fr\/index.php\/2020\/07\/08\/cap-ou-pas-cap\/#primaryimage\"},\"image\":{\"@id\":\"https:\/\/www.prendstadose.fr\/index.php\/2020\/07\/08\/cap-ou-pas-cap\/#primaryimage\"},\"thumbnailUrl\":\"https:\/\/www.prendstadose.fr\/wp-content\/uploads\/2020\/07\/cap1.png\",\"datePublished\":\"2020-07-08T15:04:23+00:00\",\"dateModified\":\"2024-09-23T15:48:51+00:00\",\"description\":\"&nbsp; \u201cUn texte vit gr\u00e2ce \u00e0 ses lecteurs\u201d. C\u2019est \u00e0 la faveur de cette petite phrase des plus innocentes que je me retrouve face \u00e0 vous, en cette soir\u00e9e\",\"breadcrumb\":{\"@id\":\"https:\/\/www.prendstadose.fr\/index.php\/2020\/07\/08\/cap-ou-pas-cap\/#breadcrumb\"},\"inLanguage\":\"fr-FR\",\"potentialAction\":[{\"@type\":\"ReadAction\",\"target\":[\"https:\/\/www.prendstadose.fr\/index.php\/2020\/07\/08\/cap-ou-pas-cap\/\"]}]},{\"@type\":\"ImageObject\",\"inLanguage\":\"fr-FR\",\"@id\":\"https:\/\/www.prendstadose.fr\/index.php\/2020\/07\/08\/cap-ou-pas-cap\/#primaryimage\",\"url\":\"https:\/\/www.prendstadose.fr\/wp-content\/uploads\/2020\/07\/cap1.png\",\"contentUrl\":\"https:\/\/www.prendstadose.fr\/wp-content\/uploads\/2020\/07\/cap1.png\",\"width\":975,\"height\":650},{\"@type\":\"BreadcrumbList\",\"@id\":\"https:\/\/www.prendstadose.fr\/index.php\/2020\/07\/08\/cap-ou-pas-cap\/#breadcrumb\",\"itemListElement\":[{\"@type\":\"ListItem\",\"position\":1,\"name\":\"Accueil\",\"item\":\"https:\/\/www.prendstadose.fr\/\"},{\"@type\":\"ListItem\",\"position\":2,\"name\":\"Cap ou pas cap ? !\"}]},{\"@type\":\"WebSite\",\"@id\":\"https:\/\/www.prendstadose.fr\/#website\",\"url\":\"https:\/\/www.prendstadose.fr\/\",\"name\":\"PRENDS TA DOSE\",\"description\":\"Capsule Culture Pour Analphab\u00e8tes Lettr\u00e9s\",\"publisher\":{\"@id\":\"https:\/\/www.prendstadose.fr\/#organization\"},\"potentialAction\":[{\"@type\":\"SearchAction\",\"target\":{\"@type\":\"EntryPoint\",\"urlTemplate\":\"https:\/\/www.prendstadose.fr\/?s={search_term_string}\"},\"query-input\":{\"@type\":\"PropertyValueSpecification\",\"valueRequired\":true,\"valueName\":\"search_term_string\"}}],\"inLanguage\":\"fr-FR\"},{\"@type\":\"Organization\",\"@id\":\"https:\/\/www.prendstadose.fr\/#organization\",\"name\":\"PrendsTaDose\",\"url\":\"https:\/\/www.prendstadose.fr\/\",\"logo\":{\"@type\":\"ImageObject\",\"inLanguage\":\"fr-FR\",\"@id\":\"https:\/\/www.prendstadose.fr\/#\/schema\/logo\/image\/\",\"url\":\"https:\/\/www.prendstadose.fr\/wp-content\/uploads\/2021\/08\/logo-e1641309847268.png\",\"contentUrl\":\"https:\/\/www.prendstadose.fr\/wp-content\/uploads\/2021\/08\/logo-e1641309847268.png\",\"width\":400,\"height\":406,\"caption\":\"PrendsTaDose\"},\"image\":{\"@id\":\"https:\/\/www.prendstadose.fr\/#\/schema\/logo\/image\/\"},\"sameAs\":[\"https:\/\/www.facebook.com\/BrigadeSansFrontieres\/\",\"https:\/\/www.instagram.com\/romain_mailliu\/\"]},{\"@type\":\"Person\",\"@id\":\"https:\/\/www.prendstadose.fr\/#\/schema\/person\/f0756358117683c969d3b233670ddc21\",\"name\":\"Un Contributeur\",\"url\":\"https:\/\/www.prendstadose.fr\/index.php\/author\/albi\/\"}]}<\/script>\n<!-- \/ Yoast SEO plugin. -->","yoast_head_json":{"title":"Cap ou pas cap ? ! &#8212; PRENDS TA DOSE","description":"&nbsp; \u201cUn texte vit gr\u00e2ce \u00e0 ses lecteurs\u201d. C\u2019est \u00e0 la faveur de cette petite phrase des plus innocentes que je me retrouve face \u00e0 vous, en cette soir\u00e9e","robots":{"index":"index","follow":"follow","max-snippet":"max-snippet:-1","max-image-preview":"max-image-preview:large","max-video-preview":"max-video-preview:-1"},"canonical":"https:\/\/www.prendstadose.fr\/index.php\/2020\/07\/08\/cap-ou-pas-cap\/","og_locale":"fr_FR","og_type":"article","og_title":"Cap ou pas cap ? ! &#8212; PRENDS TA DOSE","og_description":"&nbsp; \u201cUn texte vit gr\u00e2ce \u00e0 ses lecteurs\u201d. C\u2019est \u00e0 la faveur de cette petite phrase des plus innocentes que je me retrouve face \u00e0 vous, en cette soir\u00e9e","og_url":"https:\/\/www.prendstadose.fr\/index.php\/2020\/07\/08\/cap-ou-pas-cap\/","og_site_name":"PRENDS TA DOSE","article_publisher":"https:\/\/www.facebook.com\/BrigadeSansFrontieres\/","article_published_time":"2020-07-08T15:04:23+00:00","article_modified_time":"2024-09-23T15:48:51+00:00","og_image":[{"width":975,"height":650,"url":"https:\/\/www.prendstadose.fr\/wp-content\/uploads\/2020\/07\/cap1.png","type":"image\/png"}],"author":"Un Contributeur","twitter_card":"summary_large_image","twitter_misc":{"\u00c9crit par":"Un Contributeur","Dur\u00e9e de lecture estim\u00e9e":"5 minutes"},"schema":{"@context":"https:\/\/schema.org","@graph":[{"@type":"Article","@id":"https:\/\/www.prendstadose.fr\/index.php\/2020\/07\/08\/cap-ou-pas-cap\/#article","isPartOf":{"@id":"https:\/\/www.prendstadose.fr\/index.php\/2020\/07\/08\/cap-ou-pas-cap\/"},"author":{"name":"Un Contributeur","@id":"https:\/\/www.prendstadose.fr\/#\/schema\/person\/f0756358117683c969d3b233670ddc21"},"headline":"Cap ou pas cap ? !","datePublished":"2020-07-08T15:04:23+00:00","dateModified":"2024-09-23T15:48:51+00:00","mainEntityOfPage":{"@id":"https:\/\/www.prendstadose.fr\/index.php\/2020\/07\/08\/cap-ou-pas-cap\/"},"wordCount":993,"commentCount":4,"publisher":{"@id":"https:\/\/www.prendstadose.fr\/#organization"},"image":{"@id":"https:\/\/www.prendstadose.fr\/index.php\/2020\/07\/08\/cap-ou-pas-cap\/#primaryimage"},"thumbnailUrl":"https:\/\/www.prendstadose.fr\/wp-content\/uploads\/2020\/07\/cap1.png","keywords":["Aventure","Cap","Ecrire","Ecriture","Jeux d'enfants","Lecteur","Lecture","Litt\u00e9rature","Mill\u00e9niale","Vertige"],"articleSection":["Cr\u00e9ation"],"inLanguage":"fr-FR","potentialAction":[{"@type":"CommentAction","name":"Comment","target":["https:\/\/www.prendstadose.fr\/index.php\/2020\/07\/08\/cap-ou-pas-cap\/#respond"]}]},{"@type":"WebPage","@id":"https:\/\/www.prendstadose.fr\/index.php\/2020\/07\/08\/cap-ou-pas-cap\/","url":"https:\/\/www.prendstadose.fr\/index.php\/2020\/07\/08\/cap-ou-pas-cap\/","name":"Cap ou pas cap ? ! &#8212; PRENDS TA DOSE","isPartOf":{"@id":"https:\/\/www.prendstadose.fr\/#website"},"primaryImageOfPage":{"@id":"https:\/\/www.prendstadose.fr\/index.php\/2020\/07\/08\/cap-ou-pas-cap\/#primaryimage"},"image":{"@id":"https:\/\/www.prendstadose.fr\/index.php\/2020\/07\/08\/cap-ou-pas-cap\/#primaryimage"},"thumbnailUrl":"https:\/\/www.prendstadose.fr\/wp-content\/uploads\/2020\/07\/cap1.png","datePublished":"2020-07-08T15:04:23+00:00","dateModified":"2024-09-23T15:48:51+00:00","description":"&nbsp; \u201cUn texte vit gr\u00e2ce \u00e0 ses lecteurs\u201d. C\u2019est \u00e0 la faveur de cette petite phrase des plus innocentes que je me retrouve face \u00e0 vous, en cette soir\u00e9e","breadcrumb":{"@id":"https:\/\/www.prendstadose.fr\/index.php\/2020\/07\/08\/cap-ou-pas-cap\/#breadcrumb"},"inLanguage":"fr-FR","potentialAction":[{"@type":"ReadAction","target":["https:\/\/www.prendstadose.fr\/index.php\/2020\/07\/08\/cap-ou-pas-cap\/"]}]},{"@type":"ImageObject","inLanguage":"fr-FR","@id":"https:\/\/www.prendstadose.fr\/index.php\/2020\/07\/08\/cap-ou-pas-cap\/#primaryimage","url":"https:\/\/www.prendstadose.fr\/wp-content\/uploads\/2020\/07\/cap1.png","contentUrl":"https:\/\/www.prendstadose.fr\/wp-content\/uploads\/2020\/07\/cap1.png","width":975,"height":650},{"@type":"BreadcrumbList","@id":"https:\/\/www.prendstadose.fr\/index.php\/2020\/07\/08\/cap-ou-pas-cap\/#breadcrumb","itemListElement":[{"@type":"ListItem","position":1,"name":"Accueil","item":"https:\/\/www.prendstadose.fr\/"},{"@type":"ListItem","position":2,"name":"Cap ou pas cap ? !"}]},{"@type":"WebSite","@id":"https:\/\/www.prendstadose.fr\/#website","url":"https:\/\/www.prendstadose.fr\/","name":"PRENDS TA DOSE","description":"Capsule Culture Pour Analphab\u00e8tes Lettr\u00e9s","publisher":{"@id":"https:\/\/www.prendstadose.fr\/#organization"},"potentialAction":[{"@type":"SearchAction","target":{"@type":"EntryPoint","urlTemplate":"https:\/\/www.prendstadose.fr\/?s={search_term_string}"},"query-input":{"@type":"PropertyValueSpecification","valueRequired":true,"valueName":"search_term_string"}}],"inLanguage":"fr-FR"},{"@type":"Organization","@id":"https:\/\/www.prendstadose.fr\/#organization","name":"PrendsTaDose","url":"https:\/\/www.prendstadose.fr\/","logo":{"@type":"ImageObject","inLanguage":"fr-FR","@id":"https:\/\/www.prendstadose.fr\/#\/schema\/logo\/image\/","url":"https:\/\/www.prendstadose.fr\/wp-content\/uploads\/2021\/08\/logo-e1641309847268.png","contentUrl":"https:\/\/www.prendstadose.fr\/wp-content\/uploads\/2021\/08\/logo-e1641309847268.png","width":400,"height":406,"caption":"PrendsTaDose"},"image":{"@id":"https:\/\/www.prendstadose.fr\/#\/schema\/logo\/image\/"},"sameAs":["https:\/\/www.facebook.com\/BrigadeSansFrontieres\/","https:\/\/www.instagram.com\/romain_mailliu\/"]},{"@type":"Person","@id":"https:\/\/www.prendstadose.fr\/#\/schema\/person\/f0756358117683c969d3b233670ddc21","name":"Un Contributeur","url":"https:\/\/www.prendstadose.fr\/index.php\/author\/albi\/"}]}},"jetpack_publicize_connections":[],"jetpack_featured_media_url":"https:\/\/www.prendstadose.fr\/wp-content\/uploads\/2020\/07\/cap1.png","jetpack_sharing_enabled":true,"_links":{"self":[{"href":"https:\/\/www.prendstadose.fr\/index.php\/wp-json\/wp\/v2\/posts\/2795","targetHints":{"allow":["GET"]}}],"collection":[{"href":"https:\/\/www.prendstadose.fr\/index.php\/wp-json\/wp\/v2\/posts"}],"about":[{"href":"https:\/\/www.prendstadose.fr\/index.php\/wp-json\/wp\/v2\/types\/post"}],"author":[{"embeddable":true,"href":"https:\/\/www.prendstadose.fr\/index.php\/wp-json\/wp\/v2\/users\/4"}],"replies":[{"embeddable":true,"href":"https:\/\/www.prendstadose.fr\/index.php\/wp-json\/wp\/v2\/comments?post=2795"}],"version-history":[{"count":3,"href":"https:\/\/www.prendstadose.fr\/index.php\/wp-json\/wp\/v2\/posts\/2795\/revisions"}],"predecessor-version":[{"id":2802,"href":"https:\/\/www.prendstadose.fr\/index.php\/wp-json\/wp\/v2\/posts\/2795\/revisions\/2802"}],"wp:featuredmedia":[{"embeddable":true,"href":"https:\/\/www.prendstadose.fr\/index.php\/wp-json\/wp\/v2\/media\/2796"}],"wp:attachment":[{"href":"https:\/\/www.prendstadose.fr\/index.php\/wp-json\/wp\/v2\/media?parent=2795"}],"wp:term":[{"taxonomy":"category","embeddable":true,"href":"https:\/\/www.prendstadose.fr\/index.php\/wp-json\/wp\/v2\/categories?post=2795"},{"taxonomy":"post_tag","embeddable":true,"href":"https:\/\/www.prendstadose.fr\/index.php\/wp-json\/wp\/v2\/tags?post=2795"}],"curies":[{"name":"wp","href":"https:\/\/api.w.org\/{rel}","templated":true}]}}