{"id":3079,"date":"2021-11-01T15:58:10","date_gmt":"2021-11-01T14:58:10","guid":{"rendered":"https:\/\/www.prendstadose.fr\/?p=3079"},"modified":"2024-09-24T10:46:54","modified_gmt":"2024-09-24T08:46:54","slug":"histoire-dune-entrepreneuse-artisanale-2-0","status":"publish","type":"post","link":"https:\/\/www.prendstadose.fr\/index.php\/2021\/11\/01\/histoire-dune-entrepreneuse-artisanale-2-0\/","title":{"rendered":"Histoire d\u2019une entrepreneuse artisanale 2.0"},"content":{"rendered":"<p>&nbsp;<\/p>\n<h3>INTERVIEW AVEC LISA MILLET.<\/h3>\n<p><em><span style=\"font-size: 14pt;\">A l\u2019oppos\u00e9 de l\u2019engouement parfois sp\u00e9culatif autour de la startup 2.0 nation, l\u2019entrepreneuse Lisa Millet a d\u00e9cid\u00e9 de consacrer sa vie professionnelle \u00e0 un secteur immuable : l\u2019artisanat. En juin 2019, elle cr\u00e9e <a href=\"https:\/\/podcast.ausha.co\/histoiresdartisans\">le Podcast Histoires d\u2019Artisans<\/a>.\u00a0 Au programme, une trentaine d\u2019\u00e9pisodes traitant de l\u2019ensemble de la cha\u00eene artisanale et des diff\u00e9rents secteurs \u00e9conomiques o\u00f9 celle-ci intervient. Au fil des \u00e9pisodes, Lisa a construit un projet professionnel original : mettre en lien les m\u00e9tiers et savoir-faire artisanaux au service de l\u2019innovation de produit et organisationnelle dans les entreprises. Prenez garde GAFAs, l\u2019artisanat n\u2019a pas encore dit son dernier mot !<\/span><\/em><\/p>\n<p>&nbsp;<\/p>\n<h4><span style=\"font-size: 14pt;\"><span style=\"color: #00ff00;\">1-<\/span> Bonjour Lisa, changement dans tes habitudes de podcasteuse, je te propose d\u2019inverser les r\u00f4les et de r\u00e9pondre aujourd\u2019hui aux questions ! Cela fait maintenant 2 ans que tu as cr\u00e9\u00e9 Histoires d\u2019Artisans en parall\u00e8le de ton travail. Comment en es-tu venu, suite \u00e0 ton \u00e9cole de commerce et alors que ce sont des formations plut\u00f4t orient\u00e9es grands comptes ou startups, \u00e0 t\u2019int\u00e9resser au monde artisanal ?<\/span><\/h4>\n<p><span style=\"font-size: 14pt;\">Petite j\u2019ai toujours eu un go\u00fbt pour la cr\u00e9ation. J\u2019aime peindre, d\u00e9couper, construire, tester\u2026 A la fin de mon \u00e9cole de commerce je cherchais un stage dans l\u2019\u00c9conomie Sociale et Solidaire. Je ressentais le besoin de travailler dans une entreprise qui a un impact positif. J\u2019ai atterri chez <a href=\"https:\/\/wecandoo.fr\/\">Wecandoo<\/a>, une plateforme pour r\u00e9server des ateliers d\u2019initiation chez les artisans. J\u2019\u00e9tais responsable de la relation avec la communaut\u00e9 d\u2019artisans. Mon m\u00e9tier \u00e9tait d\u2019aller chez les artisans, comprendre les artisanats et mettre en place les ateliers. Ce fut un coup de foudre. J\u2019ai d\u00e9couvert des personnes humbles, riches et passionnantes. En quittant ce stage j\u2019ai ressenti un r\u00e9el manque : j\u2019avais besoin de continuer \u00e0 c\u00f4toyer ces merveilleux m\u00e9tiers. C\u2019est ce qui m\u2019a pouss\u00e9 \u00e0 cr\u00e9er ce podcast. Pour conserver un lien avec eux.<\/span><\/p>\n<p>&nbsp;<\/p>\n<div id=\"penci-post-gallery__89885\" class=\"penci-post-gallery-container masonry column-2\" data-height=\"150\" data-margin=\"3\"><div class=\"inner-gallery-masonry-container\"><div class=\"item-gallery-masonry\"><a class=\"\" href=\"https:\/\/www.prendstadose.fr\/wp-content\/uploads\/2021\/10\/\u00a9LisaMillet-HistoiresDartisans-@AliceMarais-34-scaled.jpg\" data-cap=\"\u00a9LisaMillet-HistoiresDartisans-@AliceMarais (34)\"><div class=\"inner-item-masonry-gallery\"><img decoding=\"async\" src=\"https:\/\/www.prendstadose.fr\/wp-content\/uploads\/2021\/10\/\u00a9LisaMillet-HistoiresDartisans-@AliceMarais-34-585x390.jpg\" alt=\"\" title=\"\u00a9LisaMillet-HistoiresDartisans-@AliceMarais (34)\"><\/div><\/a><\/div><div class=\"item-gallery-masonry\"><a class=\"\" href=\"https:\/\/www.prendstadose.fr\/wp-content\/uploads\/2021\/10\/\u00a9LisaMillet-HistoiresDartisans-@AnthonyMendizabal-PeaceMakerCreation-52-scaled.jpg\" data-cap=\"\u00a9LisaMillet-HistoiresDartisans-@AnthonyMendizabal-PeaceMakerCreation (52)\"><div class=\"inner-item-masonry-gallery\"><img decoding=\"async\" src=\"https:\/\/www.prendstadose.fr\/wp-content\/uploads\/2021\/10\/\u00a9LisaMillet-HistoiresDartisans-@AnthonyMendizabal-PeaceMakerCreation-52-585x390.jpg\" alt=\"\" title=\"\u00a9LisaMillet-HistoiresDartisans-@AnthonyMendizabal-PeaceMakerCreation (52)\"><\/div><\/a><\/div><\/div><\/div>\n<p>&nbsp;<\/p>\n<h4><span style=\"color: #00ff00;\">2-<\/span> Quelles sont les difficult\u00e9s rencontr\u00e9es aujourd\u2019hui par les artisans qui reviennent r\u00e9guli\u00e8rement dans tes \u00e9changes avec eux ?<\/h4>\n<p><span style=\"font-size: 14pt;\">Toutes les difficult\u00e9s des artisans peuvent \u00eatre r\u00e9sum\u00e9es en une seule probl\u00e9matique : on a perdu la valeur de l\u2019intelligence de la main. Cette perte de valeur a des impacts politiques : on r\u00e9duit le temps d\u2019apprentissage des formations, on ferme des formations\u2026 Elle a \u00e9galement des impacts sur la perception du produit. Un artisan entend tr\u00e8s r\u00e9guli\u00e8rement que son produit est trop cher. Pourtant il a tendance \u00e0 brader sa main-d\u2019\u0153uvre. Nous trouvons le prix excessif car nous d\u00e9valorisons le savoir-faire de la main. Pourtant, nombreux sont les artisans qui se consid\u00e8rent l\u00e9gitimes seulement au bout de dix ann\u00e9es d\u2019exp\u00e9rience.<\/span><\/p>\n<p>&nbsp;<\/p>\n<div id=\"attachment_3087\" style=\"width: 1034px\" class=\"wp-caption aligncenter\"><img loading=\"lazy\" decoding=\"async\" aria-describedby=\"caption-attachment-3087\" class=\"wp-image-3087 size-large\" src=\"https:\/\/www.prendstadose.fr\/wp-content\/uploads\/2021\/10\/\u00a9LisaMillet-HistoiresDartisans-@GuillaumeNevez-AtelierPaolo-8-1024x683.jpg\" alt=\"\" width=\"1024\" height=\"683\" srcset=\"https:\/\/www.prendstadose.fr\/wp-content\/uploads\/2021\/10\/\u00a9LisaMillet-HistoiresDartisans-@GuillaumeNevez-AtelierPaolo-8-1024x683.jpg 1024w, https:\/\/www.prendstadose.fr\/wp-content\/uploads\/2021\/10\/\u00a9LisaMillet-HistoiresDartisans-@GuillaumeNevez-AtelierPaolo-8-300x200.jpg 300w, https:\/\/www.prendstadose.fr\/wp-content\/uploads\/2021\/10\/\u00a9LisaMillet-HistoiresDartisans-@GuillaumeNevez-AtelierPaolo-8-768x512.jpg 768w, https:\/\/www.prendstadose.fr\/wp-content\/uploads\/2021\/10\/\u00a9LisaMillet-HistoiresDartisans-@GuillaumeNevez-AtelierPaolo-8-1536x1024.jpg 1536w, https:\/\/www.prendstadose.fr\/wp-content\/uploads\/2021\/10\/\u00a9LisaMillet-HistoiresDartisans-@GuillaumeNevez-AtelierPaolo-8-2048x1365.jpg 2048w, https:\/\/www.prendstadose.fr\/wp-content\/uploads\/2021\/10\/\u00a9LisaMillet-HistoiresDartisans-@GuillaumeNevez-AtelierPaolo-8-1170x780.jpg 1170w, https:\/\/www.prendstadose.fr\/wp-content\/uploads\/2021\/10\/\u00a9LisaMillet-HistoiresDartisans-@GuillaumeNevez-AtelierPaolo-8-1920x1280.jpg 1920w, https:\/\/www.prendstadose.fr\/wp-content\/uploads\/2021\/10\/\u00a9LisaMillet-HistoiresDartisans-@GuillaumeNevez-AtelierPaolo-8-585x390.jpg 585w, https:\/\/www.prendstadose.fr\/wp-content\/uploads\/2021\/10\/\u00a9LisaMillet-HistoiresDartisans-@GuillaumeNevez-AtelierPaolo-8-263x175.jpg 263w\" sizes=\"auto, (max-width: 1024px) 100vw, 1024px\" \/><p id=\"caption-attachment-3087\" class=\"wp-caption-text\">\u00a9LisaMillet-HistoiresDartisans-@GuillaumeNevez-AtelierPaolo (8)<\/p><\/div>\n<h4><\/h4>\n<p>&nbsp;<\/p>\n<h4><\/h4>\n<h4><\/h4>\n<h4><span style=\"color: #00ff00;\">3-<\/span> Mais alors, pourquoi vouloir devenir artisans ? A ton avis, quelles sont les motivations qui les poussent \u00e0 continuer \u00e0 nager \u00e0 contre-courant ?<\/h4>\n<p><span style=\"font-size: 14pt;\">Je ne dirais pas nager \u00e0 contre-courant au regard des nombreuses reconversions. En revanche, en effet, aujourd\u2019hui \u00eatre artisan signifie souvent tirer un trait sur des salaires \u00e0 40k \u20ac l\u2019ann\u00e9e. Mais apr\u00e8s tout, ne sommes-nous pas dans une r\u00e9flexion de d\u00e9croissance ? Les artisans ont toujours la m\u00eame r\u00e9flexion : pour ma passion je suis pr\u00eat.e \u00e0 faire une croix sur un gros salaire. Certains m\u2019ont m\u00eame dit appr\u00e9cier le SMIC tant qu\u2019ils font ce qu\u2019ils aiment. Et je trouve qu\u2019il s\u2019agit l\u00e0 d\u2019une r\u00e9flexion plus globale sur la soci\u00e9t\u00e9. Pendant tr\u00e8s longtemps les z\u00e9ros sur la feuille de salaire \u00e9taient source d\u2019\u00e9panouissement au travail. Aujourd\u2019hui cela ne suffit plus. On recherche le sens. Et l\u2019artisanat offre ce sens. Un artisan travaille localement, en ayant conscience de ses actions, et tr\u00e8s souvent avec une vision \u00e9cologique de son m\u00e9tier. <\/span><\/p>\n<p>&nbsp;<\/p>\n<div id=\"attachment_3085\" style=\"width: 1034px\" class=\"wp-caption aligncenter\"><img loading=\"lazy\" decoding=\"async\" aria-describedby=\"caption-attachment-3085\" class=\"wp-image-3085 size-large\" src=\"https:\/\/www.prendstadose.fr\/wp-content\/uploads\/2021\/10\/\u00a9LisaMillet-HistoiresDartisans-@FoteiniPangos-43-1024x683.jpg\" alt=\"\" width=\"1024\" height=\"683\" srcset=\"https:\/\/www.prendstadose.fr\/wp-content\/uploads\/2021\/10\/\u00a9LisaMillet-HistoiresDartisans-@FoteiniPangos-43-1024x683.jpg 1024w, https:\/\/www.prendstadose.fr\/wp-content\/uploads\/2021\/10\/\u00a9LisaMillet-HistoiresDartisans-@FoteiniPangos-43-300x200.jpg 300w, https:\/\/www.prendstadose.fr\/wp-content\/uploads\/2021\/10\/\u00a9LisaMillet-HistoiresDartisans-@FoteiniPangos-43-768x512.jpg 768w, https:\/\/www.prendstadose.fr\/wp-content\/uploads\/2021\/10\/\u00a9LisaMillet-HistoiresDartisans-@FoteiniPangos-43-1536x1024.jpg 1536w, https:\/\/www.prendstadose.fr\/wp-content\/uploads\/2021\/10\/\u00a9LisaMillet-HistoiresDartisans-@FoteiniPangos-43-2048x1365.jpg 2048w, https:\/\/www.prendstadose.fr\/wp-content\/uploads\/2021\/10\/\u00a9LisaMillet-HistoiresDartisans-@FoteiniPangos-43-1170x780.jpg 1170w, https:\/\/www.prendstadose.fr\/wp-content\/uploads\/2021\/10\/\u00a9LisaMillet-HistoiresDartisans-@FoteiniPangos-43-1920x1280.jpg 1920w, https:\/\/www.prendstadose.fr\/wp-content\/uploads\/2021\/10\/\u00a9LisaMillet-HistoiresDartisans-@FoteiniPangos-43-585x390.jpg 585w, https:\/\/www.prendstadose.fr\/wp-content\/uploads\/2021\/10\/\u00a9LisaMillet-HistoiresDartisans-@FoteiniPangos-43-263x175.jpg 263w\" sizes=\"auto, (max-width: 1024px) 100vw, 1024px\" \/><p id=\"caption-attachment-3085\" class=\"wp-caption-text\">\u00a9LisaMillet-HistoiresDartisans-@FoteiniPangos (43)<\/p><\/div>\n<h4><\/h4>\n<p>&nbsp;<\/p>\n<h4><span style=\"font-size: 14pt;\"><span style=\"color: #00ff00;\">4-<\/span> Prenons quelques artisans que tu as interview\u00e9s : tapissier d\u2019ameublement, encadreuse-doreuse, cr\u00e9ateur de tapis, verrier, mosa\u00efste, vitrailliste, c\u00e9ramiste, \u00e9b\u00e9niste. Ces m\u00e9tiers se font rares et certains pourraient les trouver d\u2019un autre temps. Selon toi, qu\u2019apportent les artisans et leurs arts \u00e0 notre soci\u00e9t\u00e9 actuelle ?<\/span><\/h4>\n<p><span style=\"font-size: 14pt;\">Je vais commencer par les classiques : ils apportent du beau, du local et du durable. Ce serait la r\u00e9ponse de chacun. Mais je rajouterais qu\u2019ils apportent un \u00e9tat d\u2019esprit, des valeurs, des expertises et un canal pr\u00e9cieux pour conserver une grande partie de notre Histoire. Lorsqu\u2019on est artisan, que l\u2019on passe ses journ\u00e9es \u00e0 r\u00e9p\u00e9ter un m\u00eame geste, \u00e0 se concentrer sur la mati\u00e8re ; que l\u2019on passe ses nuits \u00e0 imaginer des solutions pour r\u00e9pondre \u00e0 des contraintes et assouvir ses id\u00e9es ; on d\u00e9veloppe forc\u00e9ment un \u00e9tat d\u2019esprit en ad\u00e9quation avec le mouvement slow. Prendre son temps. Comprendre son milieu et le respecter. Les artisans connaissent leurs mat\u00e9riaux, leur impact sur l\u2019environnement et l\u2019humain. Ils sont porteurs des valeurs de l\u2019\u00e9co-conception [consiste \u00e0 int\u00e9grer l\u2019environnement d\u00e8s la conception d\u2019un produit ou service, et lors de toutes les \u00e9tapes de son cycle de vie]. Ils connaissent l\u2019usage de leurs mat\u00e9riaux \u00e0 la fois dans la cr\u00e9ation comme dans l\u2019utilisation. Ils savent qu\u2019un fauteuil qui n\u2019a pas les bons sanglages finira par \u00eatre difforme et inconfortable. Ils connaissent l\u2019Histoire de leur m\u00e9tier et l\u2019\u00e9volution des techniques et sont en capacit\u00e9 d\u2019expliquer qu\u2019un fauteuil \u00e0 ressort, non seulement c\u2019est plus cher mais en plus cela s\u2019\u00e9puise davantage dans le temps. \u00catre artisan ce n\u2019est pas uniquement se servir de ses mains, c\u2019est \u00e9galement \u00eatre chercheur, ing\u00e9nieur, historien et arch\u00e9ologue.\u00a0<\/span><\/p>\n<p>&nbsp;<\/p>\n<div id=\"attachment_3091\" style=\"width: 1034px\" class=\"wp-caption aligncenter\"><img loading=\"lazy\" decoding=\"async\" aria-describedby=\"caption-attachment-3091\" class=\"wp-image-3091 size-large\" src=\"https:\/\/www.prendstadose.fr\/wp-content\/uploads\/2021\/10\/\u00a9LisaMillet-HistoiresDartisans-@TipiiAtelier-12-1024x457.jpg\" alt=\"\" width=\"1024\" height=\"457\" srcset=\"https:\/\/www.prendstadose.fr\/wp-content\/uploads\/2021\/10\/\u00a9LisaMillet-HistoiresDartisans-@TipiiAtelier-12-1024x457.jpg 1024w, https:\/\/www.prendstadose.fr\/wp-content\/uploads\/2021\/10\/\u00a9LisaMillet-HistoiresDartisans-@TipiiAtelier-12-300x134.jpg 300w, https:\/\/www.prendstadose.fr\/wp-content\/uploads\/2021\/10\/\u00a9LisaMillet-HistoiresDartisans-@TipiiAtelier-12-768x343.jpg 768w, https:\/\/www.prendstadose.fr\/wp-content\/uploads\/2021\/10\/\u00a9LisaMillet-HistoiresDartisans-@TipiiAtelier-12-1536x685.jpg 1536w, https:\/\/www.prendstadose.fr\/wp-content\/uploads\/2021\/10\/\u00a9LisaMillet-HistoiresDartisans-@TipiiAtelier-12-2048x914.jpg 2048w, https:\/\/www.prendstadose.fr\/wp-content\/uploads\/2021\/10\/\u00a9LisaMillet-HistoiresDartisans-@TipiiAtelier-12-1170x522.jpg 1170w, https:\/\/www.prendstadose.fr\/wp-content\/uploads\/2021\/10\/\u00a9LisaMillet-HistoiresDartisans-@TipiiAtelier-12-1920x857.jpg 1920w, https:\/\/www.prendstadose.fr\/wp-content\/uploads\/2021\/10\/\u00a9LisaMillet-HistoiresDartisans-@TipiiAtelier-12-585x261.jpg 585w\" sizes=\"auto, (max-width: 1024px) 100vw, 1024px\" \/><p id=\"caption-attachment-3091\" class=\"wp-caption-text\">\u00a9LisaMillet-HistoiresDartisans-@TipiiAtelier (12)<\/p><\/div>\n<p>&nbsp;<\/p>\n<h4><span style=\"color: #00ff00;\">5-<\/span> Le titre de notre capsule est : le codage, l\u2019artisanat moderne. Te verrais-tu interviewer dans un podcast un programmateur ? De mani\u00e8re g\u00e9n\u00e9rale, penses-tu que la digitalisation des services et des produits a fait appara\u00eetre une nouvelle caste d\u2019artisans ?<\/h4>\n<p><span style=\"font-size: 14pt;\">Chacun sa sp\u00e9cialit\u00e9. La mienne, ce sont les artisans d\u2019art. Mais il est vrai que je trouve beaucoup de similarit\u00e9 entre les artisans et les programmateurs. A commencer par le fait que ce sont des passionn\u00e9s qui ont leur propre langage. La digitalisation est une r\u00e9elle opportunit\u00e9 pour les artisans. Pas seulement pour leur communication mais aussi pour leur cr\u00e9ation. Avant de produire ils peuvent maintenant tester gr\u00e2ce \u00e0 des logiciels. Ils peuvent produire leurs propres outils gr\u00e2ce \u00e0 des imprimantes. Ils peuvent avoir acc\u00e8s \u00e0 de nouveaux savoir-faire.\u00a0<\/span><\/p>\n<p>&nbsp;<\/p>\n<div id=\"penci-post-gallery__23744\" class=\"penci-post-gallery-container masonry grid column-2\" data-height=\"150\" data-margin=\"3\"><div class=\"inner-gallery-masonry-container\"><div class=\"item-gallery-masonry grid\"><a class=\"\" href=\"https:\/\/www.prendstadose.fr\/wp-content\/uploads\/2021\/10\/\u00a9LisaMillet-HistoiresDartisans-@GuillaumeNevez-AtelierPaolo-17-scaled.jpg\" data-cap=\"\u00a9LisaMillet-HistoiresDartisans-@GuillaumeNevez-AtelierPaolo (17)\"><div class=\"inner-item-masonry-gallery\"><img decoding=\"async\" src=\"https:\/\/www.prendstadose.fr\/wp-content\/uploads\/2021\/10\/\u00a9LisaMillet-HistoiresDartisans-@GuillaumeNevez-AtelierPaolo-17-585x390.jpg\" alt=\"\" title=\"\u00a9LisaMillet-HistoiresDartisans-@GuillaumeNevez-AtelierPaolo (17)\"><\/div><\/a><\/div><div class=\"item-gallery-masonry grid\"><a class=\"\" href=\"https:\/\/www.prendstadose.fr\/wp-content\/uploads\/2021\/10\/\u00a9LisaMillet-HistoiresDartisans-@MathildeHerrero-2-scaled.jpg\" data-cap=\"\u00a9LisaMillet-HistoiresDartisans-@MathildeHerrero (2)\"><div class=\"inner-item-masonry-gallery\"><img decoding=\"async\" src=\"https:\/\/www.prendstadose.fr\/wp-content\/uploads\/2021\/10\/\u00a9LisaMillet-HistoiresDartisans-@MathildeHerrero-2-585x390.jpg\" alt=\"\" title=\"\u00a9LisaMillet-HistoiresDartisans-@MathildeHerrero (2)\"><\/div><\/a><\/div><\/div><\/div>\n<p>&nbsp;<\/p>\n<h4><span style=\"font-size: 14pt;\"><span style=\"color: #00ff00;\">6-<\/span> J\u2019ai \u00e9t\u00e9 tr\u00e8s int\u00e9ress\u00e9 par ton interview de Nicolas Bard, cr\u00e9ateur de <a href=\"https:\/\/makeici.org\/\">Make ICI<\/a>, un r\u00e9seau d\u2019une dizaine de tiers-lieux et de manufactures solidaires et collaboratives \u00e0 destination des artisans. A l\u2019image de ce projet r\u00e9unissant les artisans, quels pourraient \u00eatre les nouveaux axes de d\u00e9veloppement pour les m\u00e9tiers artisanaux ? Y-a-t-il d\u00e9j\u00e0 des mouvements (sociaux, politiques, \u00e9conomiques) qui offrent de nouvelles perspectives aux artisans ?<\/span><\/h4>\n<p><span style=\"font-size: 14pt;\">Make ICI est un merveilleux exemple de rassemblement de forces. Nombreux sont les artisans qui collaborent pour offrir un service complet \u00e0 leur client. Make ICI est cr\u00e9ateur de ces initiatives. Outre l\u2019aspect business, c\u2019est \u00e9galement un apport social essentiel. 80% des artisans sont seuls \u00e0 leur compte. L\u2019isolement n\u2019est pas toujours b\u00e9n\u00e9fique et ces lieux permettent de conserver l\u2019ind\u00e9pendance tout en ayant du contact social. Ils sont pour moi l\u2019avenir du fonctionnement de l\u2019artisanat. \u00c9conomiquement, la Covid 19 a prouv\u00e9 l\u2019int\u00e9r\u00eat de la relocalisation. 77% des entreprises pensent que les consommateurs sont pr\u00eats \u00e0 payer plus pour obtenir des marchandises produites en France. On va donc voir appara\u00eetre un nouvel int\u00e9r\u00eat pour nos savoir-faire locaux. D\u2019autant plus que le gouvernement souhaite pousser dans cette direction avec un plan de relance orient\u00e9 \u201cMade in France\u201d.\u00a0<\/span><\/p>\n<p>&nbsp;<\/p>\n<div id=\"penci-post-gallery__55994\" class=\"penci-post-gallery-container masonry column-2\" data-height=\"150\" data-margin=\"3\"><div class=\"inner-gallery-masonry-container\"><div class=\"item-gallery-masonry\"><a class=\"\" href=\"https:\/\/www.prendstadose.fr\/wp-content\/uploads\/2021\/10\/\u00a9LisaMillet-HistoiresDartisans-@FoteiniPangos-45-scaled.jpg\" data-cap=\"\u00a9LisaMillet-HistoiresDartisans-@FoteiniPangos (45)\"><div class=\"inner-item-masonry-gallery\"><img decoding=\"async\" src=\"https:\/\/www.prendstadose.fr\/wp-content\/uploads\/2021\/10\/\u00a9LisaMillet-HistoiresDartisans-@FoteiniPangos-45-585x390.jpg\" alt=\"\" title=\"\u00a9LisaMillet-HistoiresDartisans-@FoteiniPangos (45)\"><\/div><\/a><\/div><div class=\"item-gallery-masonry\"><a class=\"\" href=\"https:\/\/www.prendstadose.fr\/wp-content\/uploads\/2021\/10\/\u00a9LisaMillet-HistoiresDartisans-@TipiiAtelier-17-scaled.jpg\" data-cap=\"\u00a9LisaMillet-HistoiresDartisans-@TipiiAtelier (17)\"><div class=\"inner-item-masonry-gallery\"><img decoding=\"async\" src=\"https:\/\/www.prendstadose.fr\/wp-content\/uploads\/2021\/10\/\u00a9LisaMillet-HistoiresDartisans-@TipiiAtelier-17-scaled.jpg\" alt=\"\" title=\"\u00a9LisaMillet-HistoiresDartisans-@TipiiAtelier (17)\"><\/div><\/a><\/div><\/div><\/div>\n<p>&nbsp;<\/p>\n<h4><span style=\"font-size: 14pt;\"><span style=\"color: #00ff00;\">7-<\/span> On parle beaucoup d\u2019\u00e9cologie, et les artisans sont directement associ\u00e9s dans nos esprits \u00e0 ce mode de production durable. Pourtant, <a href=\"https:\/\/www.elle.fr\/Mode\/Les-news-mode\/Zara-annonce-passer-aux-textiles-100-durables-d-ici-2025-prise-de-conscience-ou-greenwashing-3800520\">les grandes entreprises s\u2019approprient d\u00e9j\u00e0 ces discours<\/a> en repensant (partiellement) leurs cha\u00eenes de production. Comment les artisans peuvent-ils conserver leurs avantages sur ce sujet ? Crois-tu \u00e0 une soci\u00e9t\u00e9 o\u00f9 les machines accompagnent la main d\u2019un artisan sans la remplacer ?<\/span><\/h4>\n<p><span style=\"font-size: 14pt;\">Artisans et machines cohabitent d\u00e9j\u00e0. Ils sont compl\u00e9mentaires, interagissent ensemble et l\u2019un permet \u00e0 l\u2019autre de pousser ses limites encore plus loin. Flory Brisset, fondatrice <a href=\"https:\/\/invenioflory.fr\/a-propos\/\">d\u2019Invenio Flory<\/a> est l\u2019exemple parfait. Elle m\u00eale technologies (comme l\u2019imprimante 3D) aux m\u00e9tiers d\u2019arts (comme la broderie) pour pousser toujours plus loin la recherche et l\u2019innovation. Les artisans auront toujours un avantage immuable : la connaissance des mat\u00e9riaux. C\u2019est d\u2019ailleurs ce que je d\u00e9fends dans mon entreprise, cr\u00e9\u00e9e en parall\u00e8le du podcast. Leur expertise en mat\u00e9riaux int\u00e9gr\u00e9e dans le d\u00e9veloppement produit ouvre de nouvelles opportunit\u00e9s. L\u2019innovation a de nouveaux champs d\u2019action. A cela s\u2019ajoute qu\u2019ils ont des valeurs durables, \u00e9thiques et environnementales tellement ancr\u00e9es dans leur ADN, qu\u2019ils orientent naturellement les clients vers l\u2019\u00e9co-conception. Les artisans ont donc de tr\u00e8s beaux jours devant eux !<\/span><\/p>\n<p>&nbsp;<\/p>\n<div id=\"attachment_3093\" style=\"width: 1034px\" class=\"wp-caption alignnone\"><img loading=\"lazy\" decoding=\"async\" aria-describedby=\"caption-attachment-3093\" class=\"wp-image-3093 size-large\" src=\"https:\/\/www.prendstadose.fr\/wp-content\/uploads\/2021\/10\/DSCF5809-1024x683.jpg\" alt=\"\" width=\"1024\" height=\"683\" srcset=\"https:\/\/www.prendstadose.fr\/wp-content\/uploads\/2021\/10\/DSCF5809-1024x683.jpg 1024w, https:\/\/www.prendstadose.fr\/wp-content\/uploads\/2021\/10\/DSCF5809-300x200.jpg 300w, https:\/\/www.prendstadose.fr\/wp-content\/uploads\/2021\/10\/DSCF5809-768x512.jpg 768w, https:\/\/www.prendstadose.fr\/wp-content\/uploads\/2021\/10\/DSCF5809-1536x1024.jpg 1536w, https:\/\/www.prendstadose.fr\/wp-content\/uploads\/2021\/10\/DSCF5809-2048x1365.jpg 2048w, https:\/\/www.prendstadose.fr\/wp-content\/uploads\/2021\/10\/DSCF5809-1170x780.jpg 1170w, https:\/\/www.prendstadose.fr\/wp-content\/uploads\/2021\/10\/DSCF5809-1920x1280.jpg 1920w, https:\/\/www.prendstadose.fr\/wp-content\/uploads\/2021\/10\/DSCF5809-585x390.jpg 585w, https:\/\/www.prendstadose.fr\/wp-content\/uploads\/2021\/10\/DSCF5809-263x175.jpg 263w\" sizes=\"auto, (max-width: 1024px) 100vw, 1024px\" \/><p id=\"caption-attachment-3093\" class=\"wp-caption-text\">Lisa Millet<\/p><\/div>\n<p>&nbsp;<\/p>\n<h3 style=\"text-align: right;\"><span style=\"font-size: 14pt;\">Propos recueillis par <a href=\"https:\/\/www.prendstadose.fr\/index.php\/edmond-moralis-chroniques\/\"><span style=\"color: #00ff00;\">Baudouin Duchange<\/span><\/a><\/span><\/h3>\n<p>&nbsp;<\/p>\n<p style=\"text-align: center;\"><strong><span style=\"font-size: 14pt; color: #00ff00;\">Pour en savoir plus sur Lisa et son bureau d\u2019\u00e9tude Histoires d\u2019Artisans : <\/span><\/strong><\/p>\n<ul>\n<li><span style=\"font-size: 14pt;\"><span style=\"color: #00ff00;\">Site :<\/span> <a href=\"https:\/\/www.histoiresdartisans.com\/\">https:\/\/www.histoiresdartisans.com\/ <\/a><\/span><\/li>\n<li><span style=\"font-size: 14pt;\"><span style=\"color: #00ff00;\">Mail :<\/span> <a href=\"mailto:lisa@histoiresdartisans.com\">lisa@histoiresdartisans.com <\/a><\/span><\/li>\n<li><span style=\"font-size: 14pt;\"><span style=\"color: #00ff00;\">Insta :<\/span> <a href=\"https:\/\/www.instagram.com\/histoiresdartisans\/\">@histoiresdartisan<\/a><\/span><\/li>\n<li><span style=\"font-size: 14pt;\"><span style=\"color: #00ff00;\">Linkedin :<\/span> <a href=\"https:\/\/www.linkedin.com\/in\/lisa-millet\/\">https:\/\/www.linkedin.com\/in\/lisa-millet\/<\/a><\/span><\/li>\n<\/ul>\n","protected":false},"excerpt":{"rendered":"<p>&nbsp; INTERVIEW AVEC LISA MILLET. A l\u2019oppos\u00e9 de l\u2019engouement parfois sp\u00e9culatif autour de la startup 2.0&hellip;<\/p>\n","protected":false},"author":12,"featured_media":3095,"comment_status":"open","ping_status":"open","sticky":false,"template":"","format":"standard","meta":{"_editorskit_title_hidden":false,"_editorskit_reading_time":0,"_editorskit_is_block_options_detached":false,"_editorskit_block_options_position":"{}","jetpack_post_was_ever_published":false,"_jetpack_newsletter_access":"","_jetpack_dont_email_post_to_subs":false,"_jetpack_newsletter_tier_id":0,"_jetpack_memberships_contains_paywalled_content":false,"_jetpack_memberships_contains_paid_content":false,"footnotes":"","jetpack_publicize_message":"","jetpack_publicize_feature_enabled":true,"jetpack_social_post_already_shared":false,"jetpack_social_options":{"image_generator_settings":{"template":"highway","enabled":false},"version":2}},"categories":[358],"tags":[243,649,661,662,659,660,663],"class_list":["post-3079","post","type-post","status-publish","format-standard","has-post-thumbnail","hentry","category-cultureetsociete","tag-art","tag-artisanat","tag-baudouin-duchange","tag-entrepreneuriat","tag-histoire-dartisans","tag-lisa-millet","tag-startup"],"yoast_head":"<!-- This site is optimized with the Yoast SEO plugin v24.6 - https:\/\/yoast.com\/wordpress\/plugins\/seo\/ -->\n<title>Histoire d\u2019une entrepreneuse artisanale 2.0 &#8212; PRENDS TA DOSE<\/title>\n<meta name=\"description\" content=\"&nbsp; INTERVIEW AVEC LISA MILLET. A l\u2019oppos\u00e9 de l\u2019engouement parfois sp\u00e9culatif autour de la startup 2.0 nation, l\u2019entrepreneuse Lisa Millet a d\u00e9cid\u00e9 de\" \/>\n<meta name=\"robots\" content=\"index, follow, max-snippet:-1, max-image-preview:large, max-video-preview:-1\" \/>\n<link rel=\"canonical\" href=\"https:\/\/www.prendstadose.fr\/index.php\/2021\/11\/01\/histoire-dune-entrepreneuse-artisanale-2-0\/\" \/>\n<meta property=\"og:locale\" content=\"fr_FR\" \/>\n<meta property=\"og:type\" content=\"article\" \/>\n<meta property=\"og:title\" content=\"Histoire d\u2019une entrepreneuse artisanale 2.0 &#8212; PRENDS TA DOSE\" \/>\n<meta property=\"og:description\" content=\"&nbsp; INTERVIEW AVEC LISA MILLET. A l\u2019oppos\u00e9 de l\u2019engouement parfois sp\u00e9culatif autour de la startup 2.0 nation, l\u2019entrepreneuse Lisa Millet a d\u00e9cid\u00e9 de\" \/>\n<meta property=\"og:url\" content=\"https:\/\/www.prendstadose.fr\/index.php\/2021\/11\/01\/histoire-dune-entrepreneuse-artisanale-2-0\/\" \/>\n<meta property=\"og:site_name\" content=\"PRENDS TA DOSE\" \/>\n<meta property=\"article:publisher\" content=\"https:\/\/www.facebook.com\/BrigadeSansFrontieres\/\" \/>\n<meta property=\"article:published_time\" content=\"2021-11-01T14:58:10+00:00\" \/>\n<meta property=\"article:modified_time\" content=\"2024-09-24T08:46:54+00:00\" \/>\n<meta property=\"og:image\" content=\"https:\/\/www.prendstadose.fr\/wp-content\/uploads\/2021\/10\/DSCF6407-scaled.jpg\" \/>\n\t<meta property=\"og:image:width\" content=\"2560\" \/>\n\t<meta property=\"og:image:height\" content=\"1707\" \/>\n\t<meta property=\"og:image:type\" content=\"image\/jpeg\" \/>\n<meta name=\"author\" content=\"Baudouin Duchange\" \/>\n<meta name=\"twitter:card\" content=\"summary_large_image\" \/>\n<meta name=\"twitter:label1\" content=\"\u00c9crit par\" \/>\n\t<meta name=\"twitter:data1\" content=\"Baudouin Duchange\" \/>\n\t<meta name=\"twitter:label2\" content=\"Dur\u00e9e de lecture estim\u00e9e\" \/>\n\t<meta name=\"twitter:data2\" content=\"8 minutes\" \/>\n<script type=\"application\/ld+json\" class=\"yoast-schema-graph\">{\"@context\":\"https:\/\/schema.org\",\"@graph\":[{\"@type\":\"Article\",\"@id\":\"https:\/\/www.prendstadose.fr\/index.php\/2021\/11\/01\/histoire-dune-entrepreneuse-artisanale-2-0\/#article\",\"isPartOf\":{\"@id\":\"https:\/\/www.prendstadose.fr\/index.php\/2021\/11\/01\/histoire-dune-entrepreneuse-artisanale-2-0\/\"},\"author\":{\"name\":\"Baudouin Duchange\",\"@id\":\"https:\/\/www.prendstadose.fr\/#\/schema\/person\/470cdc52962d193b3ca01d9cfa243f03\"},\"headline\":\"Histoire d\u2019une entrepreneuse artisanale 2.0\",\"datePublished\":\"2021-11-01T14:58:10+00:00\",\"dateModified\":\"2024-09-24T08:46:54+00:00\",\"mainEntityOfPage\":{\"@id\":\"https:\/\/www.prendstadose.fr\/index.php\/2021\/11\/01\/histoire-dune-entrepreneuse-artisanale-2-0\/\"},\"wordCount\":1677,\"commentCount\":0,\"publisher\":{\"@id\":\"https:\/\/www.prendstadose.fr\/#organization\"},\"image\":{\"@id\":\"https:\/\/www.prendstadose.fr\/index.php\/2021\/11\/01\/histoire-dune-entrepreneuse-artisanale-2-0\/#primaryimage\"},\"thumbnailUrl\":\"https:\/\/www.prendstadose.fr\/wp-content\/uploads\/2021\/10\/DSCF6407-scaled.jpg\",\"keywords\":[\"Art\",\"Artisanat\",\"Baudouin Duchange\",\"entrepreneuriat\",\"Histoire d'artisans\",\"Lisa Millet\",\"startup\"],\"articleSection\":[\"Culture &amp; Soci\u00e9t\u00e9\"],\"inLanguage\":\"fr-FR\",\"potentialAction\":[{\"@type\":\"CommentAction\",\"name\":\"Comment\",\"target\":[\"https:\/\/www.prendstadose.fr\/index.php\/2021\/11\/01\/histoire-dune-entrepreneuse-artisanale-2-0\/#respond\"]}]},{\"@type\":\"WebPage\",\"@id\":\"https:\/\/www.prendstadose.fr\/index.php\/2021\/11\/01\/histoire-dune-entrepreneuse-artisanale-2-0\/\",\"url\":\"https:\/\/www.prendstadose.fr\/index.php\/2021\/11\/01\/histoire-dune-entrepreneuse-artisanale-2-0\/\",\"name\":\"Histoire d\u2019une entrepreneuse artisanale 2.0 &#8212; PRENDS TA DOSE\",\"isPartOf\":{\"@id\":\"https:\/\/www.prendstadose.fr\/#website\"},\"primaryImageOfPage\":{\"@id\":\"https:\/\/www.prendstadose.fr\/index.php\/2021\/11\/01\/histoire-dune-entrepreneuse-artisanale-2-0\/#primaryimage\"},\"image\":{\"@id\":\"https:\/\/www.prendstadose.fr\/index.php\/2021\/11\/01\/histoire-dune-entrepreneuse-artisanale-2-0\/#primaryimage\"},\"thumbnailUrl\":\"https:\/\/www.prendstadose.fr\/wp-content\/uploads\/2021\/10\/DSCF6407-scaled.jpg\",\"datePublished\":\"2021-11-01T14:58:10+00:00\",\"dateModified\":\"2024-09-24T08:46:54+00:00\",\"description\":\"&nbsp; INTERVIEW AVEC LISA MILLET. A l\u2019oppos\u00e9 de l\u2019engouement parfois sp\u00e9culatif autour de la startup 2.0 nation, l\u2019entrepreneuse Lisa Millet a d\u00e9cid\u00e9 de\",\"breadcrumb\":{\"@id\":\"https:\/\/www.prendstadose.fr\/index.php\/2021\/11\/01\/histoire-dune-entrepreneuse-artisanale-2-0\/#breadcrumb\"},\"inLanguage\":\"fr-FR\",\"potentialAction\":[{\"@type\":\"ReadAction\",\"target\":[\"https:\/\/www.prendstadose.fr\/index.php\/2021\/11\/01\/histoire-dune-entrepreneuse-artisanale-2-0\/\"]}]},{\"@type\":\"ImageObject\",\"inLanguage\":\"fr-FR\",\"@id\":\"https:\/\/www.prendstadose.fr\/index.php\/2021\/11\/01\/histoire-dune-entrepreneuse-artisanale-2-0\/#primaryimage\",\"url\":\"https:\/\/www.prendstadose.fr\/wp-content\/uploads\/2021\/10\/DSCF6407-scaled.jpg\",\"contentUrl\":\"https:\/\/www.prendstadose.fr\/wp-content\/uploads\/2021\/10\/DSCF6407-scaled.jpg\",\"width\":2560,\"height\":1707,\"caption\":\"\u00a9LisaMillet-HistoiresDartisans\"},{\"@type\":\"BreadcrumbList\",\"@id\":\"https:\/\/www.prendstadose.fr\/index.php\/2021\/11\/01\/histoire-dune-entrepreneuse-artisanale-2-0\/#breadcrumb\",\"itemListElement\":[{\"@type\":\"ListItem\",\"position\":1,\"name\":\"Accueil\",\"item\":\"https:\/\/www.prendstadose.fr\/\"},{\"@type\":\"ListItem\",\"position\":2,\"name\":\"Histoire d\u2019une entrepreneuse artisanale 2.0\"}]},{\"@type\":\"WebSite\",\"@id\":\"https:\/\/www.prendstadose.fr\/#website\",\"url\":\"https:\/\/www.prendstadose.fr\/\",\"name\":\"PRENDS TA DOSE\",\"description\":\"Capsule Culture Pour Analphab\u00e8tes Lettr\u00e9s\",\"publisher\":{\"@id\":\"https:\/\/www.prendstadose.fr\/#organization\"},\"potentialAction\":[{\"@type\":\"SearchAction\",\"target\":{\"@type\":\"EntryPoint\",\"urlTemplate\":\"https:\/\/www.prendstadose.fr\/?s={search_term_string}\"},\"query-input\":{\"@type\":\"PropertyValueSpecification\",\"valueRequired\":true,\"valueName\":\"search_term_string\"}}],\"inLanguage\":\"fr-FR\"},{\"@type\":\"Organization\",\"@id\":\"https:\/\/www.prendstadose.fr\/#organization\",\"name\":\"PrendsTaDose\",\"url\":\"https:\/\/www.prendstadose.fr\/\",\"logo\":{\"@type\":\"ImageObject\",\"inLanguage\":\"fr-FR\",\"@id\":\"https:\/\/www.prendstadose.fr\/#\/schema\/logo\/image\/\",\"url\":\"https:\/\/www.prendstadose.fr\/wp-content\/uploads\/2021\/08\/logo-e1641309847268.png\",\"contentUrl\":\"https:\/\/www.prendstadose.fr\/wp-content\/uploads\/2021\/08\/logo-e1641309847268.png\",\"width\":400,\"height\":406,\"caption\":\"PrendsTaDose\"},\"image\":{\"@id\":\"https:\/\/www.prendstadose.fr\/#\/schema\/logo\/image\/\"},\"sameAs\":[\"https:\/\/www.facebook.com\/BrigadeSansFrontieres\/\",\"https:\/\/www.instagram.com\/romain_mailliu\/\"]},{\"@type\":\"Person\",\"@id\":\"https:\/\/www.prendstadose.fr\/#\/schema\/person\/470cdc52962d193b3ca01d9cfa243f03\",\"name\":\"Baudouin Duchange\",\"sameAs\":[\"http:\/\/www.bsf.ovh\/\"],\"url\":\"https:\/\/www.prendstadose.fr\/index.php\/author\/baudouinduchange\/\"}]}<\/script>\n<!-- \/ Yoast SEO plugin. -->","yoast_head_json":{"title":"Histoire d\u2019une entrepreneuse artisanale 2.0 &#8212; PRENDS TA DOSE","description":"&nbsp; INTERVIEW AVEC LISA MILLET. A l\u2019oppos\u00e9 de l\u2019engouement parfois sp\u00e9culatif autour de la startup 2.0 nation, l\u2019entrepreneuse Lisa Millet a d\u00e9cid\u00e9 de","robots":{"index":"index","follow":"follow","max-snippet":"max-snippet:-1","max-image-preview":"max-image-preview:large","max-video-preview":"max-video-preview:-1"},"canonical":"https:\/\/www.prendstadose.fr\/index.php\/2021\/11\/01\/histoire-dune-entrepreneuse-artisanale-2-0\/","og_locale":"fr_FR","og_type":"article","og_title":"Histoire d\u2019une entrepreneuse artisanale 2.0 &#8212; PRENDS TA DOSE","og_description":"&nbsp; INTERVIEW AVEC LISA MILLET. A l\u2019oppos\u00e9 de l\u2019engouement parfois sp\u00e9culatif autour de la startup 2.0 nation, l\u2019entrepreneuse Lisa Millet a d\u00e9cid\u00e9 de","og_url":"https:\/\/www.prendstadose.fr\/index.php\/2021\/11\/01\/histoire-dune-entrepreneuse-artisanale-2-0\/","og_site_name":"PRENDS TA DOSE","article_publisher":"https:\/\/www.facebook.com\/BrigadeSansFrontieres\/","article_published_time":"2021-11-01T14:58:10+00:00","article_modified_time":"2024-09-24T08:46:54+00:00","og_image":[{"width":2560,"height":1707,"url":"https:\/\/www.prendstadose.fr\/wp-content\/uploads\/2021\/10\/DSCF6407-scaled.jpg","type":"image\/jpeg"}],"author":"Baudouin Duchange","twitter_card":"summary_large_image","twitter_misc":{"\u00c9crit par":"Baudouin Duchange","Dur\u00e9e de lecture estim\u00e9e":"8 minutes"},"schema":{"@context":"https:\/\/schema.org","@graph":[{"@type":"Article","@id":"https:\/\/www.prendstadose.fr\/index.php\/2021\/11\/01\/histoire-dune-entrepreneuse-artisanale-2-0\/#article","isPartOf":{"@id":"https:\/\/www.prendstadose.fr\/index.php\/2021\/11\/01\/histoire-dune-entrepreneuse-artisanale-2-0\/"},"author":{"name":"Baudouin Duchange","@id":"https:\/\/www.prendstadose.fr\/#\/schema\/person\/470cdc52962d193b3ca01d9cfa243f03"},"headline":"Histoire d\u2019une entrepreneuse artisanale 2.0","datePublished":"2021-11-01T14:58:10+00:00","dateModified":"2024-09-24T08:46:54+00:00","mainEntityOfPage":{"@id":"https:\/\/www.prendstadose.fr\/index.php\/2021\/11\/01\/histoire-dune-entrepreneuse-artisanale-2-0\/"},"wordCount":1677,"commentCount":0,"publisher":{"@id":"https:\/\/www.prendstadose.fr\/#organization"},"image":{"@id":"https:\/\/www.prendstadose.fr\/index.php\/2021\/11\/01\/histoire-dune-entrepreneuse-artisanale-2-0\/#primaryimage"},"thumbnailUrl":"https:\/\/www.prendstadose.fr\/wp-content\/uploads\/2021\/10\/DSCF6407-scaled.jpg","keywords":["Art","Artisanat","Baudouin Duchange","entrepreneuriat","Histoire d'artisans","Lisa Millet","startup"],"articleSection":["Culture &amp; Soci\u00e9t\u00e9"],"inLanguage":"fr-FR","potentialAction":[{"@type":"CommentAction","name":"Comment","target":["https:\/\/www.prendstadose.fr\/index.php\/2021\/11\/01\/histoire-dune-entrepreneuse-artisanale-2-0\/#respond"]}]},{"@type":"WebPage","@id":"https:\/\/www.prendstadose.fr\/index.php\/2021\/11\/01\/histoire-dune-entrepreneuse-artisanale-2-0\/","url":"https:\/\/www.prendstadose.fr\/index.php\/2021\/11\/01\/histoire-dune-entrepreneuse-artisanale-2-0\/","name":"Histoire d\u2019une entrepreneuse artisanale 2.0 &#8212; PRENDS TA DOSE","isPartOf":{"@id":"https:\/\/www.prendstadose.fr\/#website"},"primaryImageOfPage":{"@id":"https:\/\/www.prendstadose.fr\/index.php\/2021\/11\/01\/histoire-dune-entrepreneuse-artisanale-2-0\/#primaryimage"},"image":{"@id":"https:\/\/www.prendstadose.fr\/index.php\/2021\/11\/01\/histoire-dune-entrepreneuse-artisanale-2-0\/#primaryimage"},"thumbnailUrl":"https:\/\/www.prendstadose.fr\/wp-content\/uploads\/2021\/10\/DSCF6407-scaled.jpg","datePublished":"2021-11-01T14:58:10+00:00","dateModified":"2024-09-24T08:46:54+00:00","description":"&nbsp; INTERVIEW AVEC LISA MILLET. A l\u2019oppos\u00e9 de l\u2019engouement parfois sp\u00e9culatif autour de la startup 2.0 nation, l\u2019entrepreneuse Lisa Millet a d\u00e9cid\u00e9 de","breadcrumb":{"@id":"https:\/\/www.prendstadose.fr\/index.php\/2021\/11\/01\/histoire-dune-entrepreneuse-artisanale-2-0\/#breadcrumb"},"inLanguage":"fr-FR","potentialAction":[{"@type":"ReadAction","target":["https:\/\/www.prendstadose.fr\/index.php\/2021\/11\/01\/histoire-dune-entrepreneuse-artisanale-2-0\/"]}]},{"@type":"ImageObject","inLanguage":"fr-FR","@id":"https:\/\/www.prendstadose.fr\/index.php\/2021\/11\/01\/histoire-dune-entrepreneuse-artisanale-2-0\/#primaryimage","url":"https:\/\/www.prendstadose.fr\/wp-content\/uploads\/2021\/10\/DSCF6407-scaled.jpg","contentUrl":"https:\/\/www.prendstadose.fr\/wp-content\/uploads\/2021\/10\/DSCF6407-scaled.jpg","width":2560,"height":1707,"caption":"\u00a9LisaMillet-HistoiresDartisans"},{"@type":"BreadcrumbList","@id":"https:\/\/www.prendstadose.fr\/index.php\/2021\/11\/01\/histoire-dune-entrepreneuse-artisanale-2-0\/#breadcrumb","itemListElement":[{"@type":"ListItem","position":1,"name":"Accueil","item":"https:\/\/www.prendstadose.fr\/"},{"@type":"ListItem","position":2,"name":"Histoire d\u2019une entrepreneuse artisanale 2.0"}]},{"@type":"WebSite","@id":"https:\/\/www.prendstadose.fr\/#website","url":"https:\/\/www.prendstadose.fr\/","name":"PRENDS TA DOSE","description":"Capsule Culture Pour Analphab\u00e8tes Lettr\u00e9s","publisher":{"@id":"https:\/\/www.prendstadose.fr\/#organization"},"potentialAction":[{"@type":"SearchAction","target":{"@type":"EntryPoint","urlTemplate":"https:\/\/www.prendstadose.fr\/?s={search_term_string}"},"query-input":{"@type":"PropertyValueSpecification","valueRequired":true,"valueName":"search_term_string"}}],"inLanguage":"fr-FR"},{"@type":"Organization","@id":"https:\/\/www.prendstadose.fr\/#organization","name":"PrendsTaDose","url":"https:\/\/www.prendstadose.fr\/","logo":{"@type":"ImageObject","inLanguage":"fr-FR","@id":"https:\/\/www.prendstadose.fr\/#\/schema\/logo\/image\/","url":"https:\/\/www.prendstadose.fr\/wp-content\/uploads\/2021\/08\/logo-e1641309847268.png","contentUrl":"https:\/\/www.prendstadose.fr\/wp-content\/uploads\/2021\/08\/logo-e1641309847268.png","width":400,"height":406,"caption":"PrendsTaDose"},"image":{"@id":"https:\/\/www.prendstadose.fr\/#\/schema\/logo\/image\/"},"sameAs":["https:\/\/www.facebook.com\/BrigadeSansFrontieres\/","https:\/\/www.instagram.com\/romain_mailliu\/"]},{"@type":"Person","@id":"https:\/\/www.prendstadose.fr\/#\/schema\/person\/470cdc52962d193b3ca01d9cfa243f03","name":"Baudouin Duchange","sameAs":["http:\/\/www.bsf.ovh\/"],"url":"https:\/\/www.prendstadose.fr\/index.php\/author\/baudouinduchange\/"}]}},"jetpack_publicize_connections":[],"jetpack_featured_media_url":"https:\/\/www.prendstadose.fr\/wp-content\/uploads\/2021\/10\/DSCF6407-scaled.jpg","jetpack_sharing_enabled":true,"_links":{"self":[{"href":"https:\/\/www.prendstadose.fr\/index.php\/wp-json\/wp\/v2\/posts\/3079","targetHints":{"allow":["GET"]}}],"collection":[{"href":"https:\/\/www.prendstadose.fr\/index.php\/wp-json\/wp\/v2\/posts"}],"about":[{"href":"https:\/\/www.prendstadose.fr\/index.php\/wp-json\/wp\/v2\/types\/post"}],"author":[{"embeddable":true,"href":"https:\/\/www.prendstadose.fr\/index.php\/wp-json\/wp\/v2\/users\/12"}],"replies":[{"embeddable":true,"href":"https:\/\/www.prendstadose.fr\/index.php\/wp-json\/wp\/v2\/comments?post=3079"}],"version-history":[{"count":13,"href":"https:\/\/www.prendstadose.fr\/index.php\/wp-json\/wp\/v2\/posts\/3079\/revisions"}],"predecessor-version":[{"id":3109,"href":"https:\/\/www.prendstadose.fr\/index.php\/wp-json\/wp\/v2\/posts\/3079\/revisions\/3109"}],"wp:featuredmedia":[{"embeddable":true,"href":"https:\/\/www.prendstadose.fr\/index.php\/wp-json\/wp\/v2\/media\/3095"}],"wp:attachment":[{"href":"https:\/\/www.prendstadose.fr\/index.php\/wp-json\/wp\/v2\/media?parent=3079"}],"wp:term":[{"taxonomy":"category","embeddable":true,"href":"https:\/\/www.prendstadose.fr\/index.php\/wp-json\/wp\/v2\/categories?post=3079"},{"taxonomy":"post_tag","embeddable":true,"href":"https:\/\/www.prendstadose.fr\/index.php\/wp-json\/wp\/v2\/tags?post=3079"}],"curies":[{"name":"wp","href":"https:\/\/api.w.org\/{rel}","templated":true}]}}