{"id":3279,"date":"2022-02-18T18:37:37","date_gmt":"2022-02-18T17:37:37","guid":{"rendered":"https:\/\/www.prendstadose.fr\/?p=3279"},"modified":"2024-09-24T10:47:20","modified_gmt":"2024-09-24T08:47:20","slug":"le-bon-le-boeuf-et-le-saint-visite-de-leglise-saint-thomas-daquin","status":"publish","type":"post","link":"https:\/\/www.prendstadose.fr\/index.php\/2022\/02\/18\/le-bon-le-boeuf-et-le-saint-visite-de-leglise-saint-thomas-daquin\/","title":{"rendered":"Le bon, le boeuf et le saint : visite de l&rsquo;\u00e9glise St Thomas d&rsquo;Aquin"},"content":{"rendered":"<p style=\"text-align: center;\"><span style=\"font-size: 14pt;\"><i>\u201cSur les chemins\u201d est une s\u00e9rie de r\u00e9cits de promenades au bord du patrimoine fran\u00e7ais \u00e9clair\u00e9s par des lumi\u00e8res d\u2019hier et d\u2019aujourd\u2019hui (Jul, St Thomas d\u2019Aquin, Dalida, Jim Harrison, Zweig, Johnny, Chagall, Houellebecq, Naps \u2026)\u00a0\u00a0\u00a0<\/i><\/span><\/p>\n<p style=\"text-align: left;\"><span style=\"font-size: 14pt;\">\u00a0\u00a0\u00a0 <b>Nous sommes dimanche, le jour de la messe et du march\u00e9, le jour des gueules de bois enrag\u00e9es et des burgers livr\u00e9s par de bons samaritains \u00e0 v\u00e9lo. <\/b>Pour m\u2019a\u00e9rer le cerveau embu\u00e9 par les \u00e9vaporations houblonn\u00e9es de la veille, je d\u00e9cide de me promener. Destination\u00a0: l\u2019\u00e9glise St Thomas d\u2019Aquin dans le 7\u00e8me arrondissement de Paris. Inutile de rousp\u00e9ter d\u00e8s le premier paragraphe, c\u2019est un choix hasardeux issu d\u2019une de mes nombreuses obsessions n\u00e9vrotiques patrimoniales. Et puis une heure de marche, c\u2019est un raccourci appr\u00e9ciable pour rejoindre le plus grand intellectuel du Moyen-\u00c2ge sans passer par la lecture de sa fameuse <a href=\"https:\/\/www.editionsducerf.fr\/librairie\/livre\/2156\/somme-theologique-3-ii-ii\">Somme th\u00e9ologique<\/a>. Je n\u2019ai de toute fa\u00e7on pas le temps de m\u2019y consacrer en ce moment puisque je relis l\u2019encyclique de JK Rowling d\u00e9di\u00e9e \u00e0 Harry Potter. Une autre voie pour chercher des mondes inaccessibles.<\/span><\/p>\n<p><img loading=\"lazy\" decoding=\"async\" class=\"aligncenter wp-image-3281 size-full\" src=\"https:\/\/www.prendstadose.fr\/wp-content\/uploads\/2022\/02\/Capture-de\u0301cran-2022-02-18-a\u0300-18.14.03.png\" alt=\"\" width=\"661\" height=\"698\" srcset=\"https:\/\/www.prendstadose.fr\/wp-content\/uploads\/2022\/02\/Capture-de\u0301cran-2022-02-18-a\u0300-18.14.03.png 661w, https:\/\/www.prendstadose.fr\/wp-content\/uploads\/2022\/02\/Capture-de\u0301cran-2022-02-18-a\u0300-18.14.03-284x300.png 284w, https:\/\/www.prendstadose.fr\/wp-content\/uploads\/2022\/02\/Capture-de\u0301cran-2022-02-18-a\u0300-18.14.03-585x618.png 585w\" sizes=\"auto, (max-width: 661px) 100vw, 661px\" \/><\/p>\n<p style=\"text-align: center;\"><i>\u201cLe triomphe de St Thomas d\u2019Aquin\u201d par Benozzo Gozzoli (XV\u00e8me) &#8211;<\/i><a href=\"https:\/\/collections.louvre.fr\/en\/ark:\/53355\/cl010064458\"><i>Mus\u00e9e du Louvre\u00a0<\/i><\/a><\/p>\n<p><strong><span style=\"font-size: 18pt;\">PROMENADE SOUS LE MIRADOR<\/span><\/strong><\/p>\n<p><span style=\"font-size: 14pt;\">\u00a0\u00a0\u00a0 <b>Le 5<\/b><b>\u00e8me<\/b><b> arrondissement est \u00e9gal \u00e0 lui-m\u00eame.<\/b> Le Panth\u00e9on impressionne avec ses murailles sans fen\u00eatres donnant \u00e0 son d\u00f4me un air de mirador. \u00ab\u00a0<i>C\u2019est pas le P\u00e9rou, mais faut r\u00eaver, quand on prom\u00e8ne nos corps sous le Mirador<\/i>\u00a0\u00bb <a href=\"https:\/\/youtu.be\/u2_9WRyCsms\">chantait Johnny<\/a>. Son refrain empreint de fatalisme me poursuit tandis que je longe le jardin du Luxembourg. \u00c0 l\u2019int\u00e9rieur, le S\u00e9nat d\u00e9sapprouve mon visage d\u00e9nud\u00e9. Le retour de l\u2019obligation du port du masque \u00e0 l\u2019ext\u00e9rieur ne m\u2019inspire pas. Johnny passe le micro \u00e0 <a href=\"https:\/\/youtu.be\/Q09oTK15-n0\">Jul\u00a0<\/a>: \u00ab\u00a0<i>Quand tu mets le masque, je vois pas tes d\u00e9fauts \/ Mais t&rsquo;inqui\u00e8tes, j&rsquo;sais reconna\u00eetre les vrais des faux<\/i>\u00a0\u00bb. Les visages timides, boudeurs, souriants ou r\u00eaveurs des parisiennes me manquent d\u00e9j\u00e0. Et les absurdit\u00e9s des contraintes \u00ab\u00a0sanitaires\u00a0\u00bb me lassent. Les sourires s\u2019en vont, je demeure.\u00a0\u00a0<\/span><\/p>\n<p><span style=\"font-size: 14pt;\"><b>La rue coule vers le quartier de Saint Germain des Pr\u00e9s.<\/b> Quelques pas sur le c\u00f4t\u00e9 gauche plus tard, l\u2019hommage architectural parisien \u00e0 son universitaire le plus connu, Saint Thomas d\u2019Aquin, se d\u00e9voile \u00e0 moi comme une montagne apr\u00e8s un col. J\u2019esp\u00e8re atteindre les sommets esth\u00e9tiques promis par les avis <i>google<\/i>. Ces commentaires grain\u00e9s par les alpinistes du monde digital me font penser \u00e0 des <a href=\"https:\/\/fr.wikipedia.org\/wiki\/Cairn\">cairns<\/a> sur les chemins de randonn\u00e9e. Pour ne pas se perdre, il vaut mieux les suivre. \u00ab\u00a0<i>M\u00e9rite une visite<\/i>\u00a0\u00bb selon Thierry ou encore \u00ab\u00a0<i>Belle \u00e9glise comme j&rsquo;aime\u00a0<\/i>\u00bb selon l\u2019\u00e9vangile d\u2019Aline. Apparemment c\u2019est \u00e0 voir\u00a0! Alors allons-y.<\/span><\/p>\n<p><img loading=\"lazy\" decoding=\"async\" class=\"aligncenter wp-image-3282 \" src=\"https:\/\/www.prendstadose.fr\/wp-content\/uploads\/2022\/02\/800px-Saint_thomas_daquin_church_paris.jpg\" alt=\"\" width=\"394\" height=\"587\" srcset=\"https:\/\/www.prendstadose.fr\/wp-content\/uploads\/2022\/02\/800px-Saint_thomas_daquin_church_paris.jpg 800w, https:\/\/www.prendstadose.fr\/wp-content\/uploads\/2022\/02\/800px-Saint_thomas_daquin_church_paris-201x300.jpg 201w, https:\/\/www.prendstadose.fr\/wp-content\/uploads\/2022\/02\/800px-Saint_thomas_daquin_church_paris-687x1024.jpg 687w, https:\/\/www.prendstadose.fr\/wp-content\/uploads\/2022\/02\/800px-Saint_thomas_daquin_church_paris-768x1144.jpg 768w, https:\/\/www.prendstadose.fr\/wp-content\/uploads\/2022\/02\/800px-Saint_thomas_daquin_church_paris-585x872.jpg 585w\" sizes=\"auto, (max-width: 394px) 100vw, 394px\" \/><\/p>\n<p style=\"text-align: center;\"><em>La place Saint Thomas, dans le 7\u00e8me arrondissement de Paris<\/em><\/p>\n<p><span style=\"font-size: 18pt;\"><b>XVII\u00c8ME VS RESTE DU MONDE<\/b><\/span><\/p>\n<p><span style=\"font-size: 14pt;\"><b>La place devant l\u2019entr\u00e9e de l\u2019\u00e9glise est vide.<\/b> Mon ombre misanthrope est ravie. Mais plus pour longtemps. Le conservatoire professionnel des joueurs de fl\u00fbtes, Science Po, vient en effet d\u2019am\u00e9nager le b\u00e2timent \u00e0 c\u00f4t\u00e9 de l\u2019\u00e9glise. Ouverture pr\u00e9vue en septembre 2022. Peut-\u00eatre que les \u00e9l\u00e8ves de la filiale parisienne de Serpentard se convertiront dans une qu\u00eate intellectuelle et spirituelle profonde ? Je peine \u00e0 y croire, comme \u00e0 monter les escaliers de l&rsquo;entr\u00e9e avec mes poumons de fumeur. \u00c0 chacun son p\u00e8lerinage.\u00a0<\/span><\/p>\n<p><span style=\"font-size: 14pt;\">\u00a0\u00a0\u00a0 <b>Premier coup d\u2019\u0153il \u00e0 l\u2019int\u00e9rieur de l\u2019\u00e9glise\u00a0: c\u2019est beau.<\/b> Commentaire banal car j\u2019anticipe la r\u00e9daction de mon avis <i>google<\/i>. Mais si vous pr\u00e9f\u00e9rez une r\u00e9flexion plus technique, il s&rsquo;y illustre un ordre et une r\u00e9gularit\u00e9 toute propre \u00e0 son \u00e9poque. La vo\u00fbte en berceau, les piliers orn\u00e9s de pilastres corinthiens qui la soutiennent servent ce discours par leur sym\u00e9trie, leur clart\u00e9. La luminosit\u00e9 participe d\u2019ailleurs beaucoup \u00e0 la perception architecturale de la nef. \u00c9clair\u00e9e de six baies, les collat\u00e9raux apparaissent plus recueillis pour accueillir les nombreux tableaux de ma\u00eetre acquis par la paroisse&#8230; L\u2019analyse n\u2019est pas la mienne mais celle du cerveau fou d\u2019un pote architecte. Je paraphrase souvent, c\u2019est moins fatiguant. Ou pour le dire plus joliment\u00a0: j\u2019appr\u00e9cie les citations.\u00a0<\/span><\/p>\n<p><span style=\"font-size: 14pt;\"><b>Bref, une ossature d\u2019\u00e9glise tr\u00e8s 17<\/b><b>\u00e8me<\/b><b>.<\/b> On pourrait presque la consid\u00e9rer comme un reliquaire de l\u2019esth\u00e9tisme du si\u00e8cle de Louis XIII et Louis XIV. Le b\u00e2timent est d\u2019inspiration classique, c\u2019est-\u00e0-dire que la mont\u00e9e vers le ch\u0153ur inspire un \u00e9lan de simplicit\u00e9 \u2013 ou de puret\u00e9 (y-a-t-il une diff\u00e9rence entre les deux ?). Peut-\u00eatre est-ce d\u00fb \u00e0 l\u2019alliance de la pierre beige avec le bois sombre sur le bas des murs ainsi que de l\u2019\u00e9l\u00e9gante chaire. Et pourtant \u2013 malheureusement ? \u2013 le baroque s\u2019est tap\u00e9 l\u2019incruste dans le ch\u0153ur. Des angelots grassouillets soutiennent un drap\u00e9 nuageux au-dessus du ciborium de l\u2019autel. Le temps a fait son \u0153uvre et le baroque s\u2019est ins\u00e9r\u00e9 \u00e0 l\u2019ornement comme la mousse sur un plafond humide.\u00a0<\/span><\/p>\n<p><img loading=\"lazy\" decoding=\"async\" class=\"aligncenter wp-image-3283 size-full\" src=\"https:\/\/www.prendstadose.fr\/wp-content\/uploads\/2022\/02\/Photo-1.jpg\" alt=\"\" width=\"900\" height=\"607\" srcset=\"https:\/\/www.prendstadose.fr\/wp-content\/uploads\/2022\/02\/Photo-1.jpg 900w, https:\/\/www.prendstadose.fr\/wp-content\/uploads\/2022\/02\/Photo-1-300x202.jpg 300w, https:\/\/www.prendstadose.fr\/wp-content\/uploads\/2022\/02\/Photo-1-768x518.jpg 768w, https:\/\/www.prendstadose.fr\/wp-content\/uploads\/2022\/02\/Photo-1-585x395.jpg 585w\" sizes=\"auto, (max-width: 900px) 100vw, 900px\" \/><\/p>\n<p style=\"text-align: center;\"><a href=\"https:\/\/www.patrimoine-histoire.fr\/Patrimoine\/Paris\/Paris-Saint-Thomas-d-Aquin.htm\">@Patrimoine-Histoire<\/a><\/p>\n<p><span style=\"font-size: 18pt;\"><b>L\u2019INSOUTENABLE L\u00c9G\u00c8RET\u00c9 D\u2019UNE \u00c9GLISE DE 30 000 TONNES<\/b><\/span><\/p>\n<p><span style=\"font-size: 14pt;\"> <b>Plus rapide que Lucky Luke, je d\u00e9gaine mon portable \u00e0 la recherche d\u2019informations \u00e0 mac\u00e9rer.<\/b> Mais je me souviens du conseil de Mr. Weasley \u00e0 sa fille Ginny dans <a href=\"https:\/\/livre.fnac.com\/a11027878\/Harry-Potter-Tome-2-Harry-Potter-et-la-Chambre-des-Secrets-J-K-Rowling\">Harry Potter 2<\/a>\u00a0: \u00ab\u00a0<i>Qu\u2019est-ce que je t\u2019ai toujours dit\u00a0? De ne jamais te fier \u00e0 quelque chose capable d\u2019agir et de penser tout seul si tu ne vois pas o\u00f9 se trouve son cerveau<\/i>\u00a0\u00bb. Mode avion activ\u00e9\u00a0: je reste \u00e0 l&rsquo;aff\u00fbt de mes \u00e9motions. Je l\u00e8ve la t\u00eate pour admirer la coupole, h\u00e9ritage architectural du Si\u00e8cle d\u2019or.<\/span><\/p>\n<p><span style=\"font-size: 14pt;\"><b>Je sors de ma poche <\/b><a href=\"https:\/\/www.laprocure.com\/product\/ean\/9782856523254\/saint-thomas-du-createur\"><b>l\u2019excellente biographie<\/b><\/a><b> du Saint par l\u2019\u00e9crivain anglais Chesterton<\/b>\u00a0: \u00ab <i>Nul n&rsquo;approchera jamais de l&rsquo;intelligence de la philosophie thomiste, ou de la philosophie catholique, qui ne comprenne d&rsquo;abord qu&rsquo;elle se fonde enti\u00e8rement sur la glorification de la vie ; la glorification de l&rsquo;\u00eatre ; la glorification du Dieu cr\u00e9ateur de l&rsquo;univers. Le reste s&rsquo;ensuit par voie de cons\u00e9quences dans un ordre troubl\u00e9 mais non supprim\u00e9 par le p\u00e9ch\u00e9 d&rsquo;Adam et les vocations h\u00e9r\u00e9tiques\u00a0\u00bb<\/i>. Cette extase pour le vivant se ressent particuli\u00e8rement dans le ch\u0153ur de l\u2019\u00e9glise. Le d\u00f4me ressemble \u00e0 une couronne avec ses quatre piliers courb\u00e9s. Une couronne divine prot\u00e9geant l\u2019autel o\u00f9 se d\u00e9roule l\u2019eucharistie. Se diffuse en moi le symbole d\u2019une hostie se transformant chaque jour en Christ Roi. L\u2019architecture est une publicit\u00e9 d\u00e9licate.\u00a0<\/span><\/p>\n<p><img loading=\"lazy\" decoding=\"async\" class=\"aligncenter wp-image-3284 size-full\" src=\"https:\/\/www.prendstadose.fr\/wp-content\/uploads\/2022\/02\/Photo-2-scaled.jpg\" alt=\"\" width=\"2560\" height=\"1660\" srcset=\"https:\/\/www.prendstadose.fr\/wp-content\/uploads\/2022\/02\/Photo-2-scaled.jpg 2560w, https:\/\/www.prendstadose.fr\/wp-content\/uploads\/2022\/02\/Photo-2-300x195.jpg 300w, https:\/\/www.prendstadose.fr\/wp-content\/uploads\/2022\/02\/Photo-2-1024x664.jpg 1024w, https:\/\/www.prendstadose.fr\/wp-content\/uploads\/2022\/02\/Photo-2-768x498.jpg 768w, https:\/\/www.prendstadose.fr\/wp-content\/uploads\/2022\/02\/Photo-2-1536x996.jpg 1536w, https:\/\/www.prendstadose.fr\/wp-content\/uploads\/2022\/02\/Photo-2-2048x1328.jpg 2048w, https:\/\/www.prendstadose.fr\/wp-content\/uploads\/2022\/02\/Photo-2-1170x759.jpg 1170w, https:\/\/www.prendstadose.fr\/wp-content\/uploads\/2022\/02\/Photo-2-1920x1245.jpg 1920w, https:\/\/www.prendstadose.fr\/wp-content\/uploads\/2022\/02\/Photo-2-585x379.jpg 585w\" sizes=\"auto, (max-width: 2560px) 100vw, 2560px\" \/><\/p>\n<p style=\"text-align: center;\">Photo du d\u00f4me de l&rsquo;\u00e9glise @<a href=\"https:\/\/instagram.com\/unevieplusgrande?utm_medium=copy_link\">Audrey Pechenart<\/a><\/p>\n<p><span style=\"font-size: 14pt;\"><b>Une peinture murale sous le d\u00f4me repr\u00e9sente un St Thomas sur fond dor\u00e9 en contemplation.<\/b> Le docteur de l\u2019\u00c9glise le plus important de son \u00e9poque, l\u2019incontournable aventurier de l\u2019esprit ayant r\u00e9introduit la figure aristot\u00e9licienne dans l\u2019Occident, le bourreau des dispersions intellectuelles inhumaines, s\u2019humilie pourtant devant son Dieu, source et embouchure de son existence. C\u2019est cette vision de l\u2019\u00c9glise que j\u2019affectionne\u00a0: une communaut\u00e9 de p\u00e9cheurs, riche de c\u0153ur et pauvre de tout le reste, qui s\u2019agenouillent humblement, dans un instant d\u2019intimit\u00e9 collective, devant l\u2019immense mis\u00e9ricorde du P\u00e8re.\u00a0<\/span><\/p>\n<p><img loading=\"lazy\" decoding=\"async\" class=\"aligncenter wp-image-3285 size-full\" src=\"https:\/\/www.prendstadose.fr\/wp-content\/uploads\/2022\/02\/Photo-3.jpg\" alt=\"\" width=\"1599\" height=\"1276\" srcset=\"https:\/\/www.prendstadose.fr\/wp-content\/uploads\/2022\/02\/Photo-3.jpg 1599w, https:\/\/www.prendstadose.fr\/wp-content\/uploads\/2022\/02\/Photo-3-300x239.jpg 300w, https:\/\/www.prendstadose.fr\/wp-content\/uploads\/2022\/02\/Photo-3-1024x817.jpg 1024w, https:\/\/www.prendstadose.fr\/wp-content\/uploads\/2022\/02\/Photo-3-768x613.jpg 768w, https:\/\/www.prendstadose.fr\/wp-content\/uploads\/2022\/02\/Photo-3-1536x1226.jpg 1536w, https:\/\/www.prendstadose.fr\/wp-content\/uploads\/2022\/02\/Photo-3-1170x934.jpg 1170w, https:\/\/www.prendstadose.fr\/wp-content\/uploads\/2022\/02\/Photo-3-585x467.jpg 585w\" sizes=\"auto, (max-width: 1599px) 100vw, 1599px\" \/><\/p>\n<p style=\"text-align: center;\">@<a href=\"https:\/\/instagram.com\/unevieplusgrande?utm_medium=copy_link\">Audrey Pechenart<\/a><\/p>\n<p><span style=\"font-size: 14pt;\"><b>Saints et visiteurs sont de la m\u00eame race\u00a0: des p\u00e9cheurs pleins de vie. <\/b>C\u2019est l\u2019unique le\u00e7on que j\u2019ai retenue du professeur. Je ressors <a href=\"https:\/\/www.laprocure.com\/product\/ean\/9782856523254\/saint-thomas-du-createur\">le livre<\/a> de Chesterton. \u00ab\u00a0<i>\u00c0 l&rsquo;intellectuel morbide de la renaissance qui s&rsquo;interroge :<\/i> \u00ab\u00a0<i>\u00catre ou ne pas \u00eatre ? Telle est la question\u00a0\u00bb, le massif docteur m\u00e9di\u00e9val r\u00e9pond d&rsquo;une voix de tonnerre : \u00ab\u00a0\u00catre : c&rsquo;est la r\u00e9ponse\u00a0\u00bb. Cela vaut qu&rsquo;on y insiste. Car il ne faudrait pas croire, ce que l&rsquo;on fait volontiers, que la Renaissance marque le moment o\u00f9 l&rsquo;on commence \u00e0 faire confiance \u00e0 la vie. C&rsquo;est l&rsquo;\u00e9poque au contraire o\u00f9, pour la premi\u00e8re fois, Quelques esprits cessent d&rsquo;y croire. Le Moyen-\u00c2ge avait mis des freins \u00e0 l&rsquo;universel app\u00e9tit de vivre qui tournait parfois \u00e0 la fureur de vivre. Les freins furent quelques fois inutilement serr\u00e9s. Mais ils servaient \u00e0 contenir une force naturelle tr\u00e8s puissante : la force d&rsquo;hommes qui aimaient la vie. Avant l&rsquo;apparition de la pens\u00e9e dite moderne, on n\u2019avait jamais eu \u00e0 combattre des hommes qui d\u00e9siraient mourir\u00a0\u00bb. <\/i>Cette \u00e9glise est vivante.<\/span><\/p>\n<p><img loading=\"lazy\" decoding=\"async\" class=\"aligncenter wp-image-3286 size-full\" src=\"https:\/\/www.prendstadose.fr\/wp-content\/uploads\/2022\/02\/Photo-4.jpg\" alt=\"\" width=\"900\" height=\"608\" srcset=\"https:\/\/www.prendstadose.fr\/wp-content\/uploads\/2022\/02\/Photo-4.jpg 900w, https:\/\/www.prendstadose.fr\/wp-content\/uploads\/2022\/02\/Photo-4-300x203.jpg 300w, https:\/\/www.prendstadose.fr\/wp-content\/uploads\/2022\/02\/Photo-4-768x519.jpg 768w, https:\/\/www.prendstadose.fr\/wp-content\/uploads\/2022\/02\/Photo-4-585x395.jpg 585w\" sizes=\"auto, (max-width: 900px) 100vw, 900px\" \/><\/p>\n<p style=\"text-align: center;\"><em>La coupole est orn\u00e9e des peintures de Merry-Joseph Blondel (1781-1853) &#8211; <a href=\"https:\/\/www.patrimoine-histoire.fr\/Patrimoine\/Paris\/Paris-Saint-Thomas-d-Aquin.htm\">@Patrimoine-Histoire<\/a><\/em><\/p>\n<p><span style=\"font-size: 18pt;\"><b>FIN DE PROMENADE\u00a0<\/b><\/span><\/p>\n<p><span style=\"font-size: 14pt;\"><b>L\u2019un des surnoms de St Thomas \u00e9tait le b\u0153uf muet de Sicile<\/b>. Sa corpulence devait \u00e9voquer les contours costaux du <a href=\"https:\/\/youtu.be\/65l-hDvRAKE\">Chauss\u00e9e aux Moines<\/a>. Et son caract\u00e8re celui d\u2019un agriculteur c\u00e9libataire de la Creuse. Il travaillait sans r\u00e9pit pour ce qu\u2019il pensait juste. J\u2019envie sa capacit\u00e9 \u00e0 accepter le silence int\u00e9rieur, \u00e0 y puiser la force et la stabilit\u00e9 afin de r\u00e9ussir \u00e0 avoir une parole claire et tranchante dans ce monde perp\u00e9tuellement agit\u00e9. Ce vrai silence r\u00e9g\u00e9n\u00e9rateur, j\u2019y parviens uniquement lorsque je cuisine ou jardine. Deux vocations qui m\u00e8nent directement \u00e0 la saintet\u00e9, j\u2019en suis convaincu.\u00a0<\/span><\/p>\n<p><span style=\"font-size: 14pt;\"><b>J\u2019arrive au bout de cette promenade patrimoniale avec la chapelle Saint-Louis, situ\u00e9e derri\u00e8re le ch\u0153ur.<\/b> Celle-ci t\u00e9moigne d\u2019une rencontre entre Louis et Thomas, deux futurs saints aux caract\u00e8res pourtant oppos\u00e9s. Un fran\u00e7ais sociable avec une couronne sur la t\u00eate et un immigr\u00e9 taiseux la t\u00eate dans les livres. La saintet\u00e9 n\u2019est pas un profil psychologique ! Deux points communs tout de m\u00eame : ils ont habit\u00e9 \u00e0 Paris au XIII\u00e8me si\u00e8cle et consacr\u00e9 leur vie au Christ. On raconte qu\u2019apr\u00e8s plusieurs invitations d\u00e9clin\u00e9es, Thomas aurait finalement accept\u00e9, sur ordre de ses sup\u00e9rieurs, un repas \u00e0 la cour du roi. On imagine mal le b\u0153uf muet de Sicile faire le moindre effort pour sociabiliser \u00e0 l\u2019aide d\u2019un cocktail de mondanit\u00e9. Agit\u00e9es par l\u2019ironie et la courtoisie alors de vigueur en France,\u00a0 les discussions devaient \u00eatre anim\u00e9es ! Jusqu\u2019\u00e0 ce qu\u2019un bloc de chair s&rsquo;abatte contre la table et qu\u2019une voix profonde s\u2019\u00e9crie \u201c<i>VOIL\u00c0 QUI FERA TAIRE LES MANICH\u00c9ENS<\/i> !\u201d \u00c9lucubration d\u2019un ivrogne ou nouvelle plaisanterie d\u2019un troubadour ? Que nenni : St Thomas venait simplement de trouver un nouvel argument contre les h\u00e9r\u00e9tiques apr\u00e8s une longue absence introspective ! Je me dirige vers la sortie de l\u2019\u00e9glise. La lourde porte en bois se referme brusquement. Il me semble encore entendre le poing du Saint raisonner dans mon \u00e2me.\u00a0<\/span><\/p>\n<p style=\"text-align: right;\"><a href=\"https:\/\/www.prendstadose.fr\/index.php\/baudouin-duchange-chroniques\/\"><span style=\"font-size: 14pt;\"><strong>Baudouin Duchange<\/strong><\/span><\/a><\/p>\n<p><img loading=\"lazy\" decoding=\"async\" class=\"aligncenter wp-image-3287 size-full\" src=\"https:\/\/www.prendstadose.fr\/wp-content\/uploads\/2022\/02\/Photo-6.jpg\" alt=\"\" width=\"609\" height=\"768\" srcset=\"https:\/\/www.prendstadose.fr\/wp-content\/uploads\/2022\/02\/Photo-6.jpg 609w, https:\/\/www.prendstadose.fr\/wp-content\/uploads\/2022\/02\/Photo-6-238x300.jpg 238w, https:\/\/www.prendstadose.fr\/wp-content\/uploads\/2022\/02\/Photo-6-585x738.jpg 585w\" sizes=\"auto, (max-width: 609px) 100vw, 609px\" \/><\/p>\n<p style=\"text-align: center;\">@<a href=\"https:\/\/instagram.com\/unevieplusgrande?utm_medium=copy_link\">Audrey Pechenart<\/a><\/p>\n<div id=\"penci-post-gallery__19089\" class=\"penci-post-gallery-container justified column-3\" data-height=\"150\" data-margin=\"3\"><a class=\"item-gallery-justified\" href=\"https:\/\/www.prendstadose.fr\/wp-content\/uploads\/2022\/02\/image_large-1.jpg\"><img decoding=\"async\" src=\"https:\/\/www.prendstadose.fr\/wp-content\/uploads\/2022\/02\/image_large-1-585x734.jpg\" alt=\"\" title=\"image_large-1\"><\/a><a class=\"item-gallery-justified\" href=\"https:\/\/www.prendstadose.fr\/wp-content\/uploads\/2022\/02\/ParSTdA30.jpg\"><img decoding=\"async\" src=\"https:\/\/www.prendstadose.fr\/wp-content\/uploads\/2022\/02\/ParSTdA30.jpg\" alt=\"\" title=\"ParSTdA30\"><\/a><a class=\"item-gallery-justified\" href=\"https:\/\/www.prendstadose.fr\/wp-content\/uploads\/2022\/02\/Photo-5-scaled.jpg\"><img decoding=\"async\" src=\"https:\/\/www.prendstadose.fr\/wp-content\/uploads\/2022\/02\/Photo-5-585x878.jpg\" alt=\"\" title=\"Photo 5\"><\/a><a class=\"item-gallery-justified\" href=\"https:\/\/www.prendstadose.fr\/wp-content\/uploads\/2022\/02\/Photo-6.jpg\"><img decoding=\"async\" src=\"https:\/\/www.prendstadose.fr\/wp-content\/uploads\/2022\/02\/Photo-6-585x738.jpg\" alt=\"\" title=\"Photo 6\"><\/a><a class=\"item-gallery-justified\" href=\"https:\/\/www.prendstadose.fr\/wp-content\/uploads\/2022\/02\/ParSTdA26-1.jpg\"><img decoding=\"async\" src=\"https:\/\/www.prendstadose.fr\/wp-content\/uploads\/2022\/02\/ParSTdA26-1.jpg\" alt=\"\" title=\"ParSTdA26-1\"><\/a><a class=\"item-gallery-justified\" href=\"https:\/\/www.prendstadose.fr\/wp-content\/uploads\/2022\/02\/ParSTdA26.jpg\"><img decoding=\"async\" src=\"https:\/\/www.prendstadose.fr\/wp-content\/uploads\/2022\/02\/ParSTdA26.jpg\" alt=\"\" title=\"ParSTdA26\"><\/a><a class=\"item-gallery-justified\" href=\"https:\/\/www.prendstadose.fr\/wp-content\/uploads\/2022\/02\/ParSTdA14.jpg\"><img decoding=\"async\" src=\"https:\/\/www.prendstadose.fr\/wp-content\/uploads\/2022\/02\/ParSTdA14-585x395.jpg\" alt=\"\" title=\"ParSTdA14\"><\/a><a class=\"item-gallery-justified\" href=\"https:\/\/www.prendstadose.fr\/wp-content\/uploads\/2022\/02\/ParSTdA01.jpg\"><img decoding=\"async\" src=\"https:\/\/www.prendstadose.fr\/wp-content\/uploads\/2022\/02\/ParSTdA01-585x395.jpg\" alt=\"\" title=\"ParSTdA01\"><\/a><a class=\"item-gallery-justified\" href=\"https:\/\/www.prendstadose.fr\/wp-content\/uploads\/2022\/02\/Photo-4.jpg\"><img decoding=\"async\" src=\"https:\/\/www.prendstadose.fr\/wp-content\/uploads\/2022\/02\/Photo-4-585x395.jpg\" alt=\"\" title=\"Photo 4\"><\/a><a class=\"item-gallery-justified\" href=\"https:\/\/www.prendstadose.fr\/wp-content\/uploads\/2022\/02\/Photo-3.jpg\"><img decoding=\"async\" src=\"https:\/\/www.prendstadose.fr\/wp-content\/uploads\/2022\/02\/Photo-3-585x467.jpg\" alt=\"\" title=\"Photo 3\"><\/a><a class=\"item-gallery-justified\" href=\"https:\/\/www.prendstadose.fr\/wp-content\/uploads\/2022\/02\/Photo-2-scaled.jpg\"><img decoding=\"async\" src=\"https:\/\/www.prendstadose.fr\/wp-content\/uploads\/2022\/02\/Photo-2-585x379.jpg\" alt=\"\" title=\"Photo 2\"><\/a><a class=\"item-gallery-justified\" href=\"https:\/\/www.prendstadose.fr\/wp-content\/uploads\/2022\/02\/Photo-1.jpg\"><img decoding=\"async\" src=\"https:\/\/www.prendstadose.fr\/wp-content\/uploads\/2022\/02\/Photo-1-585x395.jpg\" alt=\"\" title=\"Photo 1\"><\/a><a class=\"item-gallery-justified\" href=\"https:\/\/www.prendstadose.fr\/wp-content\/uploads\/2022\/02\/800px-Saint_thomas_daquin_church_paris.jpg\"><img decoding=\"async\" src=\"https:\/\/www.prendstadose.fr\/wp-content\/uploads\/2022\/02\/800px-Saint_thomas_daquin_church_paris-585x872.jpg\" alt=\"\" title=\"800px-Saint_thomas_daquin_church_paris\"><\/a><a class=\"item-gallery-justified\" href=\"https:\/\/www.prendstadose.fr\/wp-content\/uploads\/2022\/02\/Capture-de\u0301cran-2022-02-18-a\u0300-18.14.03.png\"><img decoding=\"async\" src=\"https:\/\/www.prendstadose.fr\/wp-content\/uploads\/2022\/02\/Capture-de\u0301cran-2022-02-18-a\u0300-18.14.03-585x618.png\" alt=\"\" title=\"Capture d\u2019e\u0301cran 2022-02-18 a\u0300 18.14.03\"><\/a><\/div>\n","protected":false},"excerpt":{"rendered":"<p>\u201cSur les chemins\u201d est une s\u00e9rie de r\u00e9cits de promenades au bord du patrimoine fran\u00e7ais \u00e9clair\u00e9s&hellip;<\/p>\n","protected":false},"author":12,"featured_media":3292,"comment_status":"open","ping_status":"open","sticky":false,"template":"","format":"standard","meta":{"_editorskit_title_hidden":false,"_editorskit_reading_time":0,"_editorskit_is_block_options_detached":false,"_editorskit_block_options_position":"{}","jetpack_post_was_ever_published":false,"_jetpack_newsletter_access":"","_jetpack_dont_email_post_to_subs":false,"_jetpack_newsletter_tier_id":0,"_jetpack_memberships_contains_paywalled_content":false,"_jetpack_memberships_contains_paid_content":false,"footnotes":"","jetpack_publicize_message":"","jetpack_publicize_feature_enabled":true,"jetpack_social_post_already_shared":false,"jetpack_social_options":{"image_generator_settings":{"template":"highway","enabled":false},"version":2}},"categories":[356],"tags":[728,726,243,725,730,528,85,327,153,727,729,721,724,481,241,732,731,733],"class_list":["post-3279","post","type-post","status-publish","format-standard","has-post-thumbnail","hentry","category-carnet-de-voyage","tag-728","tag-7eme-arrondissement","tag-art","tag-art-religieux","tag-chesterton","tag-harry-potter","tag-johnny-hallyday","tag-jul","tag-paris","tag-paris-7","tag-passion-patrimoine","tag-patrimoine","tag-patrimoine-francais","tag-peintre","tag-peinture","tag-saint-thomas","tag-saint-thomas-daquin","tag-st-thomas-daquin"],"yoast_head":"<!-- This site is optimized with the Yoast SEO plugin v24.6 - https:\/\/yoast.com\/wordpress\/plugins\/seo\/ -->\n<title>Le bon, le boeuf et le saint : visite de l&#039;\u00e9glise St Thomas d&#039;Aquin &#8212; PRENDS TA DOSE<\/title>\n<meta name=\"description\" content=\"\u201cSur les chemins\u201d est une s\u00e9rie de r\u00e9cits de promenades au bord du patrimoine fran\u00e7ais \u00e9clair\u00e9s par des lumi\u00e8res d\u2019hier et d\u2019aujourd\u2019hui (Jul, St Thomas Et puis une heure de marche pour rejoindre l&#039;\u00e9glise Saint Thomas d&#039;Aquin , c\u2019est un raccourci appr\u00e9ciable pour rejoindre le plus grand intellectuel du Moyen-\u00c2ge sans passer par la lecture de sa fameuse Somme th\u00e9ologique.\" \/>\n<meta name=\"robots\" content=\"index, follow, max-snippet:-1, max-image-preview:large, max-video-preview:-1\" \/>\n<link rel=\"canonical\" href=\"https:\/\/www.prendstadose.fr\/index.php\/2022\/02\/18\/le-bon-le-boeuf-et-le-saint-visite-de-leglise-saint-thomas-daquin\/\" \/>\n<meta property=\"og:locale\" content=\"fr_FR\" \/>\n<meta property=\"og:type\" content=\"article\" \/>\n<meta property=\"og:title\" content=\"Le bon, le boeuf et le saint : visite de l&#039;\u00e9glise St Thomas d&#039;Aquin &#8212; PRENDS TA DOSE\" \/>\n<meta property=\"og:description\" content=\"\u201cSur les chemins\u201d est une s\u00e9rie de r\u00e9cits de promenades au bord du patrimoine fran\u00e7ais \u00e9clair\u00e9s par des lumi\u00e8res d\u2019hier et d\u2019aujourd\u2019hui (Jul, St Thomas Et puis une heure de marche pour rejoindre l&#039;\u00e9glise Saint Thomas d&#039;Aquin , c\u2019est un raccourci appr\u00e9ciable pour rejoindre le plus grand intellectuel du Moyen-\u00c2ge sans passer par la lecture de sa fameuse Somme th\u00e9ologique.\" \/>\n<meta property=\"og:url\" content=\"https:\/\/www.prendstadose.fr\/index.php\/2022\/02\/18\/le-bon-le-boeuf-et-le-saint-visite-de-leglise-saint-thomas-daquin\/\" \/>\n<meta property=\"og:site_name\" content=\"PRENDS TA DOSE\" \/>\n<meta property=\"article:publisher\" content=\"https:\/\/www.facebook.com\/BrigadeSansFrontieres\/\" \/>\n<meta property=\"article:published_time\" content=\"2022-02-18T17:37:37+00:00\" \/>\n<meta property=\"article:modified_time\" content=\"2024-09-24T08:47:20+00:00\" \/>\n<meta property=\"og:image\" content=\"https:\/\/www.prendstadose.fr\/wp-content\/uploads\/2022\/02\/ParSTdA01.jpg\" \/>\n\t<meta property=\"og:image:width\" content=\"900\" \/>\n\t<meta property=\"og:image:height\" content=\"607\" \/>\n\t<meta property=\"og:image:type\" content=\"image\/jpeg\" \/>\n<meta name=\"author\" content=\"Baudouin Duchange\" \/>\n<meta name=\"twitter:card\" content=\"summary_large_image\" \/>\n<meta name=\"twitter:label1\" content=\"\u00c9crit par\" \/>\n\t<meta name=\"twitter:data1\" content=\"Baudouin Duchange\" \/>\n\t<meta name=\"twitter:label2\" content=\"Dur\u00e9e de lecture estim\u00e9e\" \/>\n\t<meta name=\"twitter:data2\" content=\"10 minutes\" \/>\n<script type=\"application\/ld+json\" class=\"yoast-schema-graph\">{\"@context\":\"https:\/\/schema.org\",\"@graph\":[{\"@type\":\"Article\",\"@id\":\"https:\/\/www.prendstadose.fr\/index.php\/2022\/02\/18\/le-bon-le-boeuf-et-le-saint-visite-de-leglise-saint-thomas-daquin\/#article\",\"isPartOf\":{\"@id\":\"https:\/\/www.prendstadose.fr\/index.php\/2022\/02\/18\/le-bon-le-boeuf-et-le-saint-visite-de-leglise-saint-thomas-daquin\/\"},\"author\":{\"name\":\"Baudouin Duchange\",\"@id\":\"https:\/\/www.prendstadose.fr\/#\/schema\/person\/470cdc52962d193b3ca01d9cfa243f03\"},\"headline\":\"Le bon, le boeuf et le saint : visite de l&rsquo;\u00e9glise St Thomas d&rsquo;Aquin\",\"datePublished\":\"2022-02-18T17:37:37+00:00\",\"dateModified\":\"2024-09-24T08:47:20+00:00\",\"mainEntityOfPage\":{\"@id\":\"https:\/\/www.prendstadose.fr\/index.php\/2022\/02\/18\/le-bon-le-boeuf-et-le-saint-visite-de-leglise-saint-thomas-daquin\/\"},\"wordCount\":1800,\"commentCount\":2,\"publisher\":{\"@id\":\"https:\/\/www.prendstadose.fr\/#organization\"},\"image\":{\"@id\":\"https:\/\/www.prendstadose.fr\/index.php\/2022\/02\/18\/le-bon-le-boeuf-et-le-saint-visite-de-leglise-saint-thomas-daquin\/#primaryimage\"},\"thumbnailUrl\":\"https:\/\/www.prendstadose.fr\/wp-content\/uploads\/2022\/02\/ParSTdA01.jpg\",\"keywords\":[\"75007\",\"7\u00e8me arrondissement\",\"Art\",\"art religieux\",\"chesterton\",\"Harry Potter\",\"Johnny Hallyday\",\"Jul\",\"Paris\",\"Paris 7\",\"passion patrimoine\",\"patrimoine\",\"patrimoine francais\",\"Peintre\",\"Peinture\",\"Saint Thomas\",\"Saint Thomas d'Aquin\",\"St Thomas d'Aquin\"],\"articleSection\":[\"Carnet de voyage\"],\"inLanguage\":\"fr-FR\",\"potentialAction\":[{\"@type\":\"CommentAction\",\"name\":\"Comment\",\"target\":[\"https:\/\/www.prendstadose.fr\/index.php\/2022\/02\/18\/le-bon-le-boeuf-et-le-saint-visite-de-leglise-saint-thomas-daquin\/#respond\"]}]},{\"@type\":\"WebPage\",\"@id\":\"https:\/\/www.prendstadose.fr\/index.php\/2022\/02\/18\/le-bon-le-boeuf-et-le-saint-visite-de-leglise-saint-thomas-daquin\/\",\"url\":\"https:\/\/www.prendstadose.fr\/index.php\/2022\/02\/18\/le-bon-le-boeuf-et-le-saint-visite-de-leglise-saint-thomas-daquin\/\",\"name\":\"Le bon, le boeuf et le saint : visite de l'\u00e9glise St Thomas d'Aquin &#8212; PRENDS TA DOSE\",\"isPartOf\":{\"@id\":\"https:\/\/www.prendstadose.fr\/#website\"},\"primaryImageOfPage\":{\"@id\":\"https:\/\/www.prendstadose.fr\/index.php\/2022\/02\/18\/le-bon-le-boeuf-et-le-saint-visite-de-leglise-saint-thomas-daquin\/#primaryimage\"},\"image\":{\"@id\":\"https:\/\/www.prendstadose.fr\/index.php\/2022\/02\/18\/le-bon-le-boeuf-et-le-saint-visite-de-leglise-saint-thomas-daquin\/#primaryimage\"},\"thumbnailUrl\":\"https:\/\/www.prendstadose.fr\/wp-content\/uploads\/2022\/02\/ParSTdA01.jpg\",\"datePublished\":\"2022-02-18T17:37:37+00:00\",\"dateModified\":\"2024-09-24T08:47:20+00:00\",\"description\":\"\u201cSur les chemins\u201d est une s\u00e9rie de r\u00e9cits de promenades au bord du patrimoine fran\u00e7ais \u00e9clair\u00e9s par des lumi\u00e8res d\u2019hier et d\u2019aujourd\u2019hui (Jul, St Thomas Et puis une heure de marche pour rejoindre l'\u00e9glise Saint Thomas d'Aquin , c\u2019est un raccourci appr\u00e9ciable pour rejoindre le plus grand intellectuel du Moyen-\u00c2ge sans passer par la lecture de sa fameuse Somme th\u00e9ologique.\",\"breadcrumb\":{\"@id\":\"https:\/\/www.prendstadose.fr\/index.php\/2022\/02\/18\/le-bon-le-boeuf-et-le-saint-visite-de-leglise-saint-thomas-daquin\/#breadcrumb\"},\"inLanguage\":\"fr-FR\",\"potentialAction\":[{\"@type\":\"ReadAction\",\"target\":[\"https:\/\/www.prendstadose.fr\/index.php\/2022\/02\/18\/le-bon-le-boeuf-et-le-saint-visite-de-leglise-saint-thomas-daquin\/\"]}]},{\"@type\":\"ImageObject\",\"inLanguage\":\"fr-FR\",\"@id\":\"https:\/\/www.prendstadose.fr\/index.php\/2022\/02\/18\/le-bon-le-boeuf-et-le-saint-visite-de-leglise-saint-thomas-daquin\/#primaryimage\",\"url\":\"https:\/\/www.prendstadose.fr\/wp-content\/uploads\/2022\/02\/ParSTdA01.jpg\",\"contentUrl\":\"https:\/\/www.prendstadose.fr\/wp-content\/uploads\/2022\/02\/ParSTdA01.jpg\",\"width\":900,\"height\":607},{\"@type\":\"BreadcrumbList\",\"@id\":\"https:\/\/www.prendstadose.fr\/index.php\/2022\/02\/18\/le-bon-le-boeuf-et-le-saint-visite-de-leglise-saint-thomas-daquin\/#breadcrumb\",\"itemListElement\":[{\"@type\":\"ListItem\",\"position\":1,\"name\":\"Accueil\",\"item\":\"https:\/\/www.prendstadose.fr\/\"},{\"@type\":\"ListItem\",\"position\":2,\"name\":\"Le bon, le boeuf et le saint : visite de l&rsquo;\u00e9glise St Thomas d&rsquo;Aquin\"}]},{\"@type\":\"WebSite\",\"@id\":\"https:\/\/www.prendstadose.fr\/#website\",\"url\":\"https:\/\/www.prendstadose.fr\/\",\"name\":\"PRENDS TA DOSE\",\"description\":\"Capsule Culture Pour Analphab\u00e8tes Lettr\u00e9s\",\"publisher\":{\"@id\":\"https:\/\/www.prendstadose.fr\/#organization\"},\"potentialAction\":[{\"@type\":\"SearchAction\",\"target\":{\"@type\":\"EntryPoint\",\"urlTemplate\":\"https:\/\/www.prendstadose.fr\/?s={search_term_string}\"},\"query-input\":{\"@type\":\"PropertyValueSpecification\",\"valueRequired\":true,\"valueName\":\"search_term_string\"}}],\"inLanguage\":\"fr-FR\"},{\"@type\":\"Organization\",\"@id\":\"https:\/\/www.prendstadose.fr\/#organization\",\"name\":\"PrendsTaDose\",\"url\":\"https:\/\/www.prendstadose.fr\/\",\"logo\":{\"@type\":\"ImageObject\",\"inLanguage\":\"fr-FR\",\"@id\":\"https:\/\/www.prendstadose.fr\/#\/schema\/logo\/image\/\",\"url\":\"https:\/\/www.prendstadose.fr\/wp-content\/uploads\/2021\/08\/logo-e1641309847268.png\",\"contentUrl\":\"https:\/\/www.prendstadose.fr\/wp-content\/uploads\/2021\/08\/logo-e1641309847268.png\",\"width\":400,\"height\":406,\"caption\":\"PrendsTaDose\"},\"image\":{\"@id\":\"https:\/\/www.prendstadose.fr\/#\/schema\/logo\/image\/\"},\"sameAs\":[\"https:\/\/www.facebook.com\/BrigadeSansFrontieres\/\",\"https:\/\/www.instagram.com\/romain_mailliu\/\"]},{\"@type\":\"Person\",\"@id\":\"https:\/\/www.prendstadose.fr\/#\/schema\/person\/470cdc52962d193b3ca01d9cfa243f03\",\"name\":\"Baudouin Duchange\",\"sameAs\":[\"http:\/\/www.bsf.ovh\/\"],\"url\":\"https:\/\/www.prendstadose.fr\/index.php\/author\/baudouinduchange\/\"}]}<\/script>\n<!-- \/ Yoast SEO plugin. -->","yoast_head_json":{"title":"Le bon, le boeuf et le saint : visite de l'\u00e9glise St Thomas d'Aquin &#8212; PRENDS TA DOSE","description":"\u201cSur les chemins\u201d est une s\u00e9rie de r\u00e9cits de promenades au bord du patrimoine fran\u00e7ais \u00e9clair\u00e9s par des lumi\u00e8res d\u2019hier et d\u2019aujourd\u2019hui (Jul, St Thomas Et puis une heure de marche pour rejoindre l'\u00e9glise Saint Thomas d'Aquin , c\u2019est un raccourci appr\u00e9ciable pour rejoindre le plus grand intellectuel du Moyen-\u00c2ge sans passer par la lecture de sa fameuse Somme th\u00e9ologique.","robots":{"index":"index","follow":"follow","max-snippet":"max-snippet:-1","max-image-preview":"max-image-preview:large","max-video-preview":"max-video-preview:-1"},"canonical":"https:\/\/www.prendstadose.fr\/index.php\/2022\/02\/18\/le-bon-le-boeuf-et-le-saint-visite-de-leglise-saint-thomas-daquin\/","og_locale":"fr_FR","og_type":"article","og_title":"Le bon, le boeuf et le saint : visite de l'\u00e9glise St Thomas d'Aquin &#8212; PRENDS TA DOSE","og_description":"\u201cSur les chemins\u201d est une s\u00e9rie de r\u00e9cits de promenades au bord du patrimoine fran\u00e7ais \u00e9clair\u00e9s par des lumi\u00e8res d\u2019hier et d\u2019aujourd\u2019hui (Jul, St Thomas Et puis une heure de marche pour rejoindre l'\u00e9glise Saint Thomas d'Aquin , c\u2019est un raccourci appr\u00e9ciable pour rejoindre le plus grand intellectuel du Moyen-\u00c2ge sans passer par la lecture de sa fameuse Somme th\u00e9ologique.","og_url":"https:\/\/www.prendstadose.fr\/index.php\/2022\/02\/18\/le-bon-le-boeuf-et-le-saint-visite-de-leglise-saint-thomas-daquin\/","og_site_name":"PRENDS TA DOSE","article_publisher":"https:\/\/www.facebook.com\/BrigadeSansFrontieres\/","article_published_time":"2022-02-18T17:37:37+00:00","article_modified_time":"2024-09-24T08:47:20+00:00","og_image":[{"width":900,"height":607,"url":"https:\/\/www.prendstadose.fr\/wp-content\/uploads\/2022\/02\/ParSTdA01.jpg","type":"image\/jpeg"}],"author":"Baudouin Duchange","twitter_card":"summary_large_image","twitter_misc":{"\u00c9crit par":"Baudouin Duchange","Dur\u00e9e de lecture estim\u00e9e":"10 minutes"},"schema":{"@context":"https:\/\/schema.org","@graph":[{"@type":"Article","@id":"https:\/\/www.prendstadose.fr\/index.php\/2022\/02\/18\/le-bon-le-boeuf-et-le-saint-visite-de-leglise-saint-thomas-daquin\/#article","isPartOf":{"@id":"https:\/\/www.prendstadose.fr\/index.php\/2022\/02\/18\/le-bon-le-boeuf-et-le-saint-visite-de-leglise-saint-thomas-daquin\/"},"author":{"name":"Baudouin Duchange","@id":"https:\/\/www.prendstadose.fr\/#\/schema\/person\/470cdc52962d193b3ca01d9cfa243f03"},"headline":"Le bon, le boeuf et le saint : visite de l&rsquo;\u00e9glise St Thomas d&rsquo;Aquin","datePublished":"2022-02-18T17:37:37+00:00","dateModified":"2024-09-24T08:47:20+00:00","mainEntityOfPage":{"@id":"https:\/\/www.prendstadose.fr\/index.php\/2022\/02\/18\/le-bon-le-boeuf-et-le-saint-visite-de-leglise-saint-thomas-daquin\/"},"wordCount":1800,"commentCount":2,"publisher":{"@id":"https:\/\/www.prendstadose.fr\/#organization"},"image":{"@id":"https:\/\/www.prendstadose.fr\/index.php\/2022\/02\/18\/le-bon-le-boeuf-et-le-saint-visite-de-leglise-saint-thomas-daquin\/#primaryimage"},"thumbnailUrl":"https:\/\/www.prendstadose.fr\/wp-content\/uploads\/2022\/02\/ParSTdA01.jpg","keywords":["75007","7\u00e8me arrondissement","Art","art religieux","chesterton","Harry Potter","Johnny Hallyday","Jul","Paris","Paris 7","passion patrimoine","patrimoine","patrimoine francais","Peintre","Peinture","Saint Thomas","Saint Thomas d'Aquin","St Thomas d'Aquin"],"articleSection":["Carnet de voyage"],"inLanguage":"fr-FR","potentialAction":[{"@type":"CommentAction","name":"Comment","target":["https:\/\/www.prendstadose.fr\/index.php\/2022\/02\/18\/le-bon-le-boeuf-et-le-saint-visite-de-leglise-saint-thomas-daquin\/#respond"]}]},{"@type":"WebPage","@id":"https:\/\/www.prendstadose.fr\/index.php\/2022\/02\/18\/le-bon-le-boeuf-et-le-saint-visite-de-leglise-saint-thomas-daquin\/","url":"https:\/\/www.prendstadose.fr\/index.php\/2022\/02\/18\/le-bon-le-boeuf-et-le-saint-visite-de-leglise-saint-thomas-daquin\/","name":"Le bon, le boeuf et le saint : visite de l'\u00e9glise St Thomas d'Aquin &#8212; PRENDS TA DOSE","isPartOf":{"@id":"https:\/\/www.prendstadose.fr\/#website"},"primaryImageOfPage":{"@id":"https:\/\/www.prendstadose.fr\/index.php\/2022\/02\/18\/le-bon-le-boeuf-et-le-saint-visite-de-leglise-saint-thomas-daquin\/#primaryimage"},"image":{"@id":"https:\/\/www.prendstadose.fr\/index.php\/2022\/02\/18\/le-bon-le-boeuf-et-le-saint-visite-de-leglise-saint-thomas-daquin\/#primaryimage"},"thumbnailUrl":"https:\/\/www.prendstadose.fr\/wp-content\/uploads\/2022\/02\/ParSTdA01.jpg","datePublished":"2022-02-18T17:37:37+00:00","dateModified":"2024-09-24T08:47:20+00:00","description":"\u201cSur les chemins\u201d est une s\u00e9rie de r\u00e9cits de promenades au bord du patrimoine fran\u00e7ais \u00e9clair\u00e9s par des lumi\u00e8res d\u2019hier et d\u2019aujourd\u2019hui (Jul, St Thomas Et puis une heure de marche pour rejoindre l'\u00e9glise Saint Thomas d'Aquin , c\u2019est un raccourci appr\u00e9ciable pour rejoindre le plus grand intellectuel du Moyen-\u00c2ge sans passer par la lecture de sa fameuse Somme th\u00e9ologique.","breadcrumb":{"@id":"https:\/\/www.prendstadose.fr\/index.php\/2022\/02\/18\/le-bon-le-boeuf-et-le-saint-visite-de-leglise-saint-thomas-daquin\/#breadcrumb"},"inLanguage":"fr-FR","potentialAction":[{"@type":"ReadAction","target":["https:\/\/www.prendstadose.fr\/index.php\/2022\/02\/18\/le-bon-le-boeuf-et-le-saint-visite-de-leglise-saint-thomas-daquin\/"]}]},{"@type":"ImageObject","inLanguage":"fr-FR","@id":"https:\/\/www.prendstadose.fr\/index.php\/2022\/02\/18\/le-bon-le-boeuf-et-le-saint-visite-de-leglise-saint-thomas-daquin\/#primaryimage","url":"https:\/\/www.prendstadose.fr\/wp-content\/uploads\/2022\/02\/ParSTdA01.jpg","contentUrl":"https:\/\/www.prendstadose.fr\/wp-content\/uploads\/2022\/02\/ParSTdA01.jpg","width":900,"height":607},{"@type":"BreadcrumbList","@id":"https:\/\/www.prendstadose.fr\/index.php\/2022\/02\/18\/le-bon-le-boeuf-et-le-saint-visite-de-leglise-saint-thomas-daquin\/#breadcrumb","itemListElement":[{"@type":"ListItem","position":1,"name":"Accueil","item":"https:\/\/www.prendstadose.fr\/"},{"@type":"ListItem","position":2,"name":"Le bon, le boeuf et le saint : visite de l&rsquo;\u00e9glise St Thomas d&rsquo;Aquin"}]},{"@type":"WebSite","@id":"https:\/\/www.prendstadose.fr\/#website","url":"https:\/\/www.prendstadose.fr\/","name":"PRENDS TA DOSE","description":"Capsule Culture Pour Analphab\u00e8tes Lettr\u00e9s","publisher":{"@id":"https:\/\/www.prendstadose.fr\/#organization"},"potentialAction":[{"@type":"SearchAction","target":{"@type":"EntryPoint","urlTemplate":"https:\/\/www.prendstadose.fr\/?s={search_term_string}"},"query-input":{"@type":"PropertyValueSpecification","valueRequired":true,"valueName":"search_term_string"}}],"inLanguage":"fr-FR"},{"@type":"Organization","@id":"https:\/\/www.prendstadose.fr\/#organization","name":"PrendsTaDose","url":"https:\/\/www.prendstadose.fr\/","logo":{"@type":"ImageObject","inLanguage":"fr-FR","@id":"https:\/\/www.prendstadose.fr\/#\/schema\/logo\/image\/","url":"https:\/\/www.prendstadose.fr\/wp-content\/uploads\/2021\/08\/logo-e1641309847268.png","contentUrl":"https:\/\/www.prendstadose.fr\/wp-content\/uploads\/2021\/08\/logo-e1641309847268.png","width":400,"height":406,"caption":"PrendsTaDose"},"image":{"@id":"https:\/\/www.prendstadose.fr\/#\/schema\/logo\/image\/"},"sameAs":["https:\/\/www.facebook.com\/BrigadeSansFrontieres\/","https:\/\/www.instagram.com\/romain_mailliu\/"]},{"@type":"Person","@id":"https:\/\/www.prendstadose.fr\/#\/schema\/person\/470cdc52962d193b3ca01d9cfa243f03","name":"Baudouin Duchange","sameAs":["http:\/\/www.bsf.ovh\/"],"url":"https:\/\/www.prendstadose.fr\/index.php\/author\/baudouinduchange\/"}]}},"jetpack_publicize_connections":[],"jetpack_featured_media_url":"https:\/\/www.prendstadose.fr\/wp-content\/uploads\/2022\/02\/ParSTdA01.jpg","jetpack_sharing_enabled":true,"_links":{"self":[{"href":"https:\/\/www.prendstadose.fr\/index.php\/wp-json\/wp\/v2\/posts\/3279","targetHints":{"allow":["GET"]}}],"collection":[{"href":"https:\/\/www.prendstadose.fr\/index.php\/wp-json\/wp\/v2\/posts"}],"about":[{"href":"https:\/\/www.prendstadose.fr\/index.php\/wp-json\/wp\/v2\/types\/post"}],"author":[{"embeddable":true,"href":"https:\/\/www.prendstadose.fr\/index.php\/wp-json\/wp\/v2\/users\/12"}],"replies":[{"embeddable":true,"href":"https:\/\/www.prendstadose.fr\/index.php\/wp-json\/wp\/v2\/comments?post=3279"}],"version-history":[{"count":8,"href":"https:\/\/www.prendstadose.fr\/index.php\/wp-json\/wp\/v2\/posts\/3279\/revisions"}],"predecessor-version":[{"id":3302,"href":"https:\/\/www.prendstadose.fr\/index.php\/wp-json\/wp\/v2\/posts\/3279\/revisions\/3302"}],"wp:featuredmedia":[{"embeddable":true,"href":"https:\/\/www.prendstadose.fr\/index.php\/wp-json\/wp\/v2\/media\/3292"}],"wp:attachment":[{"href":"https:\/\/www.prendstadose.fr\/index.php\/wp-json\/wp\/v2\/media?parent=3279"}],"wp:term":[{"taxonomy":"category","embeddable":true,"href":"https:\/\/www.prendstadose.fr\/index.php\/wp-json\/wp\/v2\/categories?post=3279"},{"taxonomy":"post_tag","embeddable":true,"href":"https:\/\/www.prendstadose.fr\/index.php\/wp-json\/wp\/v2\/tags?post=3279"}],"curies":[{"name":"wp","href":"https:\/\/api.w.org\/{rel}","templated":true}]}}