{"id":3332,"date":"2022-03-16T18:56:24","date_gmt":"2022-03-16T17:56:24","guid":{"rendered":"https:\/\/www.prendstadose.fr\/?p=3332"},"modified":"2024-09-24T10:47:40","modified_gmt":"2024-09-24T08:47:40","slug":"bd-animee-le-fantastique-conte-de-jul-et-la-princesse","status":"publish","type":"post","link":"https:\/\/www.prendstadose.fr\/index.php\/2022\/03\/16\/bd-animee-le-fantastique-conte-de-jul-et-la-princesse\/","title":{"rendered":"BD anim\u00e9e : La fabuleuse histoire de Jul et la Princesse"},"content":{"rendered":"<p><span style=\"font-size: 14pt;\"><strong>En exclusivit\u00e9 pour Prends Ta Dose, voici la premi\u00e8re BD anim\u00e9e \u00e9crite par Nicolas Herenstein du studio d&rsquo;animation <a href=\"http:\/\/www.hands-studio.com\/\">HANDS<\/a><\/strong>. Ce conte nous emm\u00e8ne dans une \u00e9pop\u00e9e amoureuse digne des plus belles pages des <em>Mille et Une Nuits.\u00a0<\/em>Une aventure v\u00e9cue par le h\u00e9ros le plus hom\u00e9rique de notre temps : JUL<\/span><\/p>\n<p style=\"text-align: center;\"><span style=\"font-size: 14pt;\"><strong>(Pour aller plus loin : \u00ab\u00a0<a href=\"https:\/\/open.spotify.com\/playlist\/2GkhAoN2VTWGhqf2fmWjsr?si=032157d2a5ca4928\">Jul &#8211; La Playlist Accessible\u00a0\u00bb<\/a> sur Spotify)<\/strong><br \/>\n<\/span><\/p>\n<p style=\"text-align: center;\"><span style=\"font-size: 14pt;\">\u00ab\u00a0<em>Frangin, reste \u00e0 l&rsquo;aff\u00fbt, \u00e7a va p\u00e9ter<\/em><\/span><br \/>\n<span style=\"font-size: 14pt;\"><em>J&rsquo;vais casser des nuques, \u00e7a va p\u00e9ter\u00a0\u00bb<\/em><\/span><\/p>\n<div style=\"width: 1080px;\" class=\"wp-video\"><!--[if lt IE 9]><script>document.createElement('video');<\/script><![endif]-->\n<video class=\"wp-video-shortcode\" id=\"video-3332-1\" width=\"1080\" height=\"1920\" preload=\"metadata\" controls=\"controls\"><source type=\"video\/mp4\" src=\"https:\/\/www.prendstadose.fr\/wp-content\/uploads\/2022\/03\/LOVA_Be\u0301de\u0301_3.mp4?_=1\" \/><a href=\"https:\/\/www.prendstadose.fr\/wp-content\/uploads\/2022\/03\/LOVA_Be\u0301de\u0301_3.mp4\">https:\/\/www.prendstadose.fr\/wp-content\/uploads\/2022\/03\/LOVA_Be\u0301de\u0301_3.mp4<\/a><\/video><\/div>\n","protected":false},"excerpt":{"rendered":"<p>En exclusivit\u00e9 pour Prends Ta Dose, voici la premi\u00e8re BD anim\u00e9e \u00e9crite par Nicolas Herenstein du&hellip;<\/p>\n","protected":false},"author":12,"featured_media":3340,"comment_status":"open","ping_status":"open","sticky":false,"template":"","format":"standard","meta":{"_editorskit_title_hidden":false,"_editorskit_reading_time":0,"_editorskit_is_block_options_detached":false,"_editorskit_block_options_position":"{}","jetpack_post_was_ever_published":false,"_jetpack_newsletter_access":"","_jetpack_dont_email_post_to_subs":false,"_jetpack_newsletter_tier_id":0,"_jetpack_memberships_contains_paywalled_content":false,"_jetpack_memberships_contains_paid_content":false,"footnotes":"","jetpack_publicize_message":"","jetpack_publicize_feature_enabled":true,"jetpack_social_post_already_shared":false,"jetpack_social_options":{"image_generator_settings":{"template":"highway","enabled":false},"version":2}},"categories":[322],"tags":[755,243,753,754,758,756,327,752,64,757,559,564,759,715,445],"class_list":["post-3332","post","type-post","status-publish","format-standard","has-post-thumbnail","hentry","category-creation","tag-animation","tag-art","tag-bande-dessinee","tag-bd","tag-chanson-francaise","tag-creation","tag-jul","tag-marseille","tag-musique","tag-naps","tag-rap","tag-rap-francais","tag-rap-marseillais","tag-rap-sentimental","tag-video"],"yoast_head":"<!-- This site is optimized with the Yoast SEO plugin v24.6 - https:\/\/yoast.com\/wordpress\/plugins\/seo\/ -->\n<title>BD anim\u00e9e : La fabuleuse histoire de Jul et la Princesse &#8212; PRENDS TA DOSE<\/title>\n<meta name=\"description\" content=\"En exclusivit\u00e9 pour Prends Ta Dose, voici la premi\u00e8re BD anim\u00e9e \u00e9crite par Nicolas Herenstein du studio d&#039;animation HANDS. Ce conte nous emm\u00e8ne dans une\" \/>\n<meta name=\"robots\" content=\"index, follow, max-snippet:-1, max-image-preview:large, max-video-preview:-1\" \/>\n<link rel=\"canonical\" href=\"https:\/\/www.prendstadose.fr\/index.php\/2022\/03\/16\/bd-animee-le-fantastique-conte-de-jul-et-la-princesse\/\" \/>\n<meta property=\"og:locale\" content=\"fr_FR\" \/>\n<meta property=\"og:type\" content=\"article\" \/>\n<meta property=\"og:title\" content=\"BD anim\u00e9e : La fabuleuse histoire de Jul et la Princesse &#8212; PRENDS TA DOSE\" \/>\n<meta property=\"og:description\" content=\"En exclusivit\u00e9 pour Prends Ta Dose, voici la premi\u00e8re BD anim\u00e9e \u00e9crite par Nicolas Herenstein du studio d&#039;animation HANDS. Ce conte nous emm\u00e8ne dans une\" \/>\n<meta property=\"og:url\" content=\"https:\/\/www.prendstadose.fr\/index.php\/2022\/03\/16\/bd-animee-le-fantastique-conte-de-jul-et-la-princesse\/\" \/>\n<meta property=\"og:site_name\" content=\"PRENDS TA DOSE\" \/>\n<meta property=\"article:publisher\" content=\"https:\/\/www.facebook.com\/BrigadeSansFrontieres\/\" \/>\n<meta property=\"article:published_time\" content=\"2022-03-16T17:56:24+00:00\" \/>\n<meta property=\"article:modified_time\" content=\"2024-09-24T08:47:40+00:00\" \/>\n<meta property=\"og:image\" content=\"https:\/\/www.prendstadose.fr\/wp-content\/uploads\/2022\/03\/Capture-de\u0301cran-2022-03-17-a\u0300-17.16.14.png\" \/>\n\t<meta property=\"og:image:width\" content=\"905\" \/>\n\t<meta property=\"og:image:height\" content=\"575\" \/>\n\t<meta property=\"og:image:type\" content=\"image\/png\" \/>\n<meta name=\"author\" content=\"Baudouin Duchange\" \/>\n<meta name=\"twitter:card\" content=\"summary_large_image\" \/>\n<meta name=\"twitter:label1\" content=\"\u00c9crit par\" \/>\n\t<meta name=\"twitter:data1\" content=\"Baudouin Duchange\" \/>\n\t<meta name=\"twitter:label2\" content=\"Dur\u00e9e de lecture estim\u00e9e\" \/>\n\t<meta name=\"twitter:data2\" content=\"1 minute\" \/>\n<script type=\"application\/ld+json\" class=\"yoast-schema-graph\">{\"@context\":\"https:\/\/schema.org\",\"@graph\":[{\"@type\":\"Article\",\"@id\":\"https:\/\/www.prendstadose.fr\/index.php\/2022\/03\/16\/bd-animee-le-fantastique-conte-de-jul-et-la-princesse\/#article\",\"isPartOf\":{\"@id\":\"https:\/\/www.prendstadose.fr\/index.php\/2022\/03\/16\/bd-animee-le-fantastique-conte-de-jul-et-la-princesse\/\"},\"author\":{\"name\":\"Baudouin Duchange\",\"@id\":\"https:\/\/www.prendstadose.fr\/#\/schema\/person\/470cdc52962d193b3ca01d9cfa243f03\"},\"headline\":\"BD anim\u00e9e : La fabuleuse histoire de Jul et la Princesse\",\"datePublished\":\"2022-03-16T17:56:24+00:00\",\"dateModified\":\"2024-09-24T08:47:40+00:00\",\"mainEntityOfPage\":{\"@id\":\"https:\/\/www.prendstadose.fr\/index.php\/2022\/03\/16\/bd-animee-le-fantastique-conte-de-jul-et-la-princesse\/\"},\"wordCount\":110,\"commentCount\":0,\"publisher\":{\"@id\":\"https:\/\/www.prendstadose.fr\/#organization\"},\"image\":{\"@id\":\"https:\/\/www.prendstadose.fr\/index.php\/2022\/03\/16\/bd-animee-le-fantastique-conte-de-jul-et-la-princesse\/#primaryimage\"},\"thumbnailUrl\":\"https:\/\/www.prendstadose.fr\/wp-content\/uploads\/2022\/03\/Capture-de\u0301cran-2022-03-17-a\u0300-17.16.14.png\",\"keywords\":[\"Animation\",\"Art\",\"Bande dessin\u00e9e\",\"BD\",\"Chanson fran\u00e7aise\",\"Cr\u00e9ation\",\"Jul\",\"Marseille\",\"Musique\",\"Naps\",\"Rap\",\"Rap fran\u00e7ais\",\"rap marseillais\",\"Rap sentimental\",\"Vid\u00e9o\"],\"articleSection\":[\"Cr\u00e9ation\"],\"inLanguage\":\"fr-FR\",\"potentialAction\":[{\"@type\":\"CommentAction\",\"name\":\"Comment\",\"target\":[\"https:\/\/www.prendstadose.fr\/index.php\/2022\/03\/16\/bd-animee-le-fantastique-conte-de-jul-et-la-princesse\/#respond\"]}]},{\"@type\":\"WebPage\",\"@id\":\"https:\/\/www.prendstadose.fr\/index.php\/2022\/03\/16\/bd-animee-le-fantastique-conte-de-jul-et-la-princesse\/\",\"url\":\"https:\/\/www.prendstadose.fr\/index.php\/2022\/03\/16\/bd-animee-le-fantastique-conte-de-jul-et-la-princesse\/\",\"name\":\"BD anim\u00e9e : La fabuleuse histoire de Jul et la Princesse &#8212; PRENDS TA DOSE\",\"isPartOf\":{\"@id\":\"https:\/\/www.prendstadose.fr\/#website\"},\"primaryImageOfPage\":{\"@id\":\"https:\/\/www.prendstadose.fr\/index.php\/2022\/03\/16\/bd-animee-le-fantastique-conte-de-jul-et-la-princesse\/#primaryimage\"},\"image\":{\"@id\":\"https:\/\/www.prendstadose.fr\/index.php\/2022\/03\/16\/bd-animee-le-fantastique-conte-de-jul-et-la-princesse\/#primaryimage\"},\"thumbnailUrl\":\"https:\/\/www.prendstadose.fr\/wp-content\/uploads\/2022\/03\/Capture-de\u0301cran-2022-03-17-a\u0300-17.16.14.png\",\"datePublished\":\"2022-03-16T17:56:24+00:00\",\"dateModified\":\"2024-09-24T08:47:40+00:00\",\"description\":\"En exclusivit\u00e9 pour Prends Ta Dose, voici la premi\u00e8re BD anim\u00e9e \u00e9crite par Nicolas Herenstein du studio d'animation HANDS. Ce conte nous emm\u00e8ne dans une\",\"breadcrumb\":{\"@id\":\"https:\/\/www.prendstadose.fr\/index.php\/2022\/03\/16\/bd-animee-le-fantastique-conte-de-jul-et-la-princesse\/#breadcrumb\"},\"inLanguage\":\"fr-FR\",\"potentialAction\":[{\"@type\":\"ReadAction\",\"target\":[\"https:\/\/www.prendstadose.fr\/index.php\/2022\/03\/16\/bd-animee-le-fantastique-conte-de-jul-et-la-princesse\/\"]}]},{\"@type\":\"ImageObject\",\"inLanguage\":\"fr-FR\",\"@id\":\"https:\/\/www.prendstadose.fr\/index.php\/2022\/03\/16\/bd-animee-le-fantastique-conte-de-jul-et-la-princesse\/#primaryimage\",\"url\":\"https:\/\/www.prendstadose.fr\/wp-content\/uploads\/2022\/03\/Capture-de\u0301cran-2022-03-17-a\u0300-17.16.14.png\",\"contentUrl\":\"https:\/\/www.prendstadose.fr\/wp-content\/uploads\/2022\/03\/Capture-de\u0301cran-2022-03-17-a\u0300-17.16.14.png\",\"width\":905,\"height\":575},{\"@type\":\"BreadcrumbList\",\"@id\":\"https:\/\/www.prendstadose.fr\/index.php\/2022\/03\/16\/bd-animee-le-fantastique-conte-de-jul-et-la-princesse\/#breadcrumb\",\"itemListElement\":[{\"@type\":\"ListItem\",\"position\":1,\"name\":\"Accueil\",\"item\":\"https:\/\/www.prendstadose.fr\/\"},{\"@type\":\"ListItem\",\"position\":2,\"name\":\"BD anim\u00e9e : La fabuleuse histoire de Jul et la Princesse\"}]},{\"@type\":\"WebSite\",\"@id\":\"https:\/\/www.prendstadose.fr\/#website\",\"url\":\"https:\/\/www.prendstadose.fr\/\",\"name\":\"PRENDS TA DOSE\",\"description\":\"Capsule Culture Pour Analphab\u00e8tes Lettr\u00e9s\",\"publisher\":{\"@id\":\"https:\/\/www.prendstadose.fr\/#organization\"},\"potentialAction\":[{\"@type\":\"SearchAction\",\"target\":{\"@type\":\"EntryPoint\",\"urlTemplate\":\"https:\/\/www.prendstadose.fr\/?s={search_term_string}\"},\"query-input\":{\"@type\":\"PropertyValueSpecification\",\"valueRequired\":true,\"valueName\":\"search_term_string\"}}],\"inLanguage\":\"fr-FR\"},{\"@type\":\"Organization\",\"@id\":\"https:\/\/www.prendstadose.fr\/#organization\",\"name\":\"PrendsTaDose\",\"url\":\"https:\/\/www.prendstadose.fr\/\",\"logo\":{\"@type\":\"ImageObject\",\"inLanguage\":\"fr-FR\",\"@id\":\"https:\/\/www.prendstadose.fr\/#\/schema\/logo\/image\/\",\"url\":\"https:\/\/www.prendstadose.fr\/wp-content\/uploads\/2021\/08\/logo-e1641309847268.png\",\"contentUrl\":\"https:\/\/www.prendstadose.fr\/wp-content\/uploads\/2021\/08\/logo-e1641309847268.png\",\"width\":400,\"height\":406,\"caption\":\"PrendsTaDose\"},\"image\":{\"@id\":\"https:\/\/www.prendstadose.fr\/#\/schema\/logo\/image\/\"},\"sameAs\":[\"https:\/\/www.facebook.com\/BrigadeSansFrontieres\/\",\"https:\/\/www.instagram.com\/romain_mailliu\/\"]},{\"@type\":\"Person\",\"@id\":\"https:\/\/www.prendstadose.fr\/#\/schema\/person\/470cdc52962d193b3ca01d9cfa243f03\",\"name\":\"Baudouin Duchange\",\"sameAs\":[\"http:\/\/www.bsf.ovh\/\"],\"url\":\"https:\/\/www.prendstadose.fr\/index.php\/author\/baudouinduchange\/\"}]}<\/script>\n<!-- \/ Yoast SEO plugin. -->","yoast_head_json":{"title":"BD anim\u00e9e : La fabuleuse histoire de Jul et la Princesse &#8212; PRENDS TA DOSE","description":"En exclusivit\u00e9 pour Prends Ta Dose, voici la premi\u00e8re BD anim\u00e9e \u00e9crite par Nicolas Herenstein du studio d'animation HANDS. Ce conte nous emm\u00e8ne dans une","robots":{"index":"index","follow":"follow","max-snippet":"max-snippet:-1","max-image-preview":"max-image-preview:large","max-video-preview":"max-video-preview:-1"},"canonical":"https:\/\/www.prendstadose.fr\/index.php\/2022\/03\/16\/bd-animee-le-fantastique-conte-de-jul-et-la-princesse\/","og_locale":"fr_FR","og_type":"article","og_title":"BD anim\u00e9e : La fabuleuse histoire de Jul et la Princesse &#8212; PRENDS TA DOSE","og_description":"En exclusivit\u00e9 pour Prends Ta Dose, voici la premi\u00e8re BD anim\u00e9e \u00e9crite par Nicolas Herenstein du studio d'animation HANDS. Ce conte nous emm\u00e8ne dans une","og_url":"https:\/\/www.prendstadose.fr\/index.php\/2022\/03\/16\/bd-animee-le-fantastique-conte-de-jul-et-la-princesse\/","og_site_name":"PRENDS TA DOSE","article_publisher":"https:\/\/www.facebook.com\/BrigadeSansFrontieres\/","article_published_time":"2022-03-16T17:56:24+00:00","article_modified_time":"2024-09-24T08:47:40+00:00","og_image":[{"width":905,"height":575,"url":"https:\/\/www.prendstadose.fr\/wp-content\/uploads\/2022\/03\/Capture-de\u0301cran-2022-03-17-a\u0300-17.16.14.png","type":"image\/png"}],"author":"Baudouin Duchange","twitter_card":"summary_large_image","twitter_misc":{"\u00c9crit par":"Baudouin Duchange","Dur\u00e9e de lecture estim\u00e9e":"1 minute"},"schema":{"@context":"https:\/\/schema.org","@graph":[{"@type":"Article","@id":"https:\/\/www.prendstadose.fr\/index.php\/2022\/03\/16\/bd-animee-le-fantastique-conte-de-jul-et-la-princesse\/#article","isPartOf":{"@id":"https:\/\/www.prendstadose.fr\/index.php\/2022\/03\/16\/bd-animee-le-fantastique-conte-de-jul-et-la-princesse\/"},"author":{"name":"Baudouin Duchange","@id":"https:\/\/www.prendstadose.fr\/#\/schema\/person\/470cdc52962d193b3ca01d9cfa243f03"},"headline":"BD anim\u00e9e : La fabuleuse histoire de Jul et la Princesse","datePublished":"2022-03-16T17:56:24+00:00","dateModified":"2024-09-24T08:47:40+00:00","mainEntityOfPage":{"@id":"https:\/\/www.prendstadose.fr\/index.php\/2022\/03\/16\/bd-animee-le-fantastique-conte-de-jul-et-la-princesse\/"},"wordCount":110,"commentCount":0,"publisher":{"@id":"https:\/\/www.prendstadose.fr\/#organization"},"image":{"@id":"https:\/\/www.prendstadose.fr\/index.php\/2022\/03\/16\/bd-animee-le-fantastique-conte-de-jul-et-la-princesse\/#primaryimage"},"thumbnailUrl":"https:\/\/www.prendstadose.fr\/wp-content\/uploads\/2022\/03\/Capture-de\u0301cran-2022-03-17-a\u0300-17.16.14.png","keywords":["Animation","Art","Bande dessin\u00e9e","BD","Chanson fran\u00e7aise","Cr\u00e9ation","Jul","Marseille","Musique","Naps","Rap","Rap fran\u00e7ais","rap marseillais","Rap sentimental","Vid\u00e9o"],"articleSection":["Cr\u00e9ation"],"inLanguage":"fr-FR","potentialAction":[{"@type":"CommentAction","name":"Comment","target":["https:\/\/www.prendstadose.fr\/index.php\/2022\/03\/16\/bd-animee-le-fantastique-conte-de-jul-et-la-princesse\/#respond"]}]},{"@type":"WebPage","@id":"https:\/\/www.prendstadose.fr\/index.php\/2022\/03\/16\/bd-animee-le-fantastique-conte-de-jul-et-la-princesse\/","url":"https:\/\/www.prendstadose.fr\/index.php\/2022\/03\/16\/bd-animee-le-fantastique-conte-de-jul-et-la-princesse\/","name":"BD anim\u00e9e : La fabuleuse histoire de Jul et la Princesse &#8212; PRENDS TA DOSE","isPartOf":{"@id":"https:\/\/www.prendstadose.fr\/#website"},"primaryImageOfPage":{"@id":"https:\/\/www.prendstadose.fr\/index.php\/2022\/03\/16\/bd-animee-le-fantastique-conte-de-jul-et-la-princesse\/#primaryimage"},"image":{"@id":"https:\/\/www.prendstadose.fr\/index.php\/2022\/03\/16\/bd-animee-le-fantastique-conte-de-jul-et-la-princesse\/#primaryimage"},"thumbnailUrl":"https:\/\/www.prendstadose.fr\/wp-content\/uploads\/2022\/03\/Capture-de\u0301cran-2022-03-17-a\u0300-17.16.14.png","datePublished":"2022-03-16T17:56:24+00:00","dateModified":"2024-09-24T08:47:40+00:00","description":"En exclusivit\u00e9 pour Prends Ta Dose, voici la premi\u00e8re BD anim\u00e9e \u00e9crite par Nicolas Herenstein du studio d'animation HANDS. Ce conte nous emm\u00e8ne dans une","breadcrumb":{"@id":"https:\/\/www.prendstadose.fr\/index.php\/2022\/03\/16\/bd-animee-le-fantastique-conte-de-jul-et-la-princesse\/#breadcrumb"},"inLanguage":"fr-FR","potentialAction":[{"@type":"ReadAction","target":["https:\/\/www.prendstadose.fr\/index.php\/2022\/03\/16\/bd-animee-le-fantastique-conte-de-jul-et-la-princesse\/"]}]},{"@type":"ImageObject","inLanguage":"fr-FR","@id":"https:\/\/www.prendstadose.fr\/index.php\/2022\/03\/16\/bd-animee-le-fantastique-conte-de-jul-et-la-princesse\/#primaryimage","url":"https:\/\/www.prendstadose.fr\/wp-content\/uploads\/2022\/03\/Capture-de\u0301cran-2022-03-17-a\u0300-17.16.14.png","contentUrl":"https:\/\/www.prendstadose.fr\/wp-content\/uploads\/2022\/03\/Capture-de\u0301cran-2022-03-17-a\u0300-17.16.14.png","width":905,"height":575},{"@type":"BreadcrumbList","@id":"https:\/\/www.prendstadose.fr\/index.php\/2022\/03\/16\/bd-animee-le-fantastique-conte-de-jul-et-la-princesse\/#breadcrumb","itemListElement":[{"@type":"ListItem","position":1,"name":"Accueil","item":"https:\/\/www.prendstadose.fr\/"},{"@type":"ListItem","position":2,"name":"BD anim\u00e9e : La fabuleuse histoire de Jul et la Princesse"}]},{"@type":"WebSite","@id":"https:\/\/www.prendstadose.fr\/#website","url":"https:\/\/www.prendstadose.fr\/","name":"PRENDS TA DOSE","description":"Capsule Culture Pour Analphab\u00e8tes Lettr\u00e9s","publisher":{"@id":"https:\/\/www.prendstadose.fr\/#organization"},"potentialAction":[{"@type":"SearchAction","target":{"@type":"EntryPoint","urlTemplate":"https:\/\/www.prendstadose.fr\/?s={search_term_string}"},"query-input":{"@type":"PropertyValueSpecification","valueRequired":true,"valueName":"search_term_string"}}],"inLanguage":"fr-FR"},{"@type":"Organization","@id":"https:\/\/www.prendstadose.fr\/#organization","name":"PrendsTaDose","url":"https:\/\/www.prendstadose.fr\/","logo":{"@type":"ImageObject","inLanguage":"fr-FR","@id":"https:\/\/www.prendstadose.fr\/#\/schema\/logo\/image\/","url":"https:\/\/www.prendstadose.fr\/wp-content\/uploads\/2021\/08\/logo-e1641309847268.png","contentUrl":"https:\/\/www.prendstadose.fr\/wp-content\/uploads\/2021\/08\/logo-e1641309847268.png","width":400,"height":406,"caption":"PrendsTaDose"},"image":{"@id":"https:\/\/www.prendstadose.fr\/#\/schema\/logo\/image\/"},"sameAs":["https:\/\/www.facebook.com\/BrigadeSansFrontieres\/","https:\/\/www.instagram.com\/romain_mailliu\/"]},{"@type":"Person","@id":"https:\/\/www.prendstadose.fr\/#\/schema\/person\/470cdc52962d193b3ca01d9cfa243f03","name":"Baudouin Duchange","sameAs":["http:\/\/www.bsf.ovh\/"],"url":"https:\/\/www.prendstadose.fr\/index.php\/author\/baudouinduchange\/"}]}},"jetpack_publicize_connections":[],"jetpack_featured_media_url":"https:\/\/www.prendstadose.fr\/wp-content\/uploads\/2022\/03\/Capture-de\u0301cran-2022-03-17-a\u0300-17.16.14.png","jetpack_sharing_enabled":true,"_links":{"self":[{"href":"https:\/\/www.prendstadose.fr\/index.php\/wp-json\/wp\/v2\/posts\/3332","targetHints":{"allow":["GET"]}}],"collection":[{"href":"https:\/\/www.prendstadose.fr\/index.php\/wp-json\/wp\/v2\/posts"}],"about":[{"href":"https:\/\/www.prendstadose.fr\/index.php\/wp-json\/wp\/v2\/types\/post"}],"author":[{"embeddable":true,"href":"https:\/\/www.prendstadose.fr\/index.php\/wp-json\/wp\/v2\/users\/12"}],"replies":[{"embeddable":true,"href":"https:\/\/www.prendstadose.fr\/index.php\/wp-json\/wp\/v2\/comments?post=3332"}],"version-history":[{"count":9,"href":"https:\/\/www.prendstadose.fr\/index.php\/wp-json\/wp\/v2\/posts\/3332\/revisions"}],"predecessor-version":[{"id":3344,"href":"https:\/\/www.prendstadose.fr\/index.php\/wp-json\/wp\/v2\/posts\/3332\/revisions\/3344"}],"wp:featuredmedia":[{"embeddable":true,"href":"https:\/\/www.prendstadose.fr\/index.php\/wp-json\/wp\/v2\/media\/3340"}],"wp:attachment":[{"href":"https:\/\/www.prendstadose.fr\/index.php\/wp-json\/wp\/v2\/media?parent=3332"}],"wp:term":[{"taxonomy":"category","embeddable":true,"href":"https:\/\/www.prendstadose.fr\/index.php\/wp-json\/wp\/v2\/categories?post=3332"},{"taxonomy":"post_tag","embeddable":true,"href":"https:\/\/www.prendstadose.fr\/index.php\/wp-json\/wp\/v2\/tags?post=3332"}],"curies":[{"name":"wp","href":"https:\/\/api.w.org\/{rel}","templated":true}]}}