{"id":3346,"date":"2022-03-26T11:17:25","date_gmt":"2022-03-26T10:17:25","guid":{"rendered":"https:\/\/www.prendstadose.fr\/?p=3346"},"modified":"2025-05-19T14:42:21","modified_gmt":"2025-05-19T12:42:21","slug":"3346","status":"publish","type":"post","link":"https:\/\/www.prendstadose.fr\/index.php\/2022\/03\/26\/3346\/","title":{"rendered":"Musso : Pourquoi snober le plus grand romancier du XXI\u00e8me si\u00e8cle ?"},"content":{"rendered":"<p><span style=\"font-size: 18pt;\"><b>Musso, la complainte du mal-aim\u00e9 :<\/b><\/span><\/p>\n<p><span style=\"font-size: 14pt;\">Avec pr\u00e8s de 400.000 exemplaires vendus de son dernier roman, <a href=\"https:\/\/calmann-levy.fr\/livre\/linconnue-de-la-seine-9782702183670\"><b><i>L\u2019Inconnue de la Seine<\/i><\/b><\/a>, <a href=\"https:\/\/www.guillaumemusso.com\/\"><b>Guillaume Musso<\/b><\/a> a encore \u00e9t\u00e9<a href=\"https:\/\/www.lefigaro.fr\/livres\/le-palmares-des-auteurs-francais-qui-ont-le-plus-vendu-en-2021-20220119\"> le romancier le plus lu en France en 2021<\/a>. De ce fait, il devance pour la onzi\u00e8me ann\u00e9e cons\u00e9cutive le prestigieux prix Goncourt, attribu\u00e9 cette ann\u00e9e-ci au jeune auteur s\u00e9n\u00e9galais, <a href=\"http:\/\/www.philippe-rey.fr\/livre-La_plus_secr%C3%A8te_m%C3%A9moire_des_hommes-504-1-1-0-1.html\">Mohamed Mbougar Sarr, publi\u00e9 chez Philippe Rey.<\/a> Cet exploit est d\u2019autant plus remarquable qu\u2019il est aussi<a href=\"https:\/\/actualitte.com\/article\/104053\/meilleures-ventes\/quelles-furent-les-meilleures-ventes-de-livres-de-poche-en-2021\"> n\u00b01 des ventes en poche<\/a> avec <a href=\"https:\/\/www.livredepoche.com\/livre\/la-vie-est-un-roman-9782253237648\"><b><i>La Vie est un roman<\/i><\/b><\/a>, publi\u00e9 au Livre de Poche. Remarquable certes, mais pourtant presque normal tant la nouvelle \u00e9tonne peu. Il faut dire qu\u2019apr\u00e8s une d\u00e9cennie d\u2019exception, on est habitu\u00e9 et on s\u2019est fait \u00e0 l\u2019id\u00e9e\u00a0: un Musso, \u00e7a vend.<\/span><\/p>\n<p><img loading=\"lazy\" decoding=\"async\" class=\" wp-image-3347 aligncenter\" src=\"https:\/\/www.prendstadose.fr\/wp-content\/uploads\/2022\/03\/9782702183670-001-T-209x300.jpeg\" alt=\"\" width=\"224\" height=\"322\" srcset=\"https:\/\/www.prendstadose.fr\/wp-content\/uploads\/2022\/03\/9782702183670-001-T-209x300.jpeg 209w, https:\/\/www.prendstadose.fr\/wp-content\/uploads\/2022\/03\/9782702183670-001-T.jpeg 500w\" sizes=\"auto, (max-width: 224px) 100vw, 224px\" \/><\/p>\n<p><span style=\"font-size: 14pt;\">\u201cOn ne sait pas pourquoi, mais \u00e7a vend, les gens le lisent, l\u2019histoire doit \u00eatre bien ficel\u00e9e, il a trouv\u00e9 la recette.\u201d<\/span><\/p>\n<p><span style=\"font-size: 14pt;\">\u00a0Cette phrase, on l\u2019entend dans les milieux cultiv\u00e9s, \u00e9duqu\u00e9s, dans la sph\u00e8re litt\u00e9raire parisienne. Les gens qui le lisent, ce sont souvent les autres et on ne sait pas pourquoi il vend parce que l\u2019on n\u2019a pas lu Musso soi-m\u00eame. Dans le fond, peu importe, on ne peut pas tout lire. Je n\u2019ai pas encore lu le dernier <a href=\"https:\/\/editions.flammarion.com\/aneantir\/9782080271532\">Houellebecq<\/a>, et je n\u2019ai pas lu non plus ce roman incroyable dont m\u2019a parl\u00e9 une amie. Cet article ne veut d\u2019ailleurs pas \u00eatre une critique des \u0153uvres de Guillaume Musso \u00e0 proprement parler, puisqu\u2019il n\u2019en fait ni l\u2019\u00e9loge, ni le bl\u00e2me. Cependant, il suffit de commencer \u00e0 s\u2019int\u00e9resser au ph\u00e9nom\u00e8ne Musso pour comprendre le vrai probl\u00e8me qu\u2019il transporte\u00a0: avec Musso, on n\u2019a beau ne pas avoir lu ses livres, il est permis de le critiquer en grand expert de la litt\u00e9rature que nous sommes. D\u2019ailleurs, on est assez tranquilles parce que Musso, apr\u00e8s tout, \u201cce n\u2019est pas vraiment de la litt\u00e9rature.\u201d\u00a0<\/span><\/p>\n<p><span style=\"font-size: 18pt;\"><b>Petit test pratique<\/b><\/span><\/p>\n<p><span style=\"font-size: 14pt;\">Je vous invite \u00e0 faire le test autour de vous, demandez \u00e0 vos amis, vos coll\u00e8gues, s\u2019ils aiment Musso puis, une fois la r\u00e9ponse donn\u00e9e, demandez-leur s\u2019ils ont lu un de ses livres. Lorsque l\u2019opinion transporte un message n\u00e9gatif, le test devient int\u00e9ressant. Parfois, vous aurez un ou une amie qui vous dira \u00ab\u00a0j\u2019en ai lu un, \u00e7a ne m\u2019a franchement pas plu\u00a0\u00bb ou alors une ou un autre qui vous avouera honteux \u00ab\u00a0j\u2019en ai lu quelques-uns quand j\u2019\u00e9tais jeune, je ne me retrouve plus dans ces livres maintenant\u00a0\u00bb mais la r\u00e9ponse attendue ne tardera pas \u00e0 se faire entendre\u00a0:\u00a0\u00ab\u00a0Ah, tu lis \u00e7a toi\u00a0?! Moi\u00a0?! Non, je ne l\u2019ai pas lu, c\u2019est mauvais et c\u2019est mal \u00e9crit\u00a0!\u00a0\u00bb. Des mots crach\u00e9s sans r\u00e9flexion, remplis de m\u00e9pris pour l\u2019auteur et peut-\u00eatre m\u00eame pour ses lecteurs. Par ailleurs, cette phrase profond\u00e9ment contradictoire est troublante, puisqu\u2019avec n\u2019importe quel \u00e9crivain ayant\u00a0 une plus grande notori\u00e9t\u00e9 intellectuelle, on se retiendra plus facilement de donner un avis sans la lecture. Certes, on citera parfois une critique que l\u2019on a lu rapidement dans un journal, mais on n\u2019osera moins maquiller le fait de ne pas avoir lu le livre, peut-\u00eatre pour \u00e9viter d\u2019argumenter au cas o\u00f9 celle-ci, moins facile, ne fasse pas l\u2019unanimit\u00e9 en soci\u00e9t\u00e9.\u00a0<\/span><\/p>\n<p><span style=\"font-size: 18pt;\"><b>La grande litt\u00e9rature, celle qui dure<\/b><\/span><\/p>\n<p><span style=\"font-size: 14pt;\">Cette hypocrisie, bien que l\u00e9g\u00e8rement malhonn\u00eate, n\u2019est pas bien m\u00e9chante mais assez commune. Ce rejet particuli\u00e8rement fort de Musso par l\u2019intelligentsia litt\u00e9raire est un probl\u00e8me qu\u2019il nous faut r\u00e9soudre. Sinon, nous risquons de perdre, comme ce fut d\u00e9j\u00e0 le cas dans le pass\u00e9, une grande partie de la litt\u00e9rature de notre \u00e9poque. Une litt\u00e9rature populaire que l\u2019on ne veut finalement pas retenir. En effet, combien d\u2019auteurs furent oubli\u00e9s de notre panth\u00e9on litt\u00e9raire tout en \u00e9tant adul\u00e9s, et lus, de leur vivant\u00a0?<\/span><\/p>\n<p><img loading=\"lazy\" decoding=\"async\" class=\"wp-image-3348 aligncenter\" src=\"https:\/\/www.prendstadose.fr\/wp-content\/uploads\/2022\/03\/Journal-des-Faux-monnayeurs.jpg\" alt=\"\" width=\"355\" height=\"588\" srcset=\"https:\/\/www.prendstadose.fr\/wp-content\/uploads\/2022\/03\/Journal-des-Faux-monnayeurs.jpg 400w, https:\/\/www.prendstadose.fr\/wp-content\/uploads\/2022\/03\/Journal-des-Faux-monnayeurs-181x300.jpg 181w\" sizes=\"auto, (max-width: 355px) 100vw, 355px\" \/><\/p>\n<p><span style=\"font-size: 14pt;\">Nous ne le savons que trop bien, les auteurs les plus lus ne sont pas toujours ceux qui seront retenus par l\u2019histoire. Andr\u00e9 Gide en a d\u2019ailleurs fait son mantra. Le plus important pour lui n\u2019\u00e9tait\u00a0 pas d\u2019\u00eatre lu de son temps, mais de laisser une trace dans l\u2019Histoire. Il dira lui-m\u00eame dans son journal \u00ab\u00a0Le probl\u00e8me pour moi, n\u2019est pas\u00a0: <i>Comment r\u00e9ussir\u00a0? <\/i>\u2013 mais bien\u00a0: comment DURER\u00a0?\u00a0\u00bb Pourquoi\u00a0? Parce que les lecteurs contemporains ne peuvent pas, par nature, savoir qui est visionnaire, avant-gardiste, \u00e0 qui l\u2019Histoire donnera raison. Seuls l\u2019Histoire et les lecteurs \u00e0 venir seront les juges l\u00e9gitimes de notre litt\u00e9rature. Cette id\u00e9e, du point de vue de la recherche, a une cons\u00e9quence : elle peine \u00e0 trouver des sources pour nous donner le nom de ceux qui vendaient le plus il y a 300 ans. Alors, en bon soldat, elle s\u2019att\u00e8le parfois \u00e0 revaloriser ces acteurs majeurs oubli\u00e9s\u2026 et snobe Musso.\u00a0<\/span><\/p>\n<p><span style=\"font-size: 18pt;\"><b>Un exemple vieux de 165 ans, Rocambole :\u00a0<\/b><\/span><\/p>\n<p><span style=\"font-size: 14pt;\">Prenons l\u2019exemple du cycle romanesque de Pierre Ponson du Terrail, <b><i>Les Drames de Paris<\/i><\/b>, qui met en sc\u00e8ne pour la premi\u00e8re fois le personnage de Rocambole, cr\u00e9\u00e9 il y a 165 ans. Vous ne le connaissez pas\u00a0? C\u2019est normal. Il vous dit quelque chose\u00a0? Tout aussi normal, ces histoires sont si rocambolesques qu\u2019elles ont laiss\u00e9 cet adjectif \u00e0 la langue fran\u00e7aise. Elles deviennent une r\u00e9f\u00e9rence collective, inspirent les esprits de nombreux lecteurs, et pourtant bien peu d\u2019\u00e9tudes litt\u00e9raires leur sont consacr\u00e9es. En effet, on ne trouve aucune r\u00e9f\u00e9rence sur le site du <a href=\"https:\/\/www.cairn.info\/\">Cairn<\/a> \u00e0 leur \u00e9gard, tr\u00e8s peu sur le personnage de Rocambole \u00e9galement. Les rares sources existantes s\u2019int\u00e9ressent au roman populaire du XIXe si\u00e8cle, ce qui est d\u00e9j\u00e0 tr\u00e8s bien, mais celles-ci ne font pas une \u00e9tude approfondie, ni du personnage, ni de son auteur, ni de la r\u00e9ception de son ouvrage \u00e0 son \u00e9poque. Ainsi, alors que l\u2019on \u00e9tudie <a href=\"https:\/\/www.etudier.com\/fiches-de-lecture\/madame-bovary\/symbolique-fenetre-dans-roman\/\">la symbolique des fen\u00eatres chez Flaubert<\/a>, ce pauvre Monsieur Ponson du Terrail est aujourd\u2019hui oubli\u00e9, loin d\u2019\u00eatre immortalis\u00e9 par notre panth\u00e9on litt\u00e9raire. Pourtant, qu\u2019on le veuille ou non, et bien qu\u2019elle ne joue pas sur les m\u00eames codes et les m\u00eames r\u00e9f\u00e9rences, la litt\u00e9rature populaire reste de la litt\u00e9rature.\u00a0<\/span><\/p>\n<p><img loading=\"lazy\" decoding=\"async\" class=\"wp-image-3349 aligncenter\" src=\"https:\/\/www.prendstadose.fr\/wp-content\/uploads\/2022\/03\/800px-Rocambole.jpg\" alt=\"\" width=\"515\" height=\"709\" srcset=\"https:\/\/www.prendstadose.fr\/wp-content\/uploads\/2022\/03\/800px-Rocambole.jpg 800w, https:\/\/www.prendstadose.fr\/wp-content\/uploads\/2022\/03\/800px-Rocambole-218x300.jpg 218w, https:\/\/www.prendstadose.fr\/wp-content\/uploads\/2022\/03\/800px-Rocambole-743x1024.jpg 743w, https:\/\/www.prendstadose.fr\/wp-content\/uploads\/2022\/03\/800px-Rocambole-768x1058.jpg 768w, https:\/\/www.prendstadose.fr\/wp-content\/uploads\/2022\/03\/800px-Rocambole-585x806.jpg 585w\" sizes=\"auto, (max-width: 515px) 100vw, 515px\" \/><\/p>\n<p><span style=\"font-size: 18pt;\"><b>De l\u2019importance de lire et d\u2019\u00e9tudier Musso<\/b><\/span><\/p>\n<p><span style=\"font-size: 14pt;\">Nous y voil\u00e0. Le v\u00e9ritable probl\u00e8me, c\u2019est qu\u2019\u00e0 ce jour, on \u00e9crit sur Houellebecq, on s\u2019arr\u00eate sur Carr\u00e8re, mais pas sur Musso, parce que ce n\u2019est pas de la \u201cgrande litt\u00e9rature\u201d.<\/span><\/p>\n<p><span style=\"font-size: 14pt;\">\u00a0D\u00e9cid\u00e9ment, on se satisfait trop facilement d\u2019un \u00ab\u00a0Musso, il vend, on ne sait pas pourquoi, mais \u00e7a vend, les gens le lisent, l\u2019histoire doit \u00eatre bien ficel\u00e9e, il a trouv\u00e9 la recette.\u00a0\u00bb Ce constat est probl\u00e9matique puisque par d\u00e9finition, la litt\u00e9rature populaire, \u00e0 l\u2019oppos\u00e9 de celle de Gide, s\u2019inscrit dans le temps o\u00f9 elle s\u2019\u00e9crit. Nous, lecteurs d\u2019aujourd\u2019hui, sommes ceux qui poss\u00e9dons les codes pour pouvoir \u00e9tudier et d\u00e9celer au mieux les sommes de savoirs qui se trouvent dans la litt\u00e9rature populaire. A contrario, les lecteurs de demain fourniront un effort consid\u00e9rable avant d\u2019arriver \u00e0 percevoir notre vision de cette litt\u00e9rature, la mani\u00e8re dont elle \u00e9tait comprise.<\/span><\/p>\n<p><span style=\"font-size: 14pt;\">\u00a0Ainsi, allons plus loin, arr\u00eatons de regarder cet auteur avec hauteur et d\u00e9dain, sortons de cette posture de jugement idiote et orgueilleuse. Gardons notre esprit critique, il n\u2019y a pas besoin de l\u2019encenser ou de vendre son \u00e2me au diable, seulement, d\u00e9cortiquons, et par piti\u00e9, <b>lisons\u00a0!<\/b> Qui est-il\u00a0? Quelle est cette fameuse recette, cette \u00ab\u00a0histoire bien ficel\u00e9e\u00a0\u00bb? Amis structuralistes, ce n\u2019est pas une question pour vous\u00a0? Pourquoi fait-il autant consensus et que dit-il de notre \u00e9poque, de ses lecteurs\u00a0? Amis sociologues, cela ne vous int\u00e9resse pas\u00a0? Voici autant de questions qui m\u00e9riteraient pourtant une r\u00e9ponse\u2026\u00a0<\/span><\/p>\n<blockquote><p><span style=\"font-size: 14pt;\">\u201cUne petite diode rouge clignotait pr\u00e8s du combin\u00e9. Curieuse, Roxane appuya sur le haut-parleur pour \u00e9couter le message qui d\u2019apr\u00e8s l\u2019horodatage remontait \u00e0 13 h 10 le jour m\u00eame.<\/span><\/p>\n<p><span style=\"font-size: 14pt;\"><i>Marc, Catherine Aumonier de nouveau. J\u2019aurais vraiment besoin de te joindre par rapport \u00e0 mon message de ce matin. Merci de me rappeler.<\/i><\/span><\/p>\n<p><span style=\"font-size: 14pt;\">Comme il n\u2019y avait pas d\u2019autres messages, Roxane \u00e9couta le pr\u00e9c\u00e9dent laiss\u00e9 sur l\u2019appareil \u00e0 7 h 46.<\/span><\/p>\n<p><span style=\"font-size: 14pt;\"><i>Bonjour Marc, c\u2019est Catherine Aumonier, directrice adjointe de l\u2019infirmerie de la pr\u00e9fecture de police. Je t\u2019appelle pour avoir ton avis sur un cas assez \u00e9trange. Nous avons pris en charge hier matin une jeune femme, totalement amn\u00e9sique, que la Brigade fluviale a rep\u00each\u00e9e nue dans la Seine. Comme je n\u2019ai pas ton mail, je t\u2019envoie son dossier par fax. Rappelle-moi pour me dire si tu la connais. \u00c0 plus tard.<\/i><\/span><\/p>\n<p><span style=\"font-size: 14pt;\">Intrigu\u00e9e, Roxane repassa le message dans la foul\u00e9e. Si Batailley l\u2019avait \u00e9cout\u00e9 \u2013 et la diode lumineuse laissait \u00e0 penser que oui \u2013 il avait d\u00fb le faire quelques minutes seulement avant sa chute.<\/span><\/p>\n<p><span style=\"font-size: 14pt;\">La flic ressentit des picotements au creux du ventre. Tout ce qui, de pr\u00e8s ou de loin, touchait \u00e0 l\u2019infirmerie de la pr\u00e9fecture de police \u2013 la fameuse I3P au fonctionnement un peu myst\u00e9rieux \u2013 avait toujours suscit\u00e9 son int\u00e9r\u00eat.\u201d <a href=\"https:\/\/www.liseuse-hachette.fr\/file\/161804?fullscreen=1&amp;editeur=Calmann%20L%C3%A9vy#epubcfi(\/6\/14[p1sp1chap1]!\/4\/2[chap-001]\/10\/8[niv2-004]\/54\/1:229)\">Guillaume Musso, <b><i>L\u2019Inconnue de la Seine <\/i><\/b><\/a><\/span><\/p><\/blockquote>\n<p style=\"text-align: right;\"><strong><span style=\"font-size: 14pt;\">Un article propos\u00e9 par Eliot Chempr\u00e9<\/span><\/strong><\/p>\n","protected":false},"excerpt":{"rendered":"<p>Musso, la complainte du mal-aim\u00e9 : Avec pr\u00e8s de 400.000 exemplaires vendus de son dernier roman,&hellip;<\/p>\n","protected":false},"author":4,"featured_media":4200,"comment_status":"open","ping_status":"open","sticky":false,"template":"","format":"standard","meta":{"_editorskit_title_hidden":false,"_editorskit_reading_time":0,"_editorskit_is_block_options_detached":false,"_editorskit_block_options_position":"{}","jetpack_post_was_ever_published":false,"_jetpack_newsletter_access":"","_jetpack_dont_email_post_to_subs":false,"_jetpack_newsletter_tier_id":0,"_jetpack_memberships_contains_paywalled_content":false,"_jetpack_memberships_contains_paid_content":false,"footnotes":"","jetpack_publicize_message":"","jetpack_publicize_feature_enabled":true,"jetpack_social_post_already_shared":false,"jetpack_social_options":{"image_generator_settings":{"template":"highway","enabled":false},"version":2}},"categories":[358],"tags":[763,768,770,760,762,767,469,446,156,769,470,766,761,764,765],"class_list":["post-3346","post","type-post","status-publish","format-standard","has-post-thumbnail","hentry","category-cultureetsociete","tag-andre-gide","tag-auteur","tag-calmann-levy","tag-guillaume-musso","tag-houellebecq","tag-jaime-lire","tag-lecture","tag-lire","tag-litterature","tag-litterature-francaise","tag-livre","tag-mbougar-sarr","tag-musso","tag-rocambole","tag-rocambolesque"],"yoast_head":"<!-- This site is optimized with the Yoast SEO plugin v24.6 - https:\/\/yoast.com\/wordpress\/plugins\/seo\/ -->\n<title>Musso : Pourquoi snober le plus grand romancier du XXI\u00e8me si\u00e8cle ? &#8212; PRENDS TA DOSE<\/title>\n<meta name=\"description\" content=\"Musso, la complainte du mal-aim\u00e9 : Avec pr\u00e8s de 400.000 exemplaires vendus de son dernier roman, L\u2019Inconnue de la Seine, Guillaume Musso a encore \u00e9t\u00e9 le\" \/>\n<meta name=\"robots\" content=\"index, follow, max-snippet:-1, max-image-preview:large, max-video-preview:-1\" \/>\n<link rel=\"canonical\" href=\"https:\/\/www.prendstadose.fr\/index.php\/2022\/03\/26\/3346\/\" \/>\n<meta property=\"og:locale\" content=\"fr_FR\" \/>\n<meta property=\"og:type\" content=\"article\" \/>\n<meta property=\"og:title\" content=\"Musso : Pourquoi snober le plus grand romancier du XXI\u00e8me si\u00e8cle ? &#8212; PRENDS TA DOSE\" \/>\n<meta property=\"og:description\" content=\"Musso, la complainte du mal-aim\u00e9 : Avec pr\u00e8s de 400.000 exemplaires vendus de son dernier roman, L\u2019Inconnue de la Seine, Guillaume Musso a encore \u00e9t\u00e9 le\" \/>\n<meta property=\"og:url\" content=\"https:\/\/www.prendstadose.fr\/index.php\/2022\/03\/26\/3346\/\" \/>\n<meta property=\"og:site_name\" content=\"PRENDS TA DOSE\" \/>\n<meta property=\"article:publisher\" content=\"https:\/\/www.facebook.com\/BrigadeSansFrontieres\/\" \/>\n<meta property=\"article:published_time\" content=\"2022-03-26T10:17:25+00:00\" \/>\n<meta property=\"article:modified_time\" content=\"2025-05-19T12:42:21+00:00\" \/>\n<meta property=\"og:image\" content=\"https:\/\/www.prendstadose.fr\/wp-content\/uploads\/2022\/03\/la-vie-est-un-roman-de-guillaume-musso.jpg\" \/>\n\t<meta property=\"og:image:width\" content=\"780\" \/>\n\t<meta property=\"og:image:height\" content=\"1000\" \/>\n\t<meta property=\"og:image:type\" content=\"image\/jpeg\" \/>\n<meta name=\"author\" content=\"Un Contributeur\" \/>\n<meta name=\"twitter:card\" content=\"summary_large_image\" \/>\n<meta name=\"twitter:label1\" content=\"\u00c9crit par\" \/>\n\t<meta name=\"twitter:data1\" content=\"Un Contributeur\" \/>\n\t<meta name=\"twitter:label2\" content=\"Dur\u00e9e de lecture estim\u00e9e\" \/>\n\t<meta name=\"twitter:data2\" content=\"7 minutes\" \/>\n<script type=\"application\/ld+json\" class=\"yoast-schema-graph\">{\"@context\":\"https:\/\/schema.org\",\"@graph\":[{\"@type\":\"Article\",\"@id\":\"https:\/\/www.prendstadose.fr\/index.php\/2022\/03\/26\/3346\/#article\",\"isPartOf\":{\"@id\":\"https:\/\/www.prendstadose.fr\/index.php\/2022\/03\/26\/3346\/\"},\"author\":{\"name\":\"Un Contributeur\",\"@id\":\"https:\/\/www.prendstadose.fr\/#\/schema\/person\/f0756358117683c969d3b233670ddc21\"},\"headline\":\"Musso : Pourquoi snober le plus grand romancier du XXI\u00e8me si\u00e8cle ?\",\"datePublished\":\"2022-03-26T10:17:25+00:00\",\"dateModified\":\"2025-05-19T12:42:21+00:00\",\"mainEntityOfPage\":{\"@id\":\"https:\/\/www.prendstadose.fr\/index.php\/2022\/03\/26\/3346\/\"},\"wordCount\":1622,\"commentCount\":0,\"publisher\":{\"@id\":\"https:\/\/www.prendstadose.fr\/#organization\"},\"image\":{\"@id\":\"https:\/\/www.prendstadose.fr\/index.php\/2022\/03\/26\/3346\/#primaryimage\"},\"thumbnailUrl\":\"https:\/\/www.prendstadose.fr\/wp-content\/uploads\/2022\/03\/la-vie-est-un-roman-de-guillaume-musso.jpg\",\"keywords\":[\"Andr\u00e9 Gide\",\"auteur\",\"Calmann Levy\",\"Guillaume Musso\",\"Houellebecq\",\"j'aime lire\",\"Lecture\",\"Lire\",\"Litt\u00e9rature\",\"litt\u00e9rature fran\u00e7aise\",\"Livre\",\"Mbougar Sarr\",\"Musso\",\"Rocambole\",\"Rocambolesque\"],\"articleSection\":[\"Culture &amp; Soci\u00e9t\u00e9\"],\"inLanguage\":\"fr-FR\",\"potentialAction\":[{\"@type\":\"CommentAction\",\"name\":\"Comment\",\"target\":[\"https:\/\/www.prendstadose.fr\/index.php\/2022\/03\/26\/3346\/#respond\"]}]},{\"@type\":\"WebPage\",\"@id\":\"https:\/\/www.prendstadose.fr\/index.php\/2022\/03\/26\/3346\/\",\"url\":\"https:\/\/www.prendstadose.fr\/index.php\/2022\/03\/26\/3346\/\",\"name\":\"Musso : Pourquoi snober le plus grand romancier du XXI\u00e8me si\u00e8cle ? &#8212; PRENDS TA DOSE\",\"isPartOf\":{\"@id\":\"https:\/\/www.prendstadose.fr\/#website\"},\"primaryImageOfPage\":{\"@id\":\"https:\/\/www.prendstadose.fr\/index.php\/2022\/03\/26\/3346\/#primaryimage\"},\"image\":{\"@id\":\"https:\/\/www.prendstadose.fr\/index.php\/2022\/03\/26\/3346\/#primaryimage\"},\"thumbnailUrl\":\"https:\/\/www.prendstadose.fr\/wp-content\/uploads\/2022\/03\/la-vie-est-un-roman-de-guillaume-musso.jpg\",\"datePublished\":\"2022-03-26T10:17:25+00:00\",\"dateModified\":\"2025-05-19T12:42:21+00:00\",\"description\":\"Musso, la complainte du mal-aim\u00e9 : Avec pr\u00e8s de 400.000 exemplaires vendus de son dernier roman, L\u2019Inconnue de la Seine, Guillaume Musso a encore \u00e9t\u00e9 le\",\"breadcrumb\":{\"@id\":\"https:\/\/www.prendstadose.fr\/index.php\/2022\/03\/26\/3346\/#breadcrumb\"},\"inLanguage\":\"fr-FR\",\"potentialAction\":[{\"@type\":\"ReadAction\",\"target\":[\"https:\/\/www.prendstadose.fr\/index.php\/2022\/03\/26\/3346\/\"]}]},{\"@type\":\"ImageObject\",\"inLanguage\":\"fr-FR\",\"@id\":\"https:\/\/www.prendstadose.fr\/index.php\/2022\/03\/26\/3346\/#primaryimage\",\"url\":\"https:\/\/www.prendstadose.fr\/wp-content\/uploads\/2022\/03\/la-vie-est-un-roman-de-guillaume-musso.jpg\",\"contentUrl\":\"https:\/\/www.prendstadose.fr\/wp-content\/uploads\/2022\/03\/la-vie-est-un-roman-de-guillaume-musso.jpg\",\"width\":780,\"height\":1000},{\"@type\":\"BreadcrumbList\",\"@id\":\"https:\/\/www.prendstadose.fr\/index.php\/2022\/03\/26\/3346\/#breadcrumb\",\"itemListElement\":[{\"@type\":\"ListItem\",\"position\":1,\"name\":\"Accueil\",\"item\":\"https:\/\/www.prendstadose.fr\/\"},{\"@type\":\"ListItem\",\"position\":2,\"name\":\"Musso : Pourquoi snober le plus grand romancier du XXI\u00e8me si\u00e8cle ?\"}]},{\"@type\":\"WebSite\",\"@id\":\"https:\/\/www.prendstadose.fr\/#website\",\"url\":\"https:\/\/www.prendstadose.fr\/\",\"name\":\"PRENDS TA DOSE\",\"description\":\"Capsule Culture Pour Analphab\u00e8tes Lettr\u00e9s\",\"publisher\":{\"@id\":\"https:\/\/www.prendstadose.fr\/#organization\"},\"potentialAction\":[{\"@type\":\"SearchAction\",\"target\":{\"@type\":\"EntryPoint\",\"urlTemplate\":\"https:\/\/www.prendstadose.fr\/?s={search_term_string}\"},\"query-input\":{\"@type\":\"PropertyValueSpecification\",\"valueRequired\":true,\"valueName\":\"search_term_string\"}}],\"inLanguage\":\"fr-FR\"},{\"@type\":\"Organization\",\"@id\":\"https:\/\/www.prendstadose.fr\/#organization\",\"name\":\"PrendsTaDose\",\"url\":\"https:\/\/www.prendstadose.fr\/\",\"logo\":{\"@type\":\"ImageObject\",\"inLanguage\":\"fr-FR\",\"@id\":\"https:\/\/www.prendstadose.fr\/#\/schema\/logo\/image\/\",\"url\":\"https:\/\/www.prendstadose.fr\/wp-content\/uploads\/2021\/08\/logo-e1641309847268.png\",\"contentUrl\":\"https:\/\/www.prendstadose.fr\/wp-content\/uploads\/2021\/08\/logo-e1641309847268.png\",\"width\":400,\"height\":406,\"caption\":\"PrendsTaDose\"},\"image\":{\"@id\":\"https:\/\/www.prendstadose.fr\/#\/schema\/logo\/image\/\"},\"sameAs\":[\"https:\/\/www.facebook.com\/BrigadeSansFrontieres\/\",\"https:\/\/www.instagram.com\/romain_mailliu\/\"]},{\"@type\":\"Person\",\"@id\":\"https:\/\/www.prendstadose.fr\/#\/schema\/person\/f0756358117683c969d3b233670ddc21\",\"name\":\"Un Contributeur\",\"url\":\"https:\/\/www.prendstadose.fr\/index.php\/author\/albi\/\"}]}<\/script>\n<!-- \/ Yoast SEO plugin. -->","yoast_head_json":{"title":"Musso : Pourquoi snober le plus grand romancier du XXI\u00e8me si\u00e8cle ? &#8212; PRENDS TA DOSE","description":"Musso, la complainte du mal-aim\u00e9 : Avec pr\u00e8s de 400.000 exemplaires vendus de son dernier roman, L\u2019Inconnue de la Seine, Guillaume Musso a encore \u00e9t\u00e9 le","robots":{"index":"index","follow":"follow","max-snippet":"max-snippet:-1","max-image-preview":"max-image-preview:large","max-video-preview":"max-video-preview:-1"},"canonical":"https:\/\/www.prendstadose.fr\/index.php\/2022\/03\/26\/3346\/","og_locale":"fr_FR","og_type":"article","og_title":"Musso : Pourquoi snober le plus grand romancier du XXI\u00e8me si\u00e8cle ? &#8212; PRENDS TA DOSE","og_description":"Musso, la complainte du mal-aim\u00e9 : Avec pr\u00e8s de 400.000 exemplaires vendus de son dernier roman, L\u2019Inconnue de la Seine, Guillaume Musso a encore \u00e9t\u00e9 le","og_url":"https:\/\/www.prendstadose.fr\/index.php\/2022\/03\/26\/3346\/","og_site_name":"PRENDS TA DOSE","article_publisher":"https:\/\/www.facebook.com\/BrigadeSansFrontieres\/","article_published_time":"2022-03-26T10:17:25+00:00","article_modified_time":"2025-05-19T12:42:21+00:00","og_image":[{"width":780,"height":1000,"url":"https:\/\/www.prendstadose.fr\/wp-content\/uploads\/2022\/03\/la-vie-est-un-roman-de-guillaume-musso.jpg","type":"image\/jpeg"}],"author":"Un Contributeur","twitter_card":"summary_large_image","twitter_misc":{"\u00c9crit par":"Un Contributeur","Dur\u00e9e de lecture estim\u00e9e":"7 minutes"},"schema":{"@context":"https:\/\/schema.org","@graph":[{"@type":"Article","@id":"https:\/\/www.prendstadose.fr\/index.php\/2022\/03\/26\/3346\/#article","isPartOf":{"@id":"https:\/\/www.prendstadose.fr\/index.php\/2022\/03\/26\/3346\/"},"author":{"name":"Un Contributeur","@id":"https:\/\/www.prendstadose.fr\/#\/schema\/person\/f0756358117683c969d3b233670ddc21"},"headline":"Musso : Pourquoi snober le plus grand romancier du XXI\u00e8me si\u00e8cle ?","datePublished":"2022-03-26T10:17:25+00:00","dateModified":"2025-05-19T12:42:21+00:00","mainEntityOfPage":{"@id":"https:\/\/www.prendstadose.fr\/index.php\/2022\/03\/26\/3346\/"},"wordCount":1622,"commentCount":0,"publisher":{"@id":"https:\/\/www.prendstadose.fr\/#organization"},"image":{"@id":"https:\/\/www.prendstadose.fr\/index.php\/2022\/03\/26\/3346\/#primaryimage"},"thumbnailUrl":"https:\/\/www.prendstadose.fr\/wp-content\/uploads\/2022\/03\/la-vie-est-un-roman-de-guillaume-musso.jpg","keywords":["Andr\u00e9 Gide","auteur","Calmann Levy","Guillaume Musso","Houellebecq","j'aime lire","Lecture","Lire","Litt\u00e9rature","litt\u00e9rature fran\u00e7aise","Livre","Mbougar Sarr","Musso","Rocambole","Rocambolesque"],"articleSection":["Culture &amp; Soci\u00e9t\u00e9"],"inLanguage":"fr-FR","potentialAction":[{"@type":"CommentAction","name":"Comment","target":["https:\/\/www.prendstadose.fr\/index.php\/2022\/03\/26\/3346\/#respond"]}]},{"@type":"WebPage","@id":"https:\/\/www.prendstadose.fr\/index.php\/2022\/03\/26\/3346\/","url":"https:\/\/www.prendstadose.fr\/index.php\/2022\/03\/26\/3346\/","name":"Musso : Pourquoi snober le plus grand romancier du XXI\u00e8me si\u00e8cle ? &#8212; PRENDS TA DOSE","isPartOf":{"@id":"https:\/\/www.prendstadose.fr\/#website"},"primaryImageOfPage":{"@id":"https:\/\/www.prendstadose.fr\/index.php\/2022\/03\/26\/3346\/#primaryimage"},"image":{"@id":"https:\/\/www.prendstadose.fr\/index.php\/2022\/03\/26\/3346\/#primaryimage"},"thumbnailUrl":"https:\/\/www.prendstadose.fr\/wp-content\/uploads\/2022\/03\/la-vie-est-un-roman-de-guillaume-musso.jpg","datePublished":"2022-03-26T10:17:25+00:00","dateModified":"2025-05-19T12:42:21+00:00","description":"Musso, la complainte du mal-aim\u00e9 : Avec pr\u00e8s de 400.000 exemplaires vendus de son dernier roman, L\u2019Inconnue de la Seine, Guillaume Musso a encore \u00e9t\u00e9 le","breadcrumb":{"@id":"https:\/\/www.prendstadose.fr\/index.php\/2022\/03\/26\/3346\/#breadcrumb"},"inLanguage":"fr-FR","potentialAction":[{"@type":"ReadAction","target":["https:\/\/www.prendstadose.fr\/index.php\/2022\/03\/26\/3346\/"]}]},{"@type":"ImageObject","inLanguage":"fr-FR","@id":"https:\/\/www.prendstadose.fr\/index.php\/2022\/03\/26\/3346\/#primaryimage","url":"https:\/\/www.prendstadose.fr\/wp-content\/uploads\/2022\/03\/la-vie-est-un-roman-de-guillaume-musso.jpg","contentUrl":"https:\/\/www.prendstadose.fr\/wp-content\/uploads\/2022\/03\/la-vie-est-un-roman-de-guillaume-musso.jpg","width":780,"height":1000},{"@type":"BreadcrumbList","@id":"https:\/\/www.prendstadose.fr\/index.php\/2022\/03\/26\/3346\/#breadcrumb","itemListElement":[{"@type":"ListItem","position":1,"name":"Accueil","item":"https:\/\/www.prendstadose.fr\/"},{"@type":"ListItem","position":2,"name":"Musso : Pourquoi snober le plus grand romancier du XXI\u00e8me si\u00e8cle ?"}]},{"@type":"WebSite","@id":"https:\/\/www.prendstadose.fr\/#website","url":"https:\/\/www.prendstadose.fr\/","name":"PRENDS TA DOSE","description":"Capsule Culture Pour Analphab\u00e8tes Lettr\u00e9s","publisher":{"@id":"https:\/\/www.prendstadose.fr\/#organization"},"potentialAction":[{"@type":"SearchAction","target":{"@type":"EntryPoint","urlTemplate":"https:\/\/www.prendstadose.fr\/?s={search_term_string}"},"query-input":{"@type":"PropertyValueSpecification","valueRequired":true,"valueName":"search_term_string"}}],"inLanguage":"fr-FR"},{"@type":"Organization","@id":"https:\/\/www.prendstadose.fr\/#organization","name":"PrendsTaDose","url":"https:\/\/www.prendstadose.fr\/","logo":{"@type":"ImageObject","inLanguage":"fr-FR","@id":"https:\/\/www.prendstadose.fr\/#\/schema\/logo\/image\/","url":"https:\/\/www.prendstadose.fr\/wp-content\/uploads\/2021\/08\/logo-e1641309847268.png","contentUrl":"https:\/\/www.prendstadose.fr\/wp-content\/uploads\/2021\/08\/logo-e1641309847268.png","width":400,"height":406,"caption":"PrendsTaDose"},"image":{"@id":"https:\/\/www.prendstadose.fr\/#\/schema\/logo\/image\/"},"sameAs":["https:\/\/www.facebook.com\/BrigadeSansFrontieres\/","https:\/\/www.instagram.com\/romain_mailliu\/"]},{"@type":"Person","@id":"https:\/\/www.prendstadose.fr\/#\/schema\/person\/f0756358117683c969d3b233670ddc21","name":"Un Contributeur","url":"https:\/\/www.prendstadose.fr\/index.php\/author\/albi\/"}]}},"jetpack_publicize_connections":[],"jetpack_featured_media_url":"https:\/\/www.prendstadose.fr\/wp-content\/uploads\/2022\/03\/la-vie-est-un-roman-de-guillaume-musso.jpg","jetpack_sharing_enabled":true,"_links":{"self":[{"href":"https:\/\/www.prendstadose.fr\/index.php\/wp-json\/wp\/v2\/posts\/3346","targetHints":{"allow":["GET"]}}],"collection":[{"href":"https:\/\/www.prendstadose.fr\/index.php\/wp-json\/wp\/v2\/posts"}],"about":[{"href":"https:\/\/www.prendstadose.fr\/index.php\/wp-json\/wp\/v2\/types\/post"}],"author":[{"embeddable":true,"href":"https:\/\/www.prendstadose.fr\/index.php\/wp-json\/wp\/v2\/users\/4"}],"replies":[{"embeddable":true,"href":"https:\/\/www.prendstadose.fr\/index.php\/wp-json\/wp\/v2\/comments?post=3346"}],"version-history":[{"count":3,"href":"https:\/\/www.prendstadose.fr\/index.php\/wp-json\/wp\/v2\/posts\/3346\/revisions"}],"predecessor-version":[{"id":3353,"href":"https:\/\/www.prendstadose.fr\/index.php\/wp-json\/wp\/v2\/posts\/3346\/revisions\/3353"}],"wp:featuredmedia":[{"embeddable":true,"href":"https:\/\/www.prendstadose.fr\/index.php\/wp-json\/wp\/v2\/media\/4200"}],"wp:attachment":[{"href":"https:\/\/www.prendstadose.fr\/index.php\/wp-json\/wp\/v2\/media?parent=3346"}],"wp:term":[{"taxonomy":"category","embeddable":true,"href":"https:\/\/www.prendstadose.fr\/index.php\/wp-json\/wp\/v2\/categories?post=3346"},{"taxonomy":"post_tag","embeddable":true,"href":"https:\/\/www.prendstadose.fr\/index.php\/wp-json\/wp\/v2\/tags?post=3346"}],"curies":[{"name":"wp","href":"https:\/\/api.w.org\/{rel}","templated":true}]}}