{"id":3508,"date":"2022-08-31T23:45:38","date_gmt":"2022-08-31T21:45:38","guid":{"rendered":"https:\/\/www.prendstadose.fr\/?p=3508"},"modified":"2024-09-24T10:48:29","modified_gmt":"2024-09-24T08:48:29","slug":"le-spleen-des-cites-episode-3-3","status":"publish","type":"post","link":"https:\/\/www.prendstadose.fr\/index.php\/2022\/08\/31\/le-spleen-des-cites-episode-3-3\/","title":{"rendered":"Le spleen des cit\u00e9s (\u00e9pisode 3\/3)"},"content":{"rendered":"<p>&nbsp;<\/p>\n<blockquote><p><span style=\"font-weight: 400; font-size: 14pt;\">\u201cL&rsquo;ombre qui fait la lumi\u00e8re dans mon esprit fait la nuit dans le leur.\u201d<\/span><\/p>\n<p><span style=\"font-size: 14pt;\"><i><span style=\"font-weight: 400;\">Charles Baudelaire<\/span><\/i><\/span><\/p><\/blockquote>\n<p>&nbsp;<\/p>\n<p><span style=\"font-weight: 400; font-size: 14pt;\">J\u2019ai pass\u00e9, de novembre 2020 \u00e0 f\u00e9vrier 2021, quatre mois au rez-de-chauss\u00e9e du b\u00e2timent 2, rue centrale de la cit\u00e9 des Tilleuls. Je travaillais pour l\u2019association LP4Y, dont la mission est l\u2019inclusion professionnelle et sociale des jeunes adultes issus de l\u2019extr\u00eame pauvret\u00e9. Agglom\u00e9rat de 2 700 logements sociaux au Blanc Mesnil (Seine-Saint-Denis), la cit\u00e9 est un village avec ses codes et coutumes. Je ne suis pas de nature intrusive. Mais j\u2019aime me balader et observer les sc\u00e8nes de la vie ordinaire, les routines qui esquissent le portrait de ces femmes et hommes des Tilleuls.\u00a0<\/span><\/p>\n<p><span style=\"font-weight: 400; font-size: 14pt;\">Cette r\u00e9flexion s\u2019organise autour de 3 \u00e9pisodes. Voici le dernier.<\/span><\/p>\n<p>&nbsp;<\/p>\n<p><strong><span style=\"font-size: 14pt;\">Par ici pour d\u00e9couvrir l\u2019\u00e9pisode 1 : <a href=\"https:\/\/www.prendstadose.fr\/index.php\/2022\/03\/07\/la-cite-de-la-peur\/\">la cit\u00e9 de la peur<\/a> ; et\u00a0 l\u2019\u00e9pisode 2 : <a href=\"https:\/\/www.prendstadose.fr\/index.php\/2022\/04\/20\/les-cites-un-formidable-potentiel-pour-la-france-episode-2-3\/\">Les cit\u00e9s, un formidable potentiel pour la France<\/a>.\u00a0<\/span><\/strong><\/p>\n<p>&nbsp;<\/p>\n<div id=\"attachment_3510\" style=\"width: 1034px\" class=\"wp-caption aligncenter\"><img loading=\"lazy\" decoding=\"async\" aria-describedby=\"caption-attachment-3510\" class=\"wp-image-3510 size-large\" src=\"https:\/\/www.prendstadose.fr\/wp-content\/uploads\/2022\/08\/IMG_9498-1024x768.jpg\" alt=\"Cit\u00e9 des Tilleuls, Le Blanc-Mesnil \u2013 \u00a9 Romain Mailliu\" width=\"1024\" height=\"768\" srcset=\"https:\/\/www.prendstadose.fr\/wp-content\/uploads\/2022\/08\/IMG_9498-1024x768.jpg 1024w, https:\/\/www.prendstadose.fr\/wp-content\/uploads\/2022\/08\/IMG_9498-300x225.jpg 300w, https:\/\/www.prendstadose.fr\/wp-content\/uploads\/2022\/08\/IMG_9498-768x576.jpg 768w, https:\/\/www.prendstadose.fr\/wp-content\/uploads\/2022\/08\/IMG_9498-1536x1152.jpg 1536w, https:\/\/www.prendstadose.fr\/wp-content\/uploads\/2022\/08\/IMG_9498-2048x1536.jpg 2048w, https:\/\/www.prendstadose.fr\/wp-content\/uploads\/2022\/08\/IMG_9498-1170x878.jpg 1170w, https:\/\/www.prendstadose.fr\/wp-content\/uploads\/2022\/08\/IMG_9498-1920x1440.jpg 1920w, https:\/\/www.prendstadose.fr\/wp-content\/uploads\/2022\/08\/IMG_9498-585x439.jpg 585w\" sizes=\"auto, (max-width: 1024px) 100vw, 1024px\" \/><p id=\"caption-attachment-3510\" class=\"wp-caption-text\">Cit\u00e9 des Tilleuls, Le Blanc-Mesnil \u2013 \u00a9 Romain Mailliu<\/p><\/div>\n<p><span style=\"font-size: 14pt;\"><b>D\u00e9couvrez<\/b><a href=\"https:\/\/open.spotify.com\/playlist\/44YDFFrZgr7vCAFqmJPwAp?si=Z23adw0YQF-lWOJd8eBhBA\"><b> la playlist Spotify de l\u2019article !\u00a0<\/b><\/a><\/span><\/p>\n<p><span style=\"font-size: 14pt;\"><i><span style=\"font-weight: 400;\">Avec la pr\u00e9sence des artistes PNL, Disiz La Peste, Heuss L\u2019enfoir\u00e9, Zola, Dinos, Dosseh, Remy, Jul, Sofiane, M\u00e9dine, Guizmo, Milk Coffee &amp; Sugar et Sinik.\u00a0<\/span><\/i><\/span><\/p>\n<p>&nbsp;<\/p>\n<p><strong><span style=\"font-size: 24pt;\">Exclusion et isolement\u00a0<\/span><\/strong><\/p>\n<p>&nbsp;<\/p>\n<blockquote><p><span style=\"font-size: 14pt;\"><i><span style=\"font-weight: 400;\">\u201cJ&rsquo;ai beau me cultiver, mes attitudes me trahissent,<\/span><\/i><\/span><\/p>\n<p><span style=\"font-size: 14pt;\"><i><span style=\"font-weight: 400;\">On sait que je viens d&rsquo;ici, donc on m&rsquo;\u00e9carte de la liste.<\/span><\/i><\/span><\/p>\n<p><span style=\"font-size: 14pt;\"><i><span style=\"font-weight: 400;\">[&#8230;] Est-ce que l&rsquo;Auvergant a honte de son environnement ?<\/span><\/i><\/span><\/p>\n<p><span style=\"font-size: 14pt;\"><i><span style=\"font-weight: 400;\">Alors pourquoi devrais-je avoir honte de mon b\u00e2timent ?\u201d<\/span><\/i><\/span><\/p>\n<p><span style=\"font-size: 14pt;\"><a href=\"https:\/\/www.youtube.com\/watch?v=8_DVwGHQfIE\"><span style=\"font-weight: 400;\">Disiz La Peste &#8211; Jeune de banlieue<\/span><\/a><\/span><\/p><\/blockquote>\n<p>&nbsp;<\/p>\n<p><span style=\"font-weight: 400; font-size: 14pt;\">S\u2019int\u00e9grer dans une cit\u00e9 n\u2019est pas chose facile. Les premiers jours au Tilleuls, je me sentais comme un cachalot \u00e9chou\u00e9 sur une plage d\u2019Ibiza, lors d\u2019un set de David Guetta &#8211; it means vraiment pas dans mon bain. C\u2019est simple, d\u00e8s que je sortais dans la rue, on venait me demander si je voulais quelque chose : \u201ccette salade d\u2019Amsterdam, ce maron bien gras qui d\u00e9fonce le cr\u00e2ne\u201d. Alors quand je r\u00e9pondais, avec ma gueule de premier de classe, ma chemise \u00e0 carreaux et mon pull Saint James, \u201c\u00e7a ira, j\u2019habite le b\u00e2timent 2, tu veux faire un foot ?\u201d, j\u2019\u00e9tais directement rang\u00e9 dans la cat\u00e9gorie flic en civil amateur.\u00a0<\/span><\/p>\n<p><span style=\"font-weight: 400; font-size: 14pt;\">Pourtant, avec le temps et \u00e0 force de me pr\u00e9senter, j\u2019ai fini par devenir \u201cle mec \u00e9trange qui travaille dans une association pour aider les jeunes \u00e0 trouver du travail\u201d. On ne me proposait plus de drogue. Pas de partie de foot non plus.\u00a0<\/span><\/p>\n<p>&nbsp;<\/p>\n<h3><span style=\"font-size: 18pt;\">1<strong>. <a href=\"https:\/\/www.youtube.com\/watch?v=0LfE8bbSP5o\">Rentre dans le cercle\u00a0<\/a><\/strong><\/span><\/h3>\n<p><span style=\"font-size: 14pt;\"><span style=\"font-weight: 400;\">S\u2019int\u00e9grer est le grand jeu de la vie. S\u2019int\u00e9grer au week-end d\u2019amis de sa nouvelle petite copine, s\u2019int\u00e9grer \u00e0 son s\u00e9minaire d\u2019entreprise quand on est nouveau, s\u2019int\u00e9grer au club <\/span><i><span style=\"font-weight: 400;\">Les amoureux de la nature<\/span><\/i><span style=\"font-weight: 400;\"> quand on est mut\u00e9 dans l\u2019Indre\u2026. On prend sur soi puis, en faisant un petit effort pour lancer la conversation et s\u2019ouvrir aux autres, on ne veut plus partir ! Encore faut-il avoir des centres int\u00e9r\u00eats communs. Quelques points de convergence si l\u2019on veut passer au-del\u00e0 des banalit\u00e9s, d\u00e9couvrir que sa passion pour Harry Potter a franchi les fronti\u00e8res de sa chambre d\u2019adolescent, pour faire briller les yeux de cette jolie blonde avec la robe fleurie, qui est la meilleure amie de sa petite amie. Bref. Nous sommes des animaux sociaux oui, mais des animaux courageux non.\u00a0<\/span><\/span><\/p>\n<p>&nbsp;<\/p>\n<div id=\"attachment_3511\" style=\"width: 1034px\" class=\"wp-caption aligncenter\"><img loading=\"lazy\" decoding=\"async\" aria-describedby=\"caption-attachment-3511\" class=\"wp-image-3511 size-large\" src=\"https:\/\/www.prendstadose.fr\/wp-content\/uploads\/2022\/08\/IMG_8844_resultat-1024x768.jpg\" alt=\"Cit\u00e9 des Tilleuls, Le Blanc-Mesnil \u2013 \u00a9 Romain Mailliu\" width=\"1024\" height=\"768\" srcset=\"https:\/\/www.prendstadose.fr\/wp-content\/uploads\/2022\/08\/IMG_8844_resultat-1024x768.jpg 1024w, https:\/\/www.prendstadose.fr\/wp-content\/uploads\/2022\/08\/IMG_8844_resultat-300x225.jpg 300w, https:\/\/www.prendstadose.fr\/wp-content\/uploads\/2022\/08\/IMG_8844_resultat-768x576.jpg 768w, https:\/\/www.prendstadose.fr\/wp-content\/uploads\/2022\/08\/IMG_8844_resultat-1536x1152.jpg 1536w, https:\/\/www.prendstadose.fr\/wp-content\/uploads\/2022\/08\/IMG_8844_resultat-2048x1536.jpg 2048w, https:\/\/www.prendstadose.fr\/wp-content\/uploads\/2022\/08\/IMG_8844_resultat-1170x878.jpg 1170w, https:\/\/www.prendstadose.fr\/wp-content\/uploads\/2022\/08\/IMG_8844_resultat-1920x1440.jpg 1920w, https:\/\/www.prendstadose.fr\/wp-content\/uploads\/2022\/08\/IMG_8844_resultat-585x439.jpg 585w\" sizes=\"auto, (max-width: 1024px) 100vw, 1024px\" \/><p id=\"caption-attachment-3511\" class=\"wp-caption-text\">Cit\u00e9 des Tilleuls, Le Blanc-Mesnil \u2013 \u00a9 Romain Mailliu<\/p><\/div>\n<p>&nbsp;<\/p>\n<p><span style=\"font-size: 14pt;\"><span style=\"font-weight: 400;\">A<\/span><\/span><span style=\"font-size: 14pt;\"><span style=\"font-weight: 400;\">pr\u00e8s un mois pass\u00e9 cit\u00e9 des Tilleuls, je me sentais plus \u00e0 l\u2019aise. Je n\u2019avais pas beaucoup d\u2019amis mais quelques rep\u00e8res. La routine du caf\u00e9 du matin \u00e0 la boulangerie du bourg, la poign\u00e9e de coude (covid oblige) avec le guetteur de la rue, le \u201cBlankok burger\u201d le lundi soir <\/span><span style=\"font-weight: 400;\">et le march\u00e9 \u201cplace du village\u201d le vendredi matin. Bref, je commen\u00e7ais \u00e0 construire les ancrages n\u00e9cessaires \u00e0 l&rsquo;int\u00e9gration durable.<\/span><\/span><\/p>\n<p><span style=\"font-weight: 400; font-size: 14pt;\">Puis le confinement a d\u00e9but\u00e9 et la situation n\u2019a pas beaucoup chang\u00e9. Il me fallait du temps pour comprendre les fa\u00e7ons de faire, les codes, les coutumes. Je me sentais parfois plong\u00e9 dans un autre univers.\u00a0<\/span><\/p>\n<p><span style=\"font-weight: 400; font-size: 14pt;\">S\u2019installer dans une cit\u00e9 : pas facile. Mais quand est-il du chemin inverse ? Quitter la cit\u00e9 ? Ce n\u2019est vraisemblablement pas beaucoup plus simple. Sauf que, comme l\u2019oiseau doit quitter le nid pour trouver \u00e0 manger, il est pr\u00e9conis\u00e9 de quitter la cit\u00e9 pour trouver &#8211; \u00e0 minima &#8211; du travail.\u00a0<\/span><\/p>\n<p>&nbsp;<\/p>\n<h3><strong><span style=\"font-size: 18pt;\">2. <a href=\"https:\/\/www.youtube.com\/watch?v=FHMy6DhOXrI\">\u201cJe traverse la rue et je vous trouve un travail !\u201d<\/a><\/span><\/strong><\/h3>\n<p><span style=\"font-weight: 400; font-size: 14pt;\">Le travail, justement, parlons-en.\u00a0<\/span><\/p>\n<p><span style=\"font-size: 14pt;\"><span style=\"font-weight: 400;\">Dans mon pr\u00e9c\u00e9dent article, <\/span><a href=\"https:\/\/www.prendstadose.fr\/index.php\/2022\/04\/20\/les-cites-un-formidable-potentiel-pour-la-france-episode-2-3\/\"><span style=\"font-weight: 400;\">Les cit\u00e9s, un formidable potentiel pour la France<\/span><\/a><span style=\"font-weight: 400;\">, j&rsquo;expliquais que, dans les quartiers pauvres,\u00a0 l\u2019absence de perspectives familiales, sociales, \u00e9ducatives et professionnelles, formaient un filtre brouillant les r\u00eaves de r\u00e9ussite. Et cela se traduit factuellement par des difficult\u00e9s d&rsquo;insertion professionnelle.<\/span><\/span><\/p>\n<p><span style=\"font-size: 14pt;\"><span style=\"font-weight: 400;\">D\u2019apr\u00e8s l<\/span><a href=\"https:\/\/www.inegalites.fr\/Chomage-QPV\"><span style=\"font-weight: 400;\">&lsquo;observatoire des in\u00e9galit\u00e9s<\/span><\/a><span style=\"font-weight: 400;\">, le taux de ch\u00f4mage dans les quartiers pauvres est pr\u00e8s de trois fois plus important que dans les quartiers environnants. Chez les jeunes actifs de moins de 30 ans, le taux approche m\u00eame les 33 %, contre 15 % dans les autres quartiers.<\/span><\/span><\/p>\n<p>&nbsp;<\/p>\n<div id=\"attachment_3515\" style=\"width: 579px\" class=\"wp-caption aligncenter\"><img loading=\"lazy\" decoding=\"async\" aria-describedby=\"caption-attachment-3515\" class=\"wp-image-3515 size-full\" src=\"https:\/\/www.prendstadose.fr\/wp-content\/uploads\/2022\/08\/Capture-de\u0301cran-2021-03-22-a\u0300-09.26.33.png\" alt=\"Observatoire des in\u00e9galit\u00e9s\" width=\"569\" height=\"453\" srcset=\"https:\/\/www.prendstadose.fr\/wp-content\/uploads\/2022\/08\/Capture-de\u0301cran-2021-03-22-a\u0300-09.26.33.png 569w, https:\/\/www.prendstadose.fr\/wp-content\/uploads\/2022\/08\/Capture-de\u0301cran-2021-03-22-a\u0300-09.26.33-300x239.png 300w\" sizes=\"auto, (max-width: 569px) 100vw, 569px\" \/><p id=\"caption-attachment-3515\" class=\"wp-caption-text\">Observatoire des in\u00e9galit\u00e9s<\/p><\/div>\n<p>&nbsp;<\/p>\n<p><span style=\"font-weight: 400; font-size: 14pt;\">Ce niveau de ch\u00f4mage peut s\u2019expliquer par le fait qu\u2019on compte moins de personnes dipl\u00f4m\u00e9es qu\u2019ailleurs. Mais cette moindre qualification n\u2019explique pas tout. La preuve, outre le fait que toutes les offres d\u2019emplois ne demandent pas d\u2019avoir fait Polytechnique ? \u00c0 niveau scolaire \u00e9quivalent, trouver un emploi quand on vient d\u2019un quartier pauvre y est plus \u00e9galement plus difficile. 28% des non-dipl\u00f4m\u00e9s des quartiers en difficult\u00e9 sont au ch\u00f4mage, contre 16% hors de ceux-ci. La situation est similaire pour les d\u00e9tenteurs d\u2019un dipl\u00f4me : le taux de ch\u00f4mage est de 16 % pour les bac + 2 et plus, contre 6 % dans les quartiers avoisinants, soit pr\u00e8s de trois fois plus.<\/span><\/p>\n<p><span style=\"font-weight: 400; font-size: 14pt;\">De nombreux facteurs expliquent ces \u00e9carts, qui vont de la capacit\u00e9 \u00e0 mobiliser un r\u00e9seau professionnel, \u00e0 la mobilit\u00e9 (les cit\u00e9s sont mal desservies) en passant par des discriminations touchant les populations d\u2019origine \u00e9trang\u00e8re. Les habitants des quartiers pauvres sont souvent confront\u00e9s \u00e0 deux injustices : les r\u00e9actions face \u00e0 leur lieu de vie et \u00e0 leur pays d\u2019origine.\u00a0<\/span><\/p>\n<p>&nbsp;<\/p>\n<div id=\"attachment_3512\" style=\"width: 1034px\" class=\"wp-caption aligncenter\"><img loading=\"lazy\" decoding=\"async\" aria-describedby=\"caption-attachment-3512\" class=\"wp-image-3512 size-large\" src=\"https:\/\/www.prendstadose.fr\/wp-content\/uploads\/2022\/08\/IMG_8390_resultat-1024x768.jpg\" alt=\"Cit\u00e9 des Tilleuls, Le Blanc-Mesnil \u2013 \u00a9 Romain Mailliu\" width=\"1024\" height=\"768\" srcset=\"https:\/\/www.prendstadose.fr\/wp-content\/uploads\/2022\/08\/IMG_8390_resultat-1024x768.jpg 1024w, https:\/\/www.prendstadose.fr\/wp-content\/uploads\/2022\/08\/IMG_8390_resultat-300x225.jpg 300w, https:\/\/www.prendstadose.fr\/wp-content\/uploads\/2022\/08\/IMG_8390_resultat-768x576.jpg 768w, https:\/\/www.prendstadose.fr\/wp-content\/uploads\/2022\/08\/IMG_8390_resultat-1536x1152.jpg 1536w, https:\/\/www.prendstadose.fr\/wp-content\/uploads\/2022\/08\/IMG_8390_resultat-2048x1536.jpg 2048w, https:\/\/www.prendstadose.fr\/wp-content\/uploads\/2022\/08\/IMG_8390_resultat-1170x878.jpg 1170w, https:\/\/www.prendstadose.fr\/wp-content\/uploads\/2022\/08\/IMG_8390_resultat-1920x1440.jpg 1920w, https:\/\/www.prendstadose.fr\/wp-content\/uploads\/2022\/08\/IMG_8390_resultat-585x439.jpg 585w\" sizes=\"auto, (max-width: 1024px) 100vw, 1024px\" \/><p id=\"caption-attachment-3512\" class=\"wp-caption-text\">Cit\u00e9 des Tilleuls, Le Blanc-Mesnil \u2013 \u00a9 Romain Mailliu<\/p><\/div>\n<p>&nbsp;<\/p>\n<p><span style=\"font-size: 14pt;\"><span style=\"font-weight: 400;\">L<\/span><span style=\"font-weight: 400;\">\u2019enqu\u00eate <\/span><a href=\"https:\/\/teo.site.ined.fr\/\"><span style=\"font-weight: 400;\">TeO<\/span><\/a><span style=\"font-weight: 400;\"> aupr\u00e8s de plus de 26 000 r\u00e9pondants r\u00e9v\u00e8le que 47 % des personnes originaires d&rsquo;Afrique subsaharienne, 32 % du Maroc et 30 % d&rsquo;Alg\u00e9rie disent ainsi avoir fait l&rsquo;exp\u00e9rience de discriminations.<\/span><\/span><\/p>\n<p>&nbsp;<\/p>\n<p><img loading=\"lazy\" decoding=\"async\" class=\"aligncenter wp-image-3516 size-full\" src=\"https:\/\/www.prendstadose.fr\/wp-content\/uploads\/2022\/08\/Capture-de\u0301cran-2021-03-19-a\u0300-16.32.15.png\" alt=\"Institut Montaigne\" width=\"492\" height=\"441\" srcset=\"https:\/\/www.prendstadose.fr\/wp-content\/uploads\/2022\/08\/Capture-de\u0301cran-2021-03-19-a\u0300-16.32.15.png 492w, https:\/\/www.prendstadose.fr\/wp-content\/uploads\/2022\/08\/Capture-de\u0301cran-2021-03-19-a\u0300-16.32.15-300x269.png 300w\" sizes=\"auto, (max-width: 492px) 100vw, 492px\" \/><\/p>\n<p>&nbsp;<\/p>\n<p><span style=\"font-size: 14pt;\"><span style=\"font-weight: 400;\">Au-del\u00e0 des chiffres, il faudrait faire preuve de mauvaise foi pour ne pas s\u2019en rendre compte. La contemplation des sc\u00e8nes ordinaires de la vie nous offre de multiples exemples. Me viennent \u00e0 l&rsquo;id\u00e9e les contr\u00f4les de police : je n\u2019ai jamais \u00e9t\u00e9 contr\u00f4l\u00e9 de ma vie. Alors que mes amis d\u2019origine africaine ou maghr\u00e9bine &#8211; qui suivent globalement le m\u00eame rythme de vie que moi &#8211; <\/span><a href=\"https:\/\/www.youtube.com\/watch?v=XtXORCauH24\"><span style=\"font-weight: 400;\">se font contr\u00f4ler a minima une fois par an<\/span><\/a><span style=\"font-weight: 400;\">.\u00a0<\/span><\/span><\/p>\n<p><span style=\"font-weight: 400; font-size: 14pt;\">Bref, ce que j\u2019aimerai d\u00e9velopper, c\u2019est que l&rsquo;exclusion est le berceau de l\u2019isolement et que celui-ci se fait fortement sentir dans le rap.\u00a0\u00a0<\/span><\/p>\n<p>&nbsp;<\/p>\n<h2><strong><span style=\"font-size: 18pt;\">3. <a href=\"https:\/\/www.youtube.com\/watch?v=9PODnRarD78\">\u201cAvant j&rsquo;\u00e9tais moche dans la tess.\u201d\u00a0<\/a><\/span><\/strong><\/h2>\n<p>&nbsp;<\/p>\n<blockquote><p><span style=\"font-size: 14pt;\"><span style=\"font-weight: 400;\">\u201cPas d&rsquo;conte de f\u00e9e, le Clochard ne pla\u00eet pas \u00e0 la Belle,<\/span><\/span><\/p>\n<p><span style=\"font-size: 14pt;\"><span style=\"font-weight: 400;\">P\u00e9tasse on t&rsquo;raccroche quand le ient-cli appelle,<\/span><\/span><\/p>\n<p><span style=\"font-size: 14pt;\"><span style=\"font-weight: 400;\">J&rsquo;suis ce genre de cassos qui drague une Anglaise en espagnol,<\/span><\/span><\/p>\n<p><span style=\"font-size: 14pt;\"><span style=\"font-weight: 400;\">La vida loca chiquita, bambina, fais ta folle.\u201d<\/span><\/span><\/p>\n<p><span style=\"font-size: 14pt;\"><a href=\"https:\/\/www.youtube.com\/watch?v=LZx6oeNeoWM\"><span style=\"font-weight: 400;\">PNL &#8211; Mexico<\/span><\/a><span style=\"font-weight: 400;\">\u00a0<\/span><\/span><\/p><\/blockquote>\n<p>&nbsp;<\/p>\n<p><span style=\"font-size: 14pt;\"><span style=\"font-weight: 400;\">Les rappeurs n&rsquo;h\u00e9sitent pas \u00e0 s\u2019exprimer sur leur mal \u00eatre. Ang\u00e8le a beau nous dire que \u201c<\/span><a href=\"https:\/\/www.youtube.com\/watch?v=Fy1xQSiLx8U\"><span style=\"font-weight: 400;\">Le spleen n&rsquo;est plus \u00e0 la mode, c&rsquo;est pas compliqu\u00e9 d&rsquo;\u00eatre heureux<\/span><\/a><span style=\"font-weight: 400;\">\u201d, Baudelaire aurait certainement fait du rap s&rsquo;il \u00e9tait n\u00e9 dans une cit\u00e9. Difficile de ne pas sentir l\u2019\u00e9motion des artistes \u00e0 travers leurs textes et les m\u00e9lodies qui les accompagnent. Entre les probl\u00e8mes familiaux, les paradis artificiels, les r\u00eaves d\u00e9chus, l&rsquo;absence de perspective et de mod\u00e8les, la prison, la pauvret\u00e9&#8230; la charge \u00e9motionnelle est lourde. Pas beaucoup de place pour l\u2019amour dans cet univers de b\u00e9ton.\u00a0<\/span><\/span><\/p>\n<p>&nbsp;<\/p>\n<blockquote><p><span style=\"font-size: 14pt;\"><i><span style=\"font-weight: 400;\">\u201cUn peu d&rsquo;bleu dans mon feu, un peu d&rsquo;rouge dans mes yeux,<\/span><\/i><\/span><\/p>\n<p><span style=\"font-size: 14pt;\"><i><span style=\"font-weight: 400;\">J&rsquo;pense \u00e0 toi \u00e0 nous deux, j&rsquo;vais pas bien, j&rsquo;vais juste mieux,<\/span><\/i><\/span><\/p>\n<p><span style=\"font-size: 14pt;\"><i><span style=\"font-weight: 400;\">Pr\u00e8s du monde a\u00e9rien, loin du mont Val\u00e9rien,<\/span><\/i><\/span><\/p>\n<p><span style=\"font-size: 14pt;\"><i><span style=\"font-weight: 400;\">Je me racine carr\u00e9, de 10 000 pas tr\u00e8s bien.\u201d<\/span><\/i><\/span><\/p>\n<p><span style=\"font-size: 14pt;\"><a href=\"https:\/\/www.youtube.com\/watch?v=CQ9AT9wXiLw\"><span style=\"font-weight: 400;\">Dinos &#8211; Placebo<\/span><\/a><\/span><\/p><\/blockquote>\n<p>&nbsp;<\/p>\n<p><span style=\"font-size: 14pt;\"><span style=\"font-weight: 400;\">Cette tristesse, on comprend qu\u2019elle puisse se transformer en col\u00e8re quand on d\u00e9cide de prendre la parole. Comme une pression qu\u2019on lib\u00e8re enfin, une envie de crier <\/span><a href=\"https:\/\/www.youtube.com\/watch?v=K507s87lGGQ\"><i><span style=\"font-weight: 400;\">Fuck Forever<\/span><\/i><\/a> <span style=\"font-weight: 400;\">\u00e0 la Pete Doherty. C\u2019est certainement cette mont\u00e9e de dopamine qui conduit Ninho \u00e0 r\u00e9aliser des clips de guerre comme je le critiquais <\/span><a href=\"https:\/\/www.prendstadose.fr\/index.php\/2022\/03\/07\/la-cite-de-la-peur\/\"><span style=\"font-weight: 400;\">dans mon premier article<\/span><\/a><span style=\"font-weight: 400;\">. C\u2019est le retour des oubli\u00e9s, des invisibles, qui conqui\u00e8rent maintenant la musique fran\u00e7aise.\u00a0<\/span><\/span><\/p>\n<p>&nbsp;<\/p>\n<p><span style=\"font-weight: 400; font-size: 14pt;\">Cette tristesse des banlieues, c\u2019est un signal faible pour comprendre qu\u2019il est urgent d\u2019agir. Car la tristesse sans perspective d\u2019avenir, dans un monde o\u00f9 l&rsquo;on prend tr\u00e8s rapidement conscience des in\u00e9galit\u00e9s, nous conduit vite au d\u00e9sespoir, qui n\u2019est jamais constructeur. Quand on a plus rien \u00e0 perdre, on est pr\u00eat \u00e0 tout.\u00a0<\/span><\/p>\n<p>&nbsp;<\/p>\n<blockquote><p><span style=\"font-size: 14pt;\"><i><span style=\"font-weight: 400;\">\u201cJ&rsquo;sais pas si t&rsquo;as capt\u00e9 le train de vie est triste,<\/span><\/i><\/span><\/p>\n<p><span style=\"font-size: 14pt;\"><i><span style=\"font-weight: 400;\">T&rsquo;as l&rsquo;alcool, t&rsquo;as la drogue et t&rsquo;as les filles et l&rsquo;vice,<\/span><\/i><\/span><\/p>\n<p><span style=\"font-size: 14pt;\"><i><span style=\"font-weight: 400;\">Et j&rsquo;ai couru derri\u00e8re l&rsquo;bonheur mais j&rsquo;sais pas s&rsquo;il existe,<\/span><\/i><\/span><\/p>\n<p><span style=\"font-size: 14pt;\"><i><span style=\"font-weight: 400;\">Encore deux doses de crack contre un billet d&rsquo;dix.\u201d\u00a0<\/span><\/i><\/span><\/p>\n<p><span style=\"font-size: 14pt;\"><a href=\"https:\/\/www.youtube.com\/watch?v=PdSqsG1r5kk\"><span style=\"font-weight: 400;\">Guizmo &#8211; Manifeste<\/span><\/a><\/span><\/p>\n<p>&nbsp;<\/p>\n<div id=\"attachment_3513\" style=\"width: 610px\" class=\"wp-caption aligncenter\"><img loading=\"lazy\" decoding=\"async\" aria-describedby=\"caption-attachment-3513\" class=\"wp-image-3513\" src=\"https:\/\/www.prendstadose.fr\/wp-content\/uploads\/2022\/08\/IMG_9481_resultat-768x1024.jpg\" alt=\"Cit\u00e9 des Tilleuls, Le Blanc-Mesnil \u2013 \u00a9 Romain Mailliu\" width=\"600\" height=\"800\" srcset=\"https:\/\/www.prendstadose.fr\/wp-content\/uploads\/2022\/08\/IMG_9481_resultat-768x1024.jpg 768w, https:\/\/www.prendstadose.fr\/wp-content\/uploads\/2022\/08\/IMG_9481_resultat-225x300.jpg 225w, https:\/\/www.prendstadose.fr\/wp-content\/uploads\/2022\/08\/IMG_9481_resultat-1152x1536.jpg 1152w, https:\/\/www.prendstadose.fr\/wp-content\/uploads\/2022\/08\/IMG_9481_resultat-1536x2048.jpg 1536w, https:\/\/www.prendstadose.fr\/wp-content\/uploads\/2022\/08\/IMG_9481_resultat-1170x1560.jpg 1170w, https:\/\/www.prendstadose.fr\/wp-content\/uploads\/2022\/08\/IMG_9481_resultat-scaled.jpg 1920w, https:\/\/www.prendstadose.fr\/wp-content\/uploads\/2022\/08\/IMG_9481_resultat-585x780.jpg 585w\" sizes=\"auto, (max-width: 600px) 100vw, 600px\" \/><p id=\"caption-attachment-3513\" class=\"wp-caption-text\">Cit\u00e9 des Tilleuls, Le Blanc-Mesnil \u2013 \u00a9 Romain Mailliu<\/p><\/div><\/blockquote>\n<p>&nbsp;<\/p>\n<h2><strong><span style=\"font-size: 24pt;\">Entraide et solidarit\u00e9<\/span><\/strong><\/h2>\n<p>&nbsp;<\/p>\n<blockquote><p><span style=\"font-size: 14pt;\"><i><span style=\"font-weight: 400;\">\u201cJ&rsquo;ai besoin de toi, pour me sortir de l\u00e0,<\/span><\/i><\/span><\/p>\n<p><span style=\"font-size: 14pt;\"><i><span style=\"font-weight: 400;\">Sous-estim\u00e9, comme un billet froiss\u00e9,<\/span><\/i><\/span><\/p>\n<p><span style=\"font-size: 14pt;\"><i><span style=\"font-weight: 400;\">Besoin de toi pour me sortir de l\u00e0,<\/span><\/i><\/span><\/p>\n<p><span style=\"font-size: 14pt;\"><i><span style=\"font-weight: 400;\">J&rsquo;me suis coinc\u00e9, mon lundi est pass\u00e9.\u201d\u00a0<\/span><\/i><\/span><\/p>\n<p><span style=\"font-size: 14pt;\"><a href=\"https:\/\/www.youtube.com\/watch?v=K-Ehg6xT6fc\"><span style=\"font-weight: 400;\">Sophiane &#8211; Lundi\u00a0<\/span><\/a><\/span><\/p><\/blockquote>\n<p>&nbsp;<\/p>\n<p><span style=\"font-weight: 400; font-size: 14pt;\">Laissez-moi vous raconter mes premi\u00e8res minutes dans la cit\u00e9 des Tilleuls. Venant m\u2019y installer pour une dur\u00e9e \u00e0 l\u2019\u00e9poque ind\u00e9finie, j&rsquo;avais pris avec moi quelques affaires pour passer l\u2019hiver.\u00a0<\/span><\/p>\n<p><span style=\"font-weight: 400; font-size: 14pt;\">Le 2 novembre 2020, j\u2019arrive donc en voiture, dans une Golf 2002 grise, que j\u2019entreprends de garer en bas de ma nouvelle maison. Les parkings sont bond\u00e9s mais je finis par trouver une place. Elle \u00e9tait disponible pour une raison \u00e9vidente : il fallait \u00eatre sacr\u00e9ment agile pour s\u2019y glisser. Sachez-le, les cr\u00e9neaux, comme les langues \u00e9trang\u00e8res ou le reggaeton, \u00e7a n\u2019a jamais \u00e9t\u00e9 mon truc. Mais je tente toujours ma chance. 1 fois, 2 fois, 3 fois\u2026 et, alors que me monte en moi le d\u00e9sagr\u00e9able sentiment d\u2019\u00e9chec &#8211; que seuls ceux qui n&rsquo;essaient jamais ne connaissent pas, ou plut\u00f4t ne le diff\u00e9rencient pas des autres sentiments\u00a0 &#8211; quelqu\u2019un tape \u00e0 la vitre.\u00a0<\/span><\/p>\n<p><span style=\"font-weight: 400; font-size: 14pt;\">Autant vous dire qu\u2019au Blanc Mesnil, je ne connais personne. Qui peut bien \u00eatre cet individu qui me fait de grands gestes pour que je sorte de ma voiture ? J\u2019ai fait un an de jujitsu. Je commence &#8211; mieux vaut pr\u00e9venir que gu\u00e9rir &#8211; \u00e0 me mettre en garde et je sors de ma Golf. L\u2019homme, qui me surplombe d\u2019une t\u00eate ou deux, me demande mes cl\u00e9s. J&rsquo;acquiesce, il est peut-\u00eatre arm\u00e9. Je me dis, en \u00e9ternel optimiste, que je prendrais le num\u00e9ro de la plaque d&rsquo;immatriculation. Ah non, c\u2019est la mienne.<\/span><\/p>\n<p><span style=\"font-weight: 400; font-size: 14pt;\">L&rsquo;\u00e9nergum\u00e8ne s\u2019assoit au volant, d\u00e9marre le moteur, fait un cr\u00e9neau, rentre dans la place du premier coup, sort de la &#8211; ma? &#8211; la voiture, me rend les cl\u00e9s puis s\u2019en va. MERDE. Je glisse un \u201cmerci monsieur\u201d mais il a d\u00e9j\u00e0 disparu.\u00a0<\/span><\/p>\n<p><span style=\"font-weight: 400; font-size: 14pt;\">Cette histoire est loin d&rsquo;\u00eatre un cas isol\u00e9. Elle t\u00e9moigne de la forte solidarit\u00e9 qu\u2019on trouve dans les quartiers (et pays) pauvres. Dans une cit\u00e9, tout le monde conna\u00eet son voisin. Chacun veille les uns sur les autres. Quand on attend plus grand chose de l\u2019Etat, dont ses ambassadeurs pr\u00f4nent pourtant la main sur le c\u0153ur et le buste bien droit, a chaque \u00e9lection pr\u00e9sidentielle, qu\u2019il ne laissera personne en marge, l\u2019entraide s\u2019organise dans les quartiers loin des institutions publiques mais avec les gens autour de soi. C\u2019est faire preuve de r\u00e9silience et de bon sens, en capitalisant sur les moyens du bord.\u00a0<\/span><\/p>\n<p>&nbsp;<\/p>\n<div id=\"attachment_3514\" style=\"width: 1034px\" class=\"wp-caption aligncenter\"><img loading=\"lazy\" decoding=\"async\" aria-describedby=\"caption-attachment-3514\" class=\"wp-image-3514 size-large\" src=\"https:\/\/www.prendstadose.fr\/wp-content\/uploads\/2022\/08\/IMG_8380_resultat-1024x768.jpg\" alt=\"Cit\u00e9 des Tilleuls, Le Blanc-Mesnil \u2013 \u00a9 Romain Mailliu\" width=\"1024\" height=\"768\" srcset=\"https:\/\/www.prendstadose.fr\/wp-content\/uploads\/2022\/08\/IMG_8380_resultat-1024x768.jpg 1024w, https:\/\/www.prendstadose.fr\/wp-content\/uploads\/2022\/08\/IMG_8380_resultat-300x225.jpg 300w, https:\/\/www.prendstadose.fr\/wp-content\/uploads\/2022\/08\/IMG_8380_resultat-768x576.jpg 768w, https:\/\/www.prendstadose.fr\/wp-content\/uploads\/2022\/08\/IMG_8380_resultat-1536x1152.jpg 1536w, https:\/\/www.prendstadose.fr\/wp-content\/uploads\/2022\/08\/IMG_8380_resultat-2048x1536.jpg 2048w, https:\/\/www.prendstadose.fr\/wp-content\/uploads\/2022\/08\/IMG_8380_resultat-1170x878.jpg 1170w, https:\/\/www.prendstadose.fr\/wp-content\/uploads\/2022\/08\/IMG_8380_resultat-1920x1440.jpg 1920w, https:\/\/www.prendstadose.fr\/wp-content\/uploads\/2022\/08\/IMG_8380_resultat-585x439.jpg 585w\" sizes=\"auto, (max-width: 1024px) 100vw, 1024px\" \/><p id=\"caption-attachment-3514\" class=\"wp-caption-text\">Cit\u00e9 des Tilleuls, Le Blanc-Mesnil \u2013 \u00a9 Romain Mailliu<\/p><\/div>\n<p>&nbsp;<\/p>\n<p><span style=\"font-size: 14pt;\"><span style=\"font-weight: 400;\">Aujourd\u2019hui une grande partie de la population fran\u00e7aise joue les enfants g\u00e2t\u00e9s. Comme le dit Rapha\u00ebl Rossello dans son<\/span><a href=\"https:\/\/www.youtube.com\/watch?v=TzSGHWUDX3A\"><span style=\"font-weight: 400;\"> interview<\/span><\/a><span style=\"font-weight: 400;\"> chez Thinkerview : \u00ab c\u2019est une des ambigu\u00eft\u00e9s du XXI\u00e8me si\u00e8cle : on pr\u00f4ne la libert\u00e9 individuelle mais d\u00e8s que \u00e7a va mal, on veut que l\u2019Etat intervienne \u00bb. Nous vivons dans une \u00e9poque tellement complexe que la coh\u00e9rence exige une humilit\u00e9 et une sobri\u00e9t\u00e9 rare.\u00a0<\/span><\/span><\/p>\n<p>&nbsp;<\/p>\n<h2><strong><span style=\"font-size: 24pt;\">Exil\u00e9 sur le sol au milieu des hu\u00e9es, ses ailes de g\u00e9ant l&#8217;emp\u00eachent de marcher.\u00a0<\/span><\/strong><\/h2>\n<p><span style=\"font-size: 14pt;\"><span style=\"font-weight: 400;\">Malgr\u00e9 l\u2019exclusion dont elles sont victimes, t\u00e9raux de la col\u00e8re, la tristesse, du d\u00e9sespoir et de l&rsquo;ennui, on doit aux cit\u00e9s les plus grands artistes et footballeurs des dix derni\u00e8res ann\u00e9es. Avec 4 millions de ventes, Jul est <\/span><a href=\"https:\/\/intrld.com\/avec-4-millions-de-ventes-jul-est-le-deuxieme-vendeur-de-la-decennie-derriere-johnny-hallyday\/\"><span style=\"font-weight: 400;\">le deuxi\u00e8me vendeur de la d\u00e9cennie <\/span><\/a><span style=\"font-weight: 400;\">derri\u00e8re Johnny Hallyday. En \u00e9quipe de France, <\/span><a href=\"https:\/\/www.la-croix.com\/Debats\/Forum-et-debats\/Sport-cites-cle-reussite-2018-07-09-1200953692\"><span style=\"font-weight: 400;\">huit footballeurs sont n\u00e9s ou ont grandi en banlieue parisienne<\/span><\/a><span style=\"font-weight: 400;\">, parmi eux Mbapp\u00e9 et Pogba.\u00a0<\/span><\/span><\/p>\n<p><span style=\"font-size: 14pt;\"><span style=\"font-weight: 400;\">Les dealers, ces hommes d\u2019affaires qui \u00e9voluent dans un environnement hostile, ill\u00e9gal, sans l\u2019aide d\u2019aucun cabinet de conseil (jusqu&rsquo;\u00e0 preuve du contraire), produisent 2,7 milliards de chiffre d\u2019affaires par an. Avec un tel r\u00e9sultat, ils\u00a0 fr\u00f4lent l&rsquo;entr\u00e9e au CAC40. Imaginez si on accompagnait massivement ces jeunes \u00e0 monter d\u2019autres types de business, l\u00e9gaux, avec un impact positif. Comme le fait depuis 2015 Moussa Camara avec son association <\/span><a href=\"https:\/\/www.lesdetermines.fr\/\"><span style=\"font-weight: 400;\">Les D\u00e9termin\u00e9s<\/span><\/a><span style=\"font-weight: 400;\">, qui d\u00e9veloppe l\u2019entrepreneuriat en banlieue avec 207 personnes form\u00e9es dont 60 ont cr\u00e9\u00e9es leur entreprise et plus de 61% sont des femmes.\u00a0<\/span><\/span><\/p>\n<p><span style=\"font-weight: 400; font-size: 14pt;\">La bonne nouvelle est que, je le r\u00e9p\u00e8te, un quart des r\u00e9sidents des quartiers en difficult\u00e9 sont \u00e2g\u00e9s de moins de 14 ans, contre 18 % dans les villes qui les englobent. Les familles nombreuses y sont aussi surrepr\u00e9sent\u00e9es : la part des m\u00e9nages de cinq personnes ou plus est deux fois plus importante qu\u2019en dehors. Vous imaginez le nombre de potentiels futurs leaders ? Ou futurs dealers ? Promenez-vous cit\u00e9 des Tilleuls. Vous verrez l\u2019\u00e9nergie des jeunes qui tapent toute la journ\u00e9e dans le ballon car l\u2019\u00e9cole est en visio et qu\u2019il n\u2019y a pas de wifi \u00e0 la maison.\u00a0<\/span><\/p>\n<p><span style=\"font-weight: 400; font-size: 14pt;\">En temps qu\u2019adulte et citoyen, ces jeunes, nous en avons la responsabilit\u00e9. Que devons-nous plus que jamais leur offrir ? Les cl\u00e9s pour qu\u2019ils deviennent entrepreneurs de leur vie et qu\u2019ils tirent avec eux leur quartier ? Ou souhaitons-nous fermer les yeux, \u00e9viter ce probl\u00e8me complexe et cultiver le rejet, la tristesse et la col\u00e8re qui en d\u00e9coule naturellement ?\u00a0\u00a0<\/span><\/p>\n<p><span style=\"font-weight: 400; font-size: 14pt;\">Les cit\u00e9s est un formidable potentiel pour la France. Reste \u00e0 choisir ce que nous voulons pour notre pays.\u00a0<\/span><\/p>\n<p>&nbsp;<\/p>\n<blockquote><p><span style=\"font-size: 14pt;\"><i><span style=\"font-weight: 400;\">Mais je ne suis ni une carte de visite, ni un CV,<\/span><\/i><\/span><\/p>\n<p><span style=\"font-size: 14pt;\"><i><span style=\"font-weight: 400;\">Pas de m\u00e9tier valorisant, j\u2019suis qu\u2019int\u00e9rim et CDD,<\/span><\/i><\/span><\/p>\n<p><span style=\"font-size: 14pt;\"><i><span style=\"font-weight: 400;\">Avant, j\u2019aimais leurs ballades, maintenant, elles me narguent,<\/span><\/i><\/span><\/p>\n<p><span style=\"font-size: 14pt;\"><i><span style=\"font-weight: 400;\">Elles me font constater que je n\u2019ai pas de cordes \u00e0 l\u2019arc,<\/span><\/i><\/span><\/p>\n<p><span style=\"font-size: 14pt;\"><i><span style=\"font-weight: 400;\">Car je ne sais pas chanter, pas rapper, pas slamer, pas sc\u00e9nariser,<\/span><\/i><\/span><\/p>\n<p><span style=\"font-size: 14pt;\"><i><span style=\"font-weight: 400;\">Pas designer, moi je passe pas \u00e0 la t\u00e9l\u00e9 !<\/span><\/i><\/span><\/p>\n<p><span style=\"font-size: 14pt;\"><i><span style=\"font-weight: 400;\">Laissez-moi \u00eatre fatigu\u00e9, \u00eatre inadapt\u00e9,<\/span><\/i><\/span><\/p>\n<p><span style=\"font-size: 14pt;\"><i><span style=\"font-weight: 400;\">Laissez-moi \u00eatre un probl\u00e8me pour ceux qui veulent me soumettre,<\/span><\/i><\/span><\/p>\n<p><span style=\"font-size: 14pt;\"><i><span style=\"font-weight: 400;\">Me soumettre \u00e0 devenir complice,<\/span><\/i><\/span><\/p>\n<p><span style=\"font-size: 14pt;\"><i><span style=\"font-weight: 400;\">Me soumettre \u00e0 devenir servile.<\/span><\/i><\/span><\/p>\n<p><span style=\"font-size: 14pt;\"><i><span style=\"font-weight: 400;\">\u00ab\u00a0Je veux pas br\u00fbler des voitures, je veux en construire et puis en vendre\u00a0\u00bb<\/span><\/i><\/span><\/p>\n<p><span style=\"font-size: 14pt;\"><i><span style=\"font-weight: 400;\">\u00ab\u00a0Je veux pas br\u00fbler des voitures, je veux en construire et puis en vendre\u00a0\u00bb<\/span><\/i><\/span><\/p>\n<p><span style=\"font-size: 14pt;\"><a href=\"https:\/\/www.youtube.com\/watch?v=h9oNC60pL2A\"><span style=\"font-weight: 400;\">Milk Coffee &amp; Sugar &#8211; Alien\u00a0<\/span><\/a><\/span><\/p><\/blockquote>\n<p>&nbsp;<\/p>\n<p><span style=\"font-size: 14pt;\"><b>D\u00e9couvrez<\/b><a href=\"https:\/\/open.spotify.com\/playlist\/44YDFFrZgr7vCAFqmJPwAp?si=Z23adw0YQF-lWOJd8eBhBA\"><b> la playlist Spotify de l\u2019article !\u00a0<\/b><\/a><\/span><\/p>\n<p><span style=\"font-size: 14pt;\"><i><span style=\"font-weight: 400;\">Avec la pr\u00e9sence des artistes PNL, Disiz La Peste, Heuss L\u2019enfoir\u00e9, Zola, Dinos, Dosseh, Remy, Jul, Sofiane, M\u00e9dine, Guizmo, Milk Coffee &amp; Sugar et Sinik.\u00a0<\/span><\/i><\/span><\/p>\n<p>&nbsp;<\/p>\n<p><span style=\"font-size: 14pt;\"><i><span style=\"font-weight: 400;\">Photo de couverture <\/span><\/i><\/span><i><\/i><span style=\"font-size: 14pt;\"><i><\/i><a href=\"https:\/\/www.instagram.com\/lumia94_\/\"><i><span style=\"font-weight: 400;\">\u00a9<\/span><\/i><\/a> <a href=\"https:\/\/www.instagram.com\/lumia94_\/\"><i><span style=\"font-weight: 400;\">Lumia\u00a0<\/span><\/i><\/a><\/span><\/p>\n","protected":false},"excerpt":{"rendered":"<p>&nbsp; \u201cL&rsquo;ombre qui fait la lumi\u00e8re dans mon esprit fait la nuit dans le leur.\u201d Charles&hellip;<\/p>\n","protected":false},"author":1,"featured_media":3509,"comment_status":"open","ping_status":"open","sticky":false,"template":"","format":"standard","meta":{"_editorskit_title_hidden":false,"_editorskit_reading_time":0,"_editorskit_is_block_options_detached":false,"_editorskit_block_options_position":"{}","jetpack_post_was_ever_published":false,"_jetpack_newsletter_access":"","_jetpack_dont_email_post_to_subs":false,"_jetpack_newsletter_tier_id":0,"_jetpack_memberships_contains_paywalled_content":false,"_jetpack_memberships_contains_paid_content":false,"footnotes":"","jetpack_publicize_message":"","jetpack_publicize_feature_enabled":true,"jetpack_social_post_already_shared":true,"jetpack_social_options":{"image_generator_settings":{"template":"highway","enabled":false},"version":2}},"categories":[358],"tags":[739,872,328,547,829,734,735,867,864,868,718,626,365,188,871,865,874,873,327,747,583,566,878,341,211,559,869,283,780,870,877,863,875,876,738,866],"class_list":["post-3508","post","type-post","status-publish","format-standard","has-post-thumbnail","hentry","category-cultureetsociete","tag-739","tag-banlieue","tag-baudelaire","tag-carnet-de-bord","tag-chomage","tag-cite","tag-cite-des-tilleuls","tag-dinos","tag-disiz-la-peste","tag-dosseh","tag-enquete","tag-entraide","tag-exclusion","tag-france","tag-guizmo","tag-heuss-lenfoire","tag-inegalite","tag-isolement","tag-jul","tag-medine","tag-milk-coffee-sugar","tag-pnl","tag-pogba","tag-police","tag-politique","tag-rap","tag-remy","tag-reportage","tag-sinik","tag-sofiane","tag-solidarite","tag-spleen","tag-tag","tag-tess","tag-urbain","tag-zola"],"yoast_head":"<!-- This site is optimized with the Yoast SEO plugin v24.6 - https:\/\/yoast.com\/wordpress\/plugins\/seo\/ -->\n<title>Le spleen des cit\u00e9s (\u00e9pisode 3\/3) &#8212; PRENDS TA DOSE<\/title>\n<meta name=\"description\" content=\"&nbsp; \u201cL&#039;ombre qui fait la lumi\u00e8re dans mon esprit fait la nuit dans le leur.\u201d Charles Baudelaire &nbsp; J\u2019ai pass\u00e9, de novembre 2020 \u00e0 f\u00e9vrier 2021,\" \/>\n<meta name=\"robots\" content=\"index, follow, max-snippet:-1, max-image-preview:large, max-video-preview:-1\" \/>\n<link rel=\"canonical\" href=\"https:\/\/www.prendstadose.fr\/index.php\/2022\/08\/31\/le-spleen-des-cites-episode-3-3\/\" \/>\n<meta property=\"og:locale\" content=\"fr_FR\" \/>\n<meta property=\"og:type\" content=\"article\" \/>\n<meta property=\"og:title\" content=\"Le spleen des cit\u00e9s (\u00e9pisode 3\/3) &#8212; PRENDS TA DOSE\" \/>\n<meta property=\"og:description\" content=\"&nbsp; \u201cL&#039;ombre qui fait la lumi\u00e8re dans mon esprit fait la nuit dans le leur.\u201d Charles Baudelaire &nbsp; J\u2019ai pass\u00e9, de novembre 2020 \u00e0 f\u00e9vrier 2021,\" \/>\n<meta property=\"og:url\" content=\"https:\/\/www.prendstadose.fr\/index.php\/2022\/08\/31\/le-spleen-des-cites-episode-3-3\/\" \/>\n<meta property=\"og:site_name\" content=\"PRENDS TA DOSE\" \/>\n<meta property=\"article:publisher\" content=\"https:\/\/www.facebook.com\/BrigadeSansFrontieres\/\" \/>\n<meta property=\"article:author\" content=\"https:\/\/www.facebook.com\/PrendsTaDose.fr\" \/>\n<meta property=\"article:published_time\" content=\"2022-08-31T21:45:38+00:00\" \/>\n<meta property=\"article:modified_time\" content=\"2024-09-24T08:48:29+00:00\" \/>\n<meta property=\"og:image\" content=\"https:\/\/www.prendstadose.fr\/wp-content\/uploads\/2022\/08\/126905594_134098244832401_5286092238641137960_n.jpg\" \/>\n\t<meta property=\"og:image:width\" content=\"1080\" \/>\n\t<meta property=\"og:image:height\" content=\"1080\" \/>\n\t<meta property=\"og:image:type\" content=\"image\/jpeg\" \/>\n<meta name=\"author\" content=\"Romain Mailliu\" \/>\n<meta name=\"twitter:card\" content=\"summary_large_image\" \/>\n<meta name=\"twitter:label1\" content=\"\u00c9crit par\" \/>\n\t<meta name=\"twitter:data1\" content=\"Romain Mailliu\" \/>\n\t<meta name=\"twitter:label2\" content=\"Dur\u00e9e de lecture estim\u00e9e\" \/>\n\t<meta name=\"twitter:data2\" content=\"14 minutes\" \/>\n<script type=\"application\/ld+json\" class=\"yoast-schema-graph\">{\"@context\":\"https:\/\/schema.org\",\"@graph\":[{\"@type\":\"Article\",\"@id\":\"https:\/\/www.prendstadose.fr\/index.php\/2022\/08\/31\/le-spleen-des-cites-episode-3-3\/#article\",\"isPartOf\":{\"@id\":\"https:\/\/www.prendstadose.fr\/index.php\/2022\/08\/31\/le-spleen-des-cites-episode-3-3\/\"},\"author\":{\"name\":\"Romain Mailliu\",\"@id\":\"https:\/\/www.prendstadose.fr\/#\/schema\/person\/4f1285a1742667844578bad2dca10ccc\"},\"headline\":\"Le spleen des cit\u00e9s (\u00e9pisode 3\/3)\",\"datePublished\":\"2022-08-31T21:45:38+00:00\",\"dateModified\":\"2024-09-24T08:48:29+00:00\",\"mainEntityOfPage\":{\"@id\":\"https:\/\/www.prendstadose.fr\/index.php\/2022\/08\/31\/le-spleen-des-cites-episode-3-3\/\"},\"wordCount\":2749,\"commentCount\":0,\"publisher\":{\"@id\":\"https:\/\/www.prendstadose.fr\/#organization\"},\"image\":{\"@id\":\"https:\/\/www.prendstadose.fr\/index.php\/2022\/08\/31\/le-spleen-des-cites-episode-3-3\/#primaryimage\"},\"thumbnailUrl\":\"https:\/\/www.prendstadose.fr\/wp-content\/uploads\/2022\/08\/126905594_134098244832401_5286092238641137960_n.jpg\",\"keywords\":[\"93\",\"Banlieue\",\"Baudelaire\",\"Carnet de bord\",\"chomage\",\"Cit\u00e9\",\"Cit\u00e9 des Tilleuls\",\"Dinos\",\"Disiz La Peste\",\"Dosseh\",\"Enqu\u00eate\",\"entraide\",\"Exclusion\",\"France\",\"Guizmo\",\"Heuss L'enfoir\u00e9\",\"in\u00e9galit\u00e9\",\"Isolement\",\"Jul\",\"Medine\",\"Milk Coffee Sugar\",\"PNL\",\"Pogba\",\"Police\",\"Politique\",\"Rap\",\"Remy\",\"Reportage\",\"Sinik\",\"Sofiane\",\"Solidarit\u00e9\",\"Spleen\",\"Tag\",\"Tess\",\"Urbain\",\"Zola\"],\"articleSection\":[\"Culture &amp; Soci\u00e9t\u00e9\"],\"inLanguage\":\"fr-FR\",\"potentialAction\":[{\"@type\":\"CommentAction\",\"name\":\"Comment\",\"target\":[\"https:\/\/www.prendstadose.fr\/index.php\/2022\/08\/31\/le-spleen-des-cites-episode-3-3\/#respond\"]}]},{\"@type\":\"WebPage\",\"@id\":\"https:\/\/www.prendstadose.fr\/index.php\/2022\/08\/31\/le-spleen-des-cites-episode-3-3\/\",\"url\":\"https:\/\/www.prendstadose.fr\/index.php\/2022\/08\/31\/le-spleen-des-cites-episode-3-3\/\",\"name\":\"Le spleen des cit\u00e9s (\u00e9pisode 3\/3) &#8212; PRENDS TA DOSE\",\"isPartOf\":{\"@id\":\"https:\/\/www.prendstadose.fr\/#website\"},\"primaryImageOfPage\":{\"@id\":\"https:\/\/www.prendstadose.fr\/index.php\/2022\/08\/31\/le-spleen-des-cites-episode-3-3\/#primaryimage\"},\"image\":{\"@id\":\"https:\/\/www.prendstadose.fr\/index.php\/2022\/08\/31\/le-spleen-des-cites-episode-3-3\/#primaryimage\"},\"thumbnailUrl\":\"https:\/\/www.prendstadose.fr\/wp-content\/uploads\/2022\/08\/126905594_134098244832401_5286092238641137960_n.jpg\",\"datePublished\":\"2022-08-31T21:45:38+00:00\",\"dateModified\":\"2024-09-24T08:48:29+00:00\",\"description\":\"&nbsp; \u201cL'ombre qui fait la lumi\u00e8re dans mon esprit fait la nuit dans le leur.\u201d Charles Baudelaire &nbsp; J\u2019ai pass\u00e9, de novembre 2020 \u00e0 f\u00e9vrier 2021,\",\"breadcrumb\":{\"@id\":\"https:\/\/www.prendstadose.fr\/index.php\/2022\/08\/31\/le-spleen-des-cites-episode-3-3\/#breadcrumb\"},\"inLanguage\":\"fr-FR\",\"potentialAction\":[{\"@type\":\"ReadAction\",\"target\":[\"https:\/\/www.prendstadose.fr\/index.php\/2022\/08\/31\/le-spleen-des-cites-episode-3-3\/\"]}]},{\"@type\":\"ImageObject\",\"inLanguage\":\"fr-FR\",\"@id\":\"https:\/\/www.prendstadose.fr\/index.php\/2022\/08\/31\/le-spleen-des-cites-episode-3-3\/#primaryimage\",\"url\":\"https:\/\/www.prendstadose.fr\/wp-content\/uploads\/2022\/08\/126905594_134098244832401_5286092238641137960_n.jpg\",\"contentUrl\":\"https:\/\/www.prendstadose.fr\/wp-content\/uploads\/2022\/08\/126905594_134098244832401_5286092238641137960_n.jpg\",\"width\":1080,\"height\":1080,\"caption\":\"Photographe : Lumia\"},{\"@type\":\"BreadcrumbList\",\"@id\":\"https:\/\/www.prendstadose.fr\/index.php\/2022\/08\/31\/le-spleen-des-cites-episode-3-3\/#breadcrumb\",\"itemListElement\":[{\"@type\":\"ListItem\",\"position\":1,\"name\":\"Accueil\",\"item\":\"https:\/\/www.prendstadose.fr\/\"},{\"@type\":\"ListItem\",\"position\":2,\"name\":\"Le spleen des cit\u00e9s (\u00e9pisode 3\/3)\"}]},{\"@type\":\"WebSite\",\"@id\":\"https:\/\/www.prendstadose.fr\/#website\",\"url\":\"https:\/\/www.prendstadose.fr\/\",\"name\":\"PRENDS TA DOSE\",\"description\":\"Capsule Culture Pour Analphab\u00e8tes Lettr\u00e9s\",\"publisher\":{\"@id\":\"https:\/\/www.prendstadose.fr\/#organization\"},\"potentialAction\":[{\"@type\":\"SearchAction\",\"target\":{\"@type\":\"EntryPoint\",\"urlTemplate\":\"https:\/\/www.prendstadose.fr\/?s={search_term_string}\"},\"query-input\":{\"@type\":\"PropertyValueSpecification\",\"valueRequired\":true,\"valueName\":\"search_term_string\"}}],\"inLanguage\":\"fr-FR\"},{\"@type\":\"Organization\",\"@id\":\"https:\/\/www.prendstadose.fr\/#organization\",\"name\":\"PrendsTaDose\",\"url\":\"https:\/\/www.prendstadose.fr\/\",\"logo\":{\"@type\":\"ImageObject\",\"inLanguage\":\"fr-FR\",\"@id\":\"https:\/\/www.prendstadose.fr\/#\/schema\/logo\/image\/\",\"url\":\"https:\/\/www.prendstadose.fr\/wp-content\/uploads\/2021\/08\/logo-e1641309847268.png\",\"contentUrl\":\"https:\/\/www.prendstadose.fr\/wp-content\/uploads\/2021\/08\/logo-e1641309847268.png\",\"width\":400,\"height\":406,\"caption\":\"PrendsTaDose\"},\"image\":{\"@id\":\"https:\/\/www.prendstadose.fr\/#\/schema\/logo\/image\/\"},\"sameAs\":[\"https:\/\/www.facebook.com\/BrigadeSansFrontieres\/\",\"https:\/\/www.instagram.com\/romain_mailliu\/\"]},{\"@type\":\"Person\",\"@id\":\"https:\/\/www.prendstadose.fr\/#\/schema\/person\/4f1285a1742667844578bad2dca10ccc\",\"name\":\"Romain Mailliu\",\"description\":\"Prends Ta Dose, c'est votre pause caf\u00e9 en ligne, offrant une s\u00e9lection d'articles sur le voyage, la culture et des cr\u00e9ations litt\u00e9raires originales.\",\"sameAs\":[\"https:\/\/www.prendstadose.fr\/\",\"https:\/\/www.facebook.com\/PrendsTaDose.fr\",\"https:\/\/www.instagram.com\/prends_ta_dose\/\",\"https:\/\/www.linkedin.com\/company\/prends-ta-dose\/\"],\"url\":\"https:\/\/www.prendstadose.fr\/index.php\/author\/admin1429\/\"}]}<\/script>\n<!-- \/ Yoast SEO plugin. -->","yoast_head_json":{"title":"Le spleen des cit\u00e9s (\u00e9pisode 3\/3) &#8212; PRENDS TA DOSE","description":"&nbsp; \u201cL'ombre qui fait la lumi\u00e8re dans mon esprit fait la nuit dans le leur.\u201d Charles Baudelaire &nbsp; J\u2019ai pass\u00e9, de novembre 2020 \u00e0 f\u00e9vrier 2021,","robots":{"index":"index","follow":"follow","max-snippet":"max-snippet:-1","max-image-preview":"max-image-preview:large","max-video-preview":"max-video-preview:-1"},"canonical":"https:\/\/www.prendstadose.fr\/index.php\/2022\/08\/31\/le-spleen-des-cites-episode-3-3\/","og_locale":"fr_FR","og_type":"article","og_title":"Le spleen des cit\u00e9s (\u00e9pisode 3\/3) &#8212; PRENDS TA DOSE","og_description":"&nbsp; \u201cL'ombre qui fait la lumi\u00e8re dans mon esprit fait la nuit dans le leur.\u201d Charles Baudelaire &nbsp; J\u2019ai pass\u00e9, de novembre 2020 \u00e0 f\u00e9vrier 2021,","og_url":"https:\/\/www.prendstadose.fr\/index.php\/2022\/08\/31\/le-spleen-des-cites-episode-3-3\/","og_site_name":"PRENDS TA DOSE","article_publisher":"https:\/\/www.facebook.com\/BrigadeSansFrontieres\/","article_author":"https:\/\/www.facebook.com\/PrendsTaDose.fr","article_published_time":"2022-08-31T21:45:38+00:00","article_modified_time":"2024-09-24T08:48:29+00:00","og_image":[{"width":1080,"height":1080,"url":"https:\/\/www.prendstadose.fr\/wp-content\/uploads\/2022\/08\/126905594_134098244832401_5286092238641137960_n.jpg","type":"image\/jpeg"}],"author":"Romain Mailliu","twitter_card":"summary_large_image","twitter_misc":{"\u00c9crit par":"Romain Mailliu","Dur\u00e9e de lecture estim\u00e9e":"14 minutes"},"schema":{"@context":"https:\/\/schema.org","@graph":[{"@type":"Article","@id":"https:\/\/www.prendstadose.fr\/index.php\/2022\/08\/31\/le-spleen-des-cites-episode-3-3\/#article","isPartOf":{"@id":"https:\/\/www.prendstadose.fr\/index.php\/2022\/08\/31\/le-spleen-des-cites-episode-3-3\/"},"author":{"name":"Romain Mailliu","@id":"https:\/\/www.prendstadose.fr\/#\/schema\/person\/4f1285a1742667844578bad2dca10ccc"},"headline":"Le spleen des cit\u00e9s (\u00e9pisode 3\/3)","datePublished":"2022-08-31T21:45:38+00:00","dateModified":"2024-09-24T08:48:29+00:00","mainEntityOfPage":{"@id":"https:\/\/www.prendstadose.fr\/index.php\/2022\/08\/31\/le-spleen-des-cites-episode-3-3\/"},"wordCount":2749,"commentCount":0,"publisher":{"@id":"https:\/\/www.prendstadose.fr\/#organization"},"image":{"@id":"https:\/\/www.prendstadose.fr\/index.php\/2022\/08\/31\/le-spleen-des-cites-episode-3-3\/#primaryimage"},"thumbnailUrl":"https:\/\/www.prendstadose.fr\/wp-content\/uploads\/2022\/08\/126905594_134098244832401_5286092238641137960_n.jpg","keywords":["93","Banlieue","Baudelaire","Carnet de bord","chomage","Cit\u00e9","Cit\u00e9 des Tilleuls","Dinos","Disiz La Peste","Dosseh","Enqu\u00eate","entraide","Exclusion","France","Guizmo","Heuss L'enfoir\u00e9","in\u00e9galit\u00e9","Isolement","Jul","Medine","Milk Coffee Sugar","PNL","Pogba","Police","Politique","Rap","Remy","Reportage","Sinik","Sofiane","Solidarit\u00e9","Spleen","Tag","Tess","Urbain","Zola"],"articleSection":["Culture &amp; Soci\u00e9t\u00e9"],"inLanguage":"fr-FR","potentialAction":[{"@type":"CommentAction","name":"Comment","target":["https:\/\/www.prendstadose.fr\/index.php\/2022\/08\/31\/le-spleen-des-cites-episode-3-3\/#respond"]}]},{"@type":"WebPage","@id":"https:\/\/www.prendstadose.fr\/index.php\/2022\/08\/31\/le-spleen-des-cites-episode-3-3\/","url":"https:\/\/www.prendstadose.fr\/index.php\/2022\/08\/31\/le-spleen-des-cites-episode-3-3\/","name":"Le spleen des cit\u00e9s (\u00e9pisode 3\/3) &#8212; PRENDS TA DOSE","isPartOf":{"@id":"https:\/\/www.prendstadose.fr\/#website"},"primaryImageOfPage":{"@id":"https:\/\/www.prendstadose.fr\/index.php\/2022\/08\/31\/le-spleen-des-cites-episode-3-3\/#primaryimage"},"image":{"@id":"https:\/\/www.prendstadose.fr\/index.php\/2022\/08\/31\/le-spleen-des-cites-episode-3-3\/#primaryimage"},"thumbnailUrl":"https:\/\/www.prendstadose.fr\/wp-content\/uploads\/2022\/08\/126905594_134098244832401_5286092238641137960_n.jpg","datePublished":"2022-08-31T21:45:38+00:00","dateModified":"2024-09-24T08:48:29+00:00","description":"&nbsp; \u201cL'ombre qui fait la lumi\u00e8re dans mon esprit fait la nuit dans le leur.\u201d Charles Baudelaire &nbsp; J\u2019ai pass\u00e9, de novembre 2020 \u00e0 f\u00e9vrier 2021,","breadcrumb":{"@id":"https:\/\/www.prendstadose.fr\/index.php\/2022\/08\/31\/le-spleen-des-cites-episode-3-3\/#breadcrumb"},"inLanguage":"fr-FR","potentialAction":[{"@type":"ReadAction","target":["https:\/\/www.prendstadose.fr\/index.php\/2022\/08\/31\/le-spleen-des-cites-episode-3-3\/"]}]},{"@type":"ImageObject","inLanguage":"fr-FR","@id":"https:\/\/www.prendstadose.fr\/index.php\/2022\/08\/31\/le-spleen-des-cites-episode-3-3\/#primaryimage","url":"https:\/\/www.prendstadose.fr\/wp-content\/uploads\/2022\/08\/126905594_134098244832401_5286092238641137960_n.jpg","contentUrl":"https:\/\/www.prendstadose.fr\/wp-content\/uploads\/2022\/08\/126905594_134098244832401_5286092238641137960_n.jpg","width":1080,"height":1080,"caption":"Photographe : Lumia"},{"@type":"BreadcrumbList","@id":"https:\/\/www.prendstadose.fr\/index.php\/2022\/08\/31\/le-spleen-des-cites-episode-3-3\/#breadcrumb","itemListElement":[{"@type":"ListItem","position":1,"name":"Accueil","item":"https:\/\/www.prendstadose.fr\/"},{"@type":"ListItem","position":2,"name":"Le spleen des cit\u00e9s (\u00e9pisode 3\/3)"}]},{"@type":"WebSite","@id":"https:\/\/www.prendstadose.fr\/#website","url":"https:\/\/www.prendstadose.fr\/","name":"PRENDS TA DOSE","description":"Capsule Culture Pour Analphab\u00e8tes Lettr\u00e9s","publisher":{"@id":"https:\/\/www.prendstadose.fr\/#organization"},"potentialAction":[{"@type":"SearchAction","target":{"@type":"EntryPoint","urlTemplate":"https:\/\/www.prendstadose.fr\/?s={search_term_string}"},"query-input":{"@type":"PropertyValueSpecification","valueRequired":true,"valueName":"search_term_string"}}],"inLanguage":"fr-FR"},{"@type":"Organization","@id":"https:\/\/www.prendstadose.fr\/#organization","name":"PrendsTaDose","url":"https:\/\/www.prendstadose.fr\/","logo":{"@type":"ImageObject","inLanguage":"fr-FR","@id":"https:\/\/www.prendstadose.fr\/#\/schema\/logo\/image\/","url":"https:\/\/www.prendstadose.fr\/wp-content\/uploads\/2021\/08\/logo-e1641309847268.png","contentUrl":"https:\/\/www.prendstadose.fr\/wp-content\/uploads\/2021\/08\/logo-e1641309847268.png","width":400,"height":406,"caption":"PrendsTaDose"},"image":{"@id":"https:\/\/www.prendstadose.fr\/#\/schema\/logo\/image\/"},"sameAs":["https:\/\/www.facebook.com\/BrigadeSansFrontieres\/","https:\/\/www.instagram.com\/romain_mailliu\/"]},{"@type":"Person","@id":"https:\/\/www.prendstadose.fr\/#\/schema\/person\/4f1285a1742667844578bad2dca10ccc","name":"Romain Mailliu","description":"Prends Ta Dose, c'est votre pause caf\u00e9 en ligne, offrant une s\u00e9lection d'articles sur le voyage, la culture et des cr\u00e9ations litt\u00e9raires originales.","sameAs":["https:\/\/www.prendstadose.fr\/","https:\/\/www.facebook.com\/PrendsTaDose.fr","https:\/\/www.instagram.com\/prends_ta_dose\/","https:\/\/www.linkedin.com\/company\/prends-ta-dose\/"],"url":"https:\/\/www.prendstadose.fr\/index.php\/author\/admin1429\/"}]}},"jetpack_publicize_connections":[],"jetpack_featured_media_url":"https:\/\/www.prendstadose.fr\/wp-content\/uploads\/2022\/08\/126905594_134098244832401_5286092238641137960_n.jpg","jetpack_sharing_enabled":true,"_links":{"self":[{"href":"https:\/\/www.prendstadose.fr\/index.php\/wp-json\/wp\/v2\/posts\/3508","targetHints":{"allow":["GET"]}}],"collection":[{"href":"https:\/\/www.prendstadose.fr\/index.php\/wp-json\/wp\/v2\/posts"}],"about":[{"href":"https:\/\/www.prendstadose.fr\/index.php\/wp-json\/wp\/v2\/types\/post"}],"author":[{"embeddable":true,"href":"https:\/\/www.prendstadose.fr\/index.php\/wp-json\/wp\/v2\/users\/1"}],"replies":[{"embeddable":true,"href":"https:\/\/www.prendstadose.fr\/index.php\/wp-json\/wp\/v2\/comments?post=3508"}],"version-history":[{"count":5,"href":"https:\/\/www.prendstadose.fr\/index.php\/wp-json\/wp\/v2\/posts\/3508\/revisions"}],"predecessor-version":[{"id":3522,"href":"https:\/\/www.prendstadose.fr\/index.php\/wp-json\/wp\/v2\/posts\/3508\/revisions\/3522"}],"wp:featuredmedia":[{"embeddable":true,"href":"https:\/\/www.prendstadose.fr\/index.php\/wp-json\/wp\/v2\/media\/3509"}],"wp:attachment":[{"href":"https:\/\/www.prendstadose.fr\/index.php\/wp-json\/wp\/v2\/media?parent=3508"}],"wp:term":[{"taxonomy":"category","embeddable":true,"href":"https:\/\/www.prendstadose.fr\/index.php\/wp-json\/wp\/v2\/categories?post=3508"},{"taxonomy":"post_tag","embeddable":true,"href":"https:\/\/www.prendstadose.fr\/index.php\/wp-json\/wp\/v2\/tags?post=3508"}],"curies":[{"name":"wp","href":"https:\/\/api.w.org\/{rel}","templated":true}]}}