{"id":3525,"date":"2022-09-13T20:47:45","date_gmt":"2022-09-13T18:47:45","guid":{"rendered":"https:\/\/www.prendstadose.fr\/?p=3525"},"modified":"2024-09-23T17:40:24","modified_gmt":"2024-09-23T15:40:24","slug":"sur-la-route-des-lacs-d-auvergne-gr30-1","status":"publish","type":"post","link":"https:\/\/www.prendstadose.fr\/index.php\/2022\/09\/13\/sur-la-route-des-lacs-d-auvergne-gr30-1\/","title":{"rendered":"Sur la route des lacs d\u2019Auvergne (GR30) \u2013 1\/2"},"content":{"rendered":"<h1 style=\"text-align: center;\"><span style=\"font-size: 14pt;\"><b>Avec quatre amis, nous sommes partis huit jours en autonomie sur le GR 30, baptis\u00e9 la Route des lacs d\u2019Auvergne.<\/b> <\/span><\/h1>\n<p style=\"text-align: center;\"><strong><span style=\"font-size: 14pt;\">Des lacs volcaniques, nous en avons crois\u00e9 une quinzaine, c\u2019est-\u00e0-dire presque autant que d\u2019\u00eatres humains. Cette solitude \u00e9tait d\u2019ailleurs ce qui m\u2019attirait vers la \u00ab <a href=\"https:\/\/youtu.be\/_eY9PLAdU_I?t=30\" target=\"_blank\" rel=\"noopener\">Terre du Milieu\u00a0<\/a>\u00bb fran\u00e7aise. Un d\u00e9sert humain o\u00f9 demeure l\u2019essentiel : l\u2019eau, le fromage, les \u00e9glises du XII\u00e8me et les vaches. La marche arri\u00e8re est cass\u00e9e, c\u2019est parti pour une promenade de 200km sur quelques pages\u00a0!<\/span><\/strong><\/p>\n<p style=\"text-align: center;\"><span style=\"font-size: 14pt;\"><i>Entamer la lecture d\u2019un article et d\u00e9marrer une randonn\u00e9e sont deux actions complices. On commence par d\u00e9rouiller doucement la t\u00eate ou les jambes, puis \u00e0 suivre de mani\u00e8re m\u00e9fiante des id\u00e9es ou le balisage, et, enfin, \u00e0 s\u2019abandonner dans un texte ou un paysage. Bon courage\u00a0!<\/i><\/span><\/p>\n<p style=\"text-align: center;\"><span style=\"font-size: 12pt;\"><i><span style=\"font-size: 14pt;\">&#8212; Pour les futurs randonneurs : la liste des \u00e9tapes ainsi que l\u2019itin\u00e9raire sont en fin d\u2019article &#8212;<\/span><\/i><\/span><\/p>\n<p>&nbsp;<\/p>\n<p><img loading=\"lazy\" decoding=\"async\" class=\"aligncenter wp-image-3532 size-full\" src=\"https:\/\/www.prendstadose.fr\/wp-content\/uploads\/2022\/09\/Re\u0301sume\u0301-Rando.jpg\" alt=\"\" width=\"2000\" height=\"1125\" srcset=\"https:\/\/www.prendstadose.fr\/wp-content\/uploads\/2022\/09\/Re\u0301sume\u0301-Rando.jpg 2000w, https:\/\/www.prendstadose.fr\/wp-content\/uploads\/2022\/09\/Re\u0301sume\u0301-Rando-300x169.jpg 300w, https:\/\/www.prendstadose.fr\/wp-content\/uploads\/2022\/09\/Re\u0301sume\u0301-Rando-1024x576.jpg 1024w, https:\/\/www.prendstadose.fr\/wp-content\/uploads\/2022\/09\/Re\u0301sume\u0301-Rando-768x432.jpg 768w, https:\/\/www.prendstadose.fr\/wp-content\/uploads\/2022\/09\/Re\u0301sume\u0301-Rando-1536x864.jpg 1536w, https:\/\/www.prendstadose.fr\/wp-content\/uploads\/2022\/09\/Re\u0301sume\u0301-Rando-1170x658.jpg 1170w, https:\/\/www.prendstadose.fr\/wp-content\/uploads\/2022\/09\/Re\u0301sume\u0301-Rando-1920x1080.jpg 1920w, https:\/\/www.prendstadose.fr\/wp-content\/uploads\/2022\/09\/Re\u0301sume\u0301-Rando-585x329.jpg 585w\" sizes=\"auto, (max-width: 2000px) 100vw, 2000px\" \/><\/p>\n<h2><b><span style=\"font-size: 18pt;\">1. De La Bourboule \u00e0 St Nectaire (67km) : les mouvements de l\u2019\u00e2me<\/span> <\/b><\/h2>\n<p><span style=\"font-size: 14pt;\"><b>Les premiers kilom\u00e8tres d\u2019une randonn\u00e9e servent \u00e0 se d\u00e9barrasser de la crasse int\u00e9rieure<\/b>. Pour un parisien de 26 ans, il s\u2019agit de laisser s\u2019\u00e9chapper un fracas de pens\u00e9es pollu\u00e9es par l\u2019inqui\u00e9tude permanente du futur et le ressassement inlassable du pass\u00e9. L\u2019excellent po\u00e8te irlandais <a href=\"https:\/\/fr.wikipedia.org\/wiki\/William_Butler_Yeats\" target=\"_blank\" rel=\"noopener\"><b>William Butler Yeats<\/b><\/a> \u00e9crivait que \u00ab\u00a0<i>l&rsquo;intellect de l&rsquo;homme est forc\u00e9 de choisir : ou la perfection de la vie, ou la perfection du travail<\/i>\u00a0\u00bb. Ce type de dualit\u00e9 m\u2019obs\u00e8de et obscurcit mes doutes lors de certaines d\u00e9cisions. Peut-\u00eatre parce que j\u2019en suis arriv\u00e9 \u00e0 la crainte qu\u2019il est tr\u00e8s facile de rater les deux\u00a0! Arriv\u00e9 sur le premier sommet, le <b>Puy Gros<\/b>, qui a des allures de danse \u00e9cossaise avec ses p\u00e2turages quadrill\u00e9s par le soleil, les choix existentiels me sembl\u00e8rent bien vains. \u00ab <i>Oasis, p\u00e9tou, j&rsquo;fais ma petite balade<\/i> \u00bb ajouterait <b>Naps<\/b> (lien vers la <a href=\"https:\/\/open.spotify.com\/playlist\/4fupdCoIixNoiRcSUq0NgI?si=6dd9c82057c4467a\" target=\"_blank\" rel=\"noopener\">playlist Spotify <\/a>sp\u00e9ciale GR30!).<\/span><\/p>\n<p>&nbsp;<\/p>\n<p><img loading=\"lazy\" decoding=\"async\" class=\"aligncenter wp-image-3526 size-full\" src=\"https:\/\/www.prendstadose.fr\/wp-content\/uploads\/2022\/09\/20220730_183956-scaled.jpeg\" alt=\"\" width=\"1920\" height=\"2560\" srcset=\"https:\/\/www.prendstadose.fr\/wp-content\/uploads\/2022\/09\/20220730_183956-scaled.jpeg 1920w, https:\/\/www.prendstadose.fr\/wp-content\/uploads\/2022\/09\/20220730_183956-225x300.jpeg 225w, https:\/\/www.prendstadose.fr\/wp-content\/uploads\/2022\/09\/20220730_183956-768x1024.jpeg 768w, https:\/\/www.prendstadose.fr\/wp-content\/uploads\/2022\/09\/20220730_183956-1152x1536.jpeg 1152w, https:\/\/www.prendstadose.fr\/wp-content\/uploads\/2022\/09\/20220730_183956-1536x2048.jpeg 1536w, https:\/\/www.prendstadose.fr\/wp-content\/uploads\/2022\/09\/20220730_183956-1170x1560.jpeg 1170w, https:\/\/www.prendstadose.fr\/wp-content\/uploads\/2022\/09\/20220730_183956-585x780.jpeg 585w\" sizes=\"auto, (max-width: 1920px) 100vw, 1920px\" \/><\/p>\n<p>&nbsp;<\/p>\n<p><span style=\"font-size: 14pt;\"><b>Le lac de Gu\u00e9ry est le lieu id\u00e9al pour consentir \u00e0 l\u2019instant pr\u00e9sent.<\/b> Et, par la m\u00eame occasion, <b>planter la tente<\/b>. Situ\u00e9 \u00e0 <b>1244m<\/b> d\u2019altitude, il est l\u2019unique lac en France \u00e0 accueillir en hiver les amateurs de la <b>p\u00eache au trou<\/b>, une technique am\u00e9rindienne pour d\u00e9nicher du poisson \u00e0 travers la <b>glace<\/b>.<\/span><\/p>\n<p>&nbsp;<\/p>\n<p><img loading=\"lazy\" decoding=\"async\" class=\"aligncenter wp-image-3527 size-full\" src=\"https:\/\/www.prendstadose.fr\/wp-content\/uploads\/2022\/09\/20220730_194831-scaled.jpeg\" alt=\"\" width=\"2560\" height=\"1920\" srcset=\"https:\/\/www.prendstadose.fr\/wp-content\/uploads\/2022\/09\/20220730_194831-scaled.jpeg 2560w, https:\/\/www.prendstadose.fr\/wp-content\/uploads\/2022\/09\/20220730_194831-300x225.jpeg 300w, https:\/\/www.prendstadose.fr\/wp-content\/uploads\/2022\/09\/20220730_194831-1024x768.jpeg 1024w, https:\/\/www.prendstadose.fr\/wp-content\/uploads\/2022\/09\/20220730_194831-768x576.jpeg 768w, https:\/\/www.prendstadose.fr\/wp-content\/uploads\/2022\/09\/20220730_194831-1536x1152.jpeg 1536w, https:\/\/www.prendstadose.fr\/wp-content\/uploads\/2022\/09\/20220730_194831-2048x1536.jpeg 2048w, https:\/\/www.prendstadose.fr\/wp-content\/uploads\/2022\/09\/20220730_194831-1170x878.jpeg 1170w, https:\/\/www.prendstadose.fr\/wp-content\/uploads\/2022\/09\/20220730_194831-1920x1440.jpeg 1920w, https:\/\/www.prendstadose.fr\/wp-content\/uploads\/2022\/09\/20220730_194831-585x439.jpeg 585w\" sizes=\"auto, (max-width: 2560px) 100vw, 2560px\" \/><\/p>\n<p>&nbsp;<\/p>\n<p><span style=\"font-size: 14pt;\"><b>Pour marcher il me faut un but, je n\u2019appr\u00e9cie pas l\u2019effort pour l\u2019effort. <\/b>Le graal peut \u00eatre les ruines d\u2019un ch\u00e2teau, une bi\u00e8re, un point de vue \u00ab\u00a0<i>imprenable<\/i>\u00a0\u00bb selon Tripadvisor, ou&#8230; aller \u00e0 la messe du dimanche \u00e0 <b>Orcival<\/b>. De loin, le chevet &#8211; l\u2019extr\u00e9mit\u00e9 derri\u00e8re l\u2019autel &#8211; de la <b>basilique romane<\/b> du <b>12<\/b><b>\u00e8me<\/b> si\u00e8cle me fit penser \u00e0 une large <b>grotte<\/b> creus\u00e9e par l\u2019\u00e9rosion du temps, aux fondations robustes \u00e9voquant une <b>cascade fig\u00e9e de pierres<\/b> sur quatre niveaux. Comme si la basilique continuait imperceptiblement \u00e0 s\u2019\u00e9lever\u00a0par un effet g\u00e9ologique !<\/span><\/p>\n<p><span style=\"font-size: 14pt;\"><b>Contrairement au calcaire blanc, la pierre volcanique locale ne br\u00fble pas la r\u00e9tine lorsqu\u2019elle est expos\u00e9e soleil. <\/b>Seulement le pauvre c\u0153ur d\u2019un randonneur. L\u2019historien <a href=\"https:\/\/fr.wikipedia.org\/wiki\/Georges_Duby\" target=\"_blank\" rel=\"noopener\"><b>George Duby<\/b><\/a> \u00e9crivait que \u00ab\u00a0<i>les chr\u00e9tiens du XI\u00e8me si\u00e8cle se sentaient toujours totalement \u00e9cras\u00e9s par le myst\u00e8re, par le monde inconnu que leurs yeux ne pouvaient entrevoir, mais dont le r\u00e8gne s&rsquo;\u00e9tend vigoureux, admirable, inqui\u00e9tant par-del\u00e0 les apparences<\/i> \u00bb. A l\u2019int\u00e9rieur, l\u2019imposante \u00e9paisseur des murs glaciaux contraste avec la <b>fine<\/b> <b>lumi\u00e8re<\/b> transper\u00e7ant une double s\u00e9rie d\u2019ouvertures. C\u2019est bien une <b>atmosph\u00e8re myst\u00e9rieuse<\/b> qui pr\u00e9domine, et qui invite au recueillement le plus profond pour d\u00e9celer, en soi, la pr\u00e9sence d\u2019un Christ qui guide dans l\u2019obscurit\u00e9. Plus bas, la <b>crypte<\/b> inf\u00e9rieure de la basilique est le genre d\u2019endroit o\u00f9 l&rsquo;on ne peut se mentir \u00e0 soi-m\u00eame. \u00ab <i>La nuit, chacun doit soutenir la r\u00e9alit\u00e9 sans aucune aide<\/i> \u00bb, disait l\u2019anthropologue am\u00e9ricain <a href=\"https:\/\/fr.wikipedia.org\/wiki\/Loren_Eiseley\" target=\"_blank\" rel=\"noopener\">Loren Eiseley<\/a>. Je crois que la <b>Basilique Notre-Dame-des-Fers d&rsquo;Orcival<\/b> aide chaque personne qui y entre \u00e0 soutenir sa r\u00e9alit\u00e9. La n\u00f4tre \u00e9tait de continuer notre p\u00e9riple sous la <b>canicule<\/b> <b>auvergnate<\/b> pendant un jour et demi pour rejoindre le <b>lac d\u2019Aydat<\/b>. Alors, allons-y !<\/span><\/p>\n<p>&nbsp;<\/p>\n<p><img loading=\"lazy\" decoding=\"async\" class=\"aligncenter wp-image-3528 size-full\" src=\"https:\/\/www.prendstadose.fr\/wp-content\/uploads\/2022\/09\/basilique-notre-dame.jpg\" alt=\"\" width=\"1200\" height=\"800\" srcset=\"https:\/\/www.prendstadose.fr\/wp-content\/uploads\/2022\/09\/basilique-notre-dame.jpg 1200w, https:\/\/www.prendstadose.fr\/wp-content\/uploads\/2022\/09\/basilique-notre-dame-300x200.jpg 300w, https:\/\/www.prendstadose.fr\/wp-content\/uploads\/2022\/09\/basilique-notre-dame-1024x683.jpg 1024w, https:\/\/www.prendstadose.fr\/wp-content\/uploads\/2022\/09\/basilique-notre-dame-768x512.jpg 768w, https:\/\/www.prendstadose.fr\/wp-content\/uploads\/2022\/09\/basilique-notre-dame-1170x780.jpg 1170w, https:\/\/www.prendstadose.fr\/wp-content\/uploads\/2022\/09\/basilique-notre-dame-585x390.jpg 585w, https:\/\/www.prendstadose.fr\/wp-content\/uploads\/2022\/09\/basilique-notre-dame-263x175.jpg 263w\" sizes=\"auto, (max-width: 1200px) 100vw, 1200px\" \/><\/p>\n<p>&nbsp;<\/p>\n<p><span style=\"font-size: 14pt;\"><b>S\u2019\u00e9loignant des premiers sommets (Puy Gros, Col de Gu\u00e9ry, Passage de l\u2019Aiguillon), le chemin se couvre d\u2019arbres qui dissimulent l\u2019horizon panoramique.<\/b> Sous nos pieds commencent \u00e0 se former des <b>assemblages tectoniques<\/b> rappelant les diff\u00e9rents stades de vie d\u2019un volcan. Certains pas douloureux nous font presque arriver \u00e0 prononcer correctement \u00ab\u00a0Eyjafjallalj\u00f6kull\u00a0\u00bb, le nom du volcan islandais dont le nuage de gaz avait <a href=\"https:\/\/fr.wikipedia.org\/wiki\/%C3%89ruption_de_l%27Eyjafj%C3%B6ll_en_2010\" target=\"_blank\" rel=\"noopener\">paralys\u00e9 l\u2019Europe en 2010<\/a>. \u00ab <i>C\u2019est pas fini tant que la cloche n\u2019a pas sonn\u00e9e<\/i>\u00a0\u00bb hurlait le coach de boxe de Rocky Balboa dans <a href=\"https:\/\/youtu.be\/qDbiZcKEVo0\" target=\"_blank\" rel=\"noopener\">le cinqui\u00e8me opus<\/a>. Pas apr\u00e8s pas, voil\u00e0 comment on arpente un sentier.<\/span><\/p>\n<p><span style=\"font-size: 14pt;\"><b>Le temps de pr\u00e9parer (longuement) le caf\u00e9, la patronne du Julcanque, un sympathique presse-tabac-potins qui campe au-dessus du lac d\u2019Aydat, <\/b>m\u2019apprit le pr\u00e9nom de tous les petits vieux qui viennent chercher leur dose de blanc \u00e0 10h, leurs histoires de coucherie d\u2019avant-guerre (mais laquelle ?!), la recette de la tarte aux abricots, les particularit\u00e9s g\u00e9ologiques du lac de Gu\u00e9ry ou encore quelques bonnes raisons d\u2019idol\u00e2trer le club de rugby ASM Clermont Auvergne&#8230; <b>mais pas la signification de l\u2019appellation \u00ab\u00a0Julcanque\u00a0\u00bb <\/b>! Y-a-t-il un lien avec notre <a href=\"https:\/\/fr.wikipedia.org\/wiki\/Jul_(rappeur)\" target=\"_blank\" rel=\"noopener\">Jul<\/a> national\u00a0? Ou alors les racines \u00e9tymologiques seraient-elles \u00e0 chercher dans l\u2019Occitan\u00a0? Si vous avez des suggestions, des interpr\u00e9tations, n\u2019importe quoi, laissez-moi un commentaire \u00e0 la fin de l\u2019article\u00a0!<\/span><\/p>\n<p>&nbsp;<\/p>\n<p><img loading=\"lazy\" decoding=\"async\" class=\"aligncenter wp-image-3529 size-full\" src=\"https:\/\/www.prendstadose.fr\/wp-content\/uploads\/2022\/09\/Capture-de\u0301cran-2022-08-25-a\u0300-12.01.25.png\" alt=\"\" width=\"686\" height=\"474\" srcset=\"https:\/\/www.prendstadose.fr\/wp-content\/uploads\/2022\/09\/Capture-de\u0301cran-2022-08-25-a\u0300-12.01.25.png 686w, https:\/\/www.prendstadose.fr\/wp-content\/uploads\/2022\/09\/Capture-de\u0301cran-2022-08-25-a\u0300-12.01.25-300x207.png 300w, https:\/\/www.prendstadose.fr\/wp-content\/uploads\/2022\/09\/Capture-de\u0301cran-2022-08-25-a\u0300-12.01.25-585x404.png 585w\" sizes=\"auto, (max-width: 686px) 100vw, 686px\" \/><\/p>\n<p>&nbsp;<\/p>\n<p style=\"text-align: left;\"><span style=\"font-size: 14pt;\"><b>\u00ab\u00a0Saint Nectaire\u00a0: 3 kilom\u00e8tres<\/b>\u00a0<b>\u00bb. Mais cela, mon estomac le savait d\u00e9j\u00e0.<\/b> Depuis le d\u00e9but de la matin\u00e9e, je calculais mentalement le chemin \u00e0 parcourir avant ma premi\u00e8re bouch\u00e9e. Toutes les <b>fermes<\/b> du canton travaillent pour ce dieu pa\u00efen. Et, de cause \u00e0 effet, toutes les <b>saintes vaches<\/b> \u00e9galement. Une <b>symphonie sensorielle<\/b> galvanisa ma bouche \u00e0 l\u2019entr\u00e9e du village. La r\u00e9compense arrive, elle le savait ! Mais avant le casse-cro\u00fbte du randonneur, un b\u00e9n\u00e9dicit\u00e9 s\u2019imposait dans <b>l\u2019\u00e9glise de Saint-Nectaire<\/b>, d\u00e9di\u00e9e au saint \u00e9ponyme qui a \u00e9vang\u00e9lis\u00e9 la r\u00e9gion. Sur les pierres, bien plus claires que celles d\u2019Orcival, la <b>lumi\u00e8re du jour<\/b> r\u00e9sonne comme <b>l\u2019\u00e9cho<\/b> sur une montagne. Le <b>reflet<\/b> d\u2019un <b>vitrail<\/b> sur une chapelle lat\u00e9rale retint particuli\u00e8rement mon attention. \u00ab\u00a0<i>Pour moi, un vitrail est une s\u00e9paration transparente entre mon c\u0153ur et le c\u0153ur du monde. Le vitrail doit \u00eatre s\u00e9rieux et passionn\u00e9. C&rsquo;est quelque chose qui \u00e9l\u00e8ve et exalte l&rsquo;\u00e2me. C&rsquo;est la perception de la lumi\u00e8re qui donne la vie<\/i>\u00a0\u00bb disait <a href=\"https:\/\/fr.wikipedia.org\/wiki\/Marc_Chagall\" target=\"_blank\" rel=\"noopener\">Chagall<\/a>. Un morceau de Saint-Nectaire plus tard, je fus convaincu que le fromage est un art aussi vivant que le vitrail. Ameuhn\u00a0!<\/span><\/p>\n<p>&nbsp;<\/p>\n<p><img loading=\"lazy\" decoding=\"async\" class=\"aligncenter wp-image-3530\" src=\"https:\/\/www.prendstadose.fr\/wp-content\/uploads\/2022\/09\/20220802_103421-768x1024.jpeg\" alt=\"\" width=\"641\" height=\"854\" srcset=\"https:\/\/www.prendstadose.fr\/wp-content\/uploads\/2022\/09\/20220802_103421-768x1024.jpeg 768w, https:\/\/www.prendstadose.fr\/wp-content\/uploads\/2022\/09\/20220802_103421-225x300.jpeg 225w, https:\/\/www.prendstadose.fr\/wp-content\/uploads\/2022\/09\/20220802_103421-1152x1536.jpeg 1152w, https:\/\/www.prendstadose.fr\/wp-content\/uploads\/2022\/09\/20220802_103421-1536x2048.jpeg 1536w, https:\/\/www.prendstadose.fr\/wp-content\/uploads\/2022\/09\/20220802_103421-1170x1560.jpeg 1170w, https:\/\/www.prendstadose.fr\/wp-content\/uploads\/2022\/09\/20220802_103421-scaled.jpeg 1920w, https:\/\/www.prendstadose.fr\/wp-content\/uploads\/2022\/09\/20220802_103421-585x780.jpeg 585w\" sizes=\"auto, (max-width: 641px) 100vw, 641px\" \/><\/p>\n<p>&nbsp;<\/p>\n<h2><b><span style=\"font-size: 18pt;\">2. De St Nectaire \u00e0 \u00c9gliseneuve-d&rsquo;Entraigues (55,5km) : la bonne fatigue<\/span> <\/b><\/h2>\n<p><span style=\"font-size: 14pt;\"><b>Heureusement, on ignore parfois ce qui nous attend \u00e0 la prochaine \u00e9tape\u00a0! <\/b>Le<b> lac de Chambon <\/b>n\u2019a aucun int\u00e9r\u00eat, comme nous le d\u00e9couvr\u00eemes sur place. Mise \u00e0 part pour les clermontois qui souhaitent rafra\u00eechir leur graisse dans la cr\u00e8me solaire stagnante sur l\u2019eau. Face \u00e0 ce <b>d\u00e9bordement <\/b><a href=\"https:\/\/editions.flammarion.com\/le-chemin-des-estives\/9782080236463\" target=\"_blank\" rel=\"noopener\"><b>touristique<\/b><\/a>, ma misanthropie se crispa plus rapidement qu\u2019une plume dans un bol d\u2019huile br\u00fblante. \u00ab\u00a0<i>Ici on ne conna\u00eet des autres que la distance qui nous en s\u00e9pare<\/i>\u00a0\u00bb \u00e9crivait <a href=\"https:\/\/fr.wikipedia.org\/wiki\/Maria_Pourchet\" target=\"_blank\" rel=\"noopener\">Maria Pourchet<\/a>. Je ressentis violemment cette v\u00e9rit\u00e9, m\u00eame si je m\u2019en voulus de l\u2019\u00e9prouver. Quand le masque tombe, dans un groupe de quatre, mieux vaut ponctuellement faire cavalier seul pour ne pas contaminer les autres membres avec sa mauvaise humeur !<\/span><\/p>\n<p><span style=\"font-size: 14pt;\"><b>Une fois d\u00e9pass\u00e9s les ruines du ch\u00e2teau fort de Murol (XII\u00e8me-XVI\u00e8me) et le lac Chambon, les paysages se d\u00e9gagent de nouveau, laissant circuler librement le soleil sur les estives chauves d\u2019Auvergne.<\/b> Ces p\u00e2turages d\u2019\u00e9t\u00e9, sp\u00e9cifiques aux zones montagneuses, ressemblent \u00e0 des paysages lunaires. Avec la particularit\u00e9 d\u2019\u00eatre enti\u00e8rement d\u00e9di\u00e9s aux vaches. Il y a les ferrandaises, qui ont donn\u00e9 leur nom \u00e0 la capitale auvergnate, les magnifiques aubracs, mes pr\u00e9f\u00e9r\u00e9es ou encore les salers. <a href=\"https:\/\/www.babelio.com\/auteur\/Charles-Wright\/137353\" target=\"_blank\" rel=\"noopener\">Charles Wright<\/a>, l\u2019\u00e9crivain du <a href=\"https:\/\/editions.flammarion.com\/le-chemin-des-estives\/9782080236463\" target=\"_blank\" rel=\"noopener\">Chemin des estives<\/a>, a r\u00e9dig\u00e9 quelques r\u00e9flexions stimulantes sur l\u2019apport th\u00e9ologique des vaches. Extrait : \u00ab <i>Nous avons besoin des vaches. Ces b\u00eates d\u00e9tiennent un secret, une sagesse, leur pas lent est un recours contre l\u2019\u00e9pilepsie permanente. [&#8230;] Pour moi, ces b\u00eates sont des ma\u00eetres. Des professeurs en vie mystique. Dans les pr\u00e9s, elles regardent d\u2019un \u0153il \u00e9tonn\u00e9 le passant s\u2019agiter, avec l\u2019air de se demander\u00a0: \u201cInsens\u00e9, apr\u00e8s quoi cours-tu\u00a0?\u201d Contrairement \u00e0 ce qu\u2019on pense, elles ne font pas que ruminer des touffes d\u2019herbes, elles ruminent aussi le temps. De fait, les vaches ouvrent \u00e0 une autre temporalit\u00e9. Elles enseignent la lenteur et l\u2019art de tendre l\u2019oreille, de r\u00eaver, de fl\u00e2ner <\/i>\u00bb.<\/span><\/p>\n<p>&nbsp;<\/p>\n<p><img loading=\"lazy\" decoding=\"async\" class=\"aligncenter wp-image-3535 size-full\" src=\"https:\/\/www.prendstadose.fr\/wp-content\/uploads\/2022\/09\/20534717lpw-20540223-embed-libre-jpg_7260057.jpg\" alt=\"\" width=\"1000\" height=\"666\" srcset=\"https:\/\/www.prendstadose.fr\/wp-content\/uploads\/2022\/09\/20534717lpw-20540223-embed-libre-jpg_7260057.jpg 1000w, https:\/\/www.prendstadose.fr\/wp-content\/uploads\/2022\/09\/20534717lpw-20540223-embed-libre-jpg_7260057-300x200.jpg 300w, https:\/\/www.prendstadose.fr\/wp-content\/uploads\/2022\/09\/20534717lpw-20540223-embed-libre-jpg_7260057-768x511.jpg 768w, https:\/\/www.prendstadose.fr\/wp-content\/uploads\/2022\/09\/20534717lpw-20540223-embed-libre-jpg_7260057-585x390.jpg 585w, https:\/\/www.prendstadose.fr\/wp-content\/uploads\/2022\/09\/20534717lpw-20540223-embed-libre-jpg_7260057-263x175.jpg 263w\" sizes=\"auto, (max-width: 1000px) 100vw, 1000px\" \/><b><\/b><\/p>\n<p>&nbsp;<\/p>\n<p><span style=\"font-size: 14pt;\"><b>S\u2019il y a un Dieu pour les ivrognes, il y en a certainement un pour les randonneurs. <\/b>Bien apr\u00e8s <b>Courbanges<\/b>, en poursuivant sur un long passage dans des paysages dignes des ta\u00efgas mongoles, se d\u00e9voila le r\u00eave de tout marcheur\u00a0: le <b>\u00ab\u00a0coin parfait pour dormir\u00a0\u00bb <\/b>! Un lieu de camp qui justifie une randonn\u00e9e \u00e0 lui seul. Et qui s\u2019offrit \u00e0 nous <b>sans r\u00e9serve<\/b>. Prot\u00e9g\u00e9 par des haies et taillis sauvages, une petite <b>rivi\u00e8re<\/b> r\u00e9jouie traversait une herbe jaunie par le soleil. L\u2019eau murmurait une <b>m\u00e9lodie oubli\u00e9e<\/b> des hommes. Autour, des <b>estives<\/b> \u00e0 perte de vue, entour\u00e9es par d\u2019imm\u00e9moriales cha\u00eenes de montagnes, vestiges d\u2019un ancien monde volcanique. De m\u00eame qu\u2019on ne nomme pas l\u2019\u00c9ternel chez les juifs, ce paradis n\u2019est indiqu\u00e9 ni sur le topoguide du GR ni sur la carte IGN. <b>Fermez les yeux\u00a0:<\/b> <b>vous y \u00eates\u00a0?<\/b><\/span><\/p>\n<p><span style=\"font-size: 14pt;\"><b>Le lac Pavin ressemble \u00e0 une larme pos\u00e9e sur une feuille \u00e9blouie. <\/b>La for\u00eat qui l\u2019encercle a l\u2019air de conserver le souvenir d\u2019un r\u00eave perdu et de le prot\u00e9ger, comme la chair enveloppe le c\u0153ur. Un lieu m\u00e9lancolique co\u00efncidant avec notre situation puisque notre groupe allait conna\u00eetre sa premi\u00e8re ablation. Des <b>Quatre Fantastiques<\/b> nous n\u2019\u00e9tions plus que <b>trois mousquetaires<\/b>. Un <b>ajustement<\/b> douloureux s\u2019annon\u00e7ait. Car une randonn\u00e9e est avant tout une <b>routine<\/b> bien huil\u00e9e. Chacun joue en effet un r\u00f4le\u00a0inconscient : faciliter la discussion, porter la tente, tenir la carte, l\u2019organisation ou la dispersion, marcher en t\u00eate, pr\u00e9parer le caf\u00e9 le matin ou la tisane le soir&#8230; Et les cons\u00e9quences n\u2019ont pas attendu : 400 m\u00e8tres apr\u00e8s nos adieux, nous avons emprunt\u00e9 un mauvais GR sur plusieurs kilom\u00e8tres\u00a0!<\/span><\/p>\n<p>&nbsp;<\/p>\n<p><img loading=\"lazy\" decoding=\"async\" class=\"aligncenter wp-image-3533 size-full\" src=\"https:\/\/www.prendstadose.fr\/wp-content\/uploads\/2022\/09\/004_COM_00261_1468314315.jpg\" alt=\"\" width=\"1500\" height=\"1099\" srcset=\"https:\/\/www.prendstadose.fr\/wp-content\/uploads\/2022\/09\/004_COM_00261_1468314315.jpg 1500w, https:\/\/www.prendstadose.fr\/wp-content\/uploads\/2022\/09\/004_COM_00261_1468314315-300x220.jpg 300w, https:\/\/www.prendstadose.fr\/wp-content\/uploads\/2022\/09\/004_COM_00261_1468314315-1024x750.jpg 1024w, https:\/\/www.prendstadose.fr\/wp-content\/uploads\/2022\/09\/004_COM_00261_1468314315-768x563.jpg 768w, https:\/\/www.prendstadose.fr\/wp-content\/uploads\/2022\/09\/004_COM_00261_1468314315-1170x857.jpg 1170w, https:\/\/www.prendstadose.fr\/wp-content\/uploads\/2022\/09\/004_COM_00261_1468314315-585x429.jpg 585w\" sizes=\"auto, (max-width: 1500px) 100vw, 1500px\" \/><\/p>\n<p>&nbsp;<\/p>\n<p><span style=\"font-size: 14pt;\"><b>Le lendemain, \u00c9gliseneuve d\u2019Entraigue signait la fin de parcours d\u2019un autre compagnon de marche.<\/b> Apr\u00e8s une lessive dans la fontaine du village, un restaurant, une sieste et une poign\u00e9e de main, nous nous quitt\u00e2mes comme un m\u00eame fleuve qui se s\u00e9pare en deux bras pour devenir un <a href=\"https:\/\/fr.wikipedia.org\/wiki\/D%C3%A9fluent\" target=\"_blank\" rel=\"noopener\">d\u00e9fluent<\/a>. Le courant nous entra\u00eenait chacun sur un GR diff\u00e9rent.\u00a0<\/span><\/p>\n<p style=\"text-align: center;\"><strong><span style=\"font-size: 14pt;\">Nous n\u2019\u00e9tions donc plus que deux pour affronter la deuxi\u00e8me partie de notre p\u00e9riple. Une suite qui allait se r\u00e9v\u00e9ler plus <\/span><span style=\"font-size: 14pt;\"><em>\u00e9prouvante<\/em><\/span><span style=\"font-size: 14pt;\">, plus <em>d\u00e9sertique<\/em> et plus <em>spectaculaire<\/em>. Une suite \u00e0 d\u00e9couvrir en cliquant <a href=\"https:\/\/www.prendstadose.fr\/index.php\/2022\/10\/11\/sur-la-route-des-lacs-d-auvergne-gr30-2\/\" target=\"_blank\" rel=\"noopener\">ICI<\/a> dans un deuxi\u00e8me et dernier article \u00e0 ne pas louper !<\/span><\/strong><\/p>\n<p style=\"text-align: right;\"><a href=\"https:\/\/www.prendstadose.fr\/index.php\/category\/baudouin-duchange-chroniques\/\" target=\"_blank\" rel=\"noopener\"><span style=\"font-size: 14pt;\">Baudouin Duchange<\/span><\/a><\/p>\n<p style=\"text-align: center;\"><span style=\"font-size: 14pt;\"><i><span style=\"text-decoration: underline;\">Notre itin\u00e9raire :<\/span><br \/>\nJour 1 (d\u00e9but de la marche \u00e0 15h30) : La Bourboule \u2013 Lac de Gu\u00e9ry (10km)<br \/>\nJour 2 : Lac de Gu\u00e9ry \u2013 Lac de la Cassi\u00e8re (25km)<br \/>\nJour 3 : Lac de la Cassi\u00e8re \u2013 Un peu apr\u00e8s Olloix (20km)<br \/>\nJour 4 : Un peu apr\u00e8s Olloix \u2013 Entre Courbanges et Besse-en-Chandesse (25km)<br \/>\nJour 5 : Entre Courbanges et Besse-en-Chandesse \u2013 Compains (25km avec des d\u00e9tours)<br \/>\nJour 6 : Compains \u2013 Lac de la Cr\u00e9gut (33,5km)<br \/>\nJour 7 : Lac de la Cr\u00e9gut \u2013 Picherande (30km avec autostop)<br \/>\nJour 8 : Picherande \u2013 Mont Dore (25km)<br \/>\n<\/i><\/span><\/p>\n<p style=\"text-align: center;\"><span style=\"font-size: 14pt;\"><i>Tu connais ou h\u00e9sites \u00e0 emprunter cet itin\u00e9raire ? N\u2019h\u00e9site pas \u00e0 laisser un commentaire (partage d\u2019exp\u00e9rience, question&#8230;) !<\/i><\/span><\/p>\n<p>&nbsp;<\/p>\n<p>&nbsp;<\/p>\n<p>&nbsp;<\/p>\n<p>&nbsp;<\/p>\n","protected":false},"excerpt":{"rendered":"<p>Avec quatre amis, nous sommes partis huit jours en autonomie sur le GR 30, baptis\u00e9 la&hellip;<\/p>\n","protected":false},"author":12,"featured_media":3536,"comment_status":"open","ping_status":"open","sticky":false,"template":"","format":"standard","meta":{"_editorskit_title_hidden":false,"_editorskit_reading_time":0,"_editorskit_is_block_options_detached":false,"_editorskit_block_options_position":"{}","jetpack_post_was_ever_published":false,"_jetpack_newsletter_access":"","_jetpack_dont_email_post_to_subs":false,"_jetpack_newsletter_tier_id":0,"_jetpack_memberships_contains_paywalled_content":false,"_jetpack_memberships_contains_paid_content":false,"footnotes":"","jetpack_publicize_message":"","jetpack_publicize_feature_enabled":true,"jetpack_social_post_already_shared":true,"jetpack_social_options":{"image_generator_settings":{"template":"highway","enabled":false},"version":2}},"categories":[356],"tags":[879,102,884,883,483,880,887,882,886,888,757,145,881,885,697],"class_list":["post-3525","post","type-post","status-publish","format-standard","has-post-thumbnail","hentry","category-carnet-de-voyage","tag-auvergne","tag-aventure","tag-charles-wright","tag-chemin","tag-decouverte","tag-eglise","tag-eglise-romane","tag-fromage","tag-gr30","tag-lac","tag-naps","tag-randonnee","tag-saint","tag-saint-nectaire","tag-vache"],"yoast_head":"<!-- This site is optimized with the Yoast SEO plugin v24.6 - https:\/\/yoast.com\/wordpress\/plugins\/seo\/ -->\n<title>Sur la route des lacs d\u2019Auvergne (GR30) \u2013 1\/2 &#8212;<\/title>\n<meta name=\"description\" content=\"Huit jours de randonn\u00e9e en autonomie sur le GR30, baptis\u00e9 la Route des lacs d\u2019Auvergne ! Une aventure de fromages, d&#039;\u00e9glises et de vaches.\" \/>\n<meta name=\"robots\" content=\"index, follow, max-snippet:-1, max-image-preview:large, max-video-preview:-1\" \/>\n<link rel=\"canonical\" href=\"https:\/\/www.prendstadose.fr\/index.php\/2022\/09\/13\/sur-la-route-des-lacs-d-auvergne-gr30-1\/\" \/>\n<meta property=\"og:locale\" content=\"fr_FR\" \/>\n<meta property=\"og:type\" content=\"article\" \/>\n<meta property=\"og:title\" content=\"Sur la route des lacs d\u2019Auvergne (GR30) \u2013 1\/2 &#8212;\" \/>\n<meta property=\"og:description\" content=\"Huit jours de randonn\u00e9e en autonomie sur le GR30, baptis\u00e9 la Route des lacs d\u2019Auvergne ! Une aventure de fromages, d&#039;\u00e9glises et de vaches.\" \/>\n<meta property=\"og:url\" content=\"https:\/\/www.prendstadose.fr\/index.php\/2022\/09\/13\/sur-la-route-des-lacs-d-auvergne-gr30-1\/\" \/>\n<meta property=\"og:site_name\" content=\"PRENDS TA DOSE\" \/>\n<meta property=\"article:publisher\" content=\"https:\/\/www.facebook.com\/BrigadeSansFrontieres\/\" \/>\n<meta property=\"article:published_time\" content=\"2022-09-13T18:47:45+00:00\" \/>\n<meta property=\"article:modified_time\" content=\"2024-09-23T15:40:24+00:00\" \/>\n<meta property=\"og:image\" content=\"https:\/\/www.prendstadose.fr\/wp-content\/uploads\/2022\/09\/004_COM_00261_1468314315-1.jpg\" \/>\n\t<meta property=\"og:image:width\" content=\"1500\" \/>\n\t<meta property=\"og:image:height\" content=\"1099\" \/>\n\t<meta property=\"og:image:type\" content=\"image\/jpeg\" \/>\n<meta name=\"author\" content=\"Baudouin Duchange\" \/>\n<meta name=\"twitter:card\" content=\"summary_large_image\" \/>\n<meta name=\"twitter:label1\" content=\"\u00c9crit par\" \/>\n\t<meta name=\"twitter:data1\" content=\"Baudouin Duchange\" \/>\n\t<meta name=\"twitter:label2\" content=\"Dur\u00e9e de lecture estim\u00e9e\" \/>\n\t<meta name=\"twitter:data2\" content=\"11 minutes\" \/>\n<script type=\"application\/ld+json\" class=\"yoast-schema-graph\">{\"@context\":\"https:\/\/schema.org\",\"@graph\":[{\"@type\":\"Article\",\"@id\":\"https:\/\/www.prendstadose.fr\/index.php\/2022\/09\/13\/sur-la-route-des-lacs-d-auvergne-gr30-1\/#article\",\"isPartOf\":{\"@id\":\"https:\/\/www.prendstadose.fr\/index.php\/2022\/09\/13\/sur-la-route-des-lacs-d-auvergne-gr30-1\/\"},\"author\":{\"name\":\"Baudouin Duchange\",\"@id\":\"https:\/\/www.prendstadose.fr\/#\/schema\/person\/470cdc52962d193b3ca01d9cfa243f03\"},\"headline\":\"Sur la route des lacs d\u2019Auvergne (GR30) \u2013 1\/2\",\"datePublished\":\"2022-09-13T18:47:45+00:00\",\"dateModified\":\"2024-09-23T15:40:24+00:00\",\"mainEntityOfPage\":{\"@id\":\"https:\/\/www.prendstadose.fr\/index.php\/2022\/09\/13\/sur-la-route-des-lacs-d-auvergne-gr30-1\/\"},\"wordCount\":2078,\"commentCount\":7,\"publisher\":{\"@id\":\"https:\/\/www.prendstadose.fr\/#organization\"},\"image\":{\"@id\":\"https:\/\/www.prendstadose.fr\/index.php\/2022\/09\/13\/sur-la-route-des-lacs-d-auvergne-gr30-1\/#primaryimage\"},\"thumbnailUrl\":\"https:\/\/www.prendstadose.fr\/wp-content\/uploads\/2022\/09\/004_COM_00261_1468314315-1.jpg\",\"keywords\":[\"Auvergne\",\"Aventure\",\"Charles Wright\",\"Chemin\",\"D\u00e9couverte\",\"\u00c9glise\",\"\u00e9glise romane\",\"Fromage\",\"GR30\",\"lac\",\"Naps\",\"Randonn\u00e9e\",\"Saint\",\"Saint-Nectaire\",\"Vache\"],\"articleSection\":[\"Carnet de voyage\"],\"inLanguage\":\"fr-FR\",\"potentialAction\":[{\"@type\":\"CommentAction\",\"name\":\"Comment\",\"target\":[\"https:\/\/www.prendstadose.fr\/index.php\/2022\/09\/13\/sur-la-route-des-lacs-d-auvergne-gr30-1\/#respond\"]}]},{\"@type\":\"WebPage\",\"@id\":\"https:\/\/www.prendstadose.fr\/index.php\/2022\/09\/13\/sur-la-route-des-lacs-d-auvergne-gr30-1\/\",\"url\":\"https:\/\/www.prendstadose.fr\/index.php\/2022\/09\/13\/sur-la-route-des-lacs-d-auvergne-gr30-1\/\",\"name\":\"Sur la route des lacs d\u2019Auvergne (GR30) \u2013 1\/2 &#8212;\",\"isPartOf\":{\"@id\":\"https:\/\/www.prendstadose.fr\/#website\"},\"primaryImageOfPage\":{\"@id\":\"https:\/\/www.prendstadose.fr\/index.php\/2022\/09\/13\/sur-la-route-des-lacs-d-auvergne-gr30-1\/#primaryimage\"},\"image\":{\"@id\":\"https:\/\/www.prendstadose.fr\/index.php\/2022\/09\/13\/sur-la-route-des-lacs-d-auvergne-gr30-1\/#primaryimage\"},\"thumbnailUrl\":\"https:\/\/www.prendstadose.fr\/wp-content\/uploads\/2022\/09\/004_COM_00261_1468314315-1.jpg\",\"datePublished\":\"2022-09-13T18:47:45+00:00\",\"dateModified\":\"2024-09-23T15:40:24+00:00\",\"description\":\"Huit jours de randonn\u00e9e en autonomie sur le GR30, baptis\u00e9 la Route des lacs d\u2019Auvergne ! Une aventure de fromages, d'\u00e9glises et de vaches.\",\"breadcrumb\":{\"@id\":\"https:\/\/www.prendstadose.fr\/index.php\/2022\/09\/13\/sur-la-route-des-lacs-d-auvergne-gr30-1\/#breadcrumb\"},\"inLanguage\":\"fr-FR\",\"potentialAction\":[{\"@type\":\"ReadAction\",\"target\":[\"https:\/\/www.prendstadose.fr\/index.php\/2022\/09\/13\/sur-la-route-des-lacs-d-auvergne-gr30-1\/\"]}]},{\"@type\":\"ImageObject\",\"inLanguage\":\"fr-FR\",\"@id\":\"https:\/\/www.prendstadose.fr\/index.php\/2022\/09\/13\/sur-la-route-des-lacs-d-auvergne-gr30-1\/#primaryimage\",\"url\":\"https:\/\/www.prendstadose.fr\/wp-content\/uploads\/2022\/09\/004_COM_00261_1468314315-1.jpg\",\"contentUrl\":\"https:\/\/www.prendstadose.fr\/wp-content\/uploads\/2022\/09\/004_COM_00261_1468314315-1.jpg\",\"width\":1500,\"height\":1099},{\"@type\":\"BreadcrumbList\",\"@id\":\"https:\/\/www.prendstadose.fr\/index.php\/2022\/09\/13\/sur-la-route-des-lacs-d-auvergne-gr30-1\/#breadcrumb\",\"itemListElement\":[{\"@type\":\"ListItem\",\"position\":1,\"name\":\"Accueil\",\"item\":\"https:\/\/www.prendstadose.fr\/\"},{\"@type\":\"ListItem\",\"position\":2,\"name\":\"Sur la route des lacs d\u2019Auvergne (GR30) \u2013 1\/2\"}]},{\"@type\":\"WebSite\",\"@id\":\"https:\/\/www.prendstadose.fr\/#website\",\"url\":\"https:\/\/www.prendstadose.fr\/\",\"name\":\"PRENDS TA DOSE\",\"description\":\"Capsule Culture Pour Analphab\u00e8tes Lettr\u00e9s\",\"publisher\":{\"@id\":\"https:\/\/www.prendstadose.fr\/#organization\"},\"potentialAction\":[{\"@type\":\"SearchAction\",\"target\":{\"@type\":\"EntryPoint\",\"urlTemplate\":\"https:\/\/www.prendstadose.fr\/?s={search_term_string}\"},\"query-input\":{\"@type\":\"PropertyValueSpecification\",\"valueRequired\":true,\"valueName\":\"search_term_string\"}}],\"inLanguage\":\"fr-FR\"},{\"@type\":\"Organization\",\"@id\":\"https:\/\/www.prendstadose.fr\/#organization\",\"name\":\"PrendsTaDose\",\"url\":\"https:\/\/www.prendstadose.fr\/\",\"logo\":{\"@type\":\"ImageObject\",\"inLanguage\":\"fr-FR\",\"@id\":\"https:\/\/www.prendstadose.fr\/#\/schema\/logo\/image\/\",\"url\":\"https:\/\/www.prendstadose.fr\/wp-content\/uploads\/2021\/08\/logo-e1641309847268.png\",\"contentUrl\":\"https:\/\/www.prendstadose.fr\/wp-content\/uploads\/2021\/08\/logo-e1641309847268.png\",\"width\":400,\"height\":406,\"caption\":\"PrendsTaDose\"},\"image\":{\"@id\":\"https:\/\/www.prendstadose.fr\/#\/schema\/logo\/image\/\"},\"sameAs\":[\"https:\/\/www.facebook.com\/BrigadeSansFrontieres\/\",\"https:\/\/www.instagram.com\/romain_mailliu\/\"]},{\"@type\":\"Person\",\"@id\":\"https:\/\/www.prendstadose.fr\/#\/schema\/person\/470cdc52962d193b3ca01d9cfa243f03\",\"name\":\"Baudouin Duchange\",\"sameAs\":[\"http:\/\/www.bsf.ovh\/\"],\"url\":\"https:\/\/www.prendstadose.fr\/index.php\/author\/baudouinduchange\/\"}]}<\/script>\n<!-- \/ Yoast SEO plugin. -->","yoast_head_json":{"title":"Sur la route des lacs d\u2019Auvergne (GR30) \u2013 1\/2 &#8212;","description":"Huit jours de randonn\u00e9e en autonomie sur le GR30, baptis\u00e9 la Route des lacs d\u2019Auvergne ! Une aventure de fromages, d'\u00e9glises et de vaches.","robots":{"index":"index","follow":"follow","max-snippet":"max-snippet:-1","max-image-preview":"max-image-preview:large","max-video-preview":"max-video-preview:-1"},"canonical":"https:\/\/www.prendstadose.fr\/index.php\/2022\/09\/13\/sur-la-route-des-lacs-d-auvergne-gr30-1\/","og_locale":"fr_FR","og_type":"article","og_title":"Sur la route des lacs d\u2019Auvergne (GR30) \u2013 1\/2 &#8212;","og_description":"Huit jours de randonn\u00e9e en autonomie sur le GR30, baptis\u00e9 la Route des lacs d\u2019Auvergne ! Une aventure de fromages, d'\u00e9glises et de vaches.","og_url":"https:\/\/www.prendstadose.fr\/index.php\/2022\/09\/13\/sur-la-route-des-lacs-d-auvergne-gr30-1\/","og_site_name":"PRENDS TA DOSE","article_publisher":"https:\/\/www.facebook.com\/BrigadeSansFrontieres\/","article_published_time":"2022-09-13T18:47:45+00:00","article_modified_time":"2024-09-23T15:40:24+00:00","og_image":[{"width":1500,"height":1099,"url":"https:\/\/www.prendstadose.fr\/wp-content\/uploads\/2022\/09\/004_COM_00261_1468314315-1.jpg","type":"image\/jpeg"}],"author":"Baudouin Duchange","twitter_card":"summary_large_image","twitter_misc":{"\u00c9crit par":"Baudouin Duchange","Dur\u00e9e de lecture estim\u00e9e":"11 minutes"},"schema":{"@context":"https:\/\/schema.org","@graph":[{"@type":"Article","@id":"https:\/\/www.prendstadose.fr\/index.php\/2022\/09\/13\/sur-la-route-des-lacs-d-auvergne-gr30-1\/#article","isPartOf":{"@id":"https:\/\/www.prendstadose.fr\/index.php\/2022\/09\/13\/sur-la-route-des-lacs-d-auvergne-gr30-1\/"},"author":{"name":"Baudouin Duchange","@id":"https:\/\/www.prendstadose.fr\/#\/schema\/person\/470cdc52962d193b3ca01d9cfa243f03"},"headline":"Sur la route des lacs d\u2019Auvergne (GR30) \u2013 1\/2","datePublished":"2022-09-13T18:47:45+00:00","dateModified":"2024-09-23T15:40:24+00:00","mainEntityOfPage":{"@id":"https:\/\/www.prendstadose.fr\/index.php\/2022\/09\/13\/sur-la-route-des-lacs-d-auvergne-gr30-1\/"},"wordCount":2078,"commentCount":7,"publisher":{"@id":"https:\/\/www.prendstadose.fr\/#organization"},"image":{"@id":"https:\/\/www.prendstadose.fr\/index.php\/2022\/09\/13\/sur-la-route-des-lacs-d-auvergne-gr30-1\/#primaryimage"},"thumbnailUrl":"https:\/\/www.prendstadose.fr\/wp-content\/uploads\/2022\/09\/004_COM_00261_1468314315-1.jpg","keywords":["Auvergne","Aventure","Charles Wright","Chemin","D\u00e9couverte","\u00c9glise","\u00e9glise romane","Fromage","GR30","lac","Naps","Randonn\u00e9e","Saint","Saint-Nectaire","Vache"],"articleSection":["Carnet de voyage"],"inLanguage":"fr-FR","potentialAction":[{"@type":"CommentAction","name":"Comment","target":["https:\/\/www.prendstadose.fr\/index.php\/2022\/09\/13\/sur-la-route-des-lacs-d-auvergne-gr30-1\/#respond"]}]},{"@type":"WebPage","@id":"https:\/\/www.prendstadose.fr\/index.php\/2022\/09\/13\/sur-la-route-des-lacs-d-auvergne-gr30-1\/","url":"https:\/\/www.prendstadose.fr\/index.php\/2022\/09\/13\/sur-la-route-des-lacs-d-auvergne-gr30-1\/","name":"Sur la route des lacs d\u2019Auvergne (GR30) \u2013 1\/2 &#8212;","isPartOf":{"@id":"https:\/\/www.prendstadose.fr\/#website"},"primaryImageOfPage":{"@id":"https:\/\/www.prendstadose.fr\/index.php\/2022\/09\/13\/sur-la-route-des-lacs-d-auvergne-gr30-1\/#primaryimage"},"image":{"@id":"https:\/\/www.prendstadose.fr\/index.php\/2022\/09\/13\/sur-la-route-des-lacs-d-auvergne-gr30-1\/#primaryimage"},"thumbnailUrl":"https:\/\/www.prendstadose.fr\/wp-content\/uploads\/2022\/09\/004_COM_00261_1468314315-1.jpg","datePublished":"2022-09-13T18:47:45+00:00","dateModified":"2024-09-23T15:40:24+00:00","description":"Huit jours de randonn\u00e9e en autonomie sur le GR30, baptis\u00e9 la Route des lacs d\u2019Auvergne ! Une aventure de fromages, d'\u00e9glises et de vaches.","breadcrumb":{"@id":"https:\/\/www.prendstadose.fr\/index.php\/2022\/09\/13\/sur-la-route-des-lacs-d-auvergne-gr30-1\/#breadcrumb"},"inLanguage":"fr-FR","potentialAction":[{"@type":"ReadAction","target":["https:\/\/www.prendstadose.fr\/index.php\/2022\/09\/13\/sur-la-route-des-lacs-d-auvergne-gr30-1\/"]}]},{"@type":"ImageObject","inLanguage":"fr-FR","@id":"https:\/\/www.prendstadose.fr\/index.php\/2022\/09\/13\/sur-la-route-des-lacs-d-auvergne-gr30-1\/#primaryimage","url":"https:\/\/www.prendstadose.fr\/wp-content\/uploads\/2022\/09\/004_COM_00261_1468314315-1.jpg","contentUrl":"https:\/\/www.prendstadose.fr\/wp-content\/uploads\/2022\/09\/004_COM_00261_1468314315-1.jpg","width":1500,"height":1099},{"@type":"BreadcrumbList","@id":"https:\/\/www.prendstadose.fr\/index.php\/2022\/09\/13\/sur-la-route-des-lacs-d-auvergne-gr30-1\/#breadcrumb","itemListElement":[{"@type":"ListItem","position":1,"name":"Accueil","item":"https:\/\/www.prendstadose.fr\/"},{"@type":"ListItem","position":2,"name":"Sur la route des lacs d\u2019Auvergne (GR30) \u2013 1\/2"}]},{"@type":"WebSite","@id":"https:\/\/www.prendstadose.fr\/#website","url":"https:\/\/www.prendstadose.fr\/","name":"PRENDS TA DOSE","description":"Capsule Culture Pour Analphab\u00e8tes Lettr\u00e9s","publisher":{"@id":"https:\/\/www.prendstadose.fr\/#organization"},"potentialAction":[{"@type":"SearchAction","target":{"@type":"EntryPoint","urlTemplate":"https:\/\/www.prendstadose.fr\/?s={search_term_string}"},"query-input":{"@type":"PropertyValueSpecification","valueRequired":true,"valueName":"search_term_string"}}],"inLanguage":"fr-FR"},{"@type":"Organization","@id":"https:\/\/www.prendstadose.fr\/#organization","name":"PrendsTaDose","url":"https:\/\/www.prendstadose.fr\/","logo":{"@type":"ImageObject","inLanguage":"fr-FR","@id":"https:\/\/www.prendstadose.fr\/#\/schema\/logo\/image\/","url":"https:\/\/www.prendstadose.fr\/wp-content\/uploads\/2021\/08\/logo-e1641309847268.png","contentUrl":"https:\/\/www.prendstadose.fr\/wp-content\/uploads\/2021\/08\/logo-e1641309847268.png","width":400,"height":406,"caption":"PrendsTaDose"},"image":{"@id":"https:\/\/www.prendstadose.fr\/#\/schema\/logo\/image\/"},"sameAs":["https:\/\/www.facebook.com\/BrigadeSansFrontieres\/","https:\/\/www.instagram.com\/romain_mailliu\/"]},{"@type":"Person","@id":"https:\/\/www.prendstadose.fr\/#\/schema\/person\/470cdc52962d193b3ca01d9cfa243f03","name":"Baudouin Duchange","sameAs":["http:\/\/www.bsf.ovh\/"],"url":"https:\/\/www.prendstadose.fr\/index.php\/author\/baudouinduchange\/"}]}},"jetpack_publicize_connections":[],"jetpack_featured_media_url":"https:\/\/www.prendstadose.fr\/wp-content\/uploads\/2022\/09\/004_COM_00261_1468314315-1.jpg","jetpack_sharing_enabled":true,"_links":{"self":[{"href":"https:\/\/www.prendstadose.fr\/index.php\/wp-json\/wp\/v2\/posts\/3525","targetHints":{"allow":["GET"]}}],"collection":[{"href":"https:\/\/www.prendstadose.fr\/index.php\/wp-json\/wp\/v2\/posts"}],"about":[{"href":"https:\/\/www.prendstadose.fr\/index.php\/wp-json\/wp\/v2\/types\/post"}],"author":[{"embeddable":true,"href":"https:\/\/www.prendstadose.fr\/index.php\/wp-json\/wp\/v2\/users\/12"}],"replies":[{"embeddable":true,"href":"https:\/\/www.prendstadose.fr\/index.php\/wp-json\/wp\/v2\/comments?post=3525"}],"version-history":[{"count":14,"href":"https:\/\/www.prendstadose.fr\/index.php\/wp-json\/wp\/v2\/posts\/3525\/revisions"}],"predecessor-version":[{"id":3593,"href":"https:\/\/www.prendstadose.fr\/index.php\/wp-json\/wp\/v2\/posts\/3525\/revisions\/3593"}],"wp:featuredmedia":[{"embeddable":true,"href":"https:\/\/www.prendstadose.fr\/index.php\/wp-json\/wp\/v2\/media\/3536"}],"wp:attachment":[{"href":"https:\/\/www.prendstadose.fr\/index.php\/wp-json\/wp\/v2\/media?parent=3525"}],"wp:term":[{"taxonomy":"category","embeddable":true,"href":"https:\/\/www.prendstadose.fr\/index.php\/wp-json\/wp\/v2\/categories?post=3525"},{"taxonomy":"post_tag","embeddable":true,"href":"https:\/\/www.prendstadose.fr\/index.php\/wp-json\/wp\/v2\/tags?post=3525"}],"curies":[{"name":"wp","href":"https:\/\/api.w.org\/{rel}","templated":true}]}}