{"id":3580,"date":"2022-10-11T21:40:16","date_gmt":"2022-10-11T19:40:16","guid":{"rendered":"https:\/\/www.prendstadose.fr\/?p=3580"},"modified":"2024-09-23T11:11:24","modified_gmt":"2024-09-23T09:11:24","slug":"sur-la-route-des-lacs-d-auvergne-gr30-2","status":"publish","type":"post","link":"https:\/\/www.prendstadose.fr\/index.php\/2022\/10\/11\/sur-la-route-des-lacs-d-auvergne-gr30-2\/","title":{"rendered":"Sur la route des lacs d\u2019Auvergne (GR30) \u2013 2\/2"},"content":{"rendered":"<h1 style=\"text-align: center;\"><span style=\"font-size: 14pt;\"><b>Avec quatre amis, nous sommes partis huit jours en autonomie sur le GR 30, baptis\u00e9 la Route des lacs d\u2019Auvergne.<\/b> <\/span><\/h1>\n<p style=\"text-align: center;\"><span style=\"font-size: 14pt;\"><i>Cet article est le deuxi\u00e8me et dernier volet d\u2019une s\u00e9rie sur le GR30. Pour (re)d\u00e9couvrir le premier, <\/i><\/span><a href=\"https:\/\/www.prendstadose.fr\/index.php\/2022\/09\/13\/sur-la-route-des-lacs-d-auvergne-gr30-1\/\" target=\"_blank\" rel=\"noopener\"><i><span style=\"font-size: 14pt;\">cliquez ici !<\/span><\/i><\/a><\/p>\n<p style=\"text-align: center;\"><strong><span style=\"font-size: 14pt;\">Des lacs volcaniques, nous en avons crois\u00e9 une quinzaine, c\u2019est-\u00e0-dire presque autant que d\u2019\u00eatres humains. Cette solitude \u00e9tait d\u2019ailleurs ce qui m\u2019attirait vers la \u00ab\u00a0<a href=\"https:\/\/youtu.be\/_eY9PLAdU_I?t=30\" target=\"_blank\" rel=\"noopener\">Terre du Milieu\u00a0<\/a>\u00bb fran\u00e7aise. Un d\u00e9sert humain o\u00f9 demeure l\u2019essentiel : l\u2019eau, le fromage, les \u00e9glises du XII\u00e8me et les vaches. La marche arri\u00e8re est cass\u00e9e, c\u2019est parti pour une promenade de 200km sur quelques pages\u00a0!<\/span><\/strong><i><\/i><\/p>\n<p style=\"text-align: center;\"><span style=\"font-size: 14pt;\"><i>Pour les futurs randonneurs\u00a0: la liste des \u00e9tapes ainsi que l\u2019itin\u00e9raire sont en fin d\u2019article<\/i><\/span><\/p>\n<p><img loading=\"lazy\" decoding=\"async\" class=\"aligncenter wp-image-3581 size-large\" src=\"https:\/\/www.prendstadose.fr\/wp-content\/uploads\/2022\/10\/zyro-image-731x1024.jpg\" alt=\"\" width=\"731\" height=\"1024\" srcset=\"https:\/\/www.prendstadose.fr\/wp-content\/uploads\/2022\/10\/zyro-image-731x1024.jpg 731w, https:\/\/www.prendstadose.fr\/wp-content\/uploads\/2022\/10\/zyro-image-214x300.jpg 214w, https:\/\/www.prendstadose.fr\/wp-content\/uploads\/2022\/10\/zyro-image-768x1076.jpg 768w, https:\/\/www.prendstadose.fr\/wp-content\/uploads\/2022\/10\/zyro-image-1096x1536.jpg 1096w, https:\/\/www.prendstadose.fr\/wp-content\/uploads\/2022\/10\/zyro-image-1462x2048.jpg 1462w, https:\/\/www.prendstadose.fr\/wp-content\/uploads\/2022\/10\/zyro-image-1170x1639.jpg 1170w, https:\/\/www.prendstadose.fr\/wp-content\/uploads\/2022\/10\/zyro-image-1920x2690.jpg 1920w, https:\/\/www.prendstadose.fr\/wp-content\/uploads\/2022\/10\/zyro-image-585x820.jpg 585w, https:\/\/www.prendstadose.fr\/wp-content\/uploads\/2022\/10\/zyro-image-scaled.jpg 1827w\" sizes=\"auto, (max-width: 731px) 100vw, 731px\" \/><\/p>\n<h2 style=\"text-align: center;\"><span style=\"font-size: 18pt;\"><b><br \/>\n3. \u00c9gliseneuve d&rsquo;Entraigues \u2013 Picherande (42km)\u00a0: L\u2019\u00e9preuve du d\u00e9sert<\/b><\/span><\/h2>\n<p><span style=\"font-size: 14pt;\"><b>Les estives auvergnates avaient des airs de western spaghetti.<\/b> La terre br\u00fblante voletait contre les carcasses des arbres blanchis. Un ruisseau, amaigri, souffletait sa derni\u00e8re exaltation de vie qui ressemblait plut\u00f4t \u00e0 l\u2019expiration d\u2019un condamn\u00e9. Au loin, des p\u00e2turages, sans fin. Et sans ombre. La diagonale du vide est un concept politico-\u00e9conomiste pour d\u00e9signer un ensemble de territoires avec moins d\u2019habitants que de vaches. Une expression impr\u00e9cise pour d\u00e9crire notre chemin depuis \u00c9gliseneuve d\u2019Entraigues. La meilleure boussole est l\u2019instinct. Celui-ci me pr\u00e9vint de notre arriv\u00e9e \u00e0 destination\u00a0: le d\u00e9sert. <\/span><\/p>\n<p>&nbsp;<\/p>\n<p><img loading=\"lazy\" decoding=\"async\" class=\"aligncenter wp-image-3582 size-large\" src=\"https:\/\/www.prendstadose.fr\/wp-content\/uploads\/2022\/10\/20220803_084919-1024x768.jpeg\" alt=\"\" width=\"1024\" height=\"768\" srcset=\"https:\/\/www.prendstadose.fr\/wp-content\/uploads\/2022\/10\/20220803_084919-1024x768.jpeg 1024w, https:\/\/www.prendstadose.fr\/wp-content\/uploads\/2022\/10\/20220803_084919-300x225.jpeg 300w, https:\/\/www.prendstadose.fr\/wp-content\/uploads\/2022\/10\/20220803_084919-768x576.jpeg 768w, https:\/\/www.prendstadose.fr\/wp-content\/uploads\/2022\/10\/20220803_084919-1536x1152.jpeg 1536w, https:\/\/www.prendstadose.fr\/wp-content\/uploads\/2022\/10\/20220803_084919-2048x1536.jpeg 2048w, https:\/\/www.prendstadose.fr\/wp-content\/uploads\/2022\/10\/20220803_084919-1170x878.jpeg 1170w, https:\/\/www.prendstadose.fr\/wp-content\/uploads\/2022\/10\/20220803_084919-1920x1440.jpeg 1920w, https:\/\/www.prendstadose.fr\/wp-content\/uploads\/2022\/10\/20220803_084919-585x439.jpeg 585w\" sizes=\"auto, (max-width: 1024px) 100vw, 1024px\" \/><\/p>\n<p>&nbsp;<\/p>\n<p><span style=\"font-size: 14pt;\"><b>L\u2019all\u00e9gorie du d\u00e9sert prend de nombreux visages dans l\u2019imaginaire collectif.<\/b> Il y a celui des <b>aventuriers d\u2019autrefois<\/b> (St Exup\u00e9ry, Lawrence d\u2019Arabie&#8230;) dont certains ont tachet\u00e9 le sable de leur sang, comme Balavoine \u00e0 bord de son Icart \u00e0 ailes motoris\u00e9es. Il y a aussi le <b>d\u00e9sert des tentations<\/b>, plus spirituel, celui o\u00f9 J\u00e9sus a foul\u00e9 ses pieds il y a 2 000 ans, pendant 40 jours, sans eau ni nourriture. Cette \u00e9preuve a ensuite irrigu\u00e9 toute la spiritualit\u00e9 chr\u00e9tienne pour d\u00e9crire les moments de <b>lutte int\u00e9rieure intense<\/b> de certains grands saints caract\u00e9ris\u00e9s par une <b>s\u00e9cheresse int\u00e9rieure<\/b> destin\u00e9e \u00e0 v\u00e9rifier la \u00ab\u00a0<i>solidit\u00e9 de sa foi et de son d\u00e9sir d&rsquo;aller vers Dieu<\/i>\u00a0\u00bb selon <a href=\"https:\/\/fr.wikipedia.org\/wiki\/Jean_de_la_Croix\" target=\"_blank\" rel=\"noopener\">Saint Jean de la Croix<\/a>. Plus r\u00e9cemment, il y a les <b>chanteurs et les politiques<\/b>, qui traversent eux aussi des p\u00e9riodes de d\u00e9sert, <b>sans succ\u00e8s<\/b>. Ce fut le cas de de Gaulle entre 46 \u00e0 58, de Johnny dans les ann\u00e9es 70, ou encore de Chirac au d\u00e9but des ann\u00e9es 90 et d\u00e9sormais de Booba.\u00a0<\/span><\/p>\n<p><span style=\"font-size: 14pt;\"><b>De mani\u00e8re g\u00e9n\u00e9rale, le d\u00e9sert, c\u2019est la tristesse et la solitude, ce couple d\u00e9sesp\u00e9rant qui revient, fid\u00e8lement, comme le vent et la pluie dans les montagnes.<\/b> <a href=\"https:\/\/fr.wikipedia.org\/wiki\/Blaise_Cendrars\" target=\"_blank\" rel=\"noopener\">Blaise Cendras<\/a> \u00e9crivait, dans sa <a href=\"https:\/\/fr.wikipedia.org\/wiki\/La_Prose_du_Transsib%C3%A9rien_et_de_la_petite_Jehanne_de_France\" target=\"_blank\" rel=\"noopener\">Prose du Transsib\u00e9rien<\/a>, \u00ab\u00a0<i>il n&rsquo;y a plus que la Patagonie, la Patagonie qui convienne \u00e0 mon immense tristesse<\/i>\u00ab\u00a0. L\u2019Auvergne sera-t-elle ma Patagonie\u00a0? Un refuge \u00e0 mes larmes ? Mais ici, le soleil aspire chaque goutte d\u2019eau et de vie. Car un d\u00e9sert, c\u2019est avant tout une <b>terre inhabitable<\/b>. Ne restait plus qu\u2019\u00e0 en partir. D\u00e9sormais, je comprendrais pourquoi les spots publicitaires de l\u2019Arabie Saoudite mettent en valeur des touristes en quad plut\u00f4t qu\u2019\u00e0 pied !<\/span><\/p>\n<p><span style=\"font-size: 14pt;\"><b>Sur les plaines de l\u2019Esclauze, le soleil nous attendait \u00e0 la sortie de chaque bosquet pour nous ass\u00e9ner le coup final, le poing fatal.<\/b> L\u2019eau diminuait dangereusement dans nos gourdes apr\u00e8s avoir d\u00e9pass\u00e9 la ferme d\u2019Auger. Les fontaines dans les villages s\u2019\u00e9taient tues depuis la canicule. Les maisons, aveugles avec leurs volets&#8230; La soif est une menace bien plus aiguis\u00e9e que l\u2019\u00e9p\u00e9e de Damocl\u00e8s. Les pastilles de chlore suffiront-elles\u00a0? Arriverons-nous au prochain lac\u00a0dans 15, 10 ou 8 km&#8230; \u00ab <a href=\"https:\/\/youtu.be\/D6lJb09l-3M\" target=\"_blank\" rel=\"noopener\"><i>\u00e7a tourne dans ma t\u00eate<\/i>\u00a0<\/a>\u00bb semblait murmurer, dans un karaok\u00e9 fun\u00e8bre, mon camarade de marche (lien vers la<a href=\"https:\/\/open.spotify.com\/playlist\/4fupdCoIixNoiRcSUq0NgI?si=6dd9c82057c4467a\" target=\"_blank\" rel=\"noopener\"> playlist Spotify<\/a> sp\u00e9ciale GR30 !). Une insolation le taraudait depuis quelques kilom\u00e8tres et semblait s\u2019ins\u00e9rer en lui comme la ronce autour d\u2019un arbre vert. Trente-sept degr\u00e9s \u00e0 l\u2019ombre\u00a0: combien sur le sol volcanique des estives ? \u00ab\u00a0<i>C\u2019est le dernier compagnon de la rando&#8230; pourvu qu\u2019il tienne\u00a0!<\/i>\u00a0\u00bb me surpris-je \u00e0 esp\u00e9rer.\u00a0<\/span><\/p>\n<p><span style=\"font-size: 14pt;\"><b>Les emmerdes arrivent toujours par pallier<\/b>. Le soleil tambourinait contre nos cr\u00e2nes&#8230; et une insolation se d\u00e9clencha dans la troupe\u00a0! Trente kilom\u00e8tres \u00e9taient n\u00e9cessaires pour arriver au <b>lac du Taurons<\/b> qui se trouva \u00eatre un mirage vaseux o\u00f9 se noy\u00e8rent nos illusions. Apr\u00e8s trois jours sans douche, le contrecoup se fit sentir. Selon Napol\u00e9on, \u00ab\u00a0<i>le meilleur soldat n\u2019est pas tant celui qui se bat que celui qui marche\u00a0\u00bb. <\/i>Sur les rives de ce lac inabordable, nous nous \u00e9tions ensabl\u00e9s. A 20h, je mastiquais un morceau de pain sec accompagn\u00e9 d\u2019une sordide arm\u00e9e d\u2019arbres et de moustiques. Et me fis la promesse que, le lendemain, <b>je r\u00e9citerai la comptine inverse\u00a0: le bonheur revient aussi par pallier !<\/b><\/span><\/p>\n<p>&nbsp;<\/p>\n<p><img loading=\"lazy\" decoding=\"async\" class=\"aligncenter wp-image-3583 size-full\" src=\"https:\/\/www.prendstadose.fr\/wp-content\/uploads\/2022\/10\/ob_85f17f_le-lac-du-tact-1.jpg\" alt=\"\" width=\"1200\" height=\"552\" srcset=\"https:\/\/www.prendstadose.fr\/wp-content\/uploads\/2022\/10\/ob_85f17f_le-lac-du-tact-1.jpg 1200w, https:\/\/www.prendstadose.fr\/wp-content\/uploads\/2022\/10\/ob_85f17f_le-lac-du-tact-1-300x138.jpg 300w, https:\/\/www.prendstadose.fr\/wp-content\/uploads\/2022\/10\/ob_85f17f_le-lac-du-tact-1-1024x471.jpg 1024w, https:\/\/www.prendstadose.fr\/wp-content\/uploads\/2022\/10\/ob_85f17f_le-lac-du-tact-1-768x353.jpg 768w, https:\/\/www.prendstadose.fr\/wp-content\/uploads\/2022\/10\/ob_85f17f_le-lac-du-tact-1-1170x538.jpg 1170w, https:\/\/www.prendstadose.fr\/wp-content\/uploads\/2022\/10\/ob_85f17f_le-lac-du-tact-1-585x269.jpg 585w\" sizes=\"auto, (max-width: 1200px) 100vw, 1200px\" \/><\/p>\n<p style=\"text-align: center;\"><em><span style=\"font-size: 12pt;\">Les rives inabordables du Lac du Taurons<\/span><\/em><\/p>\n<p><span style=\"font-size: 14pt;\"><b>A 6h30, l\u2019heure de la chasse \u00e0 l\u2019approche, nous sort\u00eemes de la for\u00eat maudite comme des chevreuils, assoiff\u00e9s et affaiblis. <\/b>Aussit\u00f4t, une petite vieille veillant sur ses platebandes nous proposa de remplir nos gourdes. <b>Le compteur des bonnes nouvelles \u00e9tait lanc\u00e9\u00a0!<\/b> Plus que 10 kilom\u00e8tres avant de rejoindre un village. \u00c0 coups de tambour, nous y arriveront bien\u00a0!\u00a0<\/span><\/p>\n<p><span style=\"font-size: 14pt;\"><b>Une fois au village de Saint-G\u00e8nes-Champespe, l\u2019\u00e9picerie que nous avions vis\u00e9e se r\u00e9v\u00e9la \u00eatre<\/b>&#8230; une <a href=\"http:\/\/www.auberge-hotel-saint-genes.fr\/\" target=\"_blank\" rel=\"noopener\">boulangerie-\u00e9picerie-restaurant<\/a> tenue par une femme capable de restructurer un pays \u2013 un continent ! \u2013 \u00e0 coups de poigne et de bon sens. Elle nous servit un repas goliathesque pour un prix davidesque qui nous rendit le sourire des bienheureux et qu\u2019une sieste prolongea d\u00e9finitivement.<\/span><\/p>\n<p>&nbsp;<\/p>\n<p><img loading=\"lazy\" decoding=\"async\" class=\"aligncenter wp-image-3584 size-full\" src=\"https:\/\/www.prendstadose.fr\/wp-content\/uploads\/2022\/10\/hotel-du-midi.jpg\" alt=\"\" width=\"700\" height=\"525\" srcset=\"https:\/\/www.prendstadose.fr\/wp-content\/uploads\/2022\/10\/hotel-du-midi.jpg 700w, https:\/\/www.prendstadose.fr\/wp-content\/uploads\/2022\/10\/hotel-du-midi-300x225.jpg 300w, https:\/\/www.prendstadose.fr\/wp-content\/uploads\/2022\/10\/hotel-du-midi-585x439.jpg 585w\" sizes=\"auto, (max-width: 700px) 100vw, 700px\" \/><\/p>\n<p style=\"text-align: center;\"><span style=\"font-size: 12pt;\"><i>L&rsquo;H\u00f4tel du Midi, une oasis au milieu du d\u00e9sert\u2026<\/i><\/span><\/p>\n<p><span style=\"font-size: 14pt;\"><b>La sieste est d\u2019ailleurs souvent le meilleur moment de la journ\u00e9e.<\/b> Moins angoissante que la nuit et plus reposante que tout le reste. Seul instant journalier o\u00f9 parler est inutile. A l\u2019ombre de <b>Saint-G\u00e8nes<\/b>, je fermais les yeux et \u00e9coutais les clapotis des poissons ainsi que les cloches de l\u2019\u00e9glise. Je pouvais presque imaginer un p\u00eacheur immobile ou bien des paysans prenant leur pause d\u00e9jeuner aupr\u00e8s d\u2019un b\u0153uf fatigu\u00e9. Cette vieille France meurt, peut-\u00eatre pour le meilleur. Mais je ne peux m\u2019emp\u00eacher d\u2019en \u00eatre affect\u00e9. Le progr\u00e8s est certainement une erreur, mais personne ne le contestera plus. Mise \u00e0 part les lacs pollu\u00e9s, les poissons mourants, les campagnes abandonn\u00e9es et les champs surexploit\u00e9s. \u00ab <i>L\u2019homme est un animal qui a trahi, l\u2019Histoire est sa sanction<\/i> \u00bb disait Cioran. Je pensais aux r\u00e9cits provinciaux de ma grand-m\u00e8re maternelle, \u00e0 ses r\u00e9flexions d\u2019un autre temps. Banlieusard depuis toujours je n\u2019ai jamais v\u00e9cu, comme dans certains romans de Balzac, la douce et ennuyante vie de village. Malheureusement ou pas, je n\u2019ai pas le talent de Modiano pour d\u00e9crire ce manque. Je me r\u00e9veilla. Nos affaires \u00e9taient s\u00e8ches et l\u2019herbe aussi. M\u00eame d\u2019ici il fallait partir. <b>Condamner \u00e0 continuer.<\/b><\/span><\/p>\n<p><span style=\"font-size: 14pt;\"><b>Mais en auto-stop cette fois-ci ! <\/b>L\u2019occasion d\u2019\u00e9prouver une th\u00e9orie vieille comme la parabole du bon samaritain\u00a0: ce sont les voitures les plus rouill\u00e9es qui s\u2019arr\u00eatent, \u00ab\u00a0<i>emplies de compassion<\/i>\u00a0\u00bb, pour abaisser un pouce lev\u00e9. Une aide-soignante nous fit monter dans une Clio croulante. Elle est le dernier rempart prot\u00e9geant quatre communes du n\u00e9ant m\u00e9dical. Et, bien souvent, l&rsquo;unique personne \u00e0 qui se confier. Dans un monde meilleur, cette ministre des \u00e2mes serait admir\u00e9e et r\u00e9compens\u00e9e. Les aides-soignantes sont les nouveaux cur\u00e9s de campagne. Un apostolat \u00e0 coup de fange et de gel hydroalcoolique. Bernanos faisait dire \u00e0 l\u2019un de ses cur\u00e9s qu\u2019: \u00ab\u00a0<i>un pr\u00eatre ne saurait avoir de ses propres int\u00e9r\u00eats la claire vision, si directe &#8211; on voudrait dire si ing\u00e9nue, si na\u00efve &#8211; des enfants du si\u00e8cle. Calculer nos chances, \u00e0 quoi bon ? On ne joue pas contre Dieu<\/i>\u00a0\u00bb. A la fronti\u00e8re entre le d\u00e9partement du Puy-de-D\u00f4me et du Cantal, dans un d\u00e9sert vide de tout sauf de l\u2019essentiel, cette femme participe aux conditions d\u2019un paradis sur terre.\u00a0\u00a0<\/span><\/p>\n<p><span style=\"font-size: 14pt;\"><b>Arriv\u00e9s \u00e0 Picherande, nous vid\u00e2mes un pastis qui dissipa notre trouble d\u2019avoir eu recours \u00e0 un moteur<\/b>. Un petit jaune bien tass\u00e9 qui, une fois install\u00e9, appela \u00e0 un deuxi\u00e8me verre dans le camping o\u00f9 nous mont\u00e2mes la tente pour la nuit. Le chemin arrivait bient\u00f4t \u00e0 son terme. <b>Mais pour en voir le bout, il restait une \u00e9tape, et son ultime sommet, le Puy de Sancy.<\/b> <\/span><\/p>\n<p>&nbsp;<\/p>\n<p><img loading=\"lazy\" decoding=\"async\" class=\"aligncenter wp-image-3585 size-large\" src=\"https:\/\/www.prendstadose.fr\/wp-content\/uploads\/2022\/10\/20220731_083151-1024x768.jpeg\" alt=\"\" width=\"1024\" height=\"768\" srcset=\"https:\/\/www.prendstadose.fr\/wp-content\/uploads\/2022\/10\/20220731_083151-1024x768.jpeg 1024w, https:\/\/www.prendstadose.fr\/wp-content\/uploads\/2022\/10\/20220731_083151-300x225.jpeg 300w, https:\/\/www.prendstadose.fr\/wp-content\/uploads\/2022\/10\/20220731_083151-768x576.jpeg 768w, https:\/\/www.prendstadose.fr\/wp-content\/uploads\/2022\/10\/20220731_083151-1536x1152.jpeg 1536w, https:\/\/www.prendstadose.fr\/wp-content\/uploads\/2022\/10\/20220731_083151-2048x1536.jpeg 2048w, https:\/\/www.prendstadose.fr\/wp-content\/uploads\/2022\/10\/20220731_083151-1170x878.jpeg 1170w, https:\/\/www.prendstadose.fr\/wp-content\/uploads\/2022\/10\/20220731_083151-1920x1440.jpeg 1920w, https:\/\/www.prendstadose.fr\/wp-content\/uploads\/2022\/10\/20220731_083151-585x439.jpeg 585w\" sizes=\"auto, (max-width: 1024px) 100vw, 1024px\" \/><\/p>\n<p>&nbsp;<\/p>\n<h2><b><span style=\"font-size: 18pt;\">4. Picherande \u2013 Mont Dore (25km)\u00a0: L\u2019ascension du Puy de Sancy<\/span> <\/b><\/h2>\n<p><span style=\"font-size: 14pt;\"><b>Le GR30 red\u00e9marrait calmement. <\/b>La route semblait prendre une lente inspiration avant d\u2019expirer ses d\u00e9nivel\u00e9s positifs. Au loin, des fermes immuables m\u2019\u00e9voquaient l\u2019Irlande des cartes postales. En r\u00e9chauffant la terre et la pierre, le soleil exhumait des essences florales, les m\u00eames depuis des si\u00e8cles, mais toujours pleines de promesses nouvelles. En randonn\u00e9e, tout est pr\u00e9texte pour comparer les paysages \u00e0 ceux des films du Seigneur des Anneaux. Nous \u00e9tions comme dans les plaines du Rohan. Pr\u00eat \u00e0 entamer la mont\u00e9e du Sancy. A conqu\u00e9rir le Mordor.<\/span><\/p>\n<p>&nbsp;<\/p>\n<p><img loading=\"lazy\" decoding=\"async\" class=\"aligncenter wp-image-3586 size-full\" src=\"https:\/\/www.prendstadose.fr\/wp-content\/uploads\/2022\/10\/433cf57f-3b62-4156-8ff2-2d6d28cfec45.jpeg\" alt=\"\" width=\"1600\" height=\"1200\" srcset=\"https:\/\/www.prendstadose.fr\/wp-content\/uploads\/2022\/10\/433cf57f-3b62-4156-8ff2-2d6d28cfec45.jpeg 1600w, https:\/\/www.prendstadose.fr\/wp-content\/uploads\/2022\/10\/433cf57f-3b62-4156-8ff2-2d6d28cfec45-300x225.jpeg 300w, https:\/\/www.prendstadose.fr\/wp-content\/uploads\/2022\/10\/433cf57f-3b62-4156-8ff2-2d6d28cfec45-1024x768.jpeg 1024w, https:\/\/www.prendstadose.fr\/wp-content\/uploads\/2022\/10\/433cf57f-3b62-4156-8ff2-2d6d28cfec45-768x576.jpeg 768w, https:\/\/www.prendstadose.fr\/wp-content\/uploads\/2022\/10\/433cf57f-3b62-4156-8ff2-2d6d28cfec45-1536x1152.jpeg 1536w, https:\/\/www.prendstadose.fr\/wp-content\/uploads\/2022\/10\/433cf57f-3b62-4156-8ff2-2d6d28cfec45-1170x878.jpeg 1170w, https:\/\/www.prendstadose.fr\/wp-content\/uploads\/2022\/10\/433cf57f-3b62-4156-8ff2-2d6d28cfec45-585x439.jpeg 585w\" sizes=\"auto, (max-width: 1600px) 100vw, 1600px\" \/><\/p>\n<p>&nbsp;<\/p>\n<p><span style=\"font-size: 14pt;\"><b>Comme un lapin surpris, un randonneur surgit pr\u00e9cipitamment entre deux bosquets de la for\u00eat qui longe le hameau de la Morangie. <\/b>P\u00e8re de deux enfants, il avait laiss\u00e9 dans une voiture son portable, sa carte bancaire et sa vie pour marcher seul neuf jours. La clef suspendue autour du coup, il semblait rechercher une porte qui ouvrirait&#8230; quelque chose. Nous en avons rencontr\u00e9 quelques-uns de ces solitaires, entre 30 et 50 ans, partant sur les chemins chercher des certitudes perdues en cours de route. Peut-on se battre contre quelque chose qu\u2019on ne voit pas\u00a0? La vie qui passe, des relations qui s\u2019effacent&#8230; Un miroir n\u2019est pas suffisant pour se regarder. 26 ans d\u2019existence non plus, ai-je parfois l\u2019impression. \u00ab\u00a0<i>On peut conserver un certain niveau de vertu, mais on n\u2019a jamais pu conserver un certain niveau de vice. Cette route descend toujours plus bas<\/i>\u00a0\u00bb moralisait Chesterton. <b>Peut-\u00eatre la r\u00e9ponse est-elle l\u00e0, sous nos pieds\u00a0: marcher permet b\u00eatement de remonter la pente.<\/b>\u00a0<\/span><\/p>\n<p><span style=\"font-size: 14pt;\"><b>Apr\u00e8s huit jours de quasi-solitude, nous partage\u00e2mes l\u2019ascension finale du Sancy avec&#8230; des centaines de touristes\u00a0<\/b>! A partir du col du Couhay, le GR30 croise en effet la route du GR4 qui est pr\u00e9c\u00e9d\u00e9e d\u2019un parking 200 m\u00e8tres plus bas. De l\u2019autre c\u00f4t\u00e9 du Sancy, un t\u00e9l\u00e9ph\u00e9rique facilite le transport de la mar\u00e9e humaine jusqu\u2019\u00e0 des escaliers en bois. Certains marchaient en chaussettes-claquettes, d\u2019autres les yeux riv\u00e9s sur leur montre Garmin&#8230; <b>Bien s\u00fbr que nous aurions pr\u00e9f\u00e9r\u00e9 \u00eatre seuls.<\/b> Et de gravir le sommet comme des aventuriers d\u00e9couvrant l\u2019Everest pour la premi\u00e8re fois. Mais nous ne sommes pas des explorateurs. Encore moins des alpinistes. En d\u00e9pit des diff\u00e9rences de parcours, ces randonneurs du dimanche \u00e9taient donc nos camarades du jour. Et c\u2019est avec eux que nous avons partag\u00e9 notre d\u00e9couverte \u00e9bahie de l\u2019Auvergne depuis son sommet.\u00a0<\/span><\/p>\n<p>&nbsp;<\/p>\n<p><img loading=\"lazy\" decoding=\"async\" class=\"aligncenter wp-image-3587 size-full\" src=\"https:\/\/www.prendstadose.fr\/wp-content\/uploads\/2022\/10\/15242143578_fd5c3449bc_b.jpg\" alt=\"\" width=\"1024\" height=\"678\" srcset=\"https:\/\/www.prendstadose.fr\/wp-content\/uploads\/2022\/10\/15242143578_fd5c3449bc_b.jpg 1024w, https:\/\/www.prendstadose.fr\/wp-content\/uploads\/2022\/10\/15242143578_fd5c3449bc_b-300x199.jpg 300w, https:\/\/www.prendstadose.fr\/wp-content\/uploads\/2022\/10\/15242143578_fd5c3449bc_b-768x509.jpg 768w, https:\/\/www.prendstadose.fr\/wp-content\/uploads\/2022\/10\/15242143578_fd5c3449bc_b-780x516.jpg 780w, https:\/\/www.prendstadose.fr\/wp-content\/uploads\/2022\/10\/15242143578_fd5c3449bc_b-585x387.jpg 585w, https:\/\/www.prendstadose.fr\/wp-content\/uploads\/2022\/10\/15242143578_fd5c3449bc_b-263x175.jpg 263w\" sizes=\"auto, (max-width: 1024px) 100vw, 1024px\" \/><\/p>\n<p style=\"text-align: center;\"><em><span style=\"font-size: 12pt;\">De l\u2019autre c\u00f4t\u00e9 du Sancy (<a href=\"https:\/\/www.google.fr\/url?sa=i&amp;url=https%3A%2F%2Fwww.flickr.com%2Fphotos%2F29248605%40N07%2F15242143578&amp;psig=AOvVaw2qf00j2Iro-P6GUQTcFtrn&amp;ust=1665503689531000&amp;source=images&amp;cd=vfe&amp;ved=0CA0QjhxqFwoTCNDT5PCC1voCFQAAAAAdAAAAABAI\" target=\"_blank\" rel=\"noopener\">Source de la photo<\/a>)<\/span><\/em><\/p>\n<p><span style=\"font-size: 14pt;\"><b>Du haut du Sancy, on devinait l\u2019itin\u00e9raire des sept derniers jours.<\/b> Le village d\u2019Orcival, les vaches de Saint Nectaire, l\u2019\u00e9glise de Murol, le lac Pavin, le bar de Compains, le puy de Montcineyre&#8230; Chacune de ces \u00e9tapes s\u2019infusait dans ma m\u00e9moire, d\u00e9gageait un effluve distinctif. Lorsque les fleurs des tilleuls tombent \u00e0 la fin du mois juin, leur parfum continue d\u2019impr\u00e9gner le vent pendant quelques jours. Comme une derni\u00e8re danse olfactive. Ou un ultime \u00ab\u00a0au revoir\u00a0\u00bb.<\/span><\/p>\n<p><img loading=\"lazy\" decoding=\"async\" class=\"alignnone wp-image-3588 size-full\" src=\"https:\/\/www.prendstadose.fr\/wp-content\/uploads\/2022\/10\/cretes-sancy-ete-scaled-1.jpg\" alt=\"\" width=\"1336\" height=\"637\" srcset=\"https:\/\/www.prendstadose.fr\/wp-content\/uploads\/2022\/10\/cretes-sancy-ete-scaled-1.jpg 1336w, https:\/\/www.prendstadose.fr\/wp-content\/uploads\/2022\/10\/cretes-sancy-ete-scaled-1-300x143.jpg 300w, https:\/\/www.prendstadose.fr\/wp-content\/uploads\/2022\/10\/cretes-sancy-ete-scaled-1-1024x488.jpg 1024w, https:\/\/www.prendstadose.fr\/wp-content\/uploads\/2022\/10\/cretes-sancy-ete-scaled-1-768x366.jpg 768w, https:\/\/www.prendstadose.fr\/wp-content\/uploads\/2022\/10\/cretes-sancy-ete-scaled-1-1170x558.jpg 1170w, https:\/\/www.prendstadose.fr\/wp-content\/uploads\/2022\/10\/cretes-sancy-ete-scaled-1-585x279.jpg 585w\" sizes=\"auto, (max-width: 1336px) 100vw, 1336px\" \/><\/p>\n<p><span style=\"font-size: 14pt;\"><b>L\u2019horizon me ramena \u00e0 \u201cmes amours\u201d.<\/b> Un regard m&rsquo;\u00e9blouit depuis quelque temps. Je la d\u00e9visage sans la fixer, sans parvenir \u00e0 l\u2019accrocher. Liras-tu cet article avec la m\u00eame ferveur que je l\u2019\u00e9cris\u00a0? Je ne sais plus. Les p\u00e9riodes de d\u00e9sert et de bonheur ont ceci en commun d\u2019\u00eatre \u00e9ph\u00e9m\u00e8res. Mais, aussi, de valoir le coup d\u2019\u00eatre v\u00e9cues. <b>La vie est un long doute tranquille.<\/b>\u00a0<\/span><\/p>\n<p><span style=\"font-size: 14pt;\"><b>J\u2019y pensais en descendant le Sancy par les cr\u00eates.<\/b> Les paysages sans limites se r\u00e9organisaient progressivement. Les sommets reprenaient leurs places dans les hauteurs et les villages se retranchaient au sol. Sortir d\u2019un GR n\u2019est jamais facile. \u00ab\u00a0<i>Nous nous quittons pour toujours, il le faut, parce que nous n&rsquo;aurions jamais d\u00fb nous rencontrer<\/i>\u00a0\u00bb \u00e9crivait Tchekhov dans <a href=\"https:\/\/fr.wikipedia.org\/wiki\/La_Dame_au_petit_chien_(nouvelle)\" target=\"_blank\" rel=\"noopener\">La dame au petit chien<\/a>. Pendant plusieurs jours, notre unique objectif a \u00e9t\u00e9 de suivre deux lignes\u00a0parall\u00e8les\u00a0: une rouge et une blanche. Pourquoi n\u2019y a-t-il pas des rep\u00e8res aussi \u00e9vidents pour guider nos vies\u00a0? Fin de la descente. Arriv\u00e9e \u00e0 Mont Dore. La boucle \u00e9tait boucl\u00e9e. Le reste ne faisait que commencer.\u00a0<\/span><\/p>\n<p style=\"text-align: right;\"><span style=\"font-size: 14pt;\">Texte\u00a0: <a href=\"https:\/\/www.prendstadose.fr\/index.php\/category\/baudouin-duchange-chroniques\/\" target=\"_blank\" rel=\"noopener\">Baudouin Duchange<\/a><\/span><\/p>\n<p style=\"text-align: center;\"><em><span style=\"font-size: 14pt;\">Notre itin\u00e9raire :<\/span><\/em><\/p>\n<p style=\"text-align: center;\"><em><span style=\"font-size: 14pt;\">Jour 1 (d\u00e9but de la marche \u00e0 15h30) : La Bourboule \u2013 Lac de Gu\u00e9ry (10km)<br \/>\nJour 2 : Lac de Gu\u00e9ry \u2013 Lac de la Cassi\u00e8re (25km)<br \/>\nJour 3 : Lac de la Cassi\u00e8re \u2013 Un peu apr\u00e8s Olloix (20km)<br \/>\nJour 4 : Un peu apr\u00e8s Olloix \u2013 Entre Courbanges et Besse-en-Chandesse (25km)<br \/>\nJour 5 : Entre Courbanges et Besse-en-Chandesse \u2013 Compains (25km avec des d\u00e9tours)<br \/>\nJour 6 : Compains \u2013 Lac de la Cr\u00e9gut (33,5km)<br \/>\nJour 7 : Lac de la Cr\u00e9gut \u2013 Picherande (30km avec autostop)<br \/>\nJour 8 : Picherande \u2013 Mont Dore (25km)<\/span><\/em><\/p>\n<p style=\"text-align: center;\"><em><span style=\"font-size: 14pt;\">Tu connais ou h\u00e9sites \u00e0 emprunter cet itin\u00e9raire ? N\u2019h\u00e9site pas \u00e0 laisser un commentaire (partage d\u2019exp\u00e9rience, question\u2026) !<\/span><\/em><\/p>\n<p>&nbsp;<\/p>\n","protected":false},"excerpt":{"rendered":"<p>Avec quatre amis, nous sommes partis huit jours en autonomie sur le GR 30, baptis\u00e9 la&hellip;<\/p>\n","protected":false},"author":12,"featured_media":3535,"comment_status":"open","ping_status":"open","sticky":false,"template":"","format":"standard","meta":{"_editorskit_title_hidden":false,"_editorskit_reading_time":0,"_editorskit_is_block_options_detached":false,"_editorskit_block_options_position":"{}","jetpack_post_was_ever_published":false,"_jetpack_newsletter_access":"","_jetpack_dont_email_post_to_subs":false,"_jetpack_newsletter_tier_id":0,"_jetpack_memberships_contains_paywalled_content":false,"_jetpack_memberships_contains_paid_content":false,"footnotes":"","jetpack_publicize_message":"","jetpack_publicize_feature_enabled":true,"jetpack_social_post_already_shared":true,"jetpack_social_options":{"image_generator_settings":{"template":"highway","enabled":false},"version":2}},"categories":[356],"tags":[879,102,884,883,483,880,887,882,886,888,757,145,881,885,697],"class_list":["post-3580","post","type-post","status-publish","format-standard","has-post-thumbnail","hentry","category-carnet-de-voyage","tag-auvergne","tag-aventure","tag-charles-wright","tag-chemin","tag-decouverte","tag-eglise","tag-eglise-romane","tag-fromage","tag-gr30","tag-lac","tag-naps","tag-randonnee","tag-saint","tag-saint-nectaire","tag-vache"],"yoast_head":"<!-- This site is optimized with the Yoast SEO plugin v24.6 - https:\/\/yoast.com\/wordpress\/plugins\/seo\/ -->\n<title>Sur la route des lacs d\u2019Auvergne (GR30) \u2013 2\/2 &#8212; PRENDS TA DOSE<\/title>\n<meta name=\"description\" content=\"Huit jours de randonn\u00e9e en autonomie sur le GR30, baptis\u00e9 la Route des lacs d\u2019Auvergne ! Une aventure de fromages, d&#039;\u00e9glises et de vaches.\" \/>\n<meta name=\"robots\" content=\"index, follow, max-snippet:-1, max-image-preview:large, max-video-preview:-1\" \/>\n<link rel=\"canonical\" href=\"https:\/\/www.prendstadose.fr\/index.php\/2022\/10\/11\/sur-la-route-des-lacs-d-auvergne-gr30-2\/\" \/>\n<meta property=\"og:locale\" content=\"fr_FR\" \/>\n<meta property=\"og:type\" content=\"article\" \/>\n<meta property=\"og:title\" content=\"Sur la route des lacs d\u2019Auvergne (GR30) \u2013 2\/2 &#8212; PRENDS TA DOSE\" \/>\n<meta property=\"og:description\" content=\"Huit jours de randonn\u00e9e en autonomie sur le GR30, baptis\u00e9 la Route des lacs d\u2019Auvergne ! Une aventure de fromages, d&#039;\u00e9glises et de vaches.\" \/>\n<meta property=\"og:url\" content=\"https:\/\/www.prendstadose.fr\/index.php\/2022\/10\/11\/sur-la-route-des-lacs-d-auvergne-gr30-2\/\" \/>\n<meta property=\"og:site_name\" content=\"PRENDS TA DOSE\" \/>\n<meta property=\"article:publisher\" content=\"https:\/\/www.facebook.com\/BrigadeSansFrontieres\/\" \/>\n<meta property=\"article:published_time\" content=\"2022-10-11T19:40:16+00:00\" \/>\n<meta property=\"article:modified_time\" content=\"2024-09-23T09:11:24+00:00\" \/>\n<meta property=\"og:image\" content=\"https:\/\/www.prendstadose.fr\/wp-content\/uploads\/2022\/09\/20534717lpw-20540223-embed-libre-jpg_7260057.jpg\" \/>\n\t<meta property=\"og:image:width\" content=\"1000\" \/>\n\t<meta property=\"og:image:height\" content=\"666\" \/>\n\t<meta property=\"og:image:type\" content=\"image\/jpeg\" \/>\n<meta name=\"author\" content=\"Baudouin Duchange\" \/>\n<meta name=\"twitter:card\" content=\"summary_large_image\" \/>\n<meta name=\"twitter:label1\" content=\"\u00c9crit par\" \/>\n\t<meta name=\"twitter:data1\" content=\"Baudouin Duchange\" \/>\n\t<meta name=\"twitter:label2\" content=\"Dur\u00e9e de lecture estim\u00e9e\" \/>\n\t<meta name=\"twitter:data2\" content=\"13 minutes\" \/>\n<script type=\"application\/ld+json\" class=\"yoast-schema-graph\">{\"@context\":\"https:\/\/schema.org\",\"@graph\":[{\"@type\":\"Article\",\"@id\":\"https:\/\/www.prendstadose.fr\/index.php\/2022\/10\/11\/sur-la-route-des-lacs-d-auvergne-gr30-2\/#article\",\"isPartOf\":{\"@id\":\"https:\/\/www.prendstadose.fr\/index.php\/2022\/10\/11\/sur-la-route-des-lacs-d-auvergne-gr30-2\/\"},\"author\":{\"name\":\"Baudouin Duchange\",\"@id\":\"https:\/\/www.prendstadose.fr\/#\/schema\/person\/470cdc52962d193b3ca01d9cfa243f03\"},\"headline\":\"Sur la route des lacs d\u2019Auvergne (GR30) \u2013 2\/2\",\"datePublished\":\"2022-10-11T19:40:16+00:00\",\"dateModified\":\"2024-09-23T09:11:24+00:00\",\"mainEntityOfPage\":{\"@id\":\"https:\/\/www.prendstadose.fr\/index.php\/2022\/10\/11\/sur-la-route-des-lacs-d-auvergne-gr30-2\/\"},\"wordCount\":2321,\"commentCount\":8,\"publisher\":{\"@id\":\"https:\/\/www.prendstadose.fr\/#organization\"},\"image\":{\"@id\":\"https:\/\/www.prendstadose.fr\/index.php\/2022\/10\/11\/sur-la-route-des-lacs-d-auvergne-gr30-2\/#primaryimage\"},\"thumbnailUrl\":\"https:\/\/www.prendstadose.fr\/wp-content\/uploads\/2022\/09\/20534717lpw-20540223-embed-libre-jpg_7260057.jpg\",\"keywords\":[\"Auvergne\",\"Aventure\",\"Charles Wright\",\"Chemin\",\"D\u00e9couverte\",\"\u00c9glise\",\"\u00e9glise romane\",\"Fromage\",\"GR30\",\"lac\",\"Naps\",\"Randonn\u00e9e\",\"Saint\",\"Saint-Nectaire\",\"Vache\"],\"articleSection\":[\"Carnet de voyage\"],\"inLanguage\":\"fr-FR\",\"potentialAction\":[{\"@type\":\"CommentAction\",\"name\":\"Comment\",\"target\":[\"https:\/\/www.prendstadose.fr\/index.php\/2022\/10\/11\/sur-la-route-des-lacs-d-auvergne-gr30-2\/#respond\"]}]},{\"@type\":\"WebPage\",\"@id\":\"https:\/\/www.prendstadose.fr\/index.php\/2022\/10\/11\/sur-la-route-des-lacs-d-auvergne-gr30-2\/\",\"url\":\"https:\/\/www.prendstadose.fr\/index.php\/2022\/10\/11\/sur-la-route-des-lacs-d-auvergne-gr30-2\/\",\"name\":\"Sur la route des lacs d\u2019Auvergne (GR30) \u2013 2\/2 &#8212; PRENDS TA DOSE\",\"isPartOf\":{\"@id\":\"https:\/\/www.prendstadose.fr\/#website\"},\"primaryImageOfPage\":{\"@id\":\"https:\/\/www.prendstadose.fr\/index.php\/2022\/10\/11\/sur-la-route-des-lacs-d-auvergne-gr30-2\/#primaryimage\"},\"image\":{\"@id\":\"https:\/\/www.prendstadose.fr\/index.php\/2022\/10\/11\/sur-la-route-des-lacs-d-auvergne-gr30-2\/#primaryimage\"},\"thumbnailUrl\":\"https:\/\/www.prendstadose.fr\/wp-content\/uploads\/2022\/09\/20534717lpw-20540223-embed-libre-jpg_7260057.jpg\",\"datePublished\":\"2022-10-11T19:40:16+00:00\",\"dateModified\":\"2024-09-23T09:11:24+00:00\",\"description\":\"Huit jours de randonn\u00e9e en autonomie sur le GR30, baptis\u00e9 la Route des lacs d\u2019Auvergne ! Une aventure de fromages, d'\u00e9glises et de vaches.\",\"breadcrumb\":{\"@id\":\"https:\/\/www.prendstadose.fr\/index.php\/2022\/10\/11\/sur-la-route-des-lacs-d-auvergne-gr30-2\/#breadcrumb\"},\"inLanguage\":\"fr-FR\",\"potentialAction\":[{\"@type\":\"ReadAction\",\"target\":[\"https:\/\/www.prendstadose.fr\/index.php\/2022\/10\/11\/sur-la-route-des-lacs-d-auvergne-gr30-2\/\"]}]},{\"@type\":\"ImageObject\",\"inLanguage\":\"fr-FR\",\"@id\":\"https:\/\/www.prendstadose.fr\/index.php\/2022\/10\/11\/sur-la-route-des-lacs-d-auvergne-gr30-2\/#primaryimage\",\"url\":\"https:\/\/www.prendstadose.fr\/wp-content\/uploads\/2022\/09\/20534717lpw-20540223-embed-libre-jpg_7260057.jpg\",\"contentUrl\":\"https:\/\/www.prendstadose.fr\/wp-content\/uploads\/2022\/09\/20534717lpw-20540223-embed-libre-jpg_7260057.jpg\",\"width\":1000,\"height\":666},{\"@type\":\"BreadcrumbList\",\"@id\":\"https:\/\/www.prendstadose.fr\/index.php\/2022\/10\/11\/sur-la-route-des-lacs-d-auvergne-gr30-2\/#breadcrumb\",\"itemListElement\":[{\"@type\":\"ListItem\",\"position\":1,\"name\":\"Accueil\",\"item\":\"https:\/\/www.prendstadose.fr\/\"},{\"@type\":\"ListItem\",\"position\":2,\"name\":\"Sur la route des lacs d\u2019Auvergne (GR30) \u2013 2\/2\"}]},{\"@type\":\"WebSite\",\"@id\":\"https:\/\/www.prendstadose.fr\/#website\",\"url\":\"https:\/\/www.prendstadose.fr\/\",\"name\":\"PRENDS TA DOSE\",\"description\":\"Capsule Culture Pour Analphab\u00e8tes Lettr\u00e9s\",\"publisher\":{\"@id\":\"https:\/\/www.prendstadose.fr\/#organization\"},\"potentialAction\":[{\"@type\":\"SearchAction\",\"target\":{\"@type\":\"EntryPoint\",\"urlTemplate\":\"https:\/\/www.prendstadose.fr\/?s={search_term_string}\"},\"query-input\":{\"@type\":\"PropertyValueSpecification\",\"valueRequired\":true,\"valueName\":\"search_term_string\"}}],\"inLanguage\":\"fr-FR\"},{\"@type\":\"Organization\",\"@id\":\"https:\/\/www.prendstadose.fr\/#organization\",\"name\":\"PrendsTaDose\",\"url\":\"https:\/\/www.prendstadose.fr\/\",\"logo\":{\"@type\":\"ImageObject\",\"inLanguage\":\"fr-FR\",\"@id\":\"https:\/\/www.prendstadose.fr\/#\/schema\/logo\/image\/\",\"url\":\"https:\/\/www.prendstadose.fr\/wp-content\/uploads\/2021\/08\/logo-e1641309847268.png\",\"contentUrl\":\"https:\/\/www.prendstadose.fr\/wp-content\/uploads\/2021\/08\/logo-e1641309847268.png\",\"width\":400,\"height\":406,\"caption\":\"PrendsTaDose\"},\"image\":{\"@id\":\"https:\/\/www.prendstadose.fr\/#\/schema\/logo\/image\/\"},\"sameAs\":[\"https:\/\/www.facebook.com\/BrigadeSansFrontieres\/\",\"https:\/\/www.instagram.com\/romain_mailliu\/\"]},{\"@type\":\"Person\",\"@id\":\"https:\/\/www.prendstadose.fr\/#\/schema\/person\/470cdc52962d193b3ca01d9cfa243f03\",\"name\":\"Baudouin Duchange\",\"sameAs\":[\"http:\/\/www.bsf.ovh\/\"],\"url\":\"https:\/\/www.prendstadose.fr\/index.php\/author\/baudouinduchange\/\"}]}<\/script>\n<!-- \/ Yoast SEO plugin. -->","yoast_head_json":{"title":"Sur la route des lacs d\u2019Auvergne (GR30) \u2013 2\/2 &#8212; PRENDS TA DOSE","description":"Huit jours de randonn\u00e9e en autonomie sur le GR30, baptis\u00e9 la Route des lacs d\u2019Auvergne ! Une aventure de fromages, d'\u00e9glises et de vaches.","robots":{"index":"index","follow":"follow","max-snippet":"max-snippet:-1","max-image-preview":"max-image-preview:large","max-video-preview":"max-video-preview:-1"},"canonical":"https:\/\/www.prendstadose.fr\/index.php\/2022\/10\/11\/sur-la-route-des-lacs-d-auvergne-gr30-2\/","og_locale":"fr_FR","og_type":"article","og_title":"Sur la route des lacs d\u2019Auvergne (GR30) \u2013 2\/2 &#8212; PRENDS TA DOSE","og_description":"Huit jours de randonn\u00e9e en autonomie sur le GR30, baptis\u00e9 la Route des lacs d\u2019Auvergne ! Une aventure de fromages, d'\u00e9glises et de vaches.","og_url":"https:\/\/www.prendstadose.fr\/index.php\/2022\/10\/11\/sur-la-route-des-lacs-d-auvergne-gr30-2\/","og_site_name":"PRENDS TA DOSE","article_publisher":"https:\/\/www.facebook.com\/BrigadeSansFrontieres\/","article_published_time":"2022-10-11T19:40:16+00:00","article_modified_time":"2024-09-23T09:11:24+00:00","og_image":[{"width":1000,"height":666,"url":"https:\/\/www.prendstadose.fr\/wp-content\/uploads\/2022\/09\/20534717lpw-20540223-embed-libre-jpg_7260057.jpg","type":"image\/jpeg"}],"author":"Baudouin Duchange","twitter_card":"summary_large_image","twitter_misc":{"\u00c9crit par":"Baudouin Duchange","Dur\u00e9e de lecture estim\u00e9e":"13 minutes"},"schema":{"@context":"https:\/\/schema.org","@graph":[{"@type":"Article","@id":"https:\/\/www.prendstadose.fr\/index.php\/2022\/10\/11\/sur-la-route-des-lacs-d-auvergne-gr30-2\/#article","isPartOf":{"@id":"https:\/\/www.prendstadose.fr\/index.php\/2022\/10\/11\/sur-la-route-des-lacs-d-auvergne-gr30-2\/"},"author":{"name":"Baudouin Duchange","@id":"https:\/\/www.prendstadose.fr\/#\/schema\/person\/470cdc52962d193b3ca01d9cfa243f03"},"headline":"Sur la route des lacs d\u2019Auvergne (GR30) \u2013 2\/2","datePublished":"2022-10-11T19:40:16+00:00","dateModified":"2024-09-23T09:11:24+00:00","mainEntityOfPage":{"@id":"https:\/\/www.prendstadose.fr\/index.php\/2022\/10\/11\/sur-la-route-des-lacs-d-auvergne-gr30-2\/"},"wordCount":2321,"commentCount":8,"publisher":{"@id":"https:\/\/www.prendstadose.fr\/#organization"},"image":{"@id":"https:\/\/www.prendstadose.fr\/index.php\/2022\/10\/11\/sur-la-route-des-lacs-d-auvergne-gr30-2\/#primaryimage"},"thumbnailUrl":"https:\/\/www.prendstadose.fr\/wp-content\/uploads\/2022\/09\/20534717lpw-20540223-embed-libre-jpg_7260057.jpg","keywords":["Auvergne","Aventure","Charles Wright","Chemin","D\u00e9couverte","\u00c9glise","\u00e9glise romane","Fromage","GR30","lac","Naps","Randonn\u00e9e","Saint","Saint-Nectaire","Vache"],"articleSection":["Carnet de voyage"],"inLanguage":"fr-FR","potentialAction":[{"@type":"CommentAction","name":"Comment","target":["https:\/\/www.prendstadose.fr\/index.php\/2022\/10\/11\/sur-la-route-des-lacs-d-auvergne-gr30-2\/#respond"]}]},{"@type":"WebPage","@id":"https:\/\/www.prendstadose.fr\/index.php\/2022\/10\/11\/sur-la-route-des-lacs-d-auvergne-gr30-2\/","url":"https:\/\/www.prendstadose.fr\/index.php\/2022\/10\/11\/sur-la-route-des-lacs-d-auvergne-gr30-2\/","name":"Sur la route des lacs d\u2019Auvergne (GR30) \u2013 2\/2 &#8212; PRENDS TA DOSE","isPartOf":{"@id":"https:\/\/www.prendstadose.fr\/#website"},"primaryImageOfPage":{"@id":"https:\/\/www.prendstadose.fr\/index.php\/2022\/10\/11\/sur-la-route-des-lacs-d-auvergne-gr30-2\/#primaryimage"},"image":{"@id":"https:\/\/www.prendstadose.fr\/index.php\/2022\/10\/11\/sur-la-route-des-lacs-d-auvergne-gr30-2\/#primaryimage"},"thumbnailUrl":"https:\/\/www.prendstadose.fr\/wp-content\/uploads\/2022\/09\/20534717lpw-20540223-embed-libre-jpg_7260057.jpg","datePublished":"2022-10-11T19:40:16+00:00","dateModified":"2024-09-23T09:11:24+00:00","description":"Huit jours de randonn\u00e9e en autonomie sur le GR30, baptis\u00e9 la Route des lacs d\u2019Auvergne ! Une aventure de fromages, d'\u00e9glises et de vaches.","breadcrumb":{"@id":"https:\/\/www.prendstadose.fr\/index.php\/2022\/10\/11\/sur-la-route-des-lacs-d-auvergne-gr30-2\/#breadcrumb"},"inLanguage":"fr-FR","potentialAction":[{"@type":"ReadAction","target":["https:\/\/www.prendstadose.fr\/index.php\/2022\/10\/11\/sur-la-route-des-lacs-d-auvergne-gr30-2\/"]}]},{"@type":"ImageObject","inLanguage":"fr-FR","@id":"https:\/\/www.prendstadose.fr\/index.php\/2022\/10\/11\/sur-la-route-des-lacs-d-auvergne-gr30-2\/#primaryimage","url":"https:\/\/www.prendstadose.fr\/wp-content\/uploads\/2022\/09\/20534717lpw-20540223-embed-libre-jpg_7260057.jpg","contentUrl":"https:\/\/www.prendstadose.fr\/wp-content\/uploads\/2022\/09\/20534717lpw-20540223-embed-libre-jpg_7260057.jpg","width":1000,"height":666},{"@type":"BreadcrumbList","@id":"https:\/\/www.prendstadose.fr\/index.php\/2022\/10\/11\/sur-la-route-des-lacs-d-auvergne-gr30-2\/#breadcrumb","itemListElement":[{"@type":"ListItem","position":1,"name":"Accueil","item":"https:\/\/www.prendstadose.fr\/"},{"@type":"ListItem","position":2,"name":"Sur la route des lacs d\u2019Auvergne (GR30) \u2013 2\/2"}]},{"@type":"WebSite","@id":"https:\/\/www.prendstadose.fr\/#website","url":"https:\/\/www.prendstadose.fr\/","name":"PRENDS TA DOSE","description":"Capsule Culture Pour Analphab\u00e8tes Lettr\u00e9s","publisher":{"@id":"https:\/\/www.prendstadose.fr\/#organization"},"potentialAction":[{"@type":"SearchAction","target":{"@type":"EntryPoint","urlTemplate":"https:\/\/www.prendstadose.fr\/?s={search_term_string}"},"query-input":{"@type":"PropertyValueSpecification","valueRequired":true,"valueName":"search_term_string"}}],"inLanguage":"fr-FR"},{"@type":"Organization","@id":"https:\/\/www.prendstadose.fr\/#organization","name":"PrendsTaDose","url":"https:\/\/www.prendstadose.fr\/","logo":{"@type":"ImageObject","inLanguage":"fr-FR","@id":"https:\/\/www.prendstadose.fr\/#\/schema\/logo\/image\/","url":"https:\/\/www.prendstadose.fr\/wp-content\/uploads\/2021\/08\/logo-e1641309847268.png","contentUrl":"https:\/\/www.prendstadose.fr\/wp-content\/uploads\/2021\/08\/logo-e1641309847268.png","width":400,"height":406,"caption":"PrendsTaDose"},"image":{"@id":"https:\/\/www.prendstadose.fr\/#\/schema\/logo\/image\/"},"sameAs":["https:\/\/www.facebook.com\/BrigadeSansFrontieres\/","https:\/\/www.instagram.com\/romain_mailliu\/"]},{"@type":"Person","@id":"https:\/\/www.prendstadose.fr\/#\/schema\/person\/470cdc52962d193b3ca01d9cfa243f03","name":"Baudouin Duchange","sameAs":["http:\/\/www.bsf.ovh\/"],"url":"https:\/\/www.prendstadose.fr\/index.php\/author\/baudouinduchange\/"}]}},"jetpack_publicize_connections":[],"jetpack_featured_media_url":"https:\/\/www.prendstadose.fr\/wp-content\/uploads\/2022\/09\/20534717lpw-20540223-embed-libre-jpg_7260057.jpg","jetpack_sharing_enabled":true,"_links":{"self":[{"href":"https:\/\/www.prendstadose.fr\/index.php\/wp-json\/wp\/v2\/posts\/3580","targetHints":{"allow":["GET"]}}],"collection":[{"href":"https:\/\/www.prendstadose.fr\/index.php\/wp-json\/wp\/v2\/posts"}],"about":[{"href":"https:\/\/www.prendstadose.fr\/index.php\/wp-json\/wp\/v2\/types\/post"}],"author":[{"embeddable":true,"href":"https:\/\/www.prendstadose.fr\/index.php\/wp-json\/wp\/v2\/users\/12"}],"replies":[{"embeddable":true,"href":"https:\/\/www.prendstadose.fr\/index.php\/wp-json\/wp\/v2\/comments?post=3580"}],"version-history":[{"count":5,"href":"https:\/\/www.prendstadose.fr\/index.php\/wp-json\/wp\/v2\/posts\/3580\/revisions"}],"predecessor-version":[{"id":3594,"href":"https:\/\/www.prendstadose.fr\/index.php\/wp-json\/wp\/v2\/posts\/3580\/revisions\/3594"}],"wp:featuredmedia":[{"embeddable":true,"href":"https:\/\/www.prendstadose.fr\/index.php\/wp-json\/wp\/v2\/media\/3535"}],"wp:attachment":[{"href":"https:\/\/www.prendstadose.fr\/index.php\/wp-json\/wp\/v2\/media?parent=3580"}],"wp:term":[{"taxonomy":"category","embeddable":true,"href":"https:\/\/www.prendstadose.fr\/index.php\/wp-json\/wp\/v2\/categories?post=3580"},{"taxonomy":"post_tag","embeddable":true,"href":"https:\/\/www.prendstadose.fr\/index.php\/wp-json\/wp\/v2\/tags?post=3580"}],"curies":[{"name":"wp","href":"https:\/\/api.w.org\/{rel}","templated":true}]}}