{"id":3598,"date":"2022-11-05T19:16:21","date_gmt":"2022-11-05T18:16:21","guid":{"rendered":"https:\/\/www.prendstadose.fr\/?p=3598"},"modified":"2024-09-23T11:11:15","modified_gmt":"2024-09-23T09:11:15","slug":"parcours-du-kitesurf-a-linsertion-professionnelle-dans-les-bidonvilles-2-2","status":"publish","type":"post","link":"https:\/\/www.prendstadose.fr\/index.php\/2022\/11\/05\/parcours-du-kitesurf-a-linsertion-professionnelle-dans-les-bidonvilles-2-2\/","title":{"rendered":"Parcours : du kitesurf \u00e0 l\u2019insertion professionnelle dans les bidonvilles (2\/2)"},"content":{"rendered":"<p>&nbsp;<\/p>\n<p><span style=\"font-size: 14pt;\"><span style=\"font-weight: 400;\">Au bout d\u2019un an de mission avec le mouvement Life Project 4 Youth (LP4Y) en Inde puis aux Philippines, une formation de deux jours me fait r\u00e9aliser l\u2019impact de mes talents sur ma fa\u00e7on de travailler. Elle me permet de comprendre mes choix de vie, du kitesurf au coaching de Jeunes dans les bidonvilles, en passant par la conduite de travaux (voir<\/span><a href=\"https:\/\/www.prendstadose.fr\/index.php\/2022\/09\/28\/parcours-du-kitesurf-a-linsertion-professionnelle-dans-les-bidonville\/\"><span style=\"font-weight: 400;\"> partie 1\/2<\/span><\/a><span style=\"font-weight: 400;\">). La formation en question s&rsquo;appelle le \u201cMode Op\u00e9ratoire Identitaire It\u00e9ratif (MO2I)\u201d.\u00a0<\/span><\/span><\/p>\n<p><span style=\"font-weight: 400; font-size: 14pt;\">Cet article est la seconde partie d\u2019une r\u00e9flexion sur cet itin\u00e9raire atypique. <a href=\"https:\/\/www.prendstadose.fr\/index.php\/category\/carnet-de-voyage\/\">Par ici<\/a> pour lire la premi\u00e8re partie. <\/span><\/p>\n<p>&nbsp;<\/p>\n<p><span style=\"font-size: 14pt;\"><a href=\"https:\/\/www.lp4y.org\/\"><i><span style=\"font-weight: 400;\">Life Project 4 Youth<\/span><\/i><\/a><i><span style=\"font-weight: 400;\"> (LP4Y) est un mouvement pr\u00e9sent dans 14 pays dont la mission est le d\u00e9veloppement de solutions innovantes pour l&rsquo;inclusion professionnelle et sociale des Jeunes (18-24 ans) issus de l&rsquo;extr\u00eame pauvret\u00e9 et victimes d&rsquo;exclusion. LP4Y soutient l&rsquo;inclusion de milliers de Jeunes et de leurs familles dans 48 programmes en Asie, au Moyen-Orient, en Europe et en Am\u00e9rique.<\/span><\/i><\/span><\/p>\n<p>&nbsp;<\/p>\n<p><span style=\"font-size: 14pt;\"><i><span style=\"font-weight: 400;\">Le <\/span><\/i><a href=\"https:\/\/www.joelguillon-excellence.fr\/trouver-son-excellence-en-action\/\"><i><span style=\"font-weight: 400;\">Mode Op\u00e9ratoire Identitaire et It\u00e9ratif<\/span><\/i><\/a><i><span style=\"font-weight: 400;\"> (MO2I) est une m\u00e9thode pour d\u00e9couvrir et d\u00e9finir votre domaine d\u2019excellence. Les deux jours de formation aboutissent \u00e0 la formulation d\u2019une phrase d\u00e9finissant un mode op\u00e9ratoire qui vous est propre, c&rsquo;est-\u00e0-dire le processus d\u2019action dans lequel vous \u00eates, sans en avoir conscience, en excellence (donc en ma\u00eetrise, et surtout en plaisir !).<\/span><\/i><\/span><\/p>\n<h3><\/h3>\n<h3><a href=\"https:\/\/www.prendstadose.fr\/index.php\/2022\/11\/05\/parcours-du-kitesurf-a-linsertion-professionnelle-dans-les-bidonvilles-2-2\/\"><span style=\"font-size: 18pt;\">&gt;&gt; D\u00e9couvrir la partie 2\u00a0<\/span><\/a><\/h3>\n<h2><\/h2>\n<h2><span style=\"font-size: 24pt;\"><b>Excellence d\u2019action<\/b><\/span><\/h2>\n<p><span style=\"font-size: 14pt;\"><span style=\"font-weight: 400;\">En plus de ma soif de d\u00e9fis et de mon go\u00fbt pour l&rsquo;adr\u00e9naline (voir <\/span><a href=\"https:\/\/www.prendstadose.fr\/index.php\/2022\/09\/28\/parcours-du-kitesurf-a-linsertion-professionnelle-dans-les-bidonville\/\"><span style=\"font-weight: 400;\">partie 1\u20442)<\/span><\/a><span style=\"font-weight: 400;\">, le mot \u201ccomprendre\u201d est sans cesse revenu lors de mes deux jours de stage. J&rsquo;exprimais en fait un d\u00e9sir et une capacit\u00e9 \u00e0 trouver les mots pour expliquer une situation. D\u2019autre part, que ce soit aux jeux, en sport ou dans la vie en g\u00e9n\u00e9ral la notion de comp\u00e9tition et d&rsquo;adversaire est omnipr\u00e9sente.\u00a0<\/span><\/span><\/p>\n<p><span style=\"font-weight: 400; font-size: 14pt;\">Avant de partir avec LP4Y, j\u2019\u00e9tais conducteur de travaux chez Vinci \u00e0 Paris. En plus de l\u2019adr\u00e9naline qu\u2019on y trouve, c\u2019est la partie humaine qui m\u2019a attir\u00e9 sur les chantiers.\u00a0<\/span><\/p>\n<p><span style=\"font-weight: 400; font-size: 14pt;\">Ce qui m\u2019int\u00e9ressait, c\u2019\u00e9tait le conflit avec un syndiqu\u00e9, une dispute entre deux sous-traitants, la gestion d\u2019un ouvrier imbib\u00e9 d\u2019alcool. Challenger mes coll\u00e8gues sur leurs prises de d\u00e9cision, analyser les diff\u00e9rences culturelles au sein du chantier, \u00e9taient tout autant des sources de motivation.<\/span><\/p>\n<p><span style=\"font-weight: 400; font-size: 14pt;\">Je consid\u00e9rais comme une chance de pouvoir \u00e9changer avec le man\u0153uvre (fonction d\u2019homme \u00e0 tout faire) \u00e9rythr\u00e9en arriv\u00e9 en France quelques mois plus t\u00f4t. C\u2019\u00e9tait passionnant de discuter avec le ma\u00e7on portugais, qui me louait son pays pourtant quitt\u00e9 \u00e0 l\u2019\u00e2ge de 16 ans pour un salaire plus attractif. Ou de finir \u00e0 23h pour accompagner le plaquiste polonais explosant ses heures de travail pour ses r\u00eaves de fortune. Et aussi apprendre de mes coll\u00e8gues Mahmoud, centralien ayant grandi dans une cit\u00e9 de Saint-Ouen, et Philippe, fils d\u2019agriculteur de la campagne troyenne.\u00a0<\/span><\/p>\n<p><span style=\"font-size: 14pt;\"><span style=\"font-weight: 400;\">Seulement, <\/span><span style=\"font-weight: 400;\">f<\/span><span style=\"font-weight: 400;\">aire une analyse soci\u00e9tale du chantier n\u2019\u00e9tait pas vraiment ce qui m\u2019\u00e9tait demand\u00e9.\u00a0<\/span><\/span><\/p>\n<p><span style=\"font-size: 14pt;\"><span style=\"font-weight: 400;\">Dans ce travail, les moments o\u00f9 mon excellence se d\u00e9clenchait \u00e9taient trop rares \u00e0 mon go\u00fbt. <\/span><span style=\"font-weight: 400;\">R<\/span><span style=\"font-weight: 400;\">\u00e9fl\u00e9chir sur la section d\u2019une poutre, n\u00e9gocier la qualit\u00e9 du parquet ou discuter de l\u2019itin\u00e9raire des r\u00e9seaux de plomberie<\/span><span style=\"font-weight: 400;\">,<\/span><span style=\"font-weight: 400;\"> \u00e9taient source d\u2019ennui pour moi.<\/span><\/span><\/p>\n<p><span style=\"font-weight: 400; font-size: 14pt;\">O\u00f9 allais-je donc pouvoir mettre mon excellence au c\u0153ur de mon travail ?<\/span><\/p>\n<p>&nbsp;<\/p>\n<p><span style=\"font-size: 24pt;\"><b>Le syndrome de l\u2019imposteur<\/b><\/span><\/p>\n<p><span style=\"font-weight: 400; font-size: 14pt;\">Quand on d\u00e9couvre son excellence, on est souvent d\u00e9\u00e7u. On se demande comment quelque chose que l\u2019on fait avec tant de facilit\u00e9 peut \u00eatre autant admir\u00e9 par les autres. Banaliser son excellence est alors une r\u00e9action classique. Pire, on peut culpabiliser de se faire payer cher pour ce talent. Alors que c\u2019est justement l\u00e0 o\u00f9 on vaut le plus. On appelle \u00e7a le syndrome de l\u2019imposteur.<\/span><\/p>\n<p><span style=\"font-size: 14pt;\"><span style=\"font-weight: 400;\">Ce ph\u00e9nom\u00e8ne n\u2019\u00e9pargne personne, pas m\u00eame les plus grands. Jean S\u00e9bastien Bach disait sur son lit de mort : \u201cJ\u2019ai juste travaill\u00e9 avec application\u201d. Albert Einstein affirmait : \u201cJe n\u2019ai pas de talent sp\u00e9cial, je suis seulement curieux avec passion\u201d. Alain Resnais, consid\u00e9r\u00e9 comme l&rsquo;un des grands repr\u00e9sentants de la <\/span><a href=\"https:\/\/fr.wikipedia.org\/wiki\/Nouvelle_Vague\"><span style=\"font-weight: 400;\">Nouvelle Vague<\/span><\/a><span style=\"font-weight: 400;\"> du cin\u00e9ma fran\u00e7ais, confiait \u00e0 l\u2019Express en 2012 : \u201cJe ne suis pas un auteur, juste un bricoleur\u201d. Et enfin ma femme, Albane, r\u00e9p\u00e9tait la semaine apr\u00e8s la formation : \u201cMon excellence est nulle\u201d, \u201cCe que je fais, tout le monde peut le faire\u201d. Son excellence est d\u2019impulser des projets porteurs de sens.<\/span><\/span><\/p>\n<p>&nbsp;<\/p>\n<blockquote><p><span style=\"font-size: 14pt;\"><i><span style=\"font-weight: 400;\">Le g\u00e9nie ne peut expliquer scientifiquement comment il r\u00e9alise son produit.<br \/>\n<\/span><\/i><span style=\"font-weight: 400;\">Emmanuel Kant<\/span><\/span><\/p><\/blockquote>\n<p>&nbsp;<\/p>\n<h2><span style=\"font-size: 24pt;\"><b>Assimilation de son excellence<\/b><\/span><\/h2>\n<p><span style=\"font-weight: 400; font-size: 14pt;\">Pour qu\u2019une excellence s\u2019impose et rayonne, il faut d\u2019abord qu\u2019elle soit reconnue puis d\u00e9clar\u00e9e. Le chemin vers l&rsquo;assimilation de son excellence dure entre 6 mois et 2 ans. Comme je l\u2019explique dans la partie 1\/2, cette formation a eu un effet radical sur ma vie et m\u2019a permis de comprendre beaucoup de choses. Quant \u00e0 mon excellence : les d\u00e9fis me mettent en action, l\u2019adr\u00e9naline est mon carburant, et essayer de comprendre l\u2019autre et de se mettre dans sa peau est quelque chose qui m\u2019anime.\u00a0<\/span><\/p>\n<p><span style=\"font-weight: 400; font-size: 14pt;\">Apr\u00e8s un r\u00e9cent \u00e9change avec mon amie coach de la m\u00e9thode, No\u00e9mie (voir partie \u00bd), j\u2019ai compris que j\u2019aime vivre des situations extr\u00eames, face \u00e0 un adversaire (le joueur, le vent etc..), pour comprendre les diff\u00e9rents points de vue et trouver les bons mots pour faire avancer les choses.<\/span><\/p>\n<p><span style=\"font-weight: 400; font-size: 14pt;\">Si j\u2019aime tant mon exp\u00e9rience \u00e0 LP4Y, c\u2019est que les d\u00e9fis plein de sens y sont quotidiens, l\u2019adr\u00e9naline intervient par la nouveaut\u00e9 et l\u2019adaptation permanente, et la notion de perspective dans mon r\u00f4le de coach est capitale.<\/span><\/p>\n<p>&nbsp;<\/p>\n<h2><span style=\"font-size: 24pt;\"><b>LP4Y : un environnement propice \u00e0 exprimer mon excellence<\/b><\/span><\/h2>\n<p><span style=\"font-weight: 400; font-size: 14pt;\">A LP4Y, le ma\u00eetre mot est le \u201clet-it-go\u201d (l\u00e2cher prise). L\u2019exp\u00e9rience LP4Y, c\u2019est tout quitter pour partir \u00e0 l\u2019autre bout du monde travailler pour l\u2019inclusion sociale et professionnelle des plus exclus. C\u2019est aussi s\u2019adapter \u00e0 une culture et aux codes de la pauvret\u00e9, \u00e0 un climat et un r\u00e9gime alimentaire. Lors de vos 2 ans de mission, on attend de vous un certain degr\u00e9 de professionnalisme dans un poste et un pays que vous n\u2019avez pas choisis, et que vous viviez en communaut\u00e9 avec vos coll\u00e8gues. C\u2019est de loin la plus belle exp\u00e9rience de ma vie. Je m\u2019y suis \u00e9panoui comme nulle part ailleurs.<\/span><\/p>\n<p><span style=\"font-weight: 400; font-size: 14pt;\">C\u2019est aussi l\u2019exp\u00e9rience la plus exigeante que j\u2019ai pu vivre. Se confronter \u00e0 la duret\u00e9 de la vie des bidonvilles, s\u2019habituer \u00e0 la frugalit\u00e9, et s\u2019adapter \u00e0 la vie communautaire, est une mission impossible sans ce fameux \u201clet-it-go\u201d. Il signifie pour moi de rester humble, de faire confiance, et d&rsquo;accueillir ce que la vie me donne.<\/span><\/p>\n<p>&nbsp;<\/p>\n<h3 style=\"text-align: center;\"><strong><span style=\"font-size: 14pt;\"><em>Bienvenue dans un nouveau monde, ouvrez vos sens, et l\u00e2chez-prise.<\/em><\/span><\/strong><\/h3>\n<p>&nbsp;<\/p>\n<h4 style=\"text-align: center;\"><span style=\"font-size: 18pt;\">Inde<\/span><\/h4>\n<div style=\"width: 601px\" class=\"wp-caption aligncenter\"><img loading=\"lazy\" decoding=\"async\" style=\"margin-left: 0px; margin-top: 0px;\" src=\"https:\/\/lh6.googleusercontent.com\/_JR3WcOfg7JzGrWdZBfxHXII6CcN6hIjaFgbXWifH3t37FQ6Ty37yRKL70Id0g9Fa4rTDi_fRCTKIGDSqA_TS4W-QSXX7mei1VG6mb_KnRrpC9qSm04tHOFJI-tIYR3U_5pGq2jPgO0rxmSPfwUEDjBY5SUX1upqFmh-FNhOrMxSFaKeTMcfRA3YWTr0-A\" alt=\"\" width=\"591\" height=\"393\" \/><p class=\"wp-caption-text\">Inde &#8211; \u00a9 Albane d&rsquo;Harcourt<\/p><\/div>\n<div id=\"attachment_3603\" style=\"width: 1034px\" class=\"wp-caption aligncenter\"><img loading=\"lazy\" decoding=\"async\" aria-describedby=\"caption-attachment-3603\" class=\"wp-image-3603 size-large\" src=\"https:\/\/www.prendstadose.fr\/wp-content\/uploads\/2022\/11\/DSC00316-1-1024x683.jpg\" alt=\"\" width=\"1024\" height=\"683\" srcset=\"https:\/\/www.prendstadose.fr\/wp-content\/uploads\/2022\/11\/DSC00316-1-1024x683.jpg 1024w, https:\/\/www.prendstadose.fr\/wp-content\/uploads\/2022\/11\/DSC00316-1-300x200.jpg 300w, https:\/\/www.prendstadose.fr\/wp-content\/uploads\/2022\/11\/DSC00316-1-768x512.jpg 768w, https:\/\/www.prendstadose.fr\/wp-content\/uploads\/2022\/11\/DSC00316-1-1536x1024.jpg 1536w, https:\/\/www.prendstadose.fr\/wp-content\/uploads\/2022\/11\/DSC00316-1-2048x1365.jpg 2048w, https:\/\/www.prendstadose.fr\/wp-content\/uploads\/2022\/11\/DSC00316-1-1170x780.jpg 1170w, https:\/\/www.prendstadose.fr\/wp-content\/uploads\/2022\/11\/DSC00316-1-1920x1280.jpg 1920w, https:\/\/www.prendstadose.fr\/wp-content\/uploads\/2022\/11\/DSC00316-1-585x390.jpg 585w, https:\/\/www.prendstadose.fr\/wp-content\/uploads\/2022\/11\/DSC00316-1-263x175.jpg 263w\" sizes=\"auto, (max-width: 1024px) 100vw, 1024px\" \/><p id=\"caption-attachment-3603\" class=\"wp-caption-text\">Inde &#8211; \u00a9 Albane d&rsquo;Harcourt<\/p><\/div>\n<div style=\"width: 592px\" class=\"wp-caption aligncenter\"><img loading=\"lazy\" decoding=\"async\" style=\"margin-left: 0px; margin-top: 0px;\" src=\"https:\/\/lh6.googleusercontent.com\/g0WEqYfsGrvFasHbRmxxeq2D8Qt_2mbp7LMOWX34sMJPrTPy10QndKpct6pTAcHvtqsIBsLCTPijc7bVOO3ZsMniut7BGsIEZDLax8GMXz9QCVW410VF9jVPu4CjjbDpWbj3XIERuxkRYdXDK7PTpDMol1eU1ww0Y3rI6ZXntcOejfBfibRnB8FhzAmXZA\" alt=\"\" width=\"582\" height=\"387\" \/><p class=\"wp-caption-text\">Inde &#8211; \u00a9 Albane d&rsquo;Harcourt<\/p><\/div>\n<div id=\"attachment_3600\" style=\"width: 1034px\" class=\"wp-caption aligncenter\"><img loading=\"lazy\" decoding=\"async\" aria-describedby=\"caption-attachment-3600\" class=\"wp-image-3600 size-large\" src=\"https:\/\/www.prendstadose.fr\/wp-content\/uploads\/2022\/11\/DSC02741-1024x683.jpg\" alt=\"Inde - Thomas \" width=\"1024\" height=\"683\" srcset=\"https:\/\/www.prendstadose.fr\/wp-content\/uploads\/2022\/11\/DSC02741-1024x683.jpg 1024w, https:\/\/www.prendstadose.fr\/wp-content\/uploads\/2022\/11\/DSC02741-300x200.jpg 300w, https:\/\/www.prendstadose.fr\/wp-content\/uploads\/2022\/11\/DSC02741-768x512.jpg 768w, https:\/\/www.prendstadose.fr\/wp-content\/uploads\/2022\/11\/DSC02741-1536x1024.jpg 1536w, https:\/\/www.prendstadose.fr\/wp-content\/uploads\/2022\/11\/DSC02741-2048x1365.jpg 2048w, https:\/\/www.prendstadose.fr\/wp-content\/uploads\/2022\/11\/DSC02741-1170x780.jpg 1170w, https:\/\/www.prendstadose.fr\/wp-content\/uploads\/2022\/11\/DSC02741-1920x1280.jpg 1920w, https:\/\/www.prendstadose.fr\/wp-content\/uploads\/2022\/11\/DSC02741-585x390.jpg 585w, https:\/\/www.prendstadose.fr\/wp-content\/uploads\/2022\/11\/DSC02741-263x175.jpg 263w\" sizes=\"auto, (max-width: 1024px) 100vw, 1024px\" \/><p id=\"caption-attachment-3600\" class=\"wp-caption-text\">Inde &#8211; \u00a9 Albane d&rsquo;Harcourt<\/p><\/div>\n<p>&nbsp;<\/p>\n<div style=\"width: 612px\" class=\"wp-caption aligncenter\"><img loading=\"lazy\" decoding=\"async\" style=\"margin-left: 0px; margin-top: 0px;\" src=\"https:\/\/lh4.googleusercontent.com\/UVJ3YLvm3d5GPR8503i13WU5DTzJo9WTlcVLCYcbFKtpcwRnZXWTzO1hbXgTOoNOqB_533h7nPO6y6SIJ9MMJ9V2L7_QgcvbKktBsPwoAvvPnV1peJiLlcs1GWRpPEKXsGLuUhNW647AJJSXUIetB-XdjSuk3jTBxVm7ATmu3bQYK_Fiz1EQ4VzBonruuw\" alt=\"\" width=\"602\" height=\"401\" \/><p class=\"wp-caption-text\">Inde &#8211; \u00a9 Albane d&rsquo;Harcourt<\/p><\/div>\n<h4><\/h4>\n<p>&nbsp;<\/p>\n<h4 style=\"text-align: center;\"><span style=\"font-size: 18pt;\"><strong>Philippines<\/strong><\/span><\/h4>\n<p>&nbsp;<\/p>\n<div style=\"width: 612px\" class=\"wp-caption aligncenter\"><img loading=\"lazy\" decoding=\"async\" style=\"margin-left: 0px; margin-top: 0px;\" src=\"https:\/\/lh6.googleusercontent.com\/PbDkzGtfQGRLGnQB86RM7aucI5ovLGOguIcxt76XMcIR3eDvRU3-s5qjuiqPDJAqEGJwY4VpsEEWc7kF7iIQ4Ii_qskHT1T42qN0XR63uEZk0gwIdTKkRn81AXGWgXtlBkGQ-LyCaqDiF-J0QJlnQ0NoBq0tiHasYSXpizA8E67tfGOqjtYFvqcMcQFjsQ\" alt=\"\" width=\"602\" height=\"451\" \/><p class=\"wp-caption-text\">Philippines &#8211; \u00a9 Thomas d&rsquo;Harcourt<\/p><\/div>\n<p>&nbsp;<\/p>\n<h3><\/h3>\n<h3><span style=\"font-size: 24pt;\"><b>Perspective<\/b><\/span><\/h3>\n<p><span style=\"font-weight: 400; font-size: 14pt;\">Nous avons beau vivre dans la frugalit\u00e9 et habiter \u00e0 deux pas des bidonvilles, jamais nous ne pourrons comprendre l\u2019exclusion.<\/span><\/p>\n<p><span style=\"font-size: 14pt;\"><span style=\"font-weight: 400;\">Le couple fondateur du mouvement LP4Y a tent\u00e9 l&rsquo;exp\u00e9rience de la pauvret\u00e9 mat\u00e9rielle. Apr\u00e8s avoir vendu tous leurs biens, tout ce qu\u2019ils poss\u00e8dent tient d\u00e9sormais dans un bagage cabine. Cela leur permet de se lib\u00e9rer de beaucoup de contraintes mais ne suffit pas, comme ils en t\u00e9moignent, pour appr\u00e9hender la perspective des plus exclus. Les 40 ans de vie entrepreneuriale r\u00e9ussie et de vie de famille \u00e9panouie leur donnent un niveau d\u2019estime de soi tr\u00e8s difficile \u00e0 atteindre pour un Jeune <\/span><a href=\"https:\/\/albanethomaslp4y.blogspot.com\/2022\/07\/home-visit.html\"><span style=\"font-weight: 400;\">qui a grandi dans un bidonville<\/span><\/a><span style=\"font-weight: 400;\"> (cliquez sur le lien !). Ils ont aussi toujours la possibilit\u00e9 d\u2019appeler \u00e0 l\u2019aide en cas de p\u00e9pin de sant\u00e9. Cela biaise in\u00e9vitablement la perspective.<\/span><\/span><\/p>\n<p><span style=\"font-weight: 400; font-size: 14pt;\">Malgr\u00e9 un engagement total \u00e0 d\u00e9fendre la cause des plus exclus, les fondateurs d\u2019LP4Y ont compris que laisser la parole aux principaux concern\u00e9s est indispensable pour trouver des solutions pour l\u2019inclusion. La solution doit venir des pauvres. Le mouvement ATD Quart Monde, dont LP4Y s\u2019inspire, se bat pour leur donner la parole depuis 65 ans d\u00e9j\u00e0.<\/span><\/p>\n<p><span style=\"font-size: 14pt;\"><span style=\"font-weight: 400;\">Dans le livre <\/span><a href=\"https:\/\/www.babelio.com\/livres\/Lapierre-La-cite-de-la-joie\/11219\"><span style=\"font-weight: 400;\">La Cit\u00e9 de la Joie<\/span><\/a><span style=\"font-weight: 400;\">, le personnage de Paul Lambert (inspir\u00e9 du p\u00e8re <\/span><a href=\"https:\/\/fr.wikipedia.org\/wiki\/Fran%C3%A7ois_Laborde\"><span style=\"font-weight: 400;\">Fran\u00e7ois Laborde<\/span><\/a><span style=\"font-weight: 400;\">) fait l\u2019exp\u00e9rience de la vie parmi les pauvres, comme les pauvres. Dans les conditions extr\u00eames des bidonvilles de Calcutta, il refuse tout soin m\u00e9dical ou autres privil\u00e8ges li\u00e9s \u00e0 son statut d&rsquo;occidental, et ce m\u00eame dans les moments les plus critiques. A-t-il pu un jour parler avec la voix du pauvre ?<\/span><\/span><\/p>\n<p><span style=\"font-size: 14pt;\"><strong>\u00a0<\/strong><\/span><\/p>\n<h2><span style=\"font-size: 24pt;\"><b>Mon excellence mise \u00e0 l\u2019\u00e9preuve<\/b><\/span><\/h2>\n<p><span style=\"font-weight: 400; font-size: 14pt;\">J\u2019ai donc abord\u00e9 ma mission de coach avec le postulat que, venant d\u2019un milieu privil\u00e9gi\u00e9, il m\u2019est impossible de comprendre l\u2019exclusion. Un constat qui ne met pas \u00e0 l&rsquo;abri de certaines d\u00e9sillusions.<\/span><\/p>\n<p><span style=\"font-weight: 400; font-size: 14pt;\">Imaginez le tableau : LP4Y propose des formations dans des locaux au c\u0153ur des bidonvilles. Les Jeunes, entre 18 et 24 ans, rejet\u00e9s du cursus scolaire, y sont accompagn\u00e9s pour sortir de l\u2019exclusion. A la cl\u00e9, des opportunit\u00e9s de travail dans des entreprises pr\u00eates \u00e0 se mobiliser pour l\u2019inclusion. <\/span><\/p>\n<p><span style=\"font-size: 14pt;\"><span style=\"font-weight: 400;\">Aujourd&rsquo;hui, ces Jeunes sont souvent us\u00e9s par des travaux \u00e9reintant ou astreints aux t\u00e2ches m\u00e9nag\u00e8res par leur famille. Un Jeune qui rejoint un centre de formation LP4Y, c&rsquo;est une ressource financi\u00e8re ou humaine en moins pour sa famille. Pour pallier ce manque, LP4Y a d\u00e9velopp\u00e9 un <\/span><a href=\"https:\/\/albanethomaslp4y.blogspot.com\/2022\/02\/savings-out.html\"><span style=\"font-weight: 400;\">syst\u00e8me d&rsquo;indemnit\u00e9<\/span><span style=\"font-weight: 400;\">.<\/span><\/a><span style=\"font-weight: 400;\"> Celui-ci fournit aux Jeunes de quoi payer les besoins quotidiens et les d\u00e9penses li\u00e9es \u00e0 l\u2019int\u00e9gration professionnelle (v\u00eatement, transport, papiers d\u2019identit\u00e9, frais m\u00e9dicaux pour arranger une dentition trop excluante etc\u2026). Comment refuser une telle opportunit\u00e9 ?<\/span><\/span><\/p>\n<p><span style=\"font-weight: 400; font-size: 14pt;\">Quand le bouche \u00e0 oreille ne suffit pas, nous allons mobiliser en frappant aux portes (pardonnez-moi l&rsquo;expression, rares sont les portes dans un bidonville). Les Jeunes du centre d\u00e9ploient toute leur \u00e9nergie pour t\u00e9moigner des bienfaits de LP4Y. Malgr\u00e9 cette proposition \u201cen or\u201d, nombreux sont les Jeunes qui pr\u00e9f\u00e8rent continuer leur vie actuelle, \u00e0 trimer ou \u00e0 rester chez eux \u00e0 ne rien faire. Timidit\u00e9 ? Peur ? Si c\u2019est parfois frustrant de les voir refuser une telle opportunit\u00e9, qui sommes-nous pour juger ? Combien de fois dans nos vies sommes-nous sortis de nos zones de confort ?<\/span><\/p>\n<p><span style=\"font-weight: 400; font-size: 14pt;\">Certains parlent de fain\u00e9antise, comme cet am\u00e9ricain nous racontant l\u2019anecdote suivante : suite \u00e0 un typhon d\u00e9vastateur aux Philippines, son entreprise d\u00e9cide d\u2019apporter son soutien aux sinistr\u00e9s. Pour \u00e9viter de tomber dans l\u2019assistanat, les secours cherchent parfois \u00e0 impliquer les personnes concern\u00e9es. Ils font alors \u00e0 la population cette proposition all\u00e9chante : l\u2019entreprise vous fournit le mat\u00e9riel n\u00e9cessaire \u00e0 la reconstruction de votre maison, et pour chaque heure travaill\u00e9e de votre part, l\u2019entreprise vous offre 10h de main d&rsquo;\u0153uvre. Cet am\u00e9ricain tomba de haut lorsqu&rsquo;il essuya des refus : \u201cI was more excited than them to repair their own house!\u201d, nous raconte-t-il.<\/span><\/p>\n<p><span style=\"font-weight: 400; font-size: 14pt;\">Le pouvoir de dire non serait-ce la derni\u00e8re libert\u00e9 du pauvre ?<\/span><\/p>\n<p>&nbsp;<\/p>\n<p><span style=\"font-size: 24pt;\"><b>Mise en action de mon excellence<\/b><\/span><\/p>\n<p><span style=\"font-weight: 400; font-size: 14pt;\">Je n\u2019\u00e9tais pas l\u00e0 pour demander \u00e0 ces gens les raisons de leur refus. Je suis moi m\u00eame souvent surpris par les r\u00e9actions des Jeunes. C\u2019est l\u00e0 que j\u2019active mon mode op\u00e9ratoire en essayant de comprendre en changeant de perspective. Je sais de par mon exp\u00e9rience avec les Jeunes que notre instinct se trompe syst\u00e9matiquement lorsqu\u2019on \u00e9voque la fain\u00e9antise. Ce qu&rsquo;on cache derri\u00e8re la \u201cflemme\u201d n\u2019est que peur, honte ou manque de confiance, d\u2019espoir ou de sens. Cela vaut pour le Jeune ais\u00e9e qui tourne en rond en fuyant la r\u00e9alit\u00e9 derri\u00e8re des s\u00e9ries Netflix comme pour le Jeune de cit\u00e9 qui pr\u00e9f\u00e8re dealer plut\u00f4t que de livrer des sushis pour 1000\u20ac par mois. Cela vaut aussi pour le Jeune du bidonville qui ne vient pas au centre, ou qui refuse une opportunit\u00e9 de travail offerte sur un plateau.<\/span><\/p>\n<p>&nbsp;<\/p>\n<h3 style=\"text-align: center;\"><strong><span style=\"font-size: 14pt;\"><em>Quand les Jeunes partent faire du porte \u00e0 porte pour mobiliser (Manille)<\/em><\/span><\/strong><\/h3>\n<p>&nbsp;<\/p>\n<p><img loading=\"lazy\" decoding=\"async\" class=\"aligncenter\" style=\"margin-left: 0px; margin-top: 0px;\" src=\"https:\/\/lh4.googleusercontent.com\/_qJ-QRMIamEdv_u8SJqsaMrxmq1B2x1vqYmaB2Zq1zmGSuYC_g5PMOFF_sqhXBnNGMVJLgAgW4lFtUBrFauEKGh1qFoQo7msmCDIGsTTu1CoJ3F6E5HKJuS91XA0Ku-qCs55Ej0T9LZmEKYHRCYwpVBY_e23BvJeXA4LbA_yl14f-osPuDRHznywBN9qBw\" alt=\"\" width=\"431\" height=\"576\" \/><\/p>\n<div style=\"width: 440px\" class=\"wp-caption aligncenter\"><img loading=\"lazy\" decoding=\"async\" style=\"margin-left: 0px; margin-top: 0px;\" src=\"https:\/\/lh6.googleusercontent.com\/qqs6ZPby855TdyEOD0f6PEHnSYzdONjuIPIzxKAZCV2rynEzu9UgRr-mDYX4URdiHBqCjLwqOZdxXlI1JXbb0iiAuVOIIwRR_EoTZlO4jV_CypEdQiguFiix7em-Rz3qhp1HEN3-qJDgJGA3L0n0iQupNOg4h4qG-GFhBp2AyCy1AdSBTLSN_JwbIjVmpQ\" alt=\"\" width=\"430\" height=\"322\" \/><p class=\"wp-caption-text\">Philippines &#8211; \u00a9 Thomas d&rsquo;Harcourt<\/p><\/div>\n<p>&nbsp;<\/p>\n<p>&nbsp;<\/p>\n<p><span style=\"font-weight: 400; font-size: 14pt;\">Il m\u2019est d\u2019ailleurs arriv\u00e9 de faire la m\u00eame erreur que cet am\u00e9ricain au d\u00e9but de ma mission. Je propose \u00e0 Andrea, une des Jeunes les plus prometteuses du programme, un poste de r\u00e9ceptionniste au lyc\u00e9e Fran\u00e7ais de Manille. La voyant visiblement d\u00e9\u00e7ue apr\u00e8s l\u2019entretien d\u2019embauche, je la mobilise pour demander une seconde chance \u00e0 l&#8217;employeur. Nous travaillons ensemble sur une vid\u00e9o de motivation. L\u2019effet escompt\u00e9 a lieu et elle d\u00e9croche un nouvel entretien. Ce n\u2019est qu\u2019apr\u00e8s avoir d\u00e9croch\u00e9 le contrat qu\u2019elle me confie qu\u2019elle va d\u00e9cliner l\u2019offre.<\/span><\/p>\n<p><span style=\"font-weight: 400; font-size: 14pt;\">C\u2019\u00e9tait moi qui lui avais trouv\u00e9 ce job. Je me suis ensuite impliqu\u00e9 personnellement en la valorisant aupr\u00e8s du recruteur. Je ne comprenais pas comment Andr\u00e9a, leader du centre, avait pu passer \u00e0 c\u00f4t\u00e9 d\u2019une telle opportunit\u00e9. En me battant pour ce succ\u00e8s plus que pour Andr\u00e9a elle-m\u00eame, j\u2019ai oubli\u00e9 d\u2019\u00eatre \u00e0 l\u2019\u00e9coute de son r\u00e9el besoin.<\/span><\/p>\n<p><span style=\"font-size: 14pt;\"><span style=\"font-weight: 400;\">C\u2019est ce que le m\u00e9tier de coach vous apprend le plus. Dans leur discussion accouchant du <\/span><a href=\"https:\/\/editions.flammarion.com\/le-livre-de-la-joie\/9782081382107\"><span style=\"font-weight: 400;\">Livre de la Joie<\/span><\/a><span style=\"font-weight: 400;\"> (ed.Flammarion), le Dala\u00ef Lama et l\u2019archev\u00eaque Desmond Tutu appellent cela la \u201cperspective\u201d. C\u2019est l\u2019un des 8 piliers de la joie.<\/span><\/span><\/p>\n<p><span style=\"font-size: 14pt;\"><i><span style=\"font-weight: 400;\">Pour aller plus loin : Lucie Dubert s\u2019inspire de ce livre pour nous transmettre ce qu&rsquo;elle retient de <\/span><\/i><a href=\"https:\/\/www.lp4y.org\/bahini\"><i><span style=\"font-weight: 400;\">son exp\u00e9rience \u00e0 LP4Y<\/span><\/i><\/a><i><span style=\"font-weight: 400;\">. Un livre destin\u00e9 aussi bien \u00e0 ceux qui souhaitent s\u2019engager qu&rsquo;aux lecteurs avides de sens et d\u2019exotisme.<\/span><\/i><\/span><\/p>\n<p><span style=\"font-weight: 400; font-size: 14pt;\">Andrea a finalement trouv\u00e9 un travail pour le gouvernement, synonyme de s\u00e9curit\u00e9 pour beaucoup de Philippins. Concr\u00e8tement, elle faisait du porte \u00e0 porte pour recenser la population, pour un salaire inf\u00e9rieur \u00e0 celui que lui avait propos\u00e9 le Lyc\u00e9e Fran\u00e7ais. Il y a mille raisons possibles pour lesquelles elle a refus\u00e9 le job de r\u00e9ceptionniste. Il n\u2019est pas forc\u00e9ment utile de les conna\u00eetre. Elle est maintenant commerciale dans une grande entreprise avec un bon salaire.<\/span><\/p>\n<p><span style=\"font-size: 14pt;\"><strong>\u00a0<\/strong><\/span><\/p>\n<h3 style=\"text-align: center;\"><strong><span style=\"font-size: 14pt;\"><em>Quand deux mondes se rencontrent : visite de Hyatt au centre puis de LP4Y au Grand Hyatt de Manille<\/em><\/span><\/strong><\/h3>\n<h3 dir=\"ltr\" style=\"line-height: 1.295; text-align: center; margin-top: 0pt; margin-bottom: 8pt;\"><\/h3>\n<p>&nbsp;<\/p>\n<div style=\"width: 305px\" class=\"wp-caption alignleft\"><img loading=\"lazy\" decoding=\"async\" style=\"margin-left: 0px; margin-top: 0px;\" src=\"https:\/\/lh3.googleusercontent.com\/F3aexf-rQJyzU_W8EMczIX3b2aBdhEielTNo6haNjnxS7P0oHIyMVmv5jKLbsc2fuvpjwkrCMkWDK-ZYnJqkJGnC53HmbZ-35yu0YkbGM1IwqYXW6uGoqNOVK5EqA3QQBBlk-VdrtNgkuZLkdnK74WmZUTY5blO43k6pEH4Fj56NVTq2850S7hH4LBiPSw\" alt=\"\" width=\"295\" height=\"221\" \/><p class=\"wp-caption-text\">Philippines &#8211; \u00a9 Thomas d&rsquo;Harcourt<\/p><\/div>\n<div style=\"width: 301px\" class=\"wp-caption alignright\"><img loading=\"lazy\" decoding=\"async\" style=\"margin-left: 0px; margin-top: 0px;\" src=\"https:\/\/lh4.googleusercontent.com\/TKpPRQTldAxJIZdLOUw_Za27yTgqi6ERDaC72ElD4dg4wlvHS9SjncQ4kF492br1Ht85oCMLJs7THQOS0-K_rwK66XhYa2Je-fC-qceoQPnCf3_RrDPNfV2gw1KUvXnqTv7ETW3eNtC3Hlk5i_aB8PBbPu4UNoq__ZuOARtFaU61_pukvhjk3t8UfduzpA\" alt=\"\" width=\"291\" height=\"220\" \/><p class=\"wp-caption-text\">Philippines &#8211; \u00a9 Thomas d&rsquo;Harcourt<\/p><\/div>\n<div style=\"width: 612px\" class=\"wp-caption aligncenter\"><img loading=\"lazy\" decoding=\"async\" style=\"margin-left: 0px; margin-top: 0px;\" src=\"https:\/\/lh6.googleusercontent.com\/UFzwbrGAC5YCzGJn78QBRbIQYwn87wJmHgdBIVEVarCA9hUVw8x9kpg515ePa6YwGHmuy03b67VQWcOReGb5sC5z4AGck2krdVjSCTm2nB1UV9bioDyJ0vwbIk-6gWkIVIj1_IqP0REMuH_s0AE6hZxYozmitHyh14kem42QjEwwkKFrICht0FFqIsj5Xw\" alt=\"\" width=\"602\" height=\"401\" \/><p class=\"wp-caption-text\">Philippines &#8211; \u00a9 Florent Besson<\/p><\/div>\n<p><img loading=\"lazy\" decoding=\"async\" style=\"margin-left: -48.35341365461847px; margin-top: 0px;\" src=\"https:\/\/lh6.googleusercontent.com\/DMAjlgxdg98oIqYS-xvK8Ytd3LrRsSjlK9EwWNDMaW4oe3IvMK5whFywJmsar0GJZa44un_x9v-esxV1vhKzrHtCzsdWWBwe9NY2DA9VMSI5Gq3Jt0BDfLe-u95Xf7Wl8B0GqOmbD27eraQQQDnz6lGKUuO63AxFNthrevpE0IhnEpsA41nROmaOdWCUAg\" alt=\"\" width=\"1600\" height=\"429\" \/><\/p>\n<p>&nbsp;<\/p>\n<p><span style=\"font-weight: 400; font-size: 14pt;\">Pour se rendre compte \u00e0 quel point s\u2019extraire de l\u2019exclusion est difficile, on peut regarder la situation des Jeunes qui ont r\u00e9ussi \u00e0 en sortir. Apr\u00e8s 5 ans de travail dans une grande entreprise, un salaire d\u00e9cent et une confiance gonfl\u00e9e \u00e0 bloc &#8211; \u00e0 en croire leurs t\u00e9moignages \u00e9poustouflants devant des centaines de personnes &#8211; la plupart des Jeunes vivent quasiment dans les m\u00eames conditions qu\u2019avant.<\/span><\/p>\n<p><span style=\"font-weight: 400; font-size: 14pt;\">Chez les pauvres, la famille est le socle de tout mais peut parfois \u00eatre un poids. Les Jeunes font tout pour elle. Pour moi dont la famille \u00e0 toujours \u00e9t\u00e9 un moteur d\u2019\u00e9panouissement, je peux vite avoir le sentiment que leur famille ne fait rien pour les Jeunes.\u00a0<\/span><\/p>\n<p><span style=\"font-weight: 400; font-size: 14pt;\">Quand ils ne sont pas abandonn\u00e9s, battus ou abus\u00e9s sexuellement, les enfants sont un gagne-pain. Il sont parfois m\u00eame une simple assurance retraite, comme le confie ouvertement un chauffeur de taxi. Et lorsqu\u2019un Jeune philippin r\u00e9ussit et gagne un bon salaire (350\u20ac \/ mois), c\u2019est 10 personnes qui vivent \u00e0 son crochet. Une Jeune indienne que je coachais l\u2019ann\u00e9e derni\u00e8re me racontait l\u2019autre jour ne pas s\u2019en sortir avec son salaire, pourtant bien sup\u00e9rieur au minimum l\u00e9gal. Avec ses 9400 roupies par mois (115\u20ac) elle doit aider sa famille \u00e0 financer le mariage de sa s\u0153ur (le syst\u00e8me de dot est encore monnaie courante l\u00e0-bas), aider son fr\u00e8re, et mettre de c\u00f4t\u00e9 pour reprendre ses \u00e9tudes\u2026<\/span><\/p>\n<p><span style=\"font-weight: 400; font-size: 14pt;\">Plusieurs fois, nous avons encourag\u00e9 ces Jeunes \u00e0 aller s\u2019installer \u00e0 l\u2019\u00e9cart de leur famille, et \u00e0 faire l\u2019exp\u00e9rience du monde d\u00e9cent, mais cela n\u2019arrive quasiment jamais.<\/span><\/p>\n<p><span style=\"font-size: 14pt;\"><strong>\u00a0<\/strong><\/span><\/p>\n<h2><span style=\"font-size: 24pt;\"><b>LP4Y, vecteur d\u2019expression de votre excellence<\/b><\/span><\/h2>\n<p><span style=\"font-size: 14pt;\"><span style=\"font-weight: 400;\">Les <\/span><a href=\"https:\/\/www.stories.lp4y.org\/philippines\"><i><span style=\"font-weight: 400;\">success stories<\/span><\/i><\/a><span style=\"font-weight: 400;\"> comme celle d\u2019Andrea se comptent par milliers. Le mouvement grandit et le march\u00e9 in\u00e9puisable de l\u2019inclusion procure \u00e0 LP4Y une croissance \u00e0 faire p\u00e2lir les start-ups de la Silicon Valley (1 milliard de Jeunes vivront sous le seuil de pauvret\u00e9 de 2\u20ac par jour en 2025). Ces Jeunes ont besoin de vous. LP4Y les accompagne \u00e0 devenir acteurs de leur vie. Coach, coordinateur pays, chef de projet en communication, finance, p\u00e9dagogie, partenariats, plaidoyer, lev\u00e9e de fond, d\u00e9veloppeur de projet, consultant, support digital\u2026 la <\/span><a href=\"https:\/\/www.lp4y.org\/become-catalyst\"><span style=\"font-weight: 400;\">carri\u00e8re de vos r\u00eaves<\/span><\/a><span style=\"font-weight: 400;\"> vous tend les bras.<\/span><\/span><\/p>\n<p><span style=\"font-weight: 400; font-size: 14pt;\">Lors d&rsquo;un rassemblement d\u2019ONG \u00e0 Manille, un volontaire d\u2019une autre association me dit : \u201cce qui fait la force de LP4Y, ce sont ses volontaires extraordinaires\u201d.<\/span><\/p>\n<p><span style=\"font-size: 14pt;\"><span style=\"font-weight: 400;\">Vivre cette exp\u00e9rience dans la s\u00e9r\u00e9nit\u00e9 n\u00e9cessite une passion pour le partage, la rencontre, et l\u2019entreprenariat. La vie sur le terrain est exigeante mais vous apportera tellement. Si la cause de l&rsquo;inclusion est nouvelle pour vous, soyez s\u00fbr qu&rsquo;elle vous prend au tripes d\u00e8s votre premi\u00e8re <\/span><i><span style=\"font-weight: 400;\">mock interview<\/span><\/i><span style=\"font-weight: 400;\">, <\/span><i><span style=\"font-weight: 400;\">guidance<\/span><\/i><span style=\"font-weight: 400;\"> ou <\/span><i><span style=\"font-weight: 400;\">sharing time<\/span><\/i><span style=\"font-weight: 400;\"> avec les Jeunes. Ces derniers vous transformeront comme vous n&rsquo;auriez pu l&rsquo;imaginer. Ils vous sortiront de votre zone de confort et vous \u00e9blouiront de leurs t\u00e9moignages. Ils vous apporteront un nouveau regard sur le monde et sur vous-m\u00eame.<\/span><\/span><\/p>\n<p><span style=\"font-weight: 400; font-size: 14pt;\">Si cette personne a eu cette impression sur les volontaires LP4Y, c\u2019est que, plus qu\u2019ailleurs, on a la libert\u00e9 d\u2019y exprimer son potentiel, d\u2019entreprendre, de faire des erreurs, d\u2019apprendre et de grandir. C\u2019est du moins ce que j\u2019y ai v\u00e9cu. LP4Y recrute des profils pour la plupart inexp\u00e9riment\u00e9s au sujet de l\u2019inclusion mais l\u2019esprit est l\u00e0-bas \u00e0 l\u2019image de la p\u00e9dagogie pour les Jeunes :\u00a0 learning by doing.<\/span><\/p>\n<p><span style=\"font-weight: 400; font-size: 14pt;\">Chacun arrive \u00e0 LP4Y avec ses raisons, ses attentes et ses qualit\u00e9s. J\u2019esp\u00e9rais un poste de coach, des d\u00e9fis, et des talents \u00e0 explorer. Je suis plus que rassasi\u00e9, mais la route ne s\u2019arr\u00eate pas l\u00e0.<\/span><\/p>\n<p><span style=\"font-weight: 400; font-size: 14pt;\">Je recommande le coaching Mo2i \u00e0 ceux qui souhaitent apprendre \u00e0 se conna\u00eetre et exploiter leurs talents.<\/span><\/p>\n<p><span style=\"font-weight: 400; font-size: 14pt;\">Je conseille LP4Y \u00e0 ceux qui veulent comprendre le monde en relevant les d\u00e9fis de ce 21e si\u00e8cle d\u00e9j\u00e0 passionnant.<\/span><\/p>\n<p>&nbsp;<\/p>\n<blockquote><p><span style=\"font-size: 14pt;\"><i><span style=\"font-weight: 400;\">La seule question qui vaille, pour tout \u00eatre humain, est de tenter de comprendre le monde, de s&rsquo;y inscrire. <\/span><\/i><span style=\"font-weight: 400;\">Auguste Rodin<\/span><\/span><\/p>\n<p>&nbsp;<\/p><\/blockquote>\n<h3><a href=\"https:\/\/www.prendstadose.fr\/index.php\/2022\/11\/05\/parcours-du-kitesurf-a-linsertion-professionnelle-dans-les-bidonvilles-2-2\/?preview_id=3598&amp;preview_nonce=9f1e690b39&amp;post_format=standard&amp;_thumbnail_id=3560&amp;preview=true\"><span style=\"font-size: 18pt;\">&gt;&gt; D\u00e9couvrir la partie 1\u00a0<\/span><\/a><\/h3>\n<p><span style=\"font-size: 14pt;\"><strong>\u00a0<\/strong><\/span><\/p>\n<h3 style=\"text-align: center;\"><strong><span style=\"font-size: 14pt;\">S\u00e9minaire pour l\u2019\u00e9quipe Philippines<\/span><\/strong><\/h3>\n<h3 dir=\"ltr\" style=\"line-height: 1.295; text-align: center; margin-top: 0pt; margin-bottom: 8pt;\"><\/h3>\n<div style=\"width: 611px\" class=\"wp-caption aligncenter\"><img loading=\"lazy\" decoding=\"async\" style=\"margin-left: 0px; margin-top: 0px;\" src=\"https:\/\/lh3.googleusercontent.com\/DyNdBYc0hDntD3JNAi8grxxK6YB4pEDcPrzXM6KPKdLl-aS_pF_cxp59pjH1CJ_STWt12qHoOK9CNkvLCzJSw-XAhtOe1ROCP3F9ZrcTnopruklkgL7GawdTAZk0nW1EOT3q-EOX07zJt0GA_X0Kx3WCYWD6u_GfpFZ72BiyHzT5hVhx9JXvjUhuNeMZNQ\" alt=\"\" width=\"601\" height=\"399\" \/><p class=\"wp-caption-text\">Philippines &#8211; \u00a9 Thomas d&rsquo;Harcourt<\/p><\/div>\n<div style=\"width: 612px\" class=\"wp-caption aligncenter\"><img loading=\"lazy\" decoding=\"async\" style=\"margin-left: 0px; margin-top: 0px;\" src=\"https:\/\/lh6.googleusercontent.com\/pix_zuIsGQLpivGSIOt6FhXz65d-ejF0rZDF_c-B1kaZUMsEblrL92Dy76y7lsuLYEbw-wE0FGuGNaR1wwcVobUSATyaVlpfAr6yVp0iV_4w5Z5j-j42zE92ARNOnE30SJzeXL6TEMHu5SmNuFQlUhemUuLwsqy3xDfRfAtQIV6jwJN_8Rxb0JxsAewn7Q\" alt=\"\" width=\"602\" height=\"451\" \/><p class=\"wp-caption-text\">Philippines &#8211; \u00a9 Thomas d&rsquo;Harcourt<\/p><\/div>\n<div style=\"width: 612px\" class=\"wp-caption aligncenter\"><img loading=\"lazy\" decoding=\"async\" style=\"margin-left: 0px; margin-top: 0px;\" src=\"https:\/\/lh5.googleusercontent.com\/-cn9cnweeYvi7DiHUGjrrSrF2kuHOK-5DguC4mY1yZEP7KOcdPpUE5VPWvQSCtHL7Pu5Dh9RzZFBY5NMjuXBZh_PhrNzOzGtDNT86rHGLaMcpQo7VIt1GwDESqPJudNlIfZVvl0Lbs1I8EOykYmikPf1bIZFv-TaMUb60aZ_rN895Utc0NsDlhzznQHbGA\" alt=\"\" width=\"602\" height=\"451\" \/><p class=\"wp-caption-text\">Philippines &#8211; \u00a9 Thomas d&rsquo;Harcourt<\/p><\/div>\n<div style=\"width: 612px\" class=\"wp-caption aligncenter\"><img loading=\"lazy\" decoding=\"async\" style=\"margin-left: 0px; margin-top: 0px;\" src=\"https:\/\/lh6.googleusercontent.com\/Aqw3JPHVgg_2aLPG8NHl44qYR8j6qGFAf9tRERL24MSzs_6yyQiMvVeVMdSnheKXnZQO04csGBKeAtMCRIiSSY7drgseAjjVmATNTSvLjggJSl5_3eeVKygDXgig-ekCXYMBSvMbKP4eC4ikdeWZorb_8U5RvqOTJCcyBRIHaIVJpOBb3CQd93j8UUB_dg\" alt=\"\" width=\"602\" height=\"451\" \/><p class=\"wp-caption-text\">Philippines &#8211; \u00a9 Thomas d&rsquo;Harcourt<\/p><\/div>\n<p style=\"text-align: right;\"><span style=\"font-size: 14pt;\"><strong>Un article de Thomas d&rsquo;Harcourt\u00a0<\/strong><\/span><strong><span style=\"font-size: 14pt;\">\u00a0<\/span><\/strong><\/p>\n","protected":false},"excerpt":{"rendered":"<p>&nbsp; Au bout d\u2019un an de mission avec le mouvement Life Project 4 Youth (LP4Y) en&hellip;<\/p>\n","protected":false},"author":4,"featured_media":3560,"comment_status":"open","ping_status":"open","sticky":false,"template":"","format":"standard","meta":{"_editorskit_title_hidden":false,"_editorskit_reading_time":0,"_editorskit_is_block_options_detached":false,"_editorskit_block_options_position":"{}","jetpack_post_was_ever_published":false,"_jetpack_newsletter_access":"","_jetpack_dont_email_post_to_subs":false,"_jetpack_newsletter_tier_id":0,"_jetpack_memberships_contains_paywalled_content":false,"_jetpack_memberships_contains_paid_content":false,"footnotes":"","jetpack_publicize_message":"","jetpack_publicize_feature_enabled":true,"jetpack_social_post_already_shared":true,"jetpack_social_options":{"image_generator_settings":{"template":"highway","enabled":false},"version":2}},"categories":[356],"tags":[897,910,909,274,203,912,913,473,899,907,420,902,911,889,31,30,904,280,183,906,908,215,905],"class_list":["post-3598","post","type-post","status-publish","format-standard","has-post-thumbnail","hentry","category-carnet-de-voyage","tag-adrenaline","tag-atd-quart-monde","tag-bach","tag-bidonville","tag-carriere","tag-dalai-lama","tag-desmond-tutu","tag-einstein","tag-excellence","tag-impact","tag-inclusion","tag-inde","tag-joie","tag-kitesurf","tag-lp4y","tag-manille","tag-mo2i","tag-pauvrete","tag-philippines","tag-resnais","tag-sens","tag-sport","tag-youth-inclusion"],"yoast_head":"<!-- This site is optimized with the Yoast SEO plugin v24.6 - https:\/\/yoast.com\/wordpress\/plugins\/seo\/ -->\n<title>Parcours : du kitesurf \u00e0 l\u2019insertion professionnelle dans les bidonvilles (2\/2) &#8212; PRENDS TA DOSE<\/title>\n<meta name=\"description\" content=\"&nbsp; Au bout d\u2019un an de mission avec le mouvement Life Project 4 Youth (LP4Y) en Inde puis aux Philippines, une formation de deux jours me fait r\u00e9aliser\" \/>\n<meta name=\"robots\" content=\"index, follow, max-snippet:-1, max-image-preview:large, max-video-preview:-1\" \/>\n<link rel=\"canonical\" href=\"https:\/\/www.prendstadose.fr\/index.php\/2022\/11\/05\/parcours-du-kitesurf-a-linsertion-professionnelle-dans-les-bidonvilles-2-2\/\" \/>\n<meta property=\"og:locale\" content=\"fr_FR\" \/>\n<meta property=\"og:type\" content=\"article\" \/>\n<meta property=\"og:title\" content=\"Parcours : du kitesurf \u00e0 l\u2019insertion professionnelle dans les bidonvilles (2\/2) &#8212; PRENDS TA DOSE\" \/>\n<meta property=\"og:description\" content=\"&nbsp; Au bout d\u2019un an de mission avec le mouvement Life Project 4 Youth (LP4Y) en Inde puis aux Philippines, une formation de deux jours me fait r\u00e9aliser\" \/>\n<meta property=\"og:url\" content=\"https:\/\/www.prendstadose.fr\/index.php\/2022\/11\/05\/parcours-du-kitesurf-a-linsertion-professionnelle-dans-les-bidonvilles-2-2\/\" \/>\n<meta property=\"og:site_name\" content=\"PRENDS TA DOSE\" \/>\n<meta property=\"article:publisher\" content=\"https:\/\/www.facebook.com\/BrigadeSansFrontieres\/\" \/>\n<meta property=\"article:published_time\" content=\"2022-11-05T18:16:21+00:00\" \/>\n<meta property=\"article:modified_time\" content=\"2024-09-23T09:11:15+00:00\" \/>\n<meta property=\"og:image\" content=\"https:\/\/www.prendstadose.fr\/wp-content\/uploads\/2022\/09\/WhatsApp-Image-2022-09-28-at-10.07.10-PM-1.jpeg\" \/>\n\t<meta property=\"og:image:width\" content=\"1600\" \/>\n\t<meta property=\"og:image:height\" content=\"1069\" \/>\n\t<meta property=\"og:image:type\" content=\"image\/jpeg\" \/>\n<meta name=\"author\" content=\"Un Contributeur\" \/>\n<meta name=\"twitter:card\" content=\"summary_large_image\" \/>\n<meta name=\"twitter:label1\" content=\"\u00c9crit par\" \/>\n\t<meta name=\"twitter:data1\" content=\"Un Contributeur\" \/>\n\t<meta name=\"twitter:label2\" content=\"Dur\u00e9e de lecture estim\u00e9e\" \/>\n\t<meta name=\"twitter:data2\" content=\"19 minutes\" \/>\n<script type=\"application\/ld+json\" class=\"yoast-schema-graph\">{\"@context\":\"https:\/\/schema.org\",\"@graph\":[{\"@type\":\"Article\",\"@id\":\"https:\/\/www.prendstadose.fr\/index.php\/2022\/11\/05\/parcours-du-kitesurf-a-linsertion-professionnelle-dans-les-bidonvilles-2-2\/#article\",\"isPartOf\":{\"@id\":\"https:\/\/www.prendstadose.fr\/index.php\/2022\/11\/05\/parcours-du-kitesurf-a-linsertion-professionnelle-dans-les-bidonvilles-2-2\/\"},\"author\":{\"name\":\"Un Contributeur\",\"@id\":\"https:\/\/www.prendstadose.fr\/#\/schema\/person\/f0756358117683c969d3b233670ddc21\"},\"headline\":\"Parcours : du kitesurf \u00e0 l\u2019insertion professionnelle dans les bidonvilles (2\/2)\",\"datePublished\":\"2022-11-05T18:16:21+00:00\",\"dateModified\":\"2024-09-23T09:11:15+00:00\",\"mainEntityOfPage\":{\"@id\":\"https:\/\/www.prendstadose.fr\/index.php\/2022\/11\/05\/parcours-du-kitesurf-a-linsertion-professionnelle-dans-les-bidonvilles-2-2\/\"},\"wordCount\":3309,\"commentCount\":1,\"publisher\":{\"@id\":\"https:\/\/www.prendstadose.fr\/#organization\"},\"image\":{\"@id\":\"https:\/\/www.prendstadose.fr\/index.php\/2022\/11\/05\/parcours-du-kitesurf-a-linsertion-professionnelle-dans-les-bidonvilles-2-2\/#primaryimage\"},\"thumbnailUrl\":\"https:\/\/www.prendstadose.fr\/wp-content\/uploads\/2022\/09\/WhatsApp-Image-2022-09-28-at-10.07.10-PM-1.jpeg\",\"keywords\":[\"Adr\u00e9naline\",\"ATD Quart Monde\",\"Bach\",\"Bidonville\",\"Carri\u00e8re\",\"Dalai Lama\",\"Desmond Tutu\",\"Einstein\",\"Excellence\",\"Impact\",\"Inclusion\",\"Inde\",\"Joie\",\"Kitesurf\",\"lp4y\",\"manille\",\"MO2I\",\"Pauvret\u00e9\",\"Philippines\",\"Resnais\",\"Sens\",\"Sport\",\"youth inclusion\"],\"articleSection\":[\"Carnet de voyage\"],\"inLanguage\":\"fr-FR\",\"potentialAction\":[{\"@type\":\"CommentAction\",\"name\":\"Comment\",\"target\":[\"https:\/\/www.prendstadose.fr\/index.php\/2022\/11\/05\/parcours-du-kitesurf-a-linsertion-professionnelle-dans-les-bidonvilles-2-2\/#respond\"]}]},{\"@type\":\"WebPage\",\"@id\":\"https:\/\/www.prendstadose.fr\/index.php\/2022\/11\/05\/parcours-du-kitesurf-a-linsertion-professionnelle-dans-les-bidonvilles-2-2\/\",\"url\":\"https:\/\/www.prendstadose.fr\/index.php\/2022\/11\/05\/parcours-du-kitesurf-a-linsertion-professionnelle-dans-les-bidonvilles-2-2\/\",\"name\":\"Parcours : du kitesurf \u00e0 l\u2019insertion professionnelle dans les bidonvilles (2\/2) &#8212; PRENDS TA DOSE\",\"isPartOf\":{\"@id\":\"https:\/\/www.prendstadose.fr\/#website\"},\"primaryImageOfPage\":{\"@id\":\"https:\/\/www.prendstadose.fr\/index.php\/2022\/11\/05\/parcours-du-kitesurf-a-linsertion-professionnelle-dans-les-bidonvilles-2-2\/#primaryimage\"},\"image\":{\"@id\":\"https:\/\/www.prendstadose.fr\/index.php\/2022\/11\/05\/parcours-du-kitesurf-a-linsertion-professionnelle-dans-les-bidonvilles-2-2\/#primaryimage\"},\"thumbnailUrl\":\"https:\/\/www.prendstadose.fr\/wp-content\/uploads\/2022\/09\/WhatsApp-Image-2022-09-28-at-10.07.10-PM-1.jpeg\",\"datePublished\":\"2022-11-05T18:16:21+00:00\",\"dateModified\":\"2024-09-23T09:11:15+00:00\",\"description\":\"&nbsp; Au bout d\u2019un an de mission avec le mouvement Life Project 4 Youth (LP4Y) en Inde puis aux Philippines, une formation de deux jours me fait r\u00e9aliser\",\"breadcrumb\":{\"@id\":\"https:\/\/www.prendstadose.fr\/index.php\/2022\/11\/05\/parcours-du-kitesurf-a-linsertion-professionnelle-dans-les-bidonvilles-2-2\/#breadcrumb\"},\"inLanguage\":\"fr-FR\",\"potentialAction\":[{\"@type\":\"ReadAction\",\"target\":[\"https:\/\/www.prendstadose.fr\/index.php\/2022\/11\/05\/parcours-du-kitesurf-a-linsertion-professionnelle-dans-les-bidonvilles-2-2\/\"]}]},{\"@type\":\"ImageObject\",\"inLanguage\":\"fr-FR\",\"@id\":\"https:\/\/www.prendstadose.fr\/index.php\/2022\/11\/05\/parcours-du-kitesurf-a-linsertion-professionnelle-dans-les-bidonvilles-2-2\/#primaryimage\",\"url\":\"https:\/\/www.prendstadose.fr\/wp-content\/uploads\/2022\/09\/WhatsApp-Image-2022-09-28-at-10.07.10-PM-1.jpeg\",\"contentUrl\":\"https:\/\/www.prendstadose.fr\/wp-content\/uploads\/2022\/09\/WhatsApp-Image-2022-09-28-at-10.07.10-PM-1.jpeg\",\"width\":1600,\"height\":1069,\"caption\":\"LP4Y\"},{\"@type\":\"BreadcrumbList\",\"@id\":\"https:\/\/www.prendstadose.fr\/index.php\/2022\/11\/05\/parcours-du-kitesurf-a-linsertion-professionnelle-dans-les-bidonvilles-2-2\/#breadcrumb\",\"itemListElement\":[{\"@type\":\"ListItem\",\"position\":1,\"name\":\"Accueil\",\"item\":\"https:\/\/www.prendstadose.fr\/\"},{\"@type\":\"ListItem\",\"position\":2,\"name\":\"Parcours : du kitesurf \u00e0 l\u2019insertion professionnelle dans les bidonvilles (2\/2)\"}]},{\"@type\":\"WebSite\",\"@id\":\"https:\/\/www.prendstadose.fr\/#website\",\"url\":\"https:\/\/www.prendstadose.fr\/\",\"name\":\"PRENDS TA DOSE\",\"description\":\"Capsule Culture Pour Analphab\u00e8tes Lettr\u00e9s\",\"publisher\":{\"@id\":\"https:\/\/www.prendstadose.fr\/#organization\"},\"potentialAction\":[{\"@type\":\"SearchAction\",\"target\":{\"@type\":\"EntryPoint\",\"urlTemplate\":\"https:\/\/www.prendstadose.fr\/?s={search_term_string}\"},\"query-input\":{\"@type\":\"PropertyValueSpecification\",\"valueRequired\":true,\"valueName\":\"search_term_string\"}}],\"inLanguage\":\"fr-FR\"},{\"@type\":\"Organization\",\"@id\":\"https:\/\/www.prendstadose.fr\/#organization\",\"name\":\"PrendsTaDose\",\"url\":\"https:\/\/www.prendstadose.fr\/\",\"logo\":{\"@type\":\"ImageObject\",\"inLanguage\":\"fr-FR\",\"@id\":\"https:\/\/www.prendstadose.fr\/#\/schema\/logo\/image\/\",\"url\":\"https:\/\/www.prendstadose.fr\/wp-content\/uploads\/2021\/08\/logo-e1641309847268.png\",\"contentUrl\":\"https:\/\/www.prendstadose.fr\/wp-content\/uploads\/2021\/08\/logo-e1641309847268.png\",\"width\":400,\"height\":406,\"caption\":\"PrendsTaDose\"},\"image\":{\"@id\":\"https:\/\/www.prendstadose.fr\/#\/schema\/logo\/image\/\"},\"sameAs\":[\"https:\/\/www.facebook.com\/BrigadeSansFrontieres\/\",\"https:\/\/www.instagram.com\/romain_mailliu\/\"]},{\"@type\":\"Person\",\"@id\":\"https:\/\/www.prendstadose.fr\/#\/schema\/person\/f0756358117683c969d3b233670ddc21\",\"name\":\"Un Contributeur\",\"url\":\"https:\/\/www.prendstadose.fr\/index.php\/author\/albi\/\"}]}<\/script>\n<!-- \/ Yoast SEO plugin. -->","yoast_head_json":{"title":"Parcours : du kitesurf \u00e0 l\u2019insertion professionnelle dans les bidonvilles (2\/2) &#8212; PRENDS TA DOSE","description":"&nbsp; Au bout d\u2019un an de mission avec le mouvement Life Project 4 Youth (LP4Y) en Inde puis aux Philippines, une formation de deux jours me fait r\u00e9aliser","robots":{"index":"index","follow":"follow","max-snippet":"max-snippet:-1","max-image-preview":"max-image-preview:large","max-video-preview":"max-video-preview:-1"},"canonical":"https:\/\/www.prendstadose.fr\/index.php\/2022\/11\/05\/parcours-du-kitesurf-a-linsertion-professionnelle-dans-les-bidonvilles-2-2\/","og_locale":"fr_FR","og_type":"article","og_title":"Parcours : du kitesurf \u00e0 l\u2019insertion professionnelle dans les bidonvilles (2\/2) &#8212; PRENDS TA DOSE","og_description":"&nbsp; Au bout d\u2019un an de mission avec le mouvement Life Project 4 Youth (LP4Y) en Inde puis aux Philippines, une formation de deux jours me fait r\u00e9aliser","og_url":"https:\/\/www.prendstadose.fr\/index.php\/2022\/11\/05\/parcours-du-kitesurf-a-linsertion-professionnelle-dans-les-bidonvilles-2-2\/","og_site_name":"PRENDS TA DOSE","article_publisher":"https:\/\/www.facebook.com\/BrigadeSansFrontieres\/","article_published_time":"2022-11-05T18:16:21+00:00","article_modified_time":"2024-09-23T09:11:15+00:00","og_image":[{"width":1600,"height":1069,"url":"https:\/\/www.prendstadose.fr\/wp-content\/uploads\/2022\/09\/WhatsApp-Image-2022-09-28-at-10.07.10-PM-1.jpeg","type":"image\/jpeg"}],"author":"Un Contributeur","twitter_card":"summary_large_image","twitter_misc":{"\u00c9crit par":"Un Contributeur","Dur\u00e9e de lecture estim\u00e9e":"19 minutes"},"schema":{"@context":"https:\/\/schema.org","@graph":[{"@type":"Article","@id":"https:\/\/www.prendstadose.fr\/index.php\/2022\/11\/05\/parcours-du-kitesurf-a-linsertion-professionnelle-dans-les-bidonvilles-2-2\/#article","isPartOf":{"@id":"https:\/\/www.prendstadose.fr\/index.php\/2022\/11\/05\/parcours-du-kitesurf-a-linsertion-professionnelle-dans-les-bidonvilles-2-2\/"},"author":{"name":"Un Contributeur","@id":"https:\/\/www.prendstadose.fr\/#\/schema\/person\/f0756358117683c969d3b233670ddc21"},"headline":"Parcours : du kitesurf \u00e0 l\u2019insertion professionnelle dans les bidonvilles (2\/2)","datePublished":"2022-11-05T18:16:21+00:00","dateModified":"2024-09-23T09:11:15+00:00","mainEntityOfPage":{"@id":"https:\/\/www.prendstadose.fr\/index.php\/2022\/11\/05\/parcours-du-kitesurf-a-linsertion-professionnelle-dans-les-bidonvilles-2-2\/"},"wordCount":3309,"commentCount":1,"publisher":{"@id":"https:\/\/www.prendstadose.fr\/#organization"},"image":{"@id":"https:\/\/www.prendstadose.fr\/index.php\/2022\/11\/05\/parcours-du-kitesurf-a-linsertion-professionnelle-dans-les-bidonvilles-2-2\/#primaryimage"},"thumbnailUrl":"https:\/\/www.prendstadose.fr\/wp-content\/uploads\/2022\/09\/WhatsApp-Image-2022-09-28-at-10.07.10-PM-1.jpeg","keywords":["Adr\u00e9naline","ATD Quart Monde","Bach","Bidonville","Carri\u00e8re","Dalai Lama","Desmond Tutu","Einstein","Excellence","Impact","Inclusion","Inde","Joie","Kitesurf","lp4y","manille","MO2I","Pauvret\u00e9","Philippines","Resnais","Sens","Sport","youth inclusion"],"articleSection":["Carnet de voyage"],"inLanguage":"fr-FR","potentialAction":[{"@type":"CommentAction","name":"Comment","target":["https:\/\/www.prendstadose.fr\/index.php\/2022\/11\/05\/parcours-du-kitesurf-a-linsertion-professionnelle-dans-les-bidonvilles-2-2\/#respond"]}]},{"@type":"WebPage","@id":"https:\/\/www.prendstadose.fr\/index.php\/2022\/11\/05\/parcours-du-kitesurf-a-linsertion-professionnelle-dans-les-bidonvilles-2-2\/","url":"https:\/\/www.prendstadose.fr\/index.php\/2022\/11\/05\/parcours-du-kitesurf-a-linsertion-professionnelle-dans-les-bidonvilles-2-2\/","name":"Parcours : du kitesurf \u00e0 l\u2019insertion professionnelle dans les bidonvilles (2\/2) &#8212; PRENDS TA DOSE","isPartOf":{"@id":"https:\/\/www.prendstadose.fr\/#website"},"primaryImageOfPage":{"@id":"https:\/\/www.prendstadose.fr\/index.php\/2022\/11\/05\/parcours-du-kitesurf-a-linsertion-professionnelle-dans-les-bidonvilles-2-2\/#primaryimage"},"image":{"@id":"https:\/\/www.prendstadose.fr\/index.php\/2022\/11\/05\/parcours-du-kitesurf-a-linsertion-professionnelle-dans-les-bidonvilles-2-2\/#primaryimage"},"thumbnailUrl":"https:\/\/www.prendstadose.fr\/wp-content\/uploads\/2022\/09\/WhatsApp-Image-2022-09-28-at-10.07.10-PM-1.jpeg","datePublished":"2022-11-05T18:16:21+00:00","dateModified":"2024-09-23T09:11:15+00:00","description":"&nbsp; Au bout d\u2019un an de mission avec le mouvement Life Project 4 Youth (LP4Y) en Inde puis aux Philippines, une formation de deux jours me fait r\u00e9aliser","breadcrumb":{"@id":"https:\/\/www.prendstadose.fr\/index.php\/2022\/11\/05\/parcours-du-kitesurf-a-linsertion-professionnelle-dans-les-bidonvilles-2-2\/#breadcrumb"},"inLanguage":"fr-FR","potentialAction":[{"@type":"ReadAction","target":["https:\/\/www.prendstadose.fr\/index.php\/2022\/11\/05\/parcours-du-kitesurf-a-linsertion-professionnelle-dans-les-bidonvilles-2-2\/"]}]},{"@type":"ImageObject","inLanguage":"fr-FR","@id":"https:\/\/www.prendstadose.fr\/index.php\/2022\/11\/05\/parcours-du-kitesurf-a-linsertion-professionnelle-dans-les-bidonvilles-2-2\/#primaryimage","url":"https:\/\/www.prendstadose.fr\/wp-content\/uploads\/2022\/09\/WhatsApp-Image-2022-09-28-at-10.07.10-PM-1.jpeg","contentUrl":"https:\/\/www.prendstadose.fr\/wp-content\/uploads\/2022\/09\/WhatsApp-Image-2022-09-28-at-10.07.10-PM-1.jpeg","width":1600,"height":1069,"caption":"LP4Y"},{"@type":"BreadcrumbList","@id":"https:\/\/www.prendstadose.fr\/index.php\/2022\/11\/05\/parcours-du-kitesurf-a-linsertion-professionnelle-dans-les-bidonvilles-2-2\/#breadcrumb","itemListElement":[{"@type":"ListItem","position":1,"name":"Accueil","item":"https:\/\/www.prendstadose.fr\/"},{"@type":"ListItem","position":2,"name":"Parcours : du kitesurf \u00e0 l\u2019insertion professionnelle dans les bidonvilles (2\/2)"}]},{"@type":"WebSite","@id":"https:\/\/www.prendstadose.fr\/#website","url":"https:\/\/www.prendstadose.fr\/","name":"PRENDS TA DOSE","description":"Capsule Culture Pour Analphab\u00e8tes Lettr\u00e9s","publisher":{"@id":"https:\/\/www.prendstadose.fr\/#organization"},"potentialAction":[{"@type":"SearchAction","target":{"@type":"EntryPoint","urlTemplate":"https:\/\/www.prendstadose.fr\/?s={search_term_string}"},"query-input":{"@type":"PropertyValueSpecification","valueRequired":true,"valueName":"search_term_string"}}],"inLanguage":"fr-FR"},{"@type":"Organization","@id":"https:\/\/www.prendstadose.fr\/#organization","name":"PrendsTaDose","url":"https:\/\/www.prendstadose.fr\/","logo":{"@type":"ImageObject","inLanguage":"fr-FR","@id":"https:\/\/www.prendstadose.fr\/#\/schema\/logo\/image\/","url":"https:\/\/www.prendstadose.fr\/wp-content\/uploads\/2021\/08\/logo-e1641309847268.png","contentUrl":"https:\/\/www.prendstadose.fr\/wp-content\/uploads\/2021\/08\/logo-e1641309847268.png","width":400,"height":406,"caption":"PrendsTaDose"},"image":{"@id":"https:\/\/www.prendstadose.fr\/#\/schema\/logo\/image\/"},"sameAs":["https:\/\/www.facebook.com\/BrigadeSansFrontieres\/","https:\/\/www.instagram.com\/romain_mailliu\/"]},{"@type":"Person","@id":"https:\/\/www.prendstadose.fr\/#\/schema\/person\/f0756358117683c969d3b233670ddc21","name":"Un Contributeur","url":"https:\/\/www.prendstadose.fr\/index.php\/author\/albi\/"}]}},"jetpack_publicize_connections":[],"jetpack_featured_media_url":"https:\/\/www.prendstadose.fr\/wp-content\/uploads\/2022\/09\/WhatsApp-Image-2022-09-28-at-10.07.10-PM-1.jpeg","jetpack_sharing_enabled":true,"_links":{"self":[{"href":"https:\/\/www.prendstadose.fr\/index.php\/wp-json\/wp\/v2\/posts\/3598","targetHints":{"allow":["GET"]}}],"collection":[{"href":"https:\/\/www.prendstadose.fr\/index.php\/wp-json\/wp\/v2\/posts"}],"about":[{"href":"https:\/\/www.prendstadose.fr\/index.php\/wp-json\/wp\/v2\/types\/post"}],"author":[{"embeddable":true,"href":"https:\/\/www.prendstadose.fr\/index.php\/wp-json\/wp\/v2\/users\/4"}],"replies":[{"embeddable":true,"href":"https:\/\/www.prendstadose.fr\/index.php\/wp-json\/wp\/v2\/comments?post=3598"}],"version-history":[{"count":13,"href":"https:\/\/www.prendstadose.fr\/index.php\/wp-json\/wp\/v2\/posts\/3598\/revisions"}],"predecessor-version":[{"id":3744,"href":"https:\/\/www.prendstadose.fr\/index.php\/wp-json\/wp\/v2\/posts\/3598\/revisions\/3744"}],"wp:featuredmedia":[{"embeddable":true,"href":"https:\/\/www.prendstadose.fr\/index.php\/wp-json\/wp\/v2\/media\/3560"}],"wp:attachment":[{"href":"https:\/\/www.prendstadose.fr\/index.php\/wp-json\/wp\/v2\/media?parent=3598"}],"wp:term":[{"taxonomy":"category","embeddable":true,"href":"https:\/\/www.prendstadose.fr\/index.php\/wp-json\/wp\/v2\/categories?post=3598"},{"taxonomy":"post_tag","embeddable":true,"href":"https:\/\/www.prendstadose.fr\/index.php\/wp-json\/wp\/v2\/tags?post=3598"}],"curies":[{"name":"wp","href":"https:\/\/api.w.org\/{rel}","templated":true}]}}