{"id":3616,"date":"2022-11-21T16:42:24","date_gmt":"2022-11-21T15:42:24","guid":{"rendered":"https:\/\/www.prendstadose.fr\/?p=3616"},"modified":"2024-09-23T11:11:06","modified_gmt":"2024-09-23T09:11:06","slug":"reintegrer-le-systeme-scolaire-apres-une-mauvaise-experience-une-ecole-innove","status":"publish","type":"post","link":"https:\/\/www.prendstadose.fr\/index.php\/2022\/11\/21\/reintegrer-le-systeme-scolaire-apres-une-mauvaise-experience-une-ecole-innove\/","title":{"rendered":"R\u00e9int\u00e9grer le syst\u00e8me scolaire apr\u00e8s une mauvaise exp\u00e9rience ? Une \u00e9cole innove !"},"content":{"rendered":"<h1><span style=\"font-size: 14pt;\"><b>Une petite \u00e9cole in\u00e9dite, \u00e0 la sortie Esplanade du RER de Noisy-le-Grand (Seine-Saint-Denis), rayonne dans un quartier en souffrance<\/b>. <\/span><\/h1>\n<p><span style=\"font-size: 14pt;\"><strong>L\u2019espoir qu\u2019elle nourrit se laisse d\u00e9couvrir dans les yeux d\u2019enfants qui traversent, matin, midi et soir l\u2019urbanisme radical des ann\u00e9es 1970.<\/strong> Leur tenue soign\u00e9e &#8211; pantalon beige et haut bleu sur lequel est imprim\u00e9 une montgolfi\u00e8re \u2013 contraste avec des esplanades min\u00e9rales, d\u00e9sertes, \u00e9crasantes, o\u00f9 m\u00eame la nature semble avoir perdu confiance en elle. Cette \u00e9cole d\u00e9tonne sans un bruit. Pour mieux comprendre cette tache de couleur sur une grande page grise, plongeons au sein du <a href=\"https:\/\/www.coursdesfreresmontgolfier.com\/\" target=\"_blank\" rel=\"noopener\">Cours des fr\u00e8res Montgolfier<\/a>.<\/span><\/p>\n<p><img loading=\"lazy\" decoding=\"async\" class=\"aligncenter wp-image-3633 size-full\" src=\"https:\/\/www.prendstadose.fr\/wp-content\/uploads\/2022\/11\/800_613a00cee042f.jpg\" alt=\"\" width=\"700\" height=\"417\" srcset=\"https:\/\/www.prendstadose.fr\/wp-content\/uploads\/2022\/11\/800_613a00cee042f.jpg 700w, https:\/\/www.prendstadose.fr\/wp-content\/uploads\/2022\/11\/800_613a00cee042f-300x179.jpg 300w, https:\/\/www.prendstadose.fr\/wp-content\/uploads\/2022\/11\/800_613a00cee042f-585x348.jpg 585w\" sizes=\"auto, (max-width: 700px) 100vw, 700px\" \/><\/p>\n<p style=\"text-align: center;\"><span style=\"font-size: 14pt;\"><i>Le Cours des fr\u00e8res Montgolfier reprend l\u2019imaginaire de la Montgolfi\u00e8re pour inviter les enfants \u00e0 progresser.<\/i><\/span><\/p>\n<p>&nbsp;<\/p>\n<h2><span style=\"font-size: 18pt;\"><b>De l\u2019\u00e9chec scolaire \u00e0 la confiance\u00a0<\/b><\/span><\/h2>\n<p><span style=\"font-size: 14pt;\"><strong>8h20, un mardi d\u2019automne, Mathis* est le premier \u00e9l\u00e8ve que je croise en passant la porte d\u2019entr\u00e9e de l\u2019\u00e9cole.<\/strong> Il vient d\u2019arriver avec son cartable et sa lunch box. \u201cBonjour madame !\u201d Comme un poisson dans l\u2019eau, il salue l\u2019enseignante d\u00e9j\u00e0 pr\u00e9sente. Confiant, il ajoute : \u201ccomment allez-vous aujourd\u2019hui ?\u201d. Sans attendre que la r\u00e9ponse soit termin\u00e9e, il aper\u00e7oit un camarade \u00e0 l\u2019autre extr\u00e9mit\u00e9 du couloir en train de d\u00e9ployer avec pr\u00e9caution un plateau du c\u00e9l\u00e8bre jeu <a href=\"https:\/\/catanuniverse.com\/fr\/\" target=\"_blank\" rel=\"noopener\">Catan<\/a>. Laissant l\u00e0 le professeur, il se pr\u00e9cipite pour le rejoindre.\u00a0<\/span><\/p>\n<p><span style=\"font-size: 14pt;\"><strong>Et pourtant, il y a peu, dans son pr\u00e9c\u00e9dent \u00e9tablissement scolaire, Mathis avait pris l\u2019habitude de se placer dans le coin de la cour, \u00e0 chaque r\u00e9cr\u00e9ation.<\/strong> Sa cour d\u2019\u00e9cole n\u2019\u00e9tait, d\u2019ailleurs, pas vraiment la sienne. Il y \u00e9tait tol\u00e9r\u00e9, pensait-t-il. Chaque jour pass\u00e9 entre ces murs alourdissait le poids sur ses \u00e9paules, \u00e0 peine assez larges pour porter l\u2019immense cartable &#8211; dont le cadeau lui avait pourtant procur\u00e9 une grande joie, vite masqu\u00e9e par le rappel de la rentr\u00e9e approchante. Cet enfant avait la fausse croyance d\u2019\u00eatre limit\u00e9. Il ne pensait pas m\u00eame m\u00e9riter une belle amiti\u00e9. Il pr\u00e9f\u00e9rait donc se figer et dispara\u00eetre dans une immobilit\u00e9, lui assurant une certaine protection. Dispara\u00eetre pour vivre. Mais vivre en dessous de la vie.<\/span><\/p>\n<p><img loading=\"lazy\" decoding=\"async\" class=\"aligncenter wp-image-3627 size-large\" src=\"https:\/\/www.prendstadose.fr\/wp-content\/uploads\/2022\/11\/315977035_6161871223824224_2511206129985152074_n-768x1024.jpeg\" alt=\"\" width=\"768\" height=\"1024\" srcset=\"https:\/\/www.prendstadose.fr\/wp-content\/uploads\/2022\/11\/315977035_6161871223824224_2511206129985152074_n-768x1024.jpeg 768w, https:\/\/www.prendstadose.fr\/wp-content\/uploads\/2022\/11\/315977035_6161871223824224_2511206129985152074_n-225x300.jpeg 225w, https:\/\/www.prendstadose.fr\/wp-content\/uploads\/2022\/11\/315977035_6161871223824224_2511206129985152074_n-1152x1536.jpeg 1152w, https:\/\/www.prendstadose.fr\/wp-content\/uploads\/2022\/11\/315977035_6161871223824224_2511206129985152074_n-1170x1560.jpeg 1170w, https:\/\/www.prendstadose.fr\/wp-content\/uploads\/2022\/11\/315977035_6161871223824224_2511206129985152074_n-585x780.jpeg 585w, https:\/\/www.prendstadose.fr\/wp-content\/uploads\/2022\/11\/315977035_6161871223824224_2511206129985152074_n.jpeg 1536w\" sizes=\"auto, (max-width: 768px) 100vw, 768px\" \/><\/p>\n<p style=\"text-align: center;\"><span style=\"font-size: 14pt;\"><i>Apr\u00e8s 1h30 d\u2019enseignements fondamentaux intensifs, les \u00e9l\u00e8ves disposent d\u2019une heure de sport\u00a0<\/i><\/span><\/p>\n<p>&nbsp;<\/p>\n<h2><span style=\"font-size: 18pt;\"><b>Lutter contre l\u2019inflation du mal-\u00eatre scolaire\u00a0<\/b><\/span><\/h2>\n<p><span style=\"font-size: 14pt;\"><strong>Sans pouvoir le nommer, Mathis portait un mal-\u00eatre scolaire profond.<\/strong> Aujourd\u2019hui, des milliers d\u2019enfants souffrent \u00e0 cause de l\u2019\u00e9cole. <a href=\"https:\/\/www.unicef.fr\/article\/mal-etre-au-college-les-chiffres\/\" target=\"_blank\" rel=\"noopener\">44% des coll\u00e9giens<\/a> ont d\u00e9j\u00e0 eu mal au ventre \u00e0 l\u2019id\u00e9e d\u2019aller en classe selon <a href=\"https:\/\/www.ozp.fr\/spip.php?article27542\" target=\"_blank\" rel=\"noopener\">le barom\u00e8tre Trajectoires\/Afev<\/a>. En primaire et au coll\u00e8ge, le harc\u00e8lement scolaire \u201ctouche de nombreux \u00e9l\u00e8ves\u201d explique, par exemple, <a href=\"https:\/\/www.observatoire-sante.fr\/harcelement-scolaire-chiffres-causes-et-consequences\/\" target=\"_blank\" rel=\"noopener\">l\u2019Observatoire de la sant\u00e9<\/a>. Les enqu\u00eates \u00e9voquent un \u00e9l\u00e8ve sur dix. Angoisse, troubles alimentaires, perturbation du sommeil, relations sociales d\u00e9grad\u00e9es, irritabilit\u00e9, changements physiques, chute des notes, isolement\u2026 autant de signes d\u2019une alt\u00e9ration.\u00a0<\/span><\/p>\n<p><span style=\"font-size: 14pt;\"><strong>C\u2019est \u00e0 Mathis, et \u00e0 tant d\u2019autres, que pensaient Flavie, Alb\u00e9ric, Alix, Aude et Vianney en cr\u00e9ant le Cours des fr\u00e8res Montgolfier.<\/strong> Depuis longtemps, ils avaient tous les cinq le d\u00e9sir d\u2019une \u00e9cole diff\u00e9rente. Leur projet n\u2019est pas une \u00e9cole dans le vent. Il n\u2019est pas non plus de ces projets financiers ciblant une d\u00e9tresse parentale pour g\u00e9n\u00e9rer toujours plus de revenus.<\/span><\/p>\n<p><span style=\"font-size: 14pt;\"><strong>Leur \u00e9tablissement scolaire veut r\u00e9concilier chaque enfant avec l\u2019\u00e9cole.<\/strong> Inclusif, il accueille de nombreux enfants en mal-\u00eatre ou issus de l\u2019\u00e9cole \u00e0 domicile, int\u00e9grant donc des bambins porteurs de troubles <a href=\"https:\/\/www.ffdys.com\/troubles-dys\" target=\"_blank\" rel=\"noopener\">DYS<\/a>, <a href=\"https:\/\/www.tdah-france.fr\/-Definition-et-description-Trouble-Deficit-de-l-Attention-Hyperactivite-.html\" target=\"_blank\" rel=\"noopener\">TDAH<\/a>, d\u2019<a href=\"https:\/\/www.craif.org\/quest-ce-que-lautisme-44#:~:text=C'est%20un%20trouble%20du,reconnu%20officiellement%20comme%20un%20handicap.\" target=\"_blank\" rel=\"noopener\">autisme<\/a>, des victimes de harc\u00e8lement, etc. Ils sont si nombreux \u00e0 ne jamais trouver leur place dans le syst\u00e8me scolaire classique. Ces enfants laiss\u00e9s sur le bord du chemin sont ici accueillis.<\/span><\/p>\n<p><img loading=\"lazy\" decoding=\"async\" class=\"wp-image-3629 size-large aligncenter\" src=\"https:\/\/www.prendstadose.fr\/wp-content\/uploads\/2022\/11\/315866442_2125883887613479_1614910207411657544_n-1024x768.jpg\" alt=\"\" width=\"1024\" height=\"768\" srcset=\"https:\/\/www.prendstadose.fr\/wp-content\/uploads\/2022\/11\/315866442_2125883887613479_1614910207411657544_n-1024x768.jpg 1024w, https:\/\/www.prendstadose.fr\/wp-content\/uploads\/2022\/11\/315866442_2125883887613479_1614910207411657544_n-300x225.jpg 300w, https:\/\/www.prendstadose.fr\/wp-content\/uploads\/2022\/11\/315866442_2125883887613479_1614910207411657544_n-768x576.jpg 768w, https:\/\/www.prendstadose.fr\/wp-content\/uploads\/2022\/11\/315866442_2125883887613479_1614910207411657544_n-1536x1152.jpg 1536w, https:\/\/www.prendstadose.fr\/wp-content\/uploads\/2022\/11\/315866442_2125883887613479_1614910207411657544_n-1170x878.jpg 1170w, https:\/\/www.prendstadose.fr\/wp-content\/uploads\/2022\/11\/315866442_2125883887613479_1614910207411657544_n-1920x1440.jpg 1920w, https:\/\/www.prendstadose.fr\/wp-content\/uploads\/2022\/11\/315866442_2125883887613479_1614910207411657544_n-585x439.jpg 585w, https:\/\/www.prendstadose.fr\/wp-content\/uploads\/2022\/11\/315866442_2125883887613479_1614910207411657544_n.jpg 2048w\" sizes=\"auto, (max-width: 1024px) 100vw, 1024px\" \/><\/p>\n<p style=\"text-align: center;\"><span style=\"font-size: 14pt;\"><i>La confiance est ici le leitmotiv de l\u2019accompagnement<\/i><\/span><\/p>\n<p>&nbsp;<\/p>\n<h2><span style=\"font-size: 18pt;\"><b>Des gal\u00e8res et des miracles<\/b><\/span><\/h2>\n<p><span style=\"font-size: 14pt;\"><strong>Entour\u00e9e des Espaces Abraxas, d\u2019une r\u00e9sidence h\u00f4teli\u00e8re pour sans-abri, du centre commercial des Arcades, et de bureaux vides en voie de r\u00e9affectation, le Cours des fr\u00e8res Montgolfier a ouvert ses portes en 2020.<\/strong> Il ne poursuit qu\u2019un but depuis : permettre \u00e0 chaque enfant de r\u00e9int\u00e9grer dans la confiance un \u00e9tablissement conventionnel d\u00e8s la classe de troisi\u00e8me.<\/span><\/p>\n<p><img loading=\"lazy\" decoding=\"async\" class=\"aligncenter wp-image-3630 size-large\" src=\"https:\/\/www.prendstadose.fr\/wp-content\/uploads\/2022\/11\/01-copy-copia-scaled-1-1024x718.jpg\" alt=\"\" width=\"1024\" height=\"718\" srcset=\"https:\/\/www.prendstadose.fr\/wp-content\/uploads\/2022\/11\/01-copy-copia-scaled-1-1024x718.jpg 1024w, https:\/\/www.prendstadose.fr\/wp-content\/uploads\/2022\/11\/01-copy-copia-scaled-1-300x210.jpg 300w, https:\/\/www.prendstadose.fr\/wp-content\/uploads\/2022\/11\/01-copy-copia-scaled-1-768x538.jpg 768w, https:\/\/www.prendstadose.fr\/wp-content\/uploads\/2022\/11\/01-copy-copia-scaled-1-1536x1076.jpg 1536w, https:\/\/www.prendstadose.fr\/wp-content\/uploads\/2022\/11\/01-copy-copia-scaled-1-2048x1435.jpg 2048w, https:\/\/www.prendstadose.fr\/wp-content\/uploads\/2022\/11\/01-copy-copia-scaled-1-1170x820.jpg 1170w, https:\/\/www.prendstadose.fr\/wp-content\/uploads\/2022\/11\/01-copy-copia-scaled-1-1920x1346.jpg 1920w, https:\/\/www.prendstadose.fr\/wp-content\/uploads\/2022\/11\/01-copy-copia-scaled-1-585x410.jpg 585w\" sizes=\"auto, (max-width: 1024px) 100vw, 1024px\" \/><\/p>\n<p style=\"text-align: center;\"><span style=\"font-size: 14pt;\"><i>Espaces Abraxas, ayant servi de d\u00e9cor pour le film <\/i><a href=\"https:\/\/www.telerama.fr\/sortir\/hunger-games-abraxas-la-cite-futuriste-ou-a-ete-tourne-le-dernier-volet-de-la-saga,135112.php\" target=\"_blank\" rel=\"noopener\"><i>Hunger Games<\/i><\/a><\/span><\/p>\n<p><span style=\"font-size: 14pt;\"><strong>Lily* est arriv\u00e9e dans cet \u00e9tablissement scolaire en septembre 2020.<\/strong> Elle ne parvenait pas \u00e0 parler. Interrog\u00e9e, elle se murait dans le silence. Ses r\u00e9sultats \u00e9taient pourtant tr\u00e8s corrects. Aujourd\u2019hui, elle sourit, r\u00e9pond, et l\u00e8ve m\u00eame souvent la main pour poser des questions. Elle tisse peu \u00e0 peu des relations amicales. Lily fuyait sa vie, d\u00e9sormais elle la vit. Ces deux ans l\u2019ont sauv\u00e9e.\u00a0<\/span><\/p>\n<p><span style=\"font-size: 14pt;\"><strong>Aucun des professeurs ne se vante.<\/strong> Mais ils se laissent parfois aller \u00e0 quelques confidences, une fois les enfants rentr\u00e9s chez eux, et racontent ces petits miracles auxquels ils ont assist\u00e9 dans la journ\u00e9e, \u00e9merveill\u00e9s. Ils trouvent l\u00e0 une r\u00e9compense \u00e0 leur labeur.<\/span><\/p>\n<p><span style=\"font-size: 14pt;\"><strong>Ces professeurs sont des aventuriers.<\/strong> Ils ont quitt\u00e9 leur emploi stable, ou leur statut de fonctionnaire de l\u2019\u00e9ducation nationale, cr\u00e9\u00e9 une p\u00e9dagogie adapt\u00e9e, trouv\u00e9 des financements et des locaux et surmont\u00e9 le d\u00e9dale administratif. Beaucoup d\u2019obstacles pour assister, enfin, \u00e0 l\u2019arriv\u00e9e des premiers \u00e9l\u00e8ves en janvier 2020.<\/span><\/p>\n<blockquote><p><span style=\"font-size: 14pt;\">\u201c<i>Je ne peux concevoir que ces jeunes jusqu\u2019\u00e0 15 ans souffrent d\u2019un manque de confiance en eux alors qu\u2019ils r\u00e9v\u00e8lent un \u00e9norme potentiel. Ils n\u2019attendent qu\u2019une chose : \u00eatre compris et heureux \u00e0 l\u2019\u00e9cole !<\/i>\u201d Alb\u00e9ric<\/span><\/p><\/blockquote>\n<p><img loading=\"lazy\" decoding=\"async\" class=\"aligncenter wp-image-3631 size-large\" src=\"https:\/\/www.prendstadose.fr\/wp-content\/uploads\/2022\/11\/316490034_802118167814982_2061699406205703674_n-1024x768.jpg\" alt=\"\" width=\"1024\" height=\"768\" srcset=\"https:\/\/www.prendstadose.fr\/wp-content\/uploads\/2022\/11\/316490034_802118167814982_2061699406205703674_n-1024x768.jpg 1024w, https:\/\/www.prendstadose.fr\/wp-content\/uploads\/2022\/11\/316490034_802118167814982_2061699406205703674_n-300x225.jpg 300w, https:\/\/www.prendstadose.fr\/wp-content\/uploads\/2022\/11\/316490034_802118167814982_2061699406205703674_n-768x576.jpg 768w, https:\/\/www.prendstadose.fr\/wp-content\/uploads\/2022\/11\/316490034_802118167814982_2061699406205703674_n-1536x1152.jpg 1536w, https:\/\/www.prendstadose.fr\/wp-content\/uploads\/2022\/11\/316490034_802118167814982_2061699406205703674_n-1170x878.jpg 1170w, https:\/\/www.prendstadose.fr\/wp-content\/uploads\/2022\/11\/316490034_802118167814982_2061699406205703674_n-1920x1440.jpg 1920w, https:\/\/www.prendstadose.fr\/wp-content\/uploads\/2022\/11\/316490034_802118167814982_2061699406205703674_n-585x439.jpg 585w, https:\/\/www.prendstadose.fr\/wp-content\/uploads\/2022\/11\/316490034_802118167814982_2061699406205703674_n.jpg 2048w\" sizes=\"auto, (max-width: 1024px) 100vw, 1024px\" \/><\/p>\n<p style=\"text-align: center;\"><span style=\"font-size: 14pt;\"><i>Lever la main n\u2019est plus un obstacle mais un r\u00e9flexe<\/i><\/span><\/p>\n<p>&nbsp;<\/p>\n<h2><span style=\"font-size: 18pt;\"><b>L\u2019\u00e9cole dont on a tous r\u00eav\u00e9<\/b><\/span><\/h2>\n<p><span style=\"font-size: 14pt;\"><strong>Ici, les \u00e9l\u00e8ves arrivent entre 8h15 et 9h.<\/strong> Rien d\u2019original, \u00e0 ceci pr\u00e8s qu\u2019ils se pr\u00e9cipitent sans dire au-revoir \u00e0 leurs parents, d\u00e9nouent leurs lacets, d\u00e9posent leurs chaussures dans le bac de leur classe et courent ouvrir un jeu de soci\u00e9t\u00e9 ou un livre. Quelques instants apr\u00e8s l\u2019ouverture des portes, une multitude de jeux sont lanc\u00e9s par petits groupes, install\u00e9s par terre, dans les couloirs, \u00e0 m\u00eame la moquette nuanc\u00e9e de gris, toutes chaussettes dehors. Ces enfants ne sont pas dans une \u00e9cole, ils sont chez eux. Ils ne sont pas craintifs ou mal-\u00e0-l\u2019aise, ils se montrent confiants et en s\u00e9curit\u00e9.<\/span><\/p>\n<p><span style=\"font-size: 14pt;\"><strong>Le professeur arrive bien avant le d\u00e9but de ses cours.<\/strong> Il entre dans la salle de classe vide, allume la lumi\u00e8re, laisse la porte ouverte derri\u00e8re lui et installe ses affaires. C\u2019est le signal qui permet aux \u00e9l\u00e8ves de gagner leur bureau, de quitter leurs jeux pour s\u2019installer, eux aussi. Le principe : voir le professeur pr\u00e9parer sa matin\u00e9e, \u00eatre en sa pr\u00e9sence, et reproduire sa conduite procure s\u00e9curit\u00e9 et bien-\u00eatre. Les heures s\u2019ensuivent et les cahiers s\u2019alourdissent du poids de l\u2019encre. Les fondamentaux s\u2019acqui\u00e8rent. Et la sociabilisation avance.\u00a0<\/span><\/p>\n<p><span style=\"font-size: 14pt;\"><strong>Certains jeunes travaillent avec un casque anti-bruit sur les oreilles, d\u2019autres jouent avec la chambre \u00e0 air de v\u00e9lo fix\u00e9e sur leur chaise pour faciliter leur attention.<\/strong> L\u2019accompagnement individualis\u00e9 permet ainsi de trouver, pour chacun, les moyens de sa r\u00e9ussite.\u00a0<\/span><\/p>\n<p><span style=\"font-size: 14pt;\"><strong>Chaque semaine, tous plongent dans un univers th\u00e9matique diff\u00e9rent : le cheval, la haute gastronomie, la montagne\u2026<\/strong> L\u2019\u00e9cole ne leur permet pas seulement de lire une encyclop\u00e9die illustr\u00e9e, mais de vivre dedans. Le r\u00e9el devient un apprentissage. La dict\u00e9e, l\u2019Histoire, les sciences, les travaux pratiques, la sortie scolaire, tout parle du th\u00e8me hebdomadaire et immerge les enfants dans un monde qui devient palpable parce que compris de l\u2019int\u00e9rieur.\u00a0<\/span><\/p>\n<p><img loading=\"lazy\" decoding=\"async\" class=\"aligncenter wp-image-3632 size-large\" src=\"https:\/\/www.prendstadose.fr\/wp-content\/uploads\/2022\/11\/315928923_1063478095051432_7431868202295301074_n-1024x768.jpg\" alt=\"\" width=\"1024\" height=\"768\" srcset=\"https:\/\/www.prendstadose.fr\/wp-content\/uploads\/2022\/11\/315928923_1063478095051432_7431868202295301074_n-1024x768.jpg 1024w, https:\/\/www.prendstadose.fr\/wp-content\/uploads\/2022\/11\/315928923_1063478095051432_7431868202295301074_n-300x225.jpg 300w, https:\/\/www.prendstadose.fr\/wp-content\/uploads\/2022\/11\/315928923_1063478095051432_7431868202295301074_n-768x576.jpg 768w, https:\/\/www.prendstadose.fr\/wp-content\/uploads\/2022\/11\/315928923_1063478095051432_7431868202295301074_n-1536x1152.jpg 1536w, https:\/\/www.prendstadose.fr\/wp-content\/uploads\/2022\/11\/315928923_1063478095051432_7431868202295301074_n-1170x878.jpg 1170w, https:\/\/www.prendstadose.fr\/wp-content\/uploads\/2022\/11\/315928923_1063478095051432_7431868202295301074_n-585x439.jpg 585w, https:\/\/www.prendstadose.fr\/wp-content\/uploads\/2022\/11\/315928923_1063478095051432_7431868202295301074_n.jpg 1600w\" sizes=\"auto, (max-width: 1024px) 100vw, 1024px\" \/><\/p>\n<p style=\"text-align: center;\"><span style=\"font-size: 14pt;\"><i>Sortie, sur le th\u00e8me du cheval, \u00e0 l\u2019\u00e9curie de la Police municipale mont\u00e9e de Noisy-le-Grand<\/i><\/span><\/p>\n<p><span style=\"font-size: 14pt;\"><strong>Cette \u00e9cole est associative, priv\u00e9e, et accueille soixante-trois enfants, effectif en constante augmentation depuis trois ans.<\/strong> Ce succ\u00e8s permet \u00e0 l\u2019\u00e9quipe d\u2019envisager prochainement plusieurs cr\u00e9ations d\u2019\u00e9coles, sur le m\u00eame mod\u00e8le. La structure vit de dons d\u2019entreprises, de fondations ou de particuliers et d\u2019une participation financi\u00e8re &#8211; accessible &#8211; des parents. Elle assure la solidarit\u00e9 avec certaines familles, en situation de pr\u00e9carit\u00e9, en prenant \u00e0 sa charge les frais de scolarit\u00e9. Relais du syst\u00e8me scolaire classique, elle re\u00e7oit tous les profils qui manquent de confiance et risquent le d\u00e9crochage. D\u2019o\u00f9 qu\u2019ils viennent.\u00a0<\/span><\/p>\n<p><span style=\"font-size: 14pt;\"><strong>Il est d\u00e9j\u00e0 l\u2019heure de laisser ces \u00e9l\u00e8ves et leurs professeurs.<\/strong> D\u2019ailleurs, les parents sont d\u00e9j\u00e0 l\u00e0 \u00e0 attendre leur sortie, avec un go\u00fbter ou un simple sourire. Ils sont nombreux, preuve que le Cours des fr\u00e8res Montgolfier r\u00e9pond \u00e0 un vaste d\u00e9sarroi. Ils sont soulag\u00e9s, preuve que cette \u00e9cole apporte une r\u00e9ponse concr\u00e8te \u00e0 un probl\u00e8me qu\u2019ils portaient seuls jusqu\u2019alors. Enfin, ils sont confiants, preuve que la promesse de l\u2019\u00e9quipe p\u00e9dagogique est tenue.\u00a0<\/span><\/p>\n<p style=\"text-align: right;\"><span style=\"font-size: 14pt;\"><strong>Un illustre anonyme<\/strong><\/span><\/p>\n<p><span style=\"font-size: 14pt;\">*Les pr\u00e9noms ont \u00e9t\u00e9 modifi\u00e9s<\/span><\/p>\n","protected":false},"excerpt":{"rendered":"<p>Une petite \u00e9cole in\u00e9dite, \u00e0 la sortie Esplanade du RER de Noisy-le-Grand (Seine-Saint-Denis), rayonne dans un&hellip;<\/p>\n","protected":false},"author":4,"featured_media":3626,"comment_status":"open","ping_status":"open","sticky":false,"template":"","format":"standard","meta":{"_editorskit_title_hidden":false,"_editorskit_reading_time":0,"_editorskit_is_block_options_detached":false,"_editorskit_block_options_position":"{}","jetpack_post_was_ever_published":false,"_jetpack_newsletter_access":"","_jetpack_dont_email_post_to_subs":false,"_jetpack_newsletter_tier_id":0,"_jetpack_memberships_contains_paywalled_content":false,"_jetpack_memberships_contains_paid_content":false,"footnotes":"","jetpack_publicize_message":"","jetpack_publicize_feature_enabled":true,"jetpack_social_post_already_shared":true,"jetpack_social_options":{"image_generator_settings":{"template":"highway","enabled":false},"version":2}},"categories":[358],"tags":[872,483,914,917,775,920,923,915,921,188,922,156,919,918,916],"class_list":["post-3616","post","type-post","status-publish","format-standard","has-post-thumbnail","hentry","category-cultureetsociete","tag-banlieue","tag-decouverte","tag-ecole","tag-ecole-alternative","tag-education","tag-eleves","tag-enseignants","tag-enseignement","tag-etablissement-scolaire","tag-france","tag-journal","tag-litterature","tag-matiere","tag-montgolfiere","tag-vocation"],"yoast_head":"<!-- This site is optimized with the Yoast SEO plugin v24.6 - https:\/\/yoast.com\/wordpress\/plugins\/seo\/ -->\n<title>R\u00e9int\u00e9grer le syst\u00e8me scolaire apr\u00e8s une mauvaise exp\u00e9rience ? Une \u00e9cole innove ! &#8212; PRENDS TA DOSE<\/title>\n<meta name=\"description\" content=\"Une petite \u00e9cole in\u00e9dite, \u00e0 la sortie Esplanade du RER de Noisy-le-Grand (Seine-Saint-Denis), rayonne dans un quartier en souffrance. L\u2019espoir qu\u2019elle Une petite \u00e9cole in\u00e9dite, \u00e0 la sortie Esplanade du RER de Noisy-le-Grand (Seine-Saint-Denis), rayonne dans un quartier en souffrance.\" \/>\n<meta name=\"robots\" content=\"index, follow, max-snippet:-1, max-image-preview:large, max-video-preview:-1\" \/>\n<link rel=\"canonical\" href=\"https:\/\/www.prendstadose.fr\/index.php\/2022\/11\/21\/reintegrer-le-systeme-scolaire-apres-une-mauvaise-experience-une-ecole-innove\/\" \/>\n<meta property=\"og:locale\" content=\"fr_FR\" \/>\n<meta property=\"og:type\" content=\"article\" \/>\n<meta property=\"og:title\" content=\"R\u00e9int\u00e9grer le syst\u00e8me scolaire apr\u00e8s une mauvaise exp\u00e9rience ? Une \u00e9cole innove ! &#8212; PRENDS TA DOSE\" \/>\n<meta property=\"og:description\" content=\"Une petite \u00e9cole in\u00e9dite, \u00e0 la sortie Esplanade du RER de Noisy-le-Grand (Seine-Saint-Denis), rayonne dans un quartier en souffrance. L\u2019espoir qu\u2019elle Une petite \u00e9cole in\u00e9dite, \u00e0 la sortie Esplanade du RER de Noisy-le-Grand (Seine-Saint-Denis), rayonne dans un quartier en souffrance.\" \/>\n<meta property=\"og:url\" content=\"https:\/\/www.prendstadose.fr\/index.php\/2022\/11\/21\/reintegrer-le-systeme-scolaire-apres-une-mauvaise-experience-une-ecole-innove\/\" \/>\n<meta property=\"og:site_name\" content=\"PRENDS TA DOSE\" \/>\n<meta property=\"article:publisher\" content=\"https:\/\/www.facebook.com\/BrigadeSansFrontieres\/\" \/>\n<meta property=\"article:published_time\" content=\"2022-11-21T15:42:24+00:00\" \/>\n<meta property=\"article:modified_time\" content=\"2024-09-23T09:11:06+00:00\" \/>\n<meta property=\"og:image\" content=\"https:\/\/www.prendstadose.fr\/wp-content\/uploads\/2022\/11\/316012207_1579536265794099_4705645085419483991_n.jpg\" \/>\n\t<meta property=\"og:image:width\" content=\"2048\" \/>\n\t<meta property=\"og:image:height\" content=\"1536\" \/>\n\t<meta property=\"og:image:type\" content=\"image\/jpeg\" \/>\n<meta name=\"author\" content=\"Un Contributeur\" \/>\n<meta name=\"twitter:card\" content=\"summary_large_image\" \/>\n<meta name=\"twitter:label1\" content=\"\u00c9crit par\" \/>\n\t<meta name=\"twitter:data1\" content=\"Un Contributeur\" \/>\n\t<meta name=\"twitter:label2\" content=\"Dur\u00e9e de lecture estim\u00e9e\" \/>\n\t<meta name=\"twitter:data2\" content=\"8 minutes\" \/>\n<script type=\"application\/ld+json\" class=\"yoast-schema-graph\">{\"@context\":\"https:\/\/schema.org\",\"@graph\":[{\"@type\":\"Article\",\"@id\":\"https:\/\/www.prendstadose.fr\/index.php\/2022\/11\/21\/reintegrer-le-systeme-scolaire-apres-une-mauvaise-experience-une-ecole-innove\/#article\",\"isPartOf\":{\"@id\":\"https:\/\/www.prendstadose.fr\/index.php\/2022\/11\/21\/reintegrer-le-systeme-scolaire-apres-une-mauvaise-experience-une-ecole-innove\/\"},\"author\":{\"name\":\"Un Contributeur\",\"@id\":\"https:\/\/www.prendstadose.fr\/#\/schema\/person\/f0756358117683c969d3b233670ddc21\"},\"headline\":\"R\u00e9int\u00e9grer le syst\u00e8me scolaire apr\u00e8s une mauvaise exp\u00e9rience ? Une \u00e9cole innove !\",\"datePublished\":\"2022-11-21T15:42:24+00:00\",\"dateModified\":\"2024-09-23T09:11:06+00:00\",\"mainEntityOfPage\":{\"@id\":\"https:\/\/www.prendstadose.fr\/index.php\/2022\/11\/21\/reintegrer-le-systeme-scolaire-apres-une-mauvaise-experience-une-ecole-innove\/\"},\"wordCount\":1554,\"commentCount\":1,\"publisher\":{\"@id\":\"https:\/\/www.prendstadose.fr\/#organization\"},\"image\":{\"@id\":\"https:\/\/www.prendstadose.fr\/index.php\/2022\/11\/21\/reintegrer-le-systeme-scolaire-apres-une-mauvaise-experience-une-ecole-innove\/#primaryimage\"},\"thumbnailUrl\":\"https:\/\/www.prendstadose.fr\/wp-content\/uploads\/2022\/11\/316012207_1579536265794099_4705645085419483991_n.jpg\",\"keywords\":[\"Banlieue\",\"D\u00e9couverte\",\"\u00e9cole\",\"\u00e9cole alternative\",\"Education\",\"\u00e9l\u00e8ves\",\"Enseignants\",\"enseignement\",\"\u00e9tablissement scolaire\",\"France\",\"journal\",\"Litt\u00e9rature\",\"mati\u00e8re\",\"montgolfi\u00e8re\",\"vocation\"],\"articleSection\":[\"Culture &amp; Soci\u00e9t\u00e9\"],\"inLanguage\":\"fr-FR\",\"potentialAction\":[{\"@type\":\"CommentAction\",\"name\":\"Comment\",\"target\":[\"https:\/\/www.prendstadose.fr\/index.php\/2022\/11\/21\/reintegrer-le-systeme-scolaire-apres-une-mauvaise-experience-une-ecole-innove\/#respond\"]}]},{\"@type\":\"WebPage\",\"@id\":\"https:\/\/www.prendstadose.fr\/index.php\/2022\/11\/21\/reintegrer-le-systeme-scolaire-apres-une-mauvaise-experience-une-ecole-innove\/\",\"url\":\"https:\/\/www.prendstadose.fr\/index.php\/2022\/11\/21\/reintegrer-le-systeme-scolaire-apres-une-mauvaise-experience-une-ecole-innove\/\",\"name\":\"R\u00e9int\u00e9grer le syst\u00e8me scolaire apr\u00e8s une mauvaise exp\u00e9rience ? Une \u00e9cole innove ! &#8212; PRENDS TA DOSE\",\"isPartOf\":{\"@id\":\"https:\/\/www.prendstadose.fr\/#website\"},\"primaryImageOfPage\":{\"@id\":\"https:\/\/www.prendstadose.fr\/index.php\/2022\/11\/21\/reintegrer-le-systeme-scolaire-apres-une-mauvaise-experience-une-ecole-innove\/#primaryimage\"},\"image\":{\"@id\":\"https:\/\/www.prendstadose.fr\/index.php\/2022\/11\/21\/reintegrer-le-systeme-scolaire-apres-une-mauvaise-experience-une-ecole-innove\/#primaryimage\"},\"thumbnailUrl\":\"https:\/\/www.prendstadose.fr\/wp-content\/uploads\/2022\/11\/316012207_1579536265794099_4705645085419483991_n.jpg\",\"datePublished\":\"2022-11-21T15:42:24+00:00\",\"dateModified\":\"2024-09-23T09:11:06+00:00\",\"description\":\"Une petite \u00e9cole in\u00e9dite, \u00e0 la sortie Esplanade du RER de Noisy-le-Grand (Seine-Saint-Denis), rayonne dans un quartier en souffrance. L\u2019espoir qu\u2019elle Une petite \u00e9cole in\u00e9dite, \u00e0 la sortie Esplanade du RER de Noisy-le-Grand (Seine-Saint-Denis), rayonne dans un quartier en souffrance.\",\"breadcrumb\":{\"@id\":\"https:\/\/www.prendstadose.fr\/index.php\/2022\/11\/21\/reintegrer-le-systeme-scolaire-apres-une-mauvaise-experience-une-ecole-innove\/#breadcrumb\"},\"inLanguage\":\"fr-FR\",\"potentialAction\":[{\"@type\":\"ReadAction\",\"target\":[\"https:\/\/www.prendstadose.fr\/index.php\/2022\/11\/21\/reintegrer-le-systeme-scolaire-apres-une-mauvaise-experience-une-ecole-innove\/\"]}]},{\"@type\":\"ImageObject\",\"inLanguage\":\"fr-FR\",\"@id\":\"https:\/\/www.prendstadose.fr\/index.php\/2022\/11\/21\/reintegrer-le-systeme-scolaire-apres-une-mauvaise-experience-une-ecole-innove\/#primaryimage\",\"url\":\"https:\/\/www.prendstadose.fr\/wp-content\/uploads\/2022\/11\/316012207_1579536265794099_4705645085419483991_n.jpg\",\"contentUrl\":\"https:\/\/www.prendstadose.fr\/wp-content\/uploads\/2022\/11\/316012207_1579536265794099_4705645085419483991_n.jpg\",\"width\":2048,\"height\":1536},{\"@type\":\"BreadcrumbList\",\"@id\":\"https:\/\/www.prendstadose.fr\/index.php\/2022\/11\/21\/reintegrer-le-systeme-scolaire-apres-une-mauvaise-experience-une-ecole-innove\/#breadcrumb\",\"itemListElement\":[{\"@type\":\"ListItem\",\"position\":1,\"name\":\"Accueil\",\"item\":\"https:\/\/www.prendstadose.fr\/\"},{\"@type\":\"ListItem\",\"position\":2,\"name\":\"R\u00e9int\u00e9grer le syst\u00e8me scolaire apr\u00e8s une mauvaise exp\u00e9rience ? Une \u00e9cole innove !\"}]},{\"@type\":\"WebSite\",\"@id\":\"https:\/\/www.prendstadose.fr\/#website\",\"url\":\"https:\/\/www.prendstadose.fr\/\",\"name\":\"PRENDS TA DOSE\",\"description\":\"Capsule Culture Pour Analphab\u00e8tes Lettr\u00e9s\",\"publisher\":{\"@id\":\"https:\/\/www.prendstadose.fr\/#organization\"},\"potentialAction\":[{\"@type\":\"SearchAction\",\"target\":{\"@type\":\"EntryPoint\",\"urlTemplate\":\"https:\/\/www.prendstadose.fr\/?s={search_term_string}\"},\"query-input\":{\"@type\":\"PropertyValueSpecification\",\"valueRequired\":true,\"valueName\":\"search_term_string\"}}],\"inLanguage\":\"fr-FR\"},{\"@type\":\"Organization\",\"@id\":\"https:\/\/www.prendstadose.fr\/#organization\",\"name\":\"PrendsTaDose\",\"url\":\"https:\/\/www.prendstadose.fr\/\",\"logo\":{\"@type\":\"ImageObject\",\"inLanguage\":\"fr-FR\",\"@id\":\"https:\/\/www.prendstadose.fr\/#\/schema\/logo\/image\/\",\"url\":\"https:\/\/www.prendstadose.fr\/wp-content\/uploads\/2021\/08\/logo-e1641309847268.png\",\"contentUrl\":\"https:\/\/www.prendstadose.fr\/wp-content\/uploads\/2021\/08\/logo-e1641309847268.png\",\"width\":400,\"height\":406,\"caption\":\"PrendsTaDose\"},\"image\":{\"@id\":\"https:\/\/www.prendstadose.fr\/#\/schema\/logo\/image\/\"},\"sameAs\":[\"https:\/\/www.facebook.com\/BrigadeSansFrontieres\/\",\"https:\/\/www.instagram.com\/romain_mailliu\/\"]},{\"@type\":\"Person\",\"@id\":\"https:\/\/www.prendstadose.fr\/#\/schema\/person\/f0756358117683c969d3b233670ddc21\",\"name\":\"Un Contributeur\",\"url\":\"https:\/\/www.prendstadose.fr\/index.php\/author\/albi\/\"}]}<\/script>\n<!-- \/ Yoast SEO plugin. -->","yoast_head_json":{"title":"R\u00e9int\u00e9grer le syst\u00e8me scolaire apr\u00e8s une mauvaise exp\u00e9rience ? Une \u00e9cole innove ! &#8212; PRENDS TA DOSE","description":"Une petite \u00e9cole in\u00e9dite, \u00e0 la sortie Esplanade du RER de Noisy-le-Grand (Seine-Saint-Denis), rayonne dans un quartier en souffrance. L\u2019espoir qu\u2019elle Une petite \u00e9cole in\u00e9dite, \u00e0 la sortie Esplanade du RER de Noisy-le-Grand (Seine-Saint-Denis), rayonne dans un quartier en souffrance.","robots":{"index":"index","follow":"follow","max-snippet":"max-snippet:-1","max-image-preview":"max-image-preview:large","max-video-preview":"max-video-preview:-1"},"canonical":"https:\/\/www.prendstadose.fr\/index.php\/2022\/11\/21\/reintegrer-le-systeme-scolaire-apres-une-mauvaise-experience-une-ecole-innove\/","og_locale":"fr_FR","og_type":"article","og_title":"R\u00e9int\u00e9grer le syst\u00e8me scolaire apr\u00e8s une mauvaise exp\u00e9rience ? Une \u00e9cole innove ! &#8212; PRENDS TA DOSE","og_description":"Une petite \u00e9cole in\u00e9dite, \u00e0 la sortie Esplanade du RER de Noisy-le-Grand (Seine-Saint-Denis), rayonne dans un quartier en souffrance. L\u2019espoir qu\u2019elle Une petite \u00e9cole in\u00e9dite, \u00e0 la sortie Esplanade du RER de Noisy-le-Grand (Seine-Saint-Denis), rayonne dans un quartier en souffrance.","og_url":"https:\/\/www.prendstadose.fr\/index.php\/2022\/11\/21\/reintegrer-le-systeme-scolaire-apres-une-mauvaise-experience-une-ecole-innove\/","og_site_name":"PRENDS TA DOSE","article_publisher":"https:\/\/www.facebook.com\/BrigadeSansFrontieres\/","article_published_time":"2022-11-21T15:42:24+00:00","article_modified_time":"2024-09-23T09:11:06+00:00","og_image":[{"width":2048,"height":1536,"url":"https:\/\/www.prendstadose.fr\/wp-content\/uploads\/2022\/11\/316012207_1579536265794099_4705645085419483991_n.jpg","type":"image\/jpeg"}],"author":"Un Contributeur","twitter_card":"summary_large_image","twitter_misc":{"\u00c9crit par":"Un Contributeur","Dur\u00e9e de lecture estim\u00e9e":"8 minutes"},"schema":{"@context":"https:\/\/schema.org","@graph":[{"@type":"Article","@id":"https:\/\/www.prendstadose.fr\/index.php\/2022\/11\/21\/reintegrer-le-systeme-scolaire-apres-une-mauvaise-experience-une-ecole-innove\/#article","isPartOf":{"@id":"https:\/\/www.prendstadose.fr\/index.php\/2022\/11\/21\/reintegrer-le-systeme-scolaire-apres-une-mauvaise-experience-une-ecole-innove\/"},"author":{"name":"Un Contributeur","@id":"https:\/\/www.prendstadose.fr\/#\/schema\/person\/f0756358117683c969d3b233670ddc21"},"headline":"R\u00e9int\u00e9grer le syst\u00e8me scolaire apr\u00e8s une mauvaise exp\u00e9rience ? Une \u00e9cole innove !","datePublished":"2022-11-21T15:42:24+00:00","dateModified":"2024-09-23T09:11:06+00:00","mainEntityOfPage":{"@id":"https:\/\/www.prendstadose.fr\/index.php\/2022\/11\/21\/reintegrer-le-systeme-scolaire-apres-une-mauvaise-experience-une-ecole-innove\/"},"wordCount":1554,"commentCount":1,"publisher":{"@id":"https:\/\/www.prendstadose.fr\/#organization"},"image":{"@id":"https:\/\/www.prendstadose.fr\/index.php\/2022\/11\/21\/reintegrer-le-systeme-scolaire-apres-une-mauvaise-experience-une-ecole-innove\/#primaryimage"},"thumbnailUrl":"https:\/\/www.prendstadose.fr\/wp-content\/uploads\/2022\/11\/316012207_1579536265794099_4705645085419483991_n.jpg","keywords":["Banlieue","D\u00e9couverte","\u00e9cole","\u00e9cole alternative","Education","\u00e9l\u00e8ves","Enseignants","enseignement","\u00e9tablissement scolaire","France","journal","Litt\u00e9rature","mati\u00e8re","montgolfi\u00e8re","vocation"],"articleSection":["Culture &amp; Soci\u00e9t\u00e9"],"inLanguage":"fr-FR","potentialAction":[{"@type":"CommentAction","name":"Comment","target":["https:\/\/www.prendstadose.fr\/index.php\/2022\/11\/21\/reintegrer-le-systeme-scolaire-apres-une-mauvaise-experience-une-ecole-innove\/#respond"]}]},{"@type":"WebPage","@id":"https:\/\/www.prendstadose.fr\/index.php\/2022\/11\/21\/reintegrer-le-systeme-scolaire-apres-une-mauvaise-experience-une-ecole-innove\/","url":"https:\/\/www.prendstadose.fr\/index.php\/2022\/11\/21\/reintegrer-le-systeme-scolaire-apres-une-mauvaise-experience-une-ecole-innove\/","name":"R\u00e9int\u00e9grer le syst\u00e8me scolaire apr\u00e8s une mauvaise exp\u00e9rience ? Une \u00e9cole innove ! &#8212; PRENDS TA DOSE","isPartOf":{"@id":"https:\/\/www.prendstadose.fr\/#website"},"primaryImageOfPage":{"@id":"https:\/\/www.prendstadose.fr\/index.php\/2022\/11\/21\/reintegrer-le-systeme-scolaire-apres-une-mauvaise-experience-une-ecole-innove\/#primaryimage"},"image":{"@id":"https:\/\/www.prendstadose.fr\/index.php\/2022\/11\/21\/reintegrer-le-systeme-scolaire-apres-une-mauvaise-experience-une-ecole-innove\/#primaryimage"},"thumbnailUrl":"https:\/\/www.prendstadose.fr\/wp-content\/uploads\/2022\/11\/316012207_1579536265794099_4705645085419483991_n.jpg","datePublished":"2022-11-21T15:42:24+00:00","dateModified":"2024-09-23T09:11:06+00:00","description":"Une petite \u00e9cole in\u00e9dite, \u00e0 la sortie Esplanade du RER de Noisy-le-Grand (Seine-Saint-Denis), rayonne dans un quartier en souffrance. L\u2019espoir qu\u2019elle Une petite \u00e9cole in\u00e9dite, \u00e0 la sortie Esplanade du RER de Noisy-le-Grand (Seine-Saint-Denis), rayonne dans un quartier en souffrance.","breadcrumb":{"@id":"https:\/\/www.prendstadose.fr\/index.php\/2022\/11\/21\/reintegrer-le-systeme-scolaire-apres-une-mauvaise-experience-une-ecole-innove\/#breadcrumb"},"inLanguage":"fr-FR","potentialAction":[{"@type":"ReadAction","target":["https:\/\/www.prendstadose.fr\/index.php\/2022\/11\/21\/reintegrer-le-systeme-scolaire-apres-une-mauvaise-experience-une-ecole-innove\/"]}]},{"@type":"ImageObject","inLanguage":"fr-FR","@id":"https:\/\/www.prendstadose.fr\/index.php\/2022\/11\/21\/reintegrer-le-systeme-scolaire-apres-une-mauvaise-experience-une-ecole-innove\/#primaryimage","url":"https:\/\/www.prendstadose.fr\/wp-content\/uploads\/2022\/11\/316012207_1579536265794099_4705645085419483991_n.jpg","contentUrl":"https:\/\/www.prendstadose.fr\/wp-content\/uploads\/2022\/11\/316012207_1579536265794099_4705645085419483991_n.jpg","width":2048,"height":1536},{"@type":"BreadcrumbList","@id":"https:\/\/www.prendstadose.fr\/index.php\/2022\/11\/21\/reintegrer-le-systeme-scolaire-apres-une-mauvaise-experience-une-ecole-innove\/#breadcrumb","itemListElement":[{"@type":"ListItem","position":1,"name":"Accueil","item":"https:\/\/www.prendstadose.fr\/"},{"@type":"ListItem","position":2,"name":"R\u00e9int\u00e9grer le syst\u00e8me scolaire apr\u00e8s une mauvaise exp\u00e9rience ? Une \u00e9cole innove !"}]},{"@type":"WebSite","@id":"https:\/\/www.prendstadose.fr\/#website","url":"https:\/\/www.prendstadose.fr\/","name":"PRENDS TA DOSE","description":"Capsule Culture Pour Analphab\u00e8tes Lettr\u00e9s","publisher":{"@id":"https:\/\/www.prendstadose.fr\/#organization"},"potentialAction":[{"@type":"SearchAction","target":{"@type":"EntryPoint","urlTemplate":"https:\/\/www.prendstadose.fr\/?s={search_term_string}"},"query-input":{"@type":"PropertyValueSpecification","valueRequired":true,"valueName":"search_term_string"}}],"inLanguage":"fr-FR"},{"@type":"Organization","@id":"https:\/\/www.prendstadose.fr\/#organization","name":"PrendsTaDose","url":"https:\/\/www.prendstadose.fr\/","logo":{"@type":"ImageObject","inLanguage":"fr-FR","@id":"https:\/\/www.prendstadose.fr\/#\/schema\/logo\/image\/","url":"https:\/\/www.prendstadose.fr\/wp-content\/uploads\/2021\/08\/logo-e1641309847268.png","contentUrl":"https:\/\/www.prendstadose.fr\/wp-content\/uploads\/2021\/08\/logo-e1641309847268.png","width":400,"height":406,"caption":"PrendsTaDose"},"image":{"@id":"https:\/\/www.prendstadose.fr\/#\/schema\/logo\/image\/"},"sameAs":["https:\/\/www.facebook.com\/BrigadeSansFrontieres\/","https:\/\/www.instagram.com\/romain_mailliu\/"]},{"@type":"Person","@id":"https:\/\/www.prendstadose.fr\/#\/schema\/person\/f0756358117683c969d3b233670ddc21","name":"Un Contributeur","url":"https:\/\/www.prendstadose.fr\/index.php\/author\/albi\/"}]}},"jetpack_publicize_connections":[],"jetpack_featured_media_url":"https:\/\/www.prendstadose.fr\/wp-content\/uploads\/2022\/11\/316012207_1579536265794099_4705645085419483991_n.jpg","jetpack_sharing_enabled":true,"_links":{"self":[{"href":"https:\/\/www.prendstadose.fr\/index.php\/wp-json\/wp\/v2\/posts\/3616","targetHints":{"allow":["GET"]}}],"collection":[{"href":"https:\/\/www.prendstadose.fr\/index.php\/wp-json\/wp\/v2\/posts"}],"about":[{"href":"https:\/\/www.prendstadose.fr\/index.php\/wp-json\/wp\/v2\/types\/post"}],"author":[{"embeddable":true,"href":"https:\/\/www.prendstadose.fr\/index.php\/wp-json\/wp\/v2\/users\/4"}],"replies":[{"embeddable":true,"href":"https:\/\/www.prendstadose.fr\/index.php\/wp-json\/wp\/v2\/comments?post=3616"}],"version-history":[{"count":7,"href":"https:\/\/www.prendstadose.fr\/index.php\/wp-json\/wp\/v2\/posts\/3616\/revisions"}],"predecessor-version":[{"id":3637,"href":"https:\/\/www.prendstadose.fr\/index.php\/wp-json\/wp\/v2\/posts\/3616\/revisions\/3637"}],"wp:featuredmedia":[{"embeddable":true,"href":"https:\/\/www.prendstadose.fr\/index.php\/wp-json\/wp\/v2\/media\/3626"}],"wp:attachment":[{"href":"https:\/\/www.prendstadose.fr\/index.php\/wp-json\/wp\/v2\/media?parent=3616"}],"wp:term":[{"taxonomy":"category","embeddable":true,"href":"https:\/\/www.prendstadose.fr\/index.php\/wp-json\/wp\/v2\/categories?post=3616"},{"taxonomy":"post_tag","embeddable":true,"href":"https:\/\/www.prendstadose.fr\/index.php\/wp-json\/wp\/v2\/tags?post=3616"}],"curies":[{"name":"wp","href":"https:\/\/api.w.org\/{rel}","templated":true}]}}