{"id":3696,"date":"2023-04-01T13:04:38","date_gmt":"2023-04-01T11:04:38","guid":{"rendered":"https:\/\/www.prendstadose.fr\/?p=3696"},"modified":"2025-05-19T14:45:36","modified_gmt":"2025-05-19T12:45:36","slug":"adieu-londres-bonjour-beyrouth-faire-un-film-pour-porter-la-voix-des-jeunes-oublies","status":"publish","type":"post","link":"https:\/\/www.prendstadose.fr\/index.php\/2023\/04\/01\/adieu-londres-bonjour-beyrouth-faire-un-film-pour-porter-la-voix-des-jeunes-oublies\/","title":{"rendered":"Adieu Londres, bonjour Beyrouth : Faire un film pour porter la voix des jeunes \u00ab\u00a0oubli\u00e9s\u00a0\u00bb."},"content":{"rendered":"<blockquote><p><span style=\"font-size: 14pt;\"><i><span style=\"font-weight: 400;\">\u00ab\u00a0Mais si tu es si bien \u00e0 Londres, pourquoi veux-tu partir ?\u00a0\u00bb <\/span><\/i><\/span><span style=\"font-size: 14pt;\"><span style=\"font-weight: 400;\">Isabelle, maman de l\u2019auteur.\u00a0<\/span><\/span><\/p><\/blockquote>\n<p><span style=\"font-weight: 400; font-size: 14pt;\">Bonne question. Mais je pense que de rester l\u00e0 o\u00f9 l\u2019on se sent bien trop longtemps, c\u2019est prendre le risque de s\u2019entendre dire \u00e0 40 ans : \u201cQuand j\u2019\u00e9tais jeune, j\u2019aurais d\u00fb aller \u00e0 J\u00e9rusalem en v\u00e9lo, suivre Catherine aux Etats-Unis, accepter ce job \u00e0 Oulan-Bator\u2026\u201d\u00a0<\/span><\/p>\n<p><span style=\"font-weight: 400; font-size: 14pt;\"><strong>N\u2019est-ce pas ce qui nous tient vivant apr\u00e8s tout ?<\/strong> Cette envie de d\u00e9couvrir, d\u2019apprendre, de bousculer son quotidien. Ce difficile \u00e9quilibre entre le tumulte et l\u2019ordre, ce go\u00fbt de l\u2019aventure orchestr\u00e9e ? Ni trop loin de ce que l\u2019on sait faire, ni trop proche de la routine \u00e9touffante. <strong>Entreprendre des qu\u00eates qui nous d\u00e9passent et donc, nous inspirent.<\/strong>\u00a0<\/span><\/p>\n<p><span style=\"font-size: 14pt;\"><span style=\"font-weight: 400;\">Ces questions furent les miennes alors que j\u2019h\u00e9sitais encore \u00e0 quitter Londres et \u00e0\u00a0 lancer le projet qui avait germ\u00e9 dans ma t\u00eate d\u00e8s juin 2022 : faire un long m\u00e9trage pour porter la voix des jeunes des bidonvilles. Je ne savais pas faire de film, mais <\/span><a href=\"https:\/\/www.prendstadose.fr\/index.php\/2020\/03\/18\/12-inondations-de-jakarta-la-misere-est-si-belle\/\"><span style=\"font-weight: 400;\">j\u2019avais v\u00e9cu plus d\u2019un an dans les quartiers pauvres de Jakarta<\/span><\/a><span style=\"font-weight: 400;\"> et je savais \u00e0 quel point les jeunes qui y vivaient \u00e9taient inspirants. Je n\u2019\u00e9tais pas r\u00e9alisateur, mais je me sentais pr\u00eat \u00e0 monter une \u00e9quipe et g\u00e9rer un projet. Je n\u2019\u00e9tais pas cin\u00e9phile, mais j\u2019avais pass\u00e9 suffisamment de temps dans les salles obscures pour en discerner leurs lumi\u00e8res.\u00a0<\/span><\/span><\/p>\n<p><span style=\"font-weight: 400; font-size: 14pt;\"><strong>Pourtant il fallait quitter Londres,<\/strong> alors que rien ne me poussait \u00e0 partir. La vie y \u00e9tait douce et je nourrissais de belles amiti\u00e9s. Moi qui n&rsquo;ai rien \u00e9crit \u00e0 Londres, <strong>voici &#8211; \u00e0 travers la description d\u2019un weekend idyllique &#8211; quelques recommandations.\u00a0<\/strong><\/span><\/p>\n<p><span style=\"font-size: 14pt;\"><span style=\"font-weight: 400;\">Londres, c\u2019\u00e9tait un concert de rock et des pintes de Guinness au <\/span><a href=\"https:\/\/www.thelexington.co.uk\/\"><span style=\"font-weight: 400;\">Lexington<\/span><\/a><span style=\"font-weight: 400;\"> le vendredi soir. C\u2019\u00e9tait des lectures <\/span><a href=\"https:\/\/www.monumentaltrees.com\/fr\/gbr\/angleterre\/cityoflondon\/4103_hydepark\/\"><span style=\"font-weight: 400;\">sous un \u00e9rable \u00e0 Hyde Park<\/span><\/a><span style=\"font-weight: 400;\"> le samedi matin, une exposition au <\/span><a href=\"https:\/\/www.barbican.org.uk\/\"><span style=\"font-weight: 400;\">Barbican<\/span><\/a><span style=\"font-weight: 400;\"> l\u2019apr\u00e8s-midi, l\u2019ap\u00e9ritif dinatoire au <\/span><a href=\"https:\/\/hampsteadjazzclub.com\/\"><span style=\"font-weight: 400;\">Hampstead Jazz Club<\/span><\/a><span style=\"font-weight: 400;\"> avant de rejoindre un <\/span><i><span style=\"font-weight: 400;\">before<\/span><\/i><span style=\"font-weight: 400;\"> sur un<\/span><i><span style=\"font-weight: 400;\"> rooftop<\/span><\/i><span style=\"font-weight: 400;\"> de Elephant and Castle puis <\/span><a href=\"https:\/\/www.stampthewax.com\/2019\/04\/04\/fold-the-24hr-creative-ecosystem-giving-london-hope\/\"><span style=\"font-weight: 400;\">le sound system du Fold<\/span><\/a><span style=\"font-weight: 400;\"> jusqu\u2019au lev\u00e9 du jour. C\u2019\u00e9tait le <\/span><i><span style=\"font-weight: 400;\">brunch<\/span><\/i><span style=\"font-weight: 400;\"> du dimanche matin chez <\/span><a href=\"https:\/\/www.sundayinbrooklyn.com\/\"><span style=\"font-weight: 400;\">Sunday in Brooklyn<\/span><\/a><span style=\"font-weight: 400;\"> \u00e0 Notting Hill (go\u00fbtez le pancake au chocolat) puis un anniversaire, des jeux de soci\u00e9t\u00e9 ou une balade sur les bords de <\/span><a href=\"https:\/\/www.escapadesalondres.com\/pages\/tout-au-long-de-l-annee\/londres-quartier-par-quartier\/decouvrez-le-petit-bassin-de-little-venice-a-londres-1.html\"><span style=\"font-weight: 400;\">Little Venice<\/span><\/a><span style=\"font-weight: 400;\"> jusqu\u2019\u00e0 <\/span><a href=\"https:\/\/fr.wikipedia.org\/wiki\/Camden_Town\"><span style=\"font-weight: 400;\">Camden Town<\/span><\/a><span style=\"font-weight: 400;\">. C\u2019\u00e9tait le couch\u00e9 de soleil sur la City \u00e0 <\/span><a href=\"https:\/\/www.royalparks.org.uk\/parks\/the-regents-park\/things-to-see-and-do\/primrose-hill\"><span style=\"font-weight: 400;\">Primrose Hill<\/span><\/a><span style=\"font-weight: 400;\">.\u00a0<\/span><\/span><\/p>\n<p><span style=\"font-size: 14pt;\"><b>Vous comprenez alors pourquoi je n\u2019ai pas \u00e9crit \u00e0 Londres. Mon quotidien \u00e9tait agr\u00e9able oui, inspirant non.<\/b><span style=\"font-weight: 400;\"> Et je n\u2019ai pas le talent n\u00e9cessaire pour vous satisfaire en sublimant les instants de gr\u00e2ce de la vie quotidienne. Il \u00e9tait grand temps d\u2019aller voir ailleurs. Et la fa\u00e7on la plus simple &#8211; radicale ? &#8211;\u00a0 de plonger dans un nouvel univers, \u00e9tait de changer de pays et de m\u00e9tier.\u00a0<\/span><\/span><\/p>\n<div id=\"attachment_3698\" style=\"width: 2010px\" class=\"wp-caption aligncenter\"><img loading=\"lazy\" decoding=\"async\" aria-describedby=\"caption-attachment-3698\" class=\"wp-image-3698 size-full\" src=\"https:\/\/www.prendstadose.fr\/wp-content\/uploads\/2023\/04\/20190217-fold-stw-10.jpeg\" alt=\"Fold London\" width=\"2000\" height=\"1335\" srcset=\"https:\/\/www.prendstadose.fr\/wp-content\/uploads\/2023\/04\/20190217-fold-stw-10.jpeg 2000w, https:\/\/www.prendstadose.fr\/wp-content\/uploads\/2023\/04\/20190217-fold-stw-10-300x200.jpeg 300w, https:\/\/www.prendstadose.fr\/wp-content\/uploads\/2023\/04\/20190217-fold-stw-10-1024x684.jpeg 1024w, https:\/\/www.prendstadose.fr\/wp-content\/uploads\/2023\/04\/20190217-fold-stw-10-768x513.jpeg 768w, https:\/\/www.prendstadose.fr\/wp-content\/uploads\/2023\/04\/20190217-fold-stw-10-1536x1025.jpeg 1536w, https:\/\/www.prendstadose.fr\/wp-content\/uploads\/2023\/04\/20190217-fold-stw-10-1170x781.jpeg 1170w, https:\/\/www.prendstadose.fr\/wp-content\/uploads\/2023\/04\/20190217-fold-stw-10-1920x1282.jpeg 1920w, https:\/\/www.prendstadose.fr\/wp-content\/uploads\/2023\/04\/20190217-fold-stw-10-585x390.jpeg 585w, https:\/\/www.prendstadose.fr\/wp-content\/uploads\/2023\/04\/20190217-fold-stw-10-263x175.jpeg 263w\" sizes=\"auto, (max-width: 2000px) 100vw, 2000px\" \/><p id=\"caption-attachment-3698\" class=\"wp-caption-text\">Lever de soleil au Fold\u00a0 &#8211; Cr\u00e9dit : Martin Eito<\/p><\/div>\n<h2><span style=\"font-size: 24pt;\"><b>Hands up, step back!\u00a0<\/b><\/span><\/h2>\n<p><span style=\"font-size: 14pt;\"><b>Dire que je n\u2019ai rien appris \u00e0 Londres serait un peu cavalier.<\/b><span style=\"font-weight: 400;\"> Cette ann\u00e9e d\u2019expatriation m&rsquo;a permis d&rsquo;affirmer un constat initi\u00e9 il y 3 an et demi. Alors que je devenais ing\u00e9nieur, notre directrice des \u00e9tudes nous posa une question aussi int\u00e9ressante que vertigineuse : quel ing\u00e9nieur voulez-vous \u00eatre ? Int\u00e9ressante car l\u00e9gitime, vertigineuse car personne dans notre promotion n\u2019y avait vraiment r\u00e9fl\u00e9chi.\u00a0<\/span><\/span><\/p>\n<p><span style=\"font-size: 14pt;\"><span style=\"font-weight: 400;\">Je me rapproche \u00e0 l\u2019\u00e9poque de <\/span><a href=\"https:\/\/fr.wikipedia.org\/wiki\/Ga%C3%ABl_Giraud\"><span style=\"font-weight: 400;\">Ga\u00ebl Giraud<\/span><\/a><span style=\"font-weight: 400;\"> et <\/span><a href=\"https:\/\/fr.wikipedia.org\/wiki\/Alain_Grandjean\"><span style=\"font-weight: 400;\">Alain Grandjean<\/span><\/a><span style=\"font-weight: 400;\"> &#8211; qui deviendra notre parrain de promotion &#8211; et je conclus que ce sont la lutte contre le changement climatique et les in\u00e9galit\u00e9s qui sont les d\u00e9fis principaux de notre g\u00e9n\u00e9ration.\u00a0<\/span><\/span><\/p>\n<p><span style=\"font-size: 14pt;\"><span style=\"font-weight: 400;\"><strong>Avec le recul, je constate que je suis plut\u00f4t d\u2019accord avec moi<\/strong>\u00a0 &#8211; ce qui est suffisamment rare pour \u00eatre soulign\u00e9. Le constat s\u2019est m\u00eame affin\u00e9 <\/span><span style=\"font-weight: 400;\">apr\u00e8s avoir v\u00e9cu\u00a0<\/span><\/span><\/p>\n<ul>\n<li style=\"font-weight: 400;\" aria-level=\"1\"><span style=\"font-weight: 400; font-size: 14pt;\">1 an dans les bidonvilles de Jakarta puis 6 mois dans une cit\u00e9 HLM en Seine-Saint-Denis pour accompagner des jeunes adultes \u00e0 obtenir un travail d\u00e9cent<\/span><\/li>\n<\/ul>\n<ul>\n<li style=\"font-weight: 400;\" aria-level=\"1\"><span style=\"font-weight: 400; font-size: 14pt;\">2 ans entre Paris et Londres, pour accompagner des organisations \u00e0 construire des mod\u00e8les d\u2019affaires inclusifs et durables.\u00a0<\/span><\/li>\n<\/ul>\n<p><span style=\"font-weight: 400; font-size: 14pt;\">Le ton de la suite de cet article vous para\u00eetra peut-\u00eatre un peu acad\u00e9mique. Mais il semble indispensable de rappeler quelques faits, pourtant moins connus &#8211; et peut-\u00eatre plus importants ? &#8211; que les derni\u00e8res r\u00e9v\u00e9lations sur la vie tr\u00e9pidante du Harry et Megan, ma <em>love story<\/em> anglaise pr\u00e9f\u00e9r\u00e9e ! \ud83d\udc9e\u00a0<\/span><\/p>\n<h2><span style=\"font-size: 14pt;\"><b><span style=\"font-size: 24pt;\">Constat 1 : nous nous dirigeons vers un futur ind\u00e9sirable.\u00a0<\/span>\u00a0<\/b><\/span><\/h2>\n<p><span style=\"font-size: 14pt;\"><b>Le d\u00e9r\u00e8glement climatique devient de plus en plus pr\u00e9occupant.<\/b><a href=\"https:\/\/climate.nasa.gov\/vital-signs\/global-temperature\/\"><span style=\"font-weight: 400;\"> La temp\u00e9rature du globe a augment\u00e9 d&rsquo;environ 1 degr\u00e9 depuis 1880<\/span><\/a><span style=\"font-weight: 400;\">. Pour mettre ce chiffre en perspective, pendant l\u2019air glaciaire, la temp\u00e9rature \u00e0 augment\u00e9 de 5\u00b0C pendant 10 mille ans<\/span><span style=\"font-weight: 400;\">. Ce r\u00e9chauffement acc\u00e9l\u00e9r\u00e9 entra\u00eene une multitude de cons\u00e9quences, comme <a href=\"https:\/\/www.worldwildlife.org\/press-releases\/69-average-decline-in-wildlife-populations-since-1970-says-new-wwf-report#:~:text=WASHINGTON%2C%20D.C.%20(October%2012%2C,WWF)%20Living%20Planet%20Report%202022.\">la disparition de 69% des animaux vert\u00e9br\u00e9s depuis 1970<\/a><\/span><span style=\"font-weight: 400;\">. Ou encore <a href=\"https:\/\/public.wmo.int\/en\/media\/press-release\/weather-related-disasters-increase-over-past-50-years-causing-more-damage-fewer\">l\u2019augmentation des catastrophes naturelles, multipli\u00e9es par 5 ces 50 derni\u00e8res ann\u00e9es<\/a><\/span><span style=\"font-weight: 400;\">.\u00a0<\/span><\/span><\/p>\n<p><span style=\"font-size: 14pt;\"><span style=\"font-weight: 400;\">Les sc\u00e9narios d&rsquo;avenir sont plus ou moins catastrophiques en fonction de si nous d\u00e9cidons d\u2019agir ou non, et \u00e0 quelle vitesse. Dans un monde \u00e0 +4 degr\u00e9s en 2100, c\u2019est \u00e0 dire si nous n\u2019agissons pas d\u00e8s maintenant, <a href=\"https:\/\/www.nature.com\/articles\/nclimate3322\">3\u20444 de la population mondiale serait soumise \u00e0 des temp\u00e9ratures mortels<\/a> au minimum 20 jours par an<\/span><span style=\"font-weight: 400;\">.\u00a0<\/span><\/span><\/p>\n<div id=\"attachment_3702\" style=\"width: 2570px\" class=\"wp-caption aligncenter\"><img loading=\"lazy\" decoding=\"async\" aria-describedby=\"caption-attachment-3702\" class=\"wp-image-3702 size-full\" src=\"https:\/\/www.prendstadose.fr\/wp-content\/uploads\/2023\/04\/21456713-B437-46A7-B624-7C57DE1770EA-1-scaled.jpg\" alt=\"Inondation de Jakarta\" width=\"2560\" height=\"1920\" srcset=\"https:\/\/www.prendstadose.fr\/wp-content\/uploads\/2023\/04\/21456713-B437-46A7-B624-7C57DE1770EA-1-scaled.jpg 2560w, https:\/\/www.prendstadose.fr\/wp-content\/uploads\/2023\/04\/21456713-B437-46A7-B624-7C57DE1770EA-1-300x225.jpg 300w, https:\/\/www.prendstadose.fr\/wp-content\/uploads\/2023\/04\/21456713-B437-46A7-B624-7C57DE1770EA-1-1024x768.jpg 1024w, https:\/\/www.prendstadose.fr\/wp-content\/uploads\/2023\/04\/21456713-B437-46A7-B624-7C57DE1770EA-1-768x576.jpg 768w, https:\/\/www.prendstadose.fr\/wp-content\/uploads\/2023\/04\/21456713-B437-46A7-B624-7C57DE1770EA-1-1536x1152.jpg 1536w, https:\/\/www.prendstadose.fr\/wp-content\/uploads\/2023\/04\/21456713-B437-46A7-B624-7C57DE1770EA-1-2048x1536.jpg 2048w, https:\/\/www.prendstadose.fr\/wp-content\/uploads\/2023\/04\/21456713-B437-46A7-B624-7C57DE1770EA-1-1170x878.jpg 1170w, https:\/\/www.prendstadose.fr\/wp-content\/uploads\/2023\/04\/21456713-B437-46A7-B624-7C57DE1770EA-1-1920x1440.jpg 1920w, https:\/\/www.prendstadose.fr\/wp-content\/uploads\/2023\/04\/21456713-B437-46A7-B624-7C57DE1770EA-1-585x439.jpg 585w\" sizes=\"auto, (max-width: 2560px) 100vw, 2560px\" \/><p id=\"caption-attachment-3702\" class=\"wp-caption-text\">Inondation de Jakarta (2020) &#8211; Photographie : Romain Mailliu<\/p><\/div>\n<p><span style=\"font-size: 14pt;\"><b>En parall\u00e8le, une crise \u00e9conomique se dessine<\/b><span style=\"font-weight: 400;\">. L\u2019inflation en est un premier indicateur, mais le vrai d\u00e9fi est la diminution des \u00e9nergies fossiles disponibles sur terre. Ces \u00e9nergies ont \u00e9t\u00e9 les catalyseurs de la croissance \u00e9conomique depuis la premi\u00e8re r\u00e9volution industrielle. Avec<\/span><span style=\"font-weight: 400;\"> un litre d&rsquo;essence, on produit 2 \u00e0 4 kWh d\u2019\u00e9nergie m\u00e9canique, <a href=\"https:\/\/jancovici.com\/transition-energetique\/l-energie-et-nous\/combien-suis-je-un-esclavagiste\/\">l\u2019\u00e9quivalent de 100 (bonnes) <\/a><\/span><a href=\"https:\/\/jancovici.com\/transition-energetique\/l-energie-et-nous\/combien-suis-je-un-esclavagiste\/\"><span style=\"font-weight: 400;\">paires de bras pendant 24h<\/span><\/a><span style=\"font-weight: 400;\">. Ces \u00e9nergies ont donc permis l\u2019acc\u00e9l\u00e9ration de la production &#8211; avec plus de machines &#8211; et l\u2019augmentation de la\u00a0 croissance \u00e9conomique depuis la fin du XVIII si\u00e8cle. Seulement, les \u00e9nergies fossiles portent bien leur nom. Elles viennent des fossiles, principalement v\u00e9g\u00e9taux, qui se sont d\u00e9compos\u00e9s pendant des millions d\u2019ann\u00e9es. Ces \u00e9nergies ne sont donc pas renouvelables \u00e0 l\u2019\u00e9chelle humaine. Et bien que les experts ne soient pas tous d\u2019accord quant \u00e0 la date exacte de leur <\/span><i><span style=\"font-weight: 400;\">rupture<\/span><\/i><span style=\"font-weight: 400;\"> de stock, <a href=\"https:\/\/www.edf.fr\/groupe-edf\/espaces-dedies\/l-energie-de-a-a-z\/tout-sur-l-energie\/le-developpement-durable\/l-epuisement-des-ressources#:~:text=Une%20surconsommation%20de%20ressources%20fossiles&amp;text=La%20production%20d%27%C3%A9nergies%20fossiles,%C3%A9nergie%20primaire%20dans%20le%20monde.\">ils s\u2019accordent tout de m\u00eame \u00e0 dire que ce sera pour le XXI\u00e8me si\u00e8cle<\/a><\/span><span style=\"font-weight: 400;\">.<\/span><\/span><\/p>\n<p><span style=\"font-size: 14pt;\"><b>Il y a \u00e9galement une incertitude politique<\/b><span style=\"font-weight: 400;\">, avec la guerre en Ukraine, les tensions entre la Chine, Hong Kong, Taiwan, et les conflits moins m\u00e9diatis\u00e9s mais qui perdurent : Ethiopie, Y\u00e9men, Myanmar, Ha\u00efti, Syrie\u2026 Les courants politiques se polarisent comme en France, avec la mont\u00e9e des extr\u00eames, Donald Trump qui succ\u00e8de \u00e0 Barack Obama en 2016, Jair Bolsonaro \u00e0 Luiz In\u00e1cio Lula da Silva entre 2019 et 2022, ou encore la leader d&rsquo;extr\u00eame droite Giorgia Meloni pr\u00e9sidente du Conseil Italien depuis 2022. On sent que le corps \u00e9lectoral h\u00e9site, entre la mondialisation &#8211; qui est parfois limit\u00e9e \u00e0 l\u2019image d\u2019un grand supermarch\u00e9 international &#8211; et un repli sur soi &#8211; le village de gaulois face aux m\u00e9chants envahisseurs. Mais gardons en t\u00eate que la d\u00e9mocratie est encore loin d&rsquo;\u00eatre un syst\u00e8me universel. <a href=\"https:\/\/www.eiu.com\/n\/campaigns\/democracy-index-2022\/\">En 2021, seulement 8% de la population mondiale vit sous une \u201cd\u00e9mocratie pleine\u201d<\/a>, soit le r\u00e9sultat le plus faible depuis 2006<\/span><span style=\"font-weight: 400;\">. S\u2019ajoute \u00e0 cela <a href=\"https:\/\/www.unesco.org\/reports\/world-media-trends\/2021\/fr\/bienvenue\">85% de la population mondiale a connu un recul de la libert\u00e9 de la presse au niveau national<\/a> au cours des cinq derni\u00e8res ann\u00e9es<\/span><span style=\"font-weight: 400;\">.\u00a0<\/span><\/span><\/p>\n<p><strong><span style=\"font-size: 14pt;\">La situation climatique, \u00e9conomique et politique entra\u00eene donc de nombreux d\u00e9fis, comme l\u2019acc\u00e8s \u00e0 de nouvelles \u00e9nergies, l\u2019adoption d\u2019un comportement plus sobre, la r\u00e9affirmation de notre citoyennet\u00e9 ou encore l&rsquo;inclusion de milliers de migrants politiques et climatiques.\u00a0<\/span><\/strong><\/p>\n<h2><span style=\"font-size: 24pt;\"><b>Constat 2 : Jeunes et moins jeunes agissent pour construire un futur d\u00e9sirable.\u00a0<\/b><\/span><\/h2>\n<p><span style=\"font-size: 14pt;\"><b>Il y a les jeunes adultes qui deviennent des leaders pour le climat et la justice sociale<\/b><span style=\"font-weight: 400;\">. A l\u2019\u00e9chelle mondiale, citons Greta Thunberg qui a 19 ans est un symbole de la lutte contre le r\u00e9chauffement climatique. Ou encore Malala Yousafzai qui devient prix Nobel de la Paix \u00e0 17 ans pour son combat\u00a0 pour le droit des filles \u00e0 l\u2019\u00e9ducation.\u00a0<\/span><\/span><\/p>\n<p><span style=\"font-size: 14pt;\"><span style=\"font-weight: 400;\">Outre ces super stars dans lesquelles nous peinons \u00e0 nous identifier tant elles sont impressionnantes, les enjeux environnementaux et sociaux f\u00e9d\u00e8rent de plus en plus de jeunes.\u00a0 En France, quand on regarde <a href=\"https:\/\/www.unesco.org\/reports\/world-media-trends\/2021\/fr\/bienvenue\">les sondages<\/a><\/span><span style=\"font-weight: 400;\"><a href=\"https:\/\/www.unesco.org\/reports\/world-media-trends\/2021\/fr\/bienvenue\"> sur les pr\u00e9occupations de la jeunesse<\/a> et quand on \u00e9coute <a href=\"https:\/\/etudiant.lefigaro.fr\/article\/polytechnique-des-discours-d-une-radicalite-inedite-sur-l-ecologie-a-la-remise-de-diplomes_39891022-f6d0-11ec-a311-08ed0407f6e0\/\">les discours de fin d\u2019\u00e9tudes<\/a><\/span><span style=\"font-weight: 400;\">, on comprend que la lutte contre le r\u00e9chauffement climatique et la justice sociale deviennent pour beaucoup une priorit\u00e9. On voit ainsi appara\u00eetre une g\u00e9n\u00e9ration de jeunes journalistes, \u00e9conomistes, fonctionnaires, ing\u00e9nieurs, qui d\u00e9cryptent ces sujets avec justesse et fra\u00eecheur jusqu&rsquo;\u00e0 devenir des r\u00e9f\u00e9rences en la mati\u00e8re, l\u00e0 o\u00f9 leurs a\u00een\u00e9s pourtant alert\u00e9s depuis des ann\u00e9es ont failli. Mais ne tombons pas dans la confrontation des g\u00e9n\u00e9rations.\u00a0<\/span><\/span><\/p>\n<p><span style=\"font-size: 14pt;\"><b>Il y aussi\u00a0 les \u201cmoins\u201d jeunes, lucides sur le r\u00f4le qu\u2019ils ont pu jouer dans la construction d\u2019un futur non d\u00e9sirable et soucieux de changer les choses.<\/b><span style=\"font-weight: 400;\">\u00a0<\/span><\/span><\/p>\n<p><span style=\"font-size: 14pt;\"><span style=\"font-weight: 400;\">Certains ont pris le temps de remettre en cause les mod\u00e8les de soci\u00e9t\u00e9s au sein desquelles ils se sont construits, de plonger dans les travaux du GIEC, de lire <\/span><i><span style=\"font-weight: 400;\">limit to growth<\/span><\/i><span style=\"font-weight: 400;\"> et de convenir, <a href=\"https:\/\/iopscience.iop.org\/article\/10.1088\/1748-9326\/11\/4\/048002\">comme 97% des scientifiques<\/a><\/span><span style=\"font-weight: 400;\">, que l\u2019homme est responsable du r\u00e9chauffement climatique. L\u2019envie d\u2019agir est \u00e9galement \u00e9motionnelle, comme encourag\u00e9s par les enfants, qui comprennent &#8211; avec tout le bon sens qu\u2019on leur conna\u00eet &#8211; qu\u2019une croissance infinie n\u2019est pas possible dans un monde aux ressources finies.<\/span><\/span><\/p>\n<p><strong><span style=\"font-size: 14pt;\">Ces moins jeunes ont l\u2019exp\u00e9rience, le recul et un pouvoir d\u2019action pr\u00e9cieux, qui s\u2019articulent avec l\u2019\u00e9nergie, l\u2019absence de limite, la cr\u00e9ativit\u00e9\u00a0 et l\u2019envie d\u2019agir de la jeunesse.\u00a0<\/span><\/strong><\/p>\n<h2><span style=\"font-size: 24pt;\"><b>Constat 3 : pr\u00e8s de 30% des jeunes adultes vivent dans la grande pauvret\u00e9, au milieu de catastrophes naturelles et de crises politiques et pourtant, sont absents des discussions \u00e0 leurs sujets. Ils sont pourtant les premiers \u00e0 en exp\u00e9rimenter les cons\u00e9quences.\u00a0<\/b><\/span><\/h2>\n<p><span style=\"font-weight: 400; font-size: 14pt;\">Au milieu des tensions politiques et \u00e9conomiques, des d\u00e9sastres climatiques, ces jeunes sont devenus des experts de l\u2019urgence et de la r\u00e9silience. Recyclage, sobri\u00e9t\u00e9, seconde vie, ils adoptent depuis des dizaines d\u2019ann\u00e9es &#8211; sans avoir le choix &#8211; des modes de consommation qui s\u2019av\u00e8rent \u00eatre les solutions les plus efficaces pour r\u00e9duire les grandes crises modernes.\u00a0\u00a0<\/span><\/p>\n<p><span style=\"font-size: 14pt;\"><span style=\"font-weight: 400;\">Ces jeunes femmes, qui \u00e0 22 ans \u00e9l\u00e8vent d\u00e9j\u00e0 2 enfants en parall\u00e8le de leurs \u00e9tudes et de leur travail, ces jeunes hommes, qui ont fui la guerre et l&rsquo;oppression puis travers\u00e9 le d\u00e9sert et la mer jusqu\u2019\u00e0 construire une nouvelle vie \u00e0 des milliers de kilom\u00e8tres de leurs pays d\u2019origines, <\/span><b>ces jeunes adultes en situation de grande pauvret\u00e9 qui n\u2019ont pourtant pas de pauvres id\u00e9es, ambitions, valeurs, incarnent <\/b><b><i>sans le savoir<\/i><\/b><b> tout ce qui <\/b><b><i>nous<\/i><\/b><b> fait r\u00eaver. <\/b><span style=\"font-weight: 400;\">R\u00e9silience, d\u00e9termination, ambition, courage\u2026 ces \u201csoft-skills\u201d qu\u2019on nous apprend \u00e0 d\u00e9velopper dans des <\/span><i><span style=\"font-weight: 400;\">masterclass<\/span><\/i><span style=\"font-weight: 400;\"> avec des entrepreneurs \u00e0 la mode, <\/span><i><span style=\"font-weight: 400;\">toutes <\/span><\/i><span style=\"font-weight: 400;\">sont incarn\u00e9es &#8211; et souvent de mani\u00e8re bien plus significative &#8211; par ces jeunes adultes qui malgr\u00e9 la pauvret\u00e9, ont d\u00e9cid\u00e9 de faire partie d\u2019un monde qui vaut la peine d\u2019\u00eatre pr\u00e9serv\u00e9.\u00a0<\/span><\/span><\/p>\n<div id=\"attachment_3701\" style=\"width: 2570px\" class=\"wp-caption alignnone\"><img loading=\"lazy\" decoding=\"async\" aria-describedby=\"caption-attachment-3701\" class=\"wp-image-3701 size-full\" src=\"https:\/\/www.prendstadose.fr\/wp-content\/uploads\/2023\/04\/MG_9926-scaled.jpg\" alt=\"\" width=\"2560\" height=\"1707\" srcset=\"https:\/\/www.prendstadose.fr\/wp-content\/uploads\/2023\/04\/MG_9926-scaled.jpg 2560w, https:\/\/www.prendstadose.fr\/wp-content\/uploads\/2023\/04\/MG_9926-300x200.jpg 300w, https:\/\/www.prendstadose.fr\/wp-content\/uploads\/2023\/04\/MG_9926-1024x683.jpg 1024w, https:\/\/www.prendstadose.fr\/wp-content\/uploads\/2023\/04\/MG_9926-768x512.jpg 768w, https:\/\/www.prendstadose.fr\/wp-content\/uploads\/2023\/04\/MG_9926-1536x1024.jpg 1536w, https:\/\/www.prendstadose.fr\/wp-content\/uploads\/2023\/04\/MG_9926-2048x1365.jpg 2048w, https:\/\/www.prendstadose.fr\/wp-content\/uploads\/2023\/04\/MG_9926-1170x780.jpg 1170w, https:\/\/www.prendstadose.fr\/wp-content\/uploads\/2023\/04\/MG_9926-1920x1280.jpg 1920w, https:\/\/www.prendstadose.fr\/wp-content\/uploads\/2023\/04\/MG_9926-585x390.jpg 585w, https:\/\/www.prendstadose.fr\/wp-content\/uploads\/2023\/04\/MG_9926-263x175.jpg 263w\" sizes=\"auto, (max-width: 2560px) 100vw, 2560px\" \/><p id=\"caption-attachment-3701\" class=\"wp-caption-text\">Une famille Syrienne \u00e0 Beyrouth, Ghada 31 ans, Sammer 4 ans, Abeer 23 ans\u00a0 &#8211; Photographie : Gwenva\u00ebl Bigi (2023)<\/p><\/div>\n<p><span style=\"font-size: 14pt;\"><b>Ce sont aussi ces jeunes adultes qui contribuent le moins aux catastrophes en cours<\/b><span style=\"font-weight: 400;\">. A titre d\u2019exemple, <a href=\"https:\/\/www-cdn.oxfam.org\/s3fs-public\/file_attachments\/mb-extreme-carbon-inequality-021215-fr.pdf\">la moiti\u00e9 la plus pauvre de la population mondiale est responsable de seulement 10 % des \u00e9missions de CO2 alors qu\u2019environ 50 % des \u00e9missions sont imputables aux 10 % des habitants de la plan\u00e8te les plus riches<\/a>.<\/span><span style=\"font-weight: 400;\"> Pourtant <a href=\"https:\/\/blogs.worldbank.org\/fr\/voices\/pauvrete-et-changement-climatique\">le changement climatique plongera jusqu&rsquo;\u00e0 130 millions de personnes dans la pauvret\u00e9 au cours des 10 prochaines<\/a> ann\u00e9es<\/span><span style=\"font-weight: 400;\"> et entra\u00eenera <a href=\"https:\/\/www.banquemondiale.org\/fr\/news\/press-release\/2021\/09\/13\/climate-change-could-force-216-million-people-to-migrate-within-their-own-countries-by-2050\">la migration de plus de 216 millions de personnes d&rsquo;ici 2050<\/a><\/span><span style=\"font-weight: 400;\">.\u00a0<\/span><\/span><\/p>\n<p><span style=\"font-size: 14pt;\"><b>N\u00e9anmoins, ces jeunes, on ne les entend pas<\/b><span style=\"font-weight: 400;\"> sur France Inter quand nous expliquons que l\u2019\u00e9cart entre les riches et les pauvres augmente, on ne les voit pas sur la BBC quand nous d\u00e9battons sur les cons\u00e9quences du r\u00e9chauffement climatique dans le monde, on ne lit pas leur \u00e9ditoriaux dans le New York Time quand on nous \u00e9crivons sur la sobri\u00e9t\u00e9 heureuse.\u00a0<\/span><\/span><\/p>\n<p><span style=\"font-size: 14pt;\"><b>Ces jeunes ne sont pas non plus assez repr\u00e9sent\u00e9s dans les institutions qui les d\u00e9fendent. <\/b><span style=\"font-weight: 400;\">Par exemple, Neeraj, un jeune indien qui a grandi dans les bidonvilles et dirige (depuis le logement de ses parents) un centre de formation \u00e0 l\u2019informatique et l\u2019anglais pour les membres de sa communaut\u00e9, a particip\u00e9 \u00e0 un s\u00e9minaire de l&rsquo;ONU pour proposer des solutions innovantes \u00e0 l&rsquo;Objectif de D\u00e9veloppement Durable visant l\u2019acc\u00e8s de tous \u00e0 une \u00e9ducation de qualit\u00e9. 200 jeunes ont \u00e9t\u00e9 s\u00e9lectionn\u00e9s parmi 3000 candidats de 62 pays, \u00a0 venant des meilleures universit\u00e9s &#8211; Berkeley, Columbia, Cambridge, Harvard, Oxford &#8211; avec les meilleurs d\u00e9buts de carri\u00e8re &#8211; dans des gouvernements, \u00e0 la manque mondiale, le FMI, consultants ou banquiers\u2026 Combien venaient des bidonvilles ? 1 : <a href=\"https:\/\/www.youth-visions.com\/film\">Neeraj<\/a>.\u00a0<\/span><\/span><\/p>\n<h2><span style=\"font-size: 24pt;\"><b><a href=\"https:\/\/www.youth-visions.com\/\">Youth Visions<\/a> : Faire un film pour porter la voix des jeunes en situation d&rsquo;extr\u00eame pauvret\u00e9 jusqu&rsquo;\u00e0 la Tribune des Nations-Unis.\u00a0<\/b><\/span><\/h2>\n<blockquote><p><span style=\"font-size: 14pt;\"><i><span style=\"font-weight: 400;\">\u00ab\u00a0Et la fa\u00e7on la plus simple &#8211; radicale ? &#8211;\u00a0 de plonger dans un nouvel univers, c\u2019est de changer de pays et de m\u00e9tier.\u00a0\u00bb <\/span><\/i><\/span><span style=\"font-size: 14pt;\"><span style=\"font-weight: 400;\">Romain Mailliu\u00a0<\/span><\/span><\/p><\/blockquote>\n<p><span style=\"font-weight: 400; font-size: 14pt;\">La libert\u00e9 d\u2019expression n\u2019est-ce pas le droit de pouvoir se citer comme on convoquerait un concept de Deleuze ou un po\u00e8me de Neruda ?\u00a0<\/span><\/p>\n<p><span style=\"font-weight: 400; font-size: 14pt;\">Ou la libert\u00e9 de vous proposer une question bien plus int\u00e9ressante :\u00a0<\/span><\/p>\n<p><span style=\"font-size: 14pt;\"><span style=\"font-weight: 400;\"><strong>Pourquoi avons-nous tant \u00e0 gagner en \u00e9coutant les jeunes adultes qui vivent dans une situation de grande pauvret\u00e9 ?<\/strong> A les inclure dans la construction de notre futur \u00e0 tous ?\u00a0\u00a0<\/span><\/span><\/p>\n<p><span style=\"font-weight: 400; font-size: 14pt;\">C\u2019est finalement cette question qui m\u2019a pouss\u00e9 \u00e0 quitter Londres direction Beyrouth et de lancer le projet <a href=\"https:\/\/www.youth-visions.com\/\">Youth Visions<\/a>, avec <a href=\"https:\/\/www.youth-visions.com\/equipe\">Rachel<\/a> (r\u00e9alisatrice), <a href=\"https:\/\/www.youth-visions.com\/equipe\">Mathilde<\/a> (responsable communication) et <a href=\"https:\/\/www.youth-visions.com\/equipe\">Gwen<\/a> (chef op\u00e9rateur) et le soutien de l\u2019<a href=\"https:\/\/www.youth-visions.com\/partenaires\">ONG LP4Y<\/a> (avec laquelle j\u2019\u00e9tais d\u00e9j\u00e0 parti en Indon\u00e9sie).\u00a0<\/span><\/p>\n<p><span style=\"font-size: 14pt;\"><b>Nos objectifs :\u00a0<\/b><\/span><\/p>\n<ul>\n<li><span style=\"font-size: 14pt;\"><b>Repr\u00e9senter <\/b><span style=\"font-weight: 400;\">les jeunes en situation d\u2019extr\u00eame pauvret\u00e9<\/span><\/span><\/li>\n<li><span style=\"font-size: 14pt;\"><b>Sensibiliser <\/b><span style=\"font-weight: 400;\">les jeunes sur la justice sociale, les situations d\u2019exil, le r\u00e9chauffement climatique et place de la femme.<\/span><\/span><\/li>\n<li><span style=\"font-size: 14pt;\"><b>S\u2019engager <\/b><span style=\"font-weight: 400;\">dans la construction d&rsquo;un futur en commun\u00a0<\/span><\/span><\/li>\n<li style=\"list-style-type: none;\"><\/li>\n<\/ul>\n<p><span style=\"font-size: 18pt;\"><a href=\"https:\/\/youthvisions.substack.com\/p\/launch-of-a-film-to-raise-the-voice\"><b>&gt;&gt; Par ici pour suivre les nouvelles du film !<\/b><\/a><b>\u00a0<\/b><\/span><\/p>\n<blockquote><p><span style=\"font-size: 14pt;\"><span style=\"font-weight: 400;\">\u201c<\/span><i><span style=\"font-weight: 400;\">Car ce que nous montre ces jeunes les plus pauvres, c\u2019est un espoir infini, m\u00eame lorsqu\u2019il est t\u00e9nu, la possibilit\u00e9 d\u2019une force incroyable, une curieuse clairvoyance, et dans certains cas &#8211; pourtant extr\u00eames &#8211; l\u2019absence d\u2019amertume. Quel enseignement tirer de cela, si ce n\u2019est une profonde confiance dans la possibilit\u00e9 de construire un futur meilleur ?\u201d <\/span><\/i><\/span><\/p>\n<p><span style=\"font-size: 14pt;\"><span style=\"font-weight: 400;\">Rachel Cisinski\u00a0<\/span><\/span><\/p><\/blockquote>\n<div id=\"attachment_3704\" style=\"width: 2570px\" class=\"wp-caption aligncenter\"><img loading=\"lazy\" decoding=\"async\" aria-describedby=\"caption-attachment-3704\" class=\"wp-image-3704 size-full\" src=\"https:\/\/www.prendstadose.fr\/wp-content\/uploads\/2023\/04\/MG_9890-scaled.jpg\" alt=\"Jeune Libanaise\" width=\"2560\" height=\"1707\" srcset=\"https:\/\/www.prendstadose.fr\/wp-content\/uploads\/2023\/04\/MG_9890-scaled.jpg 2560w, https:\/\/www.prendstadose.fr\/wp-content\/uploads\/2023\/04\/MG_9890-300x200.jpg 300w, https:\/\/www.prendstadose.fr\/wp-content\/uploads\/2023\/04\/MG_9890-1024x683.jpg 1024w, https:\/\/www.prendstadose.fr\/wp-content\/uploads\/2023\/04\/MG_9890-768x512.jpg 768w, https:\/\/www.prendstadose.fr\/wp-content\/uploads\/2023\/04\/MG_9890-1536x1024.jpg 1536w, https:\/\/www.prendstadose.fr\/wp-content\/uploads\/2023\/04\/MG_9890-2048x1365.jpg 2048w, https:\/\/www.prendstadose.fr\/wp-content\/uploads\/2023\/04\/MG_9890-1170x780.jpg 1170w, https:\/\/www.prendstadose.fr\/wp-content\/uploads\/2023\/04\/MG_9890-1920x1280.jpg 1920w, https:\/\/www.prendstadose.fr\/wp-content\/uploads\/2023\/04\/MG_9890-585x390.jpg 585w, https:\/\/www.prendstadose.fr\/wp-content\/uploads\/2023\/04\/MG_9890-263x175.jpg 263w\" sizes=\"auto, (max-width: 2560px) 100vw, 2560px\" \/><p id=\"caption-attachment-3704\" class=\"wp-caption-text\">Amira, 18 ans, prend des photos lors d&rsquo;une remise de dipl\u00f4me LP4Y, Liban 2023 &#8211; Photographe : Gwenva\u00ebl Bigi<\/p><\/div>\n<p><strong><em><span style=\"font-size: 18pt;\">A suivre\u2026\u00a0<\/span><\/em><\/strong><\/p>\n<h3 style=\"text-align: right;\"><span style=\"font-size: 18pt;\"><strong>Romain Mailliu\u00a0<\/strong><\/span><\/h3>\n<p><span style=\"font-size: 14pt;\">Couverture :\u00a0 Visite de la famille de Khadija (23 ans) \u00e0 Karantina, un quartier fortement touch\u00e9 par l&rsquo;explosion du port de Beyrouth<span style=\"font-weight: 400;\">&#8211; Photographie : Gwenva\u00ebl Bigi (2023)<\/span><\/span><\/p>\n","protected":false},"excerpt":{"rendered":"<p>\u00ab\u00a0Mais si tu es si bien \u00e0 Londres, pourquoi veux-tu partir ?\u00a0\u00bb Isabelle, maman de l\u2019auteur.\u00a0&hellip;<\/p>\n","protected":false},"author":1,"featured_media":3697,"comment_status":"open","ping_status":"open","sticky":false,"template":"","format":"standard","meta":{"_editorskit_title_hidden":false,"_editorskit_reading_time":0,"_editorskit_is_block_options_detached":false,"_editorskit_block_options_position":"{}","jetpack_post_was_ever_published":false,"_jetpack_newsletter_access":"","_jetpack_dont_email_post_to_subs":false,"_jetpack_newsletter_tier_id":0,"_jetpack_memberships_contains_paywalled_content":false,"_jetpack_memberships_contains_paid_content":false,"footnotes":"","jetpack_publicize_message":"","jetpack_publicize_feature_enabled":true,"jetpack_social_post_already_shared":true,"jetpack_social_options":{"image_generator_settings":{"template":"highway","enabled":false},"version":2}},"categories":[356],"tags":[941,937,933,940,936,934,92,522,775,641,939,713,944,942,938,623,935,107,31,943,280,930],"class_list":["post-3696","post","type-post","status-publish","format-standard","has-post-thumbnail","hentry","category-carnet-de-voyage","tag-alain-grandjean","tag-barbican","tag-beyrouth","tag-camden-town","tag-changement-climatique","tag-climate-change","tag-crise-economique","tag-democratie","tag-education","tag-film","tag-fold","tag-gael-giraud","tag-giec","tag-greta-thunberg","tag-hyde-park","tag-jeunesse","tag-justice-sociale","tag-londres","tag-lp4y","tag-malala-yousafzai","tag-pauvrete","tag-youth-visions"],"yoast_head":"<!-- This site is optimized with the Yoast SEO plugin v24.6 - https:\/\/yoast.com\/wordpress\/plugins\/seo\/ -->\n<title>Adieu Londres, bonjour Beyrouth : Faire un film pour porter la voix des jeunes &quot;oubli\u00e9s&quot;. &#8212; PRENDS TA DOSE<\/title>\n<meta name=\"description\" content=\"&quot;Mais si tu es si bien \u00e0 Londres, pourquoi veux-tu partir ?&quot; Isabelle, maman de l\u2019auteur.\u00a0 Bonne question. Mais je pense que de rester l\u00e0 o\u00f9 l\u2019on se sent\" \/>\n<meta name=\"robots\" content=\"index, follow, max-snippet:-1, max-image-preview:large, max-video-preview:-1\" \/>\n<link rel=\"canonical\" href=\"https:\/\/www.prendstadose.fr\/index.php\/2023\/04\/01\/adieu-londres-bonjour-beyrouth-faire-un-film-pour-porter-la-voix-des-jeunes-oublies\/\" \/>\n<meta property=\"og:locale\" content=\"fr_FR\" \/>\n<meta property=\"og:type\" content=\"article\" \/>\n<meta property=\"og:title\" content=\"Adieu Londres, bonjour Beyrouth : Faire un film pour porter la voix des jeunes &quot;oubli\u00e9s&quot;. &#8212; PRENDS TA DOSE\" \/>\n<meta property=\"og:description\" content=\"&quot;Mais si tu es si bien \u00e0 Londres, pourquoi veux-tu partir ?&quot; Isabelle, maman de l\u2019auteur.\u00a0 Bonne question. Mais je pense que de rester l\u00e0 o\u00f9 l\u2019on se sent\" \/>\n<meta property=\"og:url\" content=\"https:\/\/www.prendstadose.fr\/index.php\/2023\/04\/01\/adieu-londres-bonjour-beyrouth-faire-un-film-pour-porter-la-voix-des-jeunes-oublies\/\" \/>\n<meta property=\"og:site_name\" content=\"PRENDS TA DOSE\" \/>\n<meta property=\"article:publisher\" content=\"https:\/\/www.facebook.com\/BrigadeSansFrontieres\/\" \/>\n<meta property=\"article:author\" content=\"https:\/\/www.facebook.com\/PrendsTaDose.fr\" \/>\n<meta property=\"article:published_time\" content=\"2023-04-01T11:04:38+00:00\" \/>\n<meta property=\"article:modified_time\" content=\"2025-05-19T12:45:36+00:00\" \/>\n<meta property=\"og:image\" content=\"https:\/\/www.prendstadose.fr\/wp-content\/uploads\/2023\/04\/MG_9945-1-scaled.jpg\" \/>\n\t<meta property=\"og:image:width\" content=\"2560\" \/>\n\t<meta property=\"og:image:height\" content=\"1707\" \/>\n\t<meta property=\"og:image:type\" content=\"image\/jpeg\" \/>\n<meta name=\"author\" content=\"Romain Mailliu\" \/>\n<meta name=\"twitter:card\" content=\"summary_large_image\" \/>\n<meta name=\"twitter:label1\" content=\"\u00c9crit par\" \/>\n\t<meta name=\"twitter:data1\" content=\"Romain Mailliu\" \/>\n\t<meta name=\"twitter:label2\" content=\"Dur\u00e9e de lecture estim\u00e9e\" \/>\n\t<meta name=\"twitter:data2\" content=\"13 minutes\" \/>\n<script type=\"application\/ld+json\" class=\"yoast-schema-graph\">{\"@context\":\"https:\/\/schema.org\",\"@graph\":[{\"@type\":\"Article\",\"@id\":\"https:\/\/www.prendstadose.fr\/index.php\/2023\/04\/01\/adieu-londres-bonjour-beyrouth-faire-un-film-pour-porter-la-voix-des-jeunes-oublies\/#article\",\"isPartOf\":{\"@id\":\"https:\/\/www.prendstadose.fr\/index.php\/2023\/04\/01\/adieu-londres-bonjour-beyrouth-faire-un-film-pour-porter-la-voix-des-jeunes-oublies\/\"},\"author\":{\"name\":\"Romain Mailliu\",\"@id\":\"https:\/\/www.prendstadose.fr\/#\/schema\/person\/4f1285a1742667844578bad2dca10ccc\"},\"headline\":\"Adieu Londres, bonjour Beyrouth : Faire un film pour porter la voix des jeunes \u00ab\u00a0oubli\u00e9s\u00a0\u00bb.\",\"datePublished\":\"2023-04-01T11:04:38+00:00\",\"dateModified\":\"2025-05-19T12:45:36+00:00\",\"mainEntityOfPage\":{\"@id\":\"https:\/\/www.prendstadose.fr\/index.php\/2023\/04\/01\/adieu-londres-bonjour-beyrouth-faire-un-film-pour-porter-la-voix-des-jeunes-oublies\/\"},\"wordCount\":2581,\"commentCount\":0,\"publisher\":{\"@id\":\"https:\/\/www.prendstadose.fr\/#organization\"},\"image\":{\"@id\":\"https:\/\/www.prendstadose.fr\/index.php\/2023\/04\/01\/adieu-londres-bonjour-beyrouth-faire-un-film-pour-porter-la-voix-des-jeunes-oublies\/#primaryimage\"},\"thumbnailUrl\":\"https:\/\/www.prendstadose.fr\/wp-content\/uploads\/2023\/04\/MG_9945-1-scaled.jpg\",\"keywords\":[\"Alain Grandjean\",\"Barbican\",\"Beyrouth\",\"Camden Town\",\"Changement Climatique\",\"Climate Change\",\"Crise \u00e9conomique\",\"D\u00e9mocratie\",\"Education\",\"Film\",\"Fold\",\"Ga\u00ebl Giraud\",\"GIEC\",\"Greta Thunberg\",\"Hyde Park\",\"jeunesse\",\"Justice Sociale\",\"Londres\",\"lp4y\",\"Malala Yousafzai\",\"Pauvret\u00e9\",\"Youth Visions\"],\"articleSection\":[\"Carnet de voyage\"],\"inLanguage\":\"fr-FR\",\"potentialAction\":[{\"@type\":\"CommentAction\",\"name\":\"Comment\",\"target\":[\"https:\/\/www.prendstadose.fr\/index.php\/2023\/04\/01\/adieu-londres-bonjour-beyrouth-faire-un-film-pour-porter-la-voix-des-jeunes-oublies\/#respond\"]}]},{\"@type\":\"WebPage\",\"@id\":\"https:\/\/www.prendstadose.fr\/index.php\/2023\/04\/01\/adieu-londres-bonjour-beyrouth-faire-un-film-pour-porter-la-voix-des-jeunes-oublies\/\",\"url\":\"https:\/\/www.prendstadose.fr\/index.php\/2023\/04\/01\/adieu-londres-bonjour-beyrouth-faire-un-film-pour-porter-la-voix-des-jeunes-oublies\/\",\"name\":\"Adieu Londres, bonjour Beyrouth : Faire un film pour porter la voix des jeunes \\\"oubli\u00e9s\\\". &#8212; PRENDS TA DOSE\",\"isPartOf\":{\"@id\":\"https:\/\/www.prendstadose.fr\/#website\"},\"primaryImageOfPage\":{\"@id\":\"https:\/\/www.prendstadose.fr\/index.php\/2023\/04\/01\/adieu-londres-bonjour-beyrouth-faire-un-film-pour-porter-la-voix-des-jeunes-oublies\/#primaryimage\"},\"image\":{\"@id\":\"https:\/\/www.prendstadose.fr\/index.php\/2023\/04\/01\/adieu-londres-bonjour-beyrouth-faire-un-film-pour-porter-la-voix-des-jeunes-oublies\/#primaryimage\"},\"thumbnailUrl\":\"https:\/\/www.prendstadose.fr\/wp-content\/uploads\/2023\/04\/MG_9945-1-scaled.jpg\",\"datePublished\":\"2023-04-01T11:04:38+00:00\",\"dateModified\":\"2025-05-19T12:45:36+00:00\",\"description\":\"\\\"Mais si tu es si bien \u00e0 Londres, pourquoi veux-tu partir ?\\\" Isabelle, maman de l\u2019auteur.\u00a0 Bonne question. Mais je pense que de rester l\u00e0 o\u00f9 l\u2019on se sent\",\"breadcrumb\":{\"@id\":\"https:\/\/www.prendstadose.fr\/index.php\/2023\/04\/01\/adieu-londres-bonjour-beyrouth-faire-un-film-pour-porter-la-voix-des-jeunes-oublies\/#breadcrumb\"},\"inLanguage\":\"fr-FR\",\"potentialAction\":[{\"@type\":\"ReadAction\",\"target\":[\"https:\/\/www.prendstadose.fr\/index.php\/2023\/04\/01\/adieu-londres-bonjour-beyrouth-faire-un-film-pour-porter-la-voix-des-jeunes-oublies\/\"]}]},{\"@type\":\"ImageObject\",\"inLanguage\":\"fr-FR\",\"@id\":\"https:\/\/www.prendstadose.fr\/index.php\/2023\/04\/01\/adieu-londres-bonjour-beyrouth-faire-un-film-pour-porter-la-voix-des-jeunes-oublies\/#primaryimage\",\"url\":\"https:\/\/www.prendstadose.fr\/wp-content\/uploads\/2023\/04\/MG_9945-1-scaled.jpg\",\"contentUrl\":\"https:\/\/www.prendstadose.fr\/wp-content\/uploads\/2023\/04\/MG_9945-1-scaled.jpg\",\"width\":2560,\"height\":1707,\"caption\":\"Jeune Syrienne au Liban\"},{\"@type\":\"BreadcrumbList\",\"@id\":\"https:\/\/www.prendstadose.fr\/index.php\/2023\/04\/01\/adieu-londres-bonjour-beyrouth-faire-un-film-pour-porter-la-voix-des-jeunes-oublies\/#breadcrumb\",\"itemListElement\":[{\"@type\":\"ListItem\",\"position\":1,\"name\":\"Accueil\",\"item\":\"https:\/\/www.prendstadose.fr\/\"},{\"@type\":\"ListItem\",\"position\":2,\"name\":\"Adieu Londres, bonjour Beyrouth : Faire un film pour porter la voix des jeunes \u00ab\u00a0oubli\u00e9s\u00a0\u00bb.\"}]},{\"@type\":\"WebSite\",\"@id\":\"https:\/\/www.prendstadose.fr\/#website\",\"url\":\"https:\/\/www.prendstadose.fr\/\",\"name\":\"PRENDS TA DOSE\",\"description\":\"Capsule Culture Pour Analphab\u00e8tes Lettr\u00e9s\",\"publisher\":{\"@id\":\"https:\/\/www.prendstadose.fr\/#organization\"},\"potentialAction\":[{\"@type\":\"SearchAction\",\"target\":{\"@type\":\"EntryPoint\",\"urlTemplate\":\"https:\/\/www.prendstadose.fr\/?s={search_term_string}\"},\"query-input\":{\"@type\":\"PropertyValueSpecification\",\"valueRequired\":true,\"valueName\":\"search_term_string\"}}],\"inLanguage\":\"fr-FR\"},{\"@type\":\"Organization\",\"@id\":\"https:\/\/www.prendstadose.fr\/#organization\",\"name\":\"PrendsTaDose\",\"url\":\"https:\/\/www.prendstadose.fr\/\",\"logo\":{\"@type\":\"ImageObject\",\"inLanguage\":\"fr-FR\",\"@id\":\"https:\/\/www.prendstadose.fr\/#\/schema\/logo\/image\/\",\"url\":\"https:\/\/www.prendstadose.fr\/wp-content\/uploads\/2021\/08\/logo-e1641309847268.png\",\"contentUrl\":\"https:\/\/www.prendstadose.fr\/wp-content\/uploads\/2021\/08\/logo-e1641309847268.png\",\"width\":400,\"height\":406,\"caption\":\"PrendsTaDose\"},\"image\":{\"@id\":\"https:\/\/www.prendstadose.fr\/#\/schema\/logo\/image\/\"},\"sameAs\":[\"https:\/\/www.facebook.com\/BrigadeSansFrontieres\/\",\"https:\/\/www.instagram.com\/romain_mailliu\/\"]},{\"@type\":\"Person\",\"@id\":\"https:\/\/www.prendstadose.fr\/#\/schema\/person\/4f1285a1742667844578bad2dca10ccc\",\"name\":\"Romain Mailliu\",\"description\":\"Prends Ta Dose, c'est votre pause caf\u00e9 en ligne, offrant une s\u00e9lection d'articles sur le voyage, la culture et des cr\u00e9ations litt\u00e9raires originales.\",\"sameAs\":[\"https:\/\/www.prendstadose.fr\/\",\"https:\/\/www.facebook.com\/PrendsTaDose.fr\",\"https:\/\/www.instagram.com\/prends_ta_dose\/\",\"https:\/\/www.linkedin.com\/company\/prends-ta-dose\/\"],\"url\":\"https:\/\/www.prendstadose.fr\/index.php\/author\/admin1429\/\"}]}<\/script>\n<!-- \/ Yoast SEO plugin. -->","yoast_head_json":{"title":"Adieu Londres, bonjour Beyrouth : Faire un film pour porter la voix des jeunes \"oubli\u00e9s\". &#8212; PRENDS TA DOSE","description":"\"Mais si tu es si bien \u00e0 Londres, pourquoi veux-tu partir ?\" Isabelle, maman de l\u2019auteur.\u00a0 Bonne question. Mais je pense que de rester l\u00e0 o\u00f9 l\u2019on se sent","robots":{"index":"index","follow":"follow","max-snippet":"max-snippet:-1","max-image-preview":"max-image-preview:large","max-video-preview":"max-video-preview:-1"},"canonical":"https:\/\/www.prendstadose.fr\/index.php\/2023\/04\/01\/adieu-londres-bonjour-beyrouth-faire-un-film-pour-porter-la-voix-des-jeunes-oublies\/","og_locale":"fr_FR","og_type":"article","og_title":"Adieu Londres, bonjour Beyrouth : Faire un film pour porter la voix des jeunes \"oubli\u00e9s\". &#8212; PRENDS TA DOSE","og_description":"\"Mais si tu es si bien \u00e0 Londres, pourquoi veux-tu partir ?\" Isabelle, maman de l\u2019auteur.\u00a0 Bonne question. Mais je pense que de rester l\u00e0 o\u00f9 l\u2019on se sent","og_url":"https:\/\/www.prendstadose.fr\/index.php\/2023\/04\/01\/adieu-londres-bonjour-beyrouth-faire-un-film-pour-porter-la-voix-des-jeunes-oublies\/","og_site_name":"PRENDS TA DOSE","article_publisher":"https:\/\/www.facebook.com\/BrigadeSansFrontieres\/","article_author":"https:\/\/www.facebook.com\/PrendsTaDose.fr","article_published_time":"2023-04-01T11:04:38+00:00","article_modified_time":"2025-05-19T12:45:36+00:00","og_image":[{"width":2560,"height":1707,"url":"https:\/\/www.prendstadose.fr\/wp-content\/uploads\/2023\/04\/MG_9945-1-scaled.jpg","type":"image\/jpeg"}],"author":"Romain Mailliu","twitter_card":"summary_large_image","twitter_misc":{"\u00c9crit par":"Romain Mailliu","Dur\u00e9e de lecture estim\u00e9e":"13 minutes"},"schema":{"@context":"https:\/\/schema.org","@graph":[{"@type":"Article","@id":"https:\/\/www.prendstadose.fr\/index.php\/2023\/04\/01\/adieu-londres-bonjour-beyrouth-faire-un-film-pour-porter-la-voix-des-jeunes-oublies\/#article","isPartOf":{"@id":"https:\/\/www.prendstadose.fr\/index.php\/2023\/04\/01\/adieu-londres-bonjour-beyrouth-faire-un-film-pour-porter-la-voix-des-jeunes-oublies\/"},"author":{"name":"Romain Mailliu","@id":"https:\/\/www.prendstadose.fr\/#\/schema\/person\/4f1285a1742667844578bad2dca10ccc"},"headline":"Adieu Londres, bonjour Beyrouth : Faire un film pour porter la voix des jeunes \u00ab\u00a0oubli\u00e9s\u00a0\u00bb.","datePublished":"2023-04-01T11:04:38+00:00","dateModified":"2025-05-19T12:45:36+00:00","mainEntityOfPage":{"@id":"https:\/\/www.prendstadose.fr\/index.php\/2023\/04\/01\/adieu-londres-bonjour-beyrouth-faire-un-film-pour-porter-la-voix-des-jeunes-oublies\/"},"wordCount":2581,"commentCount":0,"publisher":{"@id":"https:\/\/www.prendstadose.fr\/#organization"},"image":{"@id":"https:\/\/www.prendstadose.fr\/index.php\/2023\/04\/01\/adieu-londres-bonjour-beyrouth-faire-un-film-pour-porter-la-voix-des-jeunes-oublies\/#primaryimage"},"thumbnailUrl":"https:\/\/www.prendstadose.fr\/wp-content\/uploads\/2023\/04\/MG_9945-1-scaled.jpg","keywords":["Alain Grandjean","Barbican","Beyrouth","Camden Town","Changement Climatique","Climate Change","Crise \u00e9conomique","D\u00e9mocratie","Education","Film","Fold","Ga\u00ebl Giraud","GIEC","Greta Thunberg","Hyde Park","jeunesse","Justice Sociale","Londres","lp4y","Malala Yousafzai","Pauvret\u00e9","Youth Visions"],"articleSection":["Carnet de voyage"],"inLanguage":"fr-FR","potentialAction":[{"@type":"CommentAction","name":"Comment","target":["https:\/\/www.prendstadose.fr\/index.php\/2023\/04\/01\/adieu-londres-bonjour-beyrouth-faire-un-film-pour-porter-la-voix-des-jeunes-oublies\/#respond"]}]},{"@type":"WebPage","@id":"https:\/\/www.prendstadose.fr\/index.php\/2023\/04\/01\/adieu-londres-bonjour-beyrouth-faire-un-film-pour-porter-la-voix-des-jeunes-oublies\/","url":"https:\/\/www.prendstadose.fr\/index.php\/2023\/04\/01\/adieu-londres-bonjour-beyrouth-faire-un-film-pour-porter-la-voix-des-jeunes-oublies\/","name":"Adieu Londres, bonjour Beyrouth : Faire un film pour porter la voix des jeunes \"oubli\u00e9s\". &#8212; PRENDS TA DOSE","isPartOf":{"@id":"https:\/\/www.prendstadose.fr\/#website"},"primaryImageOfPage":{"@id":"https:\/\/www.prendstadose.fr\/index.php\/2023\/04\/01\/adieu-londres-bonjour-beyrouth-faire-un-film-pour-porter-la-voix-des-jeunes-oublies\/#primaryimage"},"image":{"@id":"https:\/\/www.prendstadose.fr\/index.php\/2023\/04\/01\/adieu-londres-bonjour-beyrouth-faire-un-film-pour-porter-la-voix-des-jeunes-oublies\/#primaryimage"},"thumbnailUrl":"https:\/\/www.prendstadose.fr\/wp-content\/uploads\/2023\/04\/MG_9945-1-scaled.jpg","datePublished":"2023-04-01T11:04:38+00:00","dateModified":"2025-05-19T12:45:36+00:00","description":"\"Mais si tu es si bien \u00e0 Londres, pourquoi veux-tu partir ?\" Isabelle, maman de l\u2019auteur.\u00a0 Bonne question. Mais je pense que de rester l\u00e0 o\u00f9 l\u2019on se sent","breadcrumb":{"@id":"https:\/\/www.prendstadose.fr\/index.php\/2023\/04\/01\/adieu-londres-bonjour-beyrouth-faire-un-film-pour-porter-la-voix-des-jeunes-oublies\/#breadcrumb"},"inLanguage":"fr-FR","potentialAction":[{"@type":"ReadAction","target":["https:\/\/www.prendstadose.fr\/index.php\/2023\/04\/01\/adieu-londres-bonjour-beyrouth-faire-un-film-pour-porter-la-voix-des-jeunes-oublies\/"]}]},{"@type":"ImageObject","inLanguage":"fr-FR","@id":"https:\/\/www.prendstadose.fr\/index.php\/2023\/04\/01\/adieu-londres-bonjour-beyrouth-faire-un-film-pour-porter-la-voix-des-jeunes-oublies\/#primaryimage","url":"https:\/\/www.prendstadose.fr\/wp-content\/uploads\/2023\/04\/MG_9945-1-scaled.jpg","contentUrl":"https:\/\/www.prendstadose.fr\/wp-content\/uploads\/2023\/04\/MG_9945-1-scaled.jpg","width":2560,"height":1707,"caption":"Jeune Syrienne au Liban"},{"@type":"BreadcrumbList","@id":"https:\/\/www.prendstadose.fr\/index.php\/2023\/04\/01\/adieu-londres-bonjour-beyrouth-faire-un-film-pour-porter-la-voix-des-jeunes-oublies\/#breadcrumb","itemListElement":[{"@type":"ListItem","position":1,"name":"Accueil","item":"https:\/\/www.prendstadose.fr\/"},{"@type":"ListItem","position":2,"name":"Adieu Londres, bonjour Beyrouth : Faire un film pour porter la voix des jeunes \u00ab\u00a0oubli\u00e9s\u00a0\u00bb."}]},{"@type":"WebSite","@id":"https:\/\/www.prendstadose.fr\/#website","url":"https:\/\/www.prendstadose.fr\/","name":"PRENDS TA DOSE","description":"Capsule Culture Pour Analphab\u00e8tes Lettr\u00e9s","publisher":{"@id":"https:\/\/www.prendstadose.fr\/#organization"},"potentialAction":[{"@type":"SearchAction","target":{"@type":"EntryPoint","urlTemplate":"https:\/\/www.prendstadose.fr\/?s={search_term_string}"},"query-input":{"@type":"PropertyValueSpecification","valueRequired":true,"valueName":"search_term_string"}}],"inLanguage":"fr-FR"},{"@type":"Organization","@id":"https:\/\/www.prendstadose.fr\/#organization","name":"PrendsTaDose","url":"https:\/\/www.prendstadose.fr\/","logo":{"@type":"ImageObject","inLanguage":"fr-FR","@id":"https:\/\/www.prendstadose.fr\/#\/schema\/logo\/image\/","url":"https:\/\/www.prendstadose.fr\/wp-content\/uploads\/2021\/08\/logo-e1641309847268.png","contentUrl":"https:\/\/www.prendstadose.fr\/wp-content\/uploads\/2021\/08\/logo-e1641309847268.png","width":400,"height":406,"caption":"PrendsTaDose"},"image":{"@id":"https:\/\/www.prendstadose.fr\/#\/schema\/logo\/image\/"},"sameAs":["https:\/\/www.facebook.com\/BrigadeSansFrontieres\/","https:\/\/www.instagram.com\/romain_mailliu\/"]},{"@type":"Person","@id":"https:\/\/www.prendstadose.fr\/#\/schema\/person\/4f1285a1742667844578bad2dca10ccc","name":"Romain Mailliu","description":"Prends Ta Dose, c'est votre pause caf\u00e9 en ligne, offrant une s\u00e9lection d'articles sur le voyage, la culture et des cr\u00e9ations litt\u00e9raires originales.","sameAs":["https:\/\/www.prendstadose.fr\/","https:\/\/www.facebook.com\/PrendsTaDose.fr","https:\/\/www.instagram.com\/prends_ta_dose\/","https:\/\/www.linkedin.com\/company\/prends-ta-dose\/"],"url":"https:\/\/www.prendstadose.fr\/index.php\/author\/admin1429\/"}]}},"jetpack_publicize_connections":[],"jetpack_featured_media_url":"https:\/\/www.prendstadose.fr\/wp-content\/uploads\/2023\/04\/MG_9945-1-scaled.jpg","jetpack_sharing_enabled":true,"_links":{"self":[{"href":"https:\/\/www.prendstadose.fr\/index.php\/wp-json\/wp\/v2\/posts\/3696","targetHints":{"allow":["GET"]}}],"collection":[{"href":"https:\/\/www.prendstadose.fr\/index.php\/wp-json\/wp\/v2\/posts"}],"about":[{"href":"https:\/\/www.prendstadose.fr\/index.php\/wp-json\/wp\/v2\/types\/post"}],"author":[{"embeddable":true,"href":"https:\/\/www.prendstadose.fr\/index.php\/wp-json\/wp\/v2\/users\/1"}],"replies":[{"embeddable":true,"href":"https:\/\/www.prendstadose.fr\/index.php\/wp-json\/wp\/v2\/comments?post=3696"}],"version-history":[{"count":10,"href":"https:\/\/www.prendstadose.fr\/index.php\/wp-json\/wp\/v2\/posts\/3696\/revisions"}],"predecessor-version":[{"id":4202,"href":"https:\/\/www.prendstadose.fr\/index.php\/wp-json\/wp\/v2\/posts\/3696\/revisions\/4202"}],"wp:featuredmedia":[{"embeddable":true,"href":"https:\/\/www.prendstadose.fr\/index.php\/wp-json\/wp\/v2\/media\/3697"}],"wp:attachment":[{"href":"https:\/\/www.prendstadose.fr\/index.php\/wp-json\/wp\/v2\/media?parent=3696"}],"wp:term":[{"taxonomy":"category","embeddable":true,"href":"https:\/\/www.prendstadose.fr\/index.php\/wp-json\/wp\/v2\/categories?post=3696"},{"taxonomy":"post_tag","embeddable":true,"href":"https:\/\/www.prendstadose.fr\/index.php\/wp-json\/wp\/v2\/tags?post=3696"}],"curies":[{"name":"wp","href":"https:\/\/api.w.org\/{rel}","templated":true}]}}