{"id":3755,"date":"2023-11-05T18:18:17","date_gmt":"2023-11-05T17:18:17","guid":{"rendered":"https:\/\/www.prendstadose.fr\/?p=3755"},"modified":"2025-05-19T14:21:06","modified_gmt":"2025-05-19T12:21:06","slug":"pape-francois-marseille","status":"publish","type":"post","link":"https:\/\/www.prendstadose.fr\/index.php\/2023\/11\/05\/pape-francois-marseille\/","title":{"rendered":"\u00ab Droit au but \u00bb avec le Pape Fran\u00e7ois \u00e0 Marseille !"},"content":{"rendered":"<p><strong><span style=\"font-size: 14pt;\">Le samedi 23 septembre 2023, le Pape Fran\u00e7ois a travers\u00e9 la fronti\u00e8re fran\u00e7aise pour la deuxi\u00e8me fois depuis le d\u00e9but de son pontificat. <\/span><\/strong><strong><span style=\"font-size: 14pt;\">Le rendez-vous \u00e9tait fix\u00e9 \u00e0 Marseille afin de cl\u00f4turer les Rencontres M\u00e9diterran\u00e9ennes par une messe g\u00e9ante au Stade V\u00e9lodrome. <\/span><\/strong><strong><span style=\"font-size: 14pt;\">Retour en quelques mots sur cette rencontre historique qui a touch\u00e9 la France dans son c\u0153ur.<\/span> <\/strong><\/p>\n<p>&nbsp;<\/p>\n<div id=\"attachment_3760\" style=\"width: 491px\" class=\"wp-caption aligncenter\"><img loading=\"lazy\" decoding=\"async\" aria-describedby=\"caption-attachment-3760\" class=\"wp-image-3760 \" src=\"https:\/\/www.prendstadose.fr\/wp-content\/uploads\/2023\/11\/image.jpg\" alt=\"\" width=\"481\" height=\"272\" srcset=\"https:\/\/www.prendstadose.fr\/wp-content\/uploads\/2023\/11\/image.jpg 759w, https:\/\/www.prendstadose.fr\/wp-content\/uploads\/2023\/11\/image-300x170.jpg 300w, https:\/\/www.prendstadose.fr\/wp-content\/uploads\/2023\/11\/image-585x331.jpg 585w\" sizes=\"auto, (max-width: 481px) 100vw, 481px\" \/><p id=\"caption-attachment-3760\" class=\"wp-caption-text\">Le Pape Fran\u00e7ois lors de son tour de piste du V\u00e9lodrome avant la messe<\/p><\/div>\n<p>&nbsp;<\/p>\n<h4><span style=\"font-size: 18pt;\"><strong>\u00ab La Croix demeure tandis que le monde tourne \u00bb &#8211; Devise des Chartreux<\/strong><\/span><\/h4>\n<p><span style=\"font-size: 14pt;\"><em>Le monde vieillit<\/em>. \u00c0 l\u2019approche de l\u2019an mille, cette expression \u00e9tait courante chez les chr\u00e9tiens qui craignaient l\u2019Apocalypse. Aujourd\u2019hui, les angoisses paraissent moins spirituelles. Elles sont pourtant g\u00e9n\u00e9r\u00e9es par des signaux tout autant apocalyptiques : \u00e9touffement climatique, emprises migratoires, relents belliqueux, effondrement civilisationnel&#8230; <em>le monde vieillit<\/em>\u00a0!<\/span><\/p>\n<p><span style=\"font-size: 14pt;\">J\u2019y pensais avant la messe, en arrivant devant le V\u00e9lodrome. Au loin, un enfant jouait du pied avec une canette vide. Toute la ville semblait r\u00e9sonner \u00e0 l\u2019int\u00e9rieur. Et avec elle, l\u2019\u00e9cho de deux religieuses xavi\u00e8res, vingt-cinq jeunes du r\u00e9seau Magis et 59 973 fid\u00e8les r\u00e9pondant \u00e0 l\u2019invitation des marseillais d\u2019accueillir notre Pape.<\/span><\/p>\n<p><span style=\"font-size: 14pt;\">Comment \u00eatre catholique dans un pays d\u00e9christianis\u00e9\u00a0? Quelle place pour une anthropologie de 2 000 ans dans une soci\u00e9t\u00e9 agile et disruptive\u00a0? Quels espoirs dans nos c\u0153urs quantifi\u00e9s\u00a0? Le Pape Fran\u00e7ois nous a propos\u00e9 un rem\u00e8de monoxyle \u00e9gren\u00e9 comme un chapelet au fil de son hom\u00e9lie\u00a0: le tressaillement. Tressaillir devant la vie, tressaillir devant son prochain, voici les petits cailloux \u00e0 traquer pour que notre foi continue \u00e0 fr\u00e9mir <em>au pr\u00e9sent<\/em>.<\/span><\/p>\n<blockquote><p><span style=\"font-size: 14pt;\"><em>\u00ab\u00a0<\/em>Aujourd\u2019hui encore, notre vie, la vie de l\u2019\u00c9glise, la France, l\u2019Europe ont besoin de cela : de la gr\u00e2ce d\u2019un tressaillement, d\u2019un nouveau tressaillement de foi, de charit\u00e9 et d\u2019esp\u00e9rance. Nous avons besoin de retrouver passion et enthousiasme, de red\u00e9couvrir le go\u00fbt de l\u2019engagement pour la fraternit\u00e9, d\u2019oser encore le risque de l\u2019amour dans les familles et envers les plus faibles, et de retrouver dans l\u2019\u00c9vangile une gr\u00e2ce qui transforme et rend belle la vie.<em>\u00a0\u00bb <\/em><\/span><\/p><\/blockquote>\n<p><span style=\"font-size: 14pt;\">J\u2019ai c\u00e9l\u00e9br\u00e9 Fran\u00e7ois comme j\u2019avais accueilli Jul, au m\u00eame endroit, un an auparavant. En criant et en faisant le signe. \u00ab Fais pour moi une pri\u00e8re quand j\u2019ai la guigne \u00bb chantait alors le marseillais. Merci au Pape de l\u2019avoir exauc\u00e9e en venant \u00e0 notre rencontre ! <\/span><\/p>\n<p style=\"text-align: right;\"><a href=\"https:\/\/www.prendstadose.fr\/index.php\/category\/baudouin-duchange-chroniques\/\"><span style=\"font-size: 14pt;\"><strong>Baudouin Duchange<\/strong><\/span><\/a><\/p>\n<p style=\"text-align: center;\"><em><span style=\"font-size: 14pt;\">&#8211; D\u00e9couvrir ci-dessous l\u2019hom\u00e9lie du Pape Fran\u00e7ois prononc\u00e9e lors de la messe ou en cliquant <a href=\"https:\/\/www.ktotv.com\/uploads\/5503.caaa9d0782480dda073905b585baf91f.pdf\">ici<\/a> &#8211;<br \/>\n<\/span><\/em><\/p>\n<p><img loading=\"lazy\" decoding=\"async\" class=\"aligncenter wp-image-3780 size-large\" src=\"https:\/\/www.prendstadose.fr\/wp-content\/uploads\/2023\/11\/1695641365689-1024x556.jpg\" alt=\"\" width=\"1024\" height=\"556\" srcset=\"https:\/\/www.prendstadose.fr\/wp-content\/uploads\/2023\/11\/1695641365689-1024x556.jpg 1024w, https:\/\/www.prendstadose.fr\/wp-content\/uploads\/2023\/11\/1695641365689-300x163.jpg 300w, https:\/\/www.prendstadose.fr\/wp-content\/uploads\/2023\/11\/1695641365689-768x417.jpg 768w, https:\/\/www.prendstadose.fr\/wp-content\/uploads\/2023\/11\/1695641365689-1536x834.jpg 1536w, https:\/\/www.prendstadose.fr\/wp-content\/uploads\/2023\/11\/1695641365689-1170x635.jpg 1170w, https:\/\/www.prendstadose.fr\/wp-content\/uploads\/2023\/11\/1695641365689-585x318.jpg 585w, https:\/\/www.prendstadose.fr\/wp-content\/uploads\/2023\/11\/1695641365689.jpg 1593w\" sizes=\"auto, (max-width: 1024px) 100vw, 1024px\" \/><\/p>\n<h4><\/h4>\n<h4><span style=\"font-size: 18pt;\"><b><span class=\"title-1-color\">L\u2019hom\u00e9lie int\u00e9grale du pape Fran\u00e7ois au stade<br \/>\nV\u00e9lodrome de Marseille<\/span><\/b><\/span><\/h4>\n<p><span style=\"font-size: 14pt;\">\u00ab\u00a0On raconte dans les \u00c9critures que le roi David, ayant \u00e9tabli son royaume, d\u00e9cida de transporter l\u2019Arche d\u2019Alliance \u00e0 J\u00e9rusalem. Apr\u00e8s avoir convoqu\u00e9 le peuple, il se leva et partit pour aller la prendre. Sur le trajet, il dansait devant elle avec le peuple, exultant de joie \u00e0 la pr\u00e9sence du Seigneur (<i>2 S<\/i>\u00a06, 1-15). C\u2019est\u00a0avec cette sc\u00e8ne en arri\u00e8re-plan\u00a0que l\u2019\u00e9vang\u00e9liste Luc nous raconte la visite de Marie \u00e0 sa cousine \u00c9lisabeth\u00a0: Marie elle aussi se l\u00e8ve et part vers la r\u00e9gion de J\u00e9rusalem et, lorsqu\u2019elle entre dans la maison d\u2019\u00c9lisabeth, l\u2019enfant que celle-ci porte en son sein, tressaille de joie en reconnaissant l\u2019arriv\u00e9e du Messie, se met \u00e0 danser comme le fit David devant l\u2019Arche (cf.\u00a0<i>Lc<\/i>\u00a01, 39-45).<\/span><\/p>\n<p><span style=\"font-size: 14pt;\">Marie est donc pr\u00e9sent\u00e9e comme la v\u00e9ritable Arche d\u2019Alliance qui introduit le Seigneur incarn\u00e9 dans le monde. Elle est la jeune Vierge qui va \u00e0 la rencontre de la vieille femme st\u00e9rile et, en portant J\u00e9sus, elle devient le signe de la visite de Dieu vainqueur de toute st\u00e9rilit\u00e9. Elle est la M\u00e8re qui monte vers les montagnes de Juda pour nous dire que Dieu se met en route vers nous, pour nous chercher avec son amour et nous faire exulter de joie. C\u2019est Dieu qui se met en route.<\/span><\/p>\n<p><span style=\"font-size: 14pt;\">Chez ces deux femmes, Marie et \u00c9lisabeth, la visite de Dieu se d\u00e9voile \u00e0 l\u2019humanit\u00e9\u00a0: l\u2019une est jeune et l\u2019autre \u00e2g\u00e9e, l\u2019une est vierge et l\u2019autre st\u00e9rile, et pourtant elles sont toutes deux enceintes alors que c\u2019est\u00a0\u201cimpossible\u201d. Telle est l\u2019\u0153uvre de Dieu dans notre vie\u00a0: Il rend possible m\u00eame ce qui semble impossible, Il engendre la vie, m\u00eame dans la st\u00e9rilit\u00e9.<\/span><\/p>\n<p><img loading=\"lazy\" decoding=\"async\" class=\"aligncenter wp-image-3783 size-large\" src=\"https:\/\/www.prendstadose.fr\/wp-content\/uploads\/2023\/11\/fmp-3-1024x724.jpg\" alt=\"\" width=\"1024\" height=\"724\" srcset=\"https:\/\/www.prendstadose.fr\/wp-content\/uploads\/2023\/11\/fmp-3-1024x724.jpg 1024w, https:\/\/www.prendstadose.fr\/wp-content\/uploads\/2023\/11\/fmp-3-300x212.jpg 300w, https:\/\/www.prendstadose.fr\/wp-content\/uploads\/2023\/11\/fmp-3-768x543.jpg 768w, https:\/\/www.prendstadose.fr\/wp-content\/uploads\/2023\/11\/fmp-3-1536x1086.jpg 1536w, https:\/\/www.prendstadose.fr\/wp-content\/uploads\/2023\/11\/fmp-3-1170x827.jpg 1170w, https:\/\/www.prendstadose.fr\/wp-content\/uploads\/2023\/11\/fmp-3-1920x1358.jpg 1920w, https:\/\/www.prendstadose.fr\/wp-content\/uploads\/2023\/11\/fmp-3-585x414.jpg 585w, https:\/\/www.prendstadose.fr\/wp-content\/uploads\/2023\/11\/fmp-3.jpg 2048w\" sizes=\"auto, (max-width: 1024px) 100vw, 1024px\" \/><\/p>\n<p><span style=\"font-size: 14pt;\">Fr\u00e8res et s\u0153urs, demandons-nous avec sinc\u00e9rit\u00e9 de c\u0153ur\u00a0: croyons-nous que Dieu est \u00e0 l\u2019\u0153uvre dans notre vie\u00a0? Croyons-nous que le Seigneur, de mani\u00e8re cach\u00e9e et souvent impr\u00e9visible, agit dans l\u2019histoire, accomplit des merveilles et est \u00e0 l\u2019\u0153uvre \u00e9galement dans nos soci\u00e9t\u00e9s marqu\u00e9es par le s\u00e9cularisme mondain et par une certaine indiff\u00e9rence religieuse\u00a0?<\/span><\/p>\n<p><span style=\"font-size: 14pt;\">Il y a un moyen de discerner si nous avons cette confiance dans le Seigneur. Quel est ce moyen\u00a0?\u00a0L\u2019\u00c9vangile dit que \u00ab\u00a0lorsqu\u2019\u00c9lisabeth entendit la salutation de Marie, l\u2019enfant tressaillit en elle\u00a0\u00bb (v.41). Voil\u00e0 le signe\u00a0:\u00a0<i>tressaillir<\/i>. Celui qui croit, qui prie, qui accueille le Seigneur tressaille dans l\u2019Esprit, sent que quelque chose bouge \u00e0 l\u2019int\u00e9rieur, il\u00a0\u201cdanse\u201d\u00a0de joie. Et je voudrais m\u2019arr\u00eater sur cela\u00a0:\u00a0<i>le\u00a0tressaillement\u00a0de la foi<\/i>.<\/span><\/p>\n<p><span style=\"font-size: 14pt;\">L\u2019exp\u00e9rience de foi provoque avant tout\u00a0<i>un\u00a0tressaillement\u00a0devant la vie<\/i>. Tressaillir c\u2019est \u00eatre\u00a0\u201ctouch\u00e9 \u00e0 l\u2019int\u00e9rieur\u201d, avoir un fr\u00e9missement int\u00e9rieur, sentir que quelque chose bouge dans notre c\u0153ur. C\u2019est le contraire d\u2019un c\u0153ur plat, froid, install\u00e9 dans la vie tranquille, qui se blinde dans l\u2019indiff\u00e9rence et devient imperm\u00e9able, qui s\u2019endurcit, insensible \u00e0 toute chose et \u00e0 tout le monde, m\u00eame au tragique rejet de la vie humaine\u00a0qui est aujourd\u2019hui refus\u00e9e \u00e0 nombre de personnes\u00a0qui \u00e9migrent, \u00e0 nombre d\u2019enfants qui ne sont pas encore n\u00e9s, et \u00e0 nombre de personnes \u00e2g\u00e9es abandonn\u00e9es. Un c\u0153ur froid et plat tra\u00eene la vie de mani\u00e8re m\u00e9canique, sans passion, sans \u00e9lan, sans d\u00e9sir. Et on peut tomber malade de tout cela dans notre soci\u00e9t\u00e9 europ\u00e9enne\u00a0: le cynisme, le d\u00e9senchantement, la r\u00e9signation, l\u2019incertitude, un sentiment g\u00e9n\u00e9ral de tristesse &#8211; tout \u00e0 la fois\u00a0: la tristesse, cette tristesse dissimul\u00e9e dans les c\u0153urs -. Quelqu\u2019un les a appel\u00e9es\u00a0\u201cpassions tristes\u201d\u00a0: c\u2019est une vie sans\u00a0tressaillement.<\/span><\/p>\n<p><span style=\"font-size: 14pt;\">Celui qui est n\u00e9 \u00e0 la foi, en revanche, reconna\u00eet la pr\u00e9sence du Seigneur, comme l\u2019enfant dans le sein d\u2019\u00c9lisabeth. Il reconna\u00eet son \u0153uvre dans\u00a0le\u00a0fleurissement\u00a0des jours et il re\u00e7oit un regard nouveau pour voir la r\u00e9alit\u00e9. M\u00eame au milieu des difficult\u00e9s, des probl\u00e8mes et des souffrances, il per\u00e7oit quotidiennement la visite de Dieu et se sent accompagn\u00e9 et soutenu par Lui. Face au myst\u00e8re de la vie personnelle et aux d\u00e9fis de la soci\u00e9t\u00e9, celui qui croit conna\u00eet un\u00a0tressaillement, une passion, un r\u00eave \u00e0 cultiver, un int\u00e9r\u00eat qui pousse \u00e0 s\u2019engager personnellement. Maintenant, chacun d&rsquo;entre nous peut se\u00a0\u00a0\u00a0\u00a0\u00a0\u00a0demander : est-ce que je ressens ces choses ? Est-ce que j&rsquo;ai ces\u00a0\u00a0\u00a0\u00a0\u00a0choses ? Celui qui est ainsi sait que le Seigneur est pr\u00e9sent en toute chose, qu\u2019il appelle, qu\u2019il invite \u00e0 t\u00e9moigner de l\u2019\u00c9vangile pour \u00e9difier avec douceur, \u00e0 travers les dons et les charismes re\u00e7us, un monde nouveau.<\/span><\/p>\n<p><span style=\"font-size: 14pt;\">L\u2019exp\u00e9rience de la foi, en plus d\u2019<i>un\u00a0tressaillement\u00a0devant la vie<\/i>, provoque aussi\u00a0<i>un\u00a0tressaillement\u00a0devant le prochain<\/i>. Dans le myst\u00e8re de la Visitation, en effet, nous voyons que la visite de Dieu n\u2019a pas lieu \u00e0 travers des \u00e9v\u00e9nements c\u00e9lestes extraordinaires, mais dans la simplicit\u00e9 d\u2019une rencontre. Dieu vient sur le seuil d\u2019une maison de famille, dans la tendre \u00e9treinte entre deux femmes, dans le croisement de deux grossesses pleines d\u2019\u00e9merveillement et d\u2019esp\u00e9rance. Et, dans cette rencontre, il y a la sollicitude de Marie, l\u2019\u00e9merveillement d\u2019\u00c9lisabeth, la joie du partage.<\/span><\/p>\n<p><span style=\"font-size: 14pt;\">Rappelons-le toujours, m\u00eame dans l\u2019\u00c9glise\u00a0: Dieu est relation et souvent il nous rend visite \u00e0 travers des rencontres humaines, quand nous savons nous ouvrir \u00e0 l\u2019autre, quand il y a un\u00a0tressaillement\u00a0pour la vie de ceux qui passent chaque jour \u00e0 nos c\u00f4t\u00e9s et quand notre c\u0153ur ne reste pas impassible et insensible devant les blessures de ceux qui sont les plus fragiles. Nos villes m\u00e9tropolitaines, et tant de pays europ\u00e9ens comme la France o\u00f9 coexistent des cultures et des religions diff\u00e9rentes, sont en ce sens un grand d\u00e9fi contre les exacerbations de l\u2019individualisme, contre les \u00e9go\u00efsmes et les fermetures qui produisent solitudes et souffrances. Apprenons de J\u00e9sus \u00e0 \u00e9prouver des fr\u00e9missements pour ceux qui vivent \u00e0 nos c\u00f4t\u00e9s, apprenons de Lui qui, devant les foules fatigu\u00e9es et \u00e9puis\u00e9es, ressent de la compassion et s\u2019\u00e9meut (cf.\u00a0<i>Mc<\/i>\u00a06, 34), tressaille de\u00a0mis\u00e9ricorde devant la chair bless\u00e9e de ceux qu\u2019il rencontre. Comme l\u2019affirme votre grand saint, Vincent de Paul, \u00ab\u00a0il faut t\u00e2cher d\u2019attendrir nos c\u0153urs et de les rendre susceptibles des souffrances et des mis\u00e8res du prochain, et prier Dieu qu\u2019il nous donne le v\u00e9ritable esprit de mis\u00e9ricorde, qui est le propre esprit de Dieu\u00a0\u00bb, jusqu\u2019\u00e0 reconna\u00eetre que les pauvres sont \u00ab\u00a0nos seigneurs et ma\u00eetres\u00a0\u00bb\u00a0(<i>Correspondance, entretiens, documents,<\/i>Paris 1920-25, p. 341\u00a0; pp. 392-393).<\/span><\/p>\n<p><span style=\"font-size: 14pt;\">Fr\u00e8res, s\u0153urs, je pense aux nombreux\u00a0\u201ctressaillements\u201d\u00a0qu\u2019a connus la France, \u00e0 son histoire riche de saintet\u00e9, de culture, d\u2019artistes et de penseurs qui ont passionn\u00e9 tant de g\u00e9n\u00e9rations. Aujourd\u2019hui encore, notre vie, la vie de l\u2019\u00c9glise, la France, l\u2019Europe ont besoin de cela\u00a0: de la gr\u00e2ce d\u2019un\u00a0tressaillement, d\u2019un nouveau\u00a0tressaillement\u00a0de foi, de charit\u00e9 et d\u2019esp\u00e9rance.\u00a0<i>Nous avons besoin de retrouver passion et enthousiasme<\/i>, de red\u00e9couvrir le go\u00fbt de l\u2019engagement pour la fraternit\u00e9, d\u2019oser encore le risque de l\u2019amour dans les familles et envers les plus faibles, et de retrouver dans l\u2019\u00c9vangile une gr\u00e2ce qui transforme et rend belle la vie.<\/span><\/p>\n<p><span style=\"font-size: 14pt;\">Regardons Marie qui\u00a0se d\u00e9range\u00a0en se mettant en route et qui nous enseigne que Dieu est pr\u00e9cis\u00e9ment come cela\u00a0: il nous d\u00e9range, il nous met en mouvement, il nous fait\u00a0\u201ctressaillir\u201d, comme avec \u00c9lisabeth. Et nous voulons \u00eatre des chr\u00e9tiens qui rencontrent Dieu par la pri\u00e8re et nos fr\u00e8res par l\u2019amour, des chr\u00e9tiens qui tressaillent, vibrent, accueillent le feu de l\u2019Esprit pour se laisser br\u00fbler par les questions d\u2019aujourd\u2019hui, par les d\u00e9fis de la M\u00e9diterran\u00e9e, par le cri des pauvres, par les\u00a0\u201csaintes utopies\u201d\u00a0de fraternit\u00e9 et de paix qui attendent d\u2019\u00eatre r\u00e9alis\u00e9es.<\/span><\/p>\n<p><span style=\"font-size: 14pt;\">Fr\u00e8res et s\u0153urs, avec vous, je prie la Vierge, Notre-Dame de la Garde, de veiller sur votre vie, de garder la France, de garder toute l\u2019Europe, et de nous faire tressaillir dans l\u2019Esprit. Et je voudrais le faire avec les paroles de Paul Claudel\u00a0:\u00a0<\/span><\/p>\n<p><span style=\"font-size: 14pt;\">\u00ab\u00a0Je vois l\u2019\u00e9glise ouverte. [&#8230;] \u00a0<\/span><br \/>\n<span style=\"font-size: 14pt;\">Je n\u2019ai rien \u00e0 offrir et rien \u00e0 demander.<\/span><br \/>\n<span style=\"font-size: 14pt;\">Je viens seulement, M\u00e8re, pour vous regarder.<\/span><br \/>\n<span style=\"font-size: 14pt;\">Vous regarder, pleurer de bonheur, savoir cela\u00a0:<\/span><br \/>\n<span style=\"font-size: 14pt;\">Que je suis votre fils et que vous \u00eates l\u00e0. [&#8230;]<\/span><br \/>\n<span style=\"font-size: 14pt;\">\u00catre avec vous, Marie, en ce lieu o\u00f9 vous \u00eates [&#8230;]<\/span><br \/>\n<span style=\"font-size: 14pt;\">Parce que vous \u00eates l\u00e0 pour toujours,<\/span><br \/>\n<span style=\"font-size: 14pt;\">Simplement parce que vous \u00eates Marie,<\/span><br \/>\n<span style=\"font-size: 14pt;\">Simplement parce que vous existez,<\/span><br \/>\n<span style=\"font-size: 14pt;\">M\u00e8re de J\u00e9sus-Christ, soyez remerci\u00e9e ! \u00bb<\/span><\/p>\n<p>&nbsp;<\/p>\n","protected":false},"excerpt":{"rendered":"<p>Le samedi 23 septembre 2023, le Pape Fran\u00e7ois a travers\u00e9 la fronti\u00e8re fran\u00e7aise pour la deuxi\u00e8me&hellip;<\/p>\n","protected":false},"author":12,"featured_media":4197,"comment_status":"open","ping_status":"open","sticky":false,"template":"","format":"standard","meta":{"_editorskit_title_hidden":false,"_editorskit_reading_time":0,"_editorskit_is_block_options_detached":false,"_editorskit_block_options_position":"{}","jetpack_post_was_ever_published":false,"_jetpack_newsletter_access":"","_jetpack_dont_email_post_to_subs":false,"_jetpack_newsletter_tier_id":0,"_jetpack_memberships_contains_paywalled_content":false,"_jetpack_memberships_contains_paid_content":false,"footnotes":"","jetpack_publicize_message":"","jetpack_publicize_feature_enabled":true,"jetpack_social_post_already_shared":true,"jetpack_social_options":{"image_generator_settings":{"template":"highway","enabled":false},"version":2}},"categories":[358],"tags":[954,327,469,156,752,953,952,231,956,955,957],"class_list":["post-3755","post","type-post","status-publish","format-standard","has-post-thumbnail","hentry","category-cultureetsociete","tag-catholique","tag-jul","tag-lecture","tag-litterature","tag-marseille","tag-messe","tag-pape-francois","tag-promenade","tag-rome","tag-vatican","tag-velodrome"],"yoast_head":"<!-- This site is optimized with the Yoast SEO plugin v24.6 - https:\/\/yoast.com\/wordpress\/plugins\/seo\/ -->\n<title>\u00ab Droit au but \u00bb avec le Pape Fran\u00e7ois \u00e0 Marseille ! &#8212; PRENDS TA DOSE<\/title>\n<meta name=\"description\" content=\"Le samedi 23 septembre 2023, le Pape Fran\u00e7ois a travers\u00e9 la fronti\u00e8re fran\u00e7aise pour la deuxi\u00e8me fois depuis le d\u00e9but de son pontificat. Le rendez-vous Retour en quelques mots sur la rencontre historique entre le Pape Fran\u00e7ois et la France.\" \/>\n<meta name=\"robots\" content=\"index, follow, max-snippet:-1, max-image-preview:large, max-video-preview:-1\" \/>\n<link rel=\"canonical\" href=\"https:\/\/www.prendstadose.fr\/index.php\/2023\/11\/05\/pape-francois-marseille\/\" \/>\n<meta property=\"og:locale\" content=\"fr_FR\" \/>\n<meta property=\"og:type\" content=\"article\" \/>\n<meta property=\"og:title\" content=\"\u00ab Droit au but \u00bb avec le Pape Fran\u00e7ois \u00e0 Marseille ! &#8212; PRENDS TA DOSE\" \/>\n<meta property=\"og:description\" content=\"Le samedi 23 septembre 2023, le Pape Fran\u00e7ois a travers\u00e9 la fronti\u00e8re fran\u00e7aise pour la deuxi\u00e8me fois depuis le d\u00e9but de son pontificat. Le rendez-vous Retour en quelques mots sur la rencontre historique entre le Pape Fran\u00e7ois et la France.\" \/>\n<meta property=\"og:url\" content=\"https:\/\/www.prendstadose.fr\/index.php\/2023\/11\/05\/pape-francois-marseille\/\" \/>\n<meta property=\"og:site_name\" content=\"PRENDS TA DOSE\" \/>\n<meta property=\"article:publisher\" content=\"https:\/\/www.facebook.com\/BrigadeSansFrontieres\/\" \/>\n<meta property=\"article:published_time\" content=\"2023-11-05T17:18:17+00:00\" \/>\n<meta property=\"article:modified_time\" content=\"2025-05-19T12:21:06+00:00\" \/>\n<meta property=\"og:image\" content=\"https:\/\/www.prendstadose.fr\/wp-content\/uploads\/2023\/11\/a9e58b5e-8a80-4bf6-9406-c41744de8cf8.jpeg\" \/>\n\t<meta property=\"og:image:width\" content=\"1600\" \/>\n\t<meta property=\"og:image:height\" content=\"1066\" \/>\n\t<meta property=\"og:image:type\" content=\"image\/jpeg\" \/>\n<meta name=\"author\" content=\"Baudouin Duchange\" \/>\n<meta name=\"twitter:card\" content=\"summary_large_image\" \/>\n<meta name=\"twitter:label1\" content=\"\u00c9crit par\" \/>\n\t<meta name=\"twitter:data1\" content=\"Baudouin Duchange\" \/>\n\t<meta name=\"twitter:label2\" content=\"Dur\u00e9e de lecture estim\u00e9e\" \/>\n\t<meta name=\"twitter:data2\" content=\"10 minutes\" \/>\n<script type=\"application\/ld+json\" class=\"yoast-schema-graph\">{\"@context\":\"https:\/\/schema.org\",\"@graph\":[{\"@type\":\"Article\",\"@id\":\"https:\/\/www.prendstadose.fr\/index.php\/2023\/11\/05\/pape-francois-marseille\/#article\",\"isPartOf\":{\"@id\":\"https:\/\/www.prendstadose.fr\/index.php\/2023\/11\/05\/pape-francois-marseille\/\"},\"author\":{\"name\":\"Baudouin Duchange\",\"@id\":\"https:\/\/www.prendstadose.fr\/#\/schema\/person\/470cdc52962d193b3ca01d9cfa243f03\"},\"headline\":\"\u00ab Droit au but \u00bb avec le Pape Fran\u00e7ois \u00e0 Marseille !\",\"datePublished\":\"2023-11-05T17:18:17+00:00\",\"dateModified\":\"2025-05-19T12:21:06+00:00\",\"mainEntityOfPage\":{\"@id\":\"https:\/\/www.prendstadose.fr\/index.php\/2023\/11\/05\/pape-francois-marseille\/\"},\"wordCount\":1996,\"commentCount\":1,\"publisher\":{\"@id\":\"https:\/\/www.prendstadose.fr\/#organization\"},\"image\":{\"@id\":\"https:\/\/www.prendstadose.fr\/index.php\/2023\/11\/05\/pape-francois-marseille\/#primaryimage\"},\"thumbnailUrl\":\"https:\/\/www.prendstadose.fr\/wp-content\/uploads\/2023\/11\/a9e58b5e-8a80-4bf6-9406-c41744de8cf8.jpeg\",\"keywords\":[\"catholique\",\"Jul\",\"Lecture\",\"Litt\u00e9rature\",\"Marseille\",\"messe\",\"pape francois\",\"Promenade\",\"rome\",\"vatican\",\"v\u00e9lodrome\"],\"articleSection\":[\"Culture &amp; Soci\u00e9t\u00e9\"],\"inLanguage\":\"fr-FR\",\"potentialAction\":[{\"@type\":\"CommentAction\",\"name\":\"Comment\",\"target\":[\"https:\/\/www.prendstadose.fr\/index.php\/2023\/11\/05\/pape-francois-marseille\/#respond\"]}]},{\"@type\":\"WebPage\",\"@id\":\"https:\/\/www.prendstadose.fr\/index.php\/2023\/11\/05\/pape-francois-marseille\/\",\"url\":\"https:\/\/www.prendstadose.fr\/index.php\/2023\/11\/05\/pape-francois-marseille\/\",\"name\":\"\u00ab Droit au but \u00bb avec le Pape Fran\u00e7ois \u00e0 Marseille ! &#8212; PRENDS TA DOSE\",\"isPartOf\":{\"@id\":\"https:\/\/www.prendstadose.fr\/#website\"},\"primaryImageOfPage\":{\"@id\":\"https:\/\/www.prendstadose.fr\/index.php\/2023\/11\/05\/pape-francois-marseille\/#primaryimage\"},\"image\":{\"@id\":\"https:\/\/www.prendstadose.fr\/index.php\/2023\/11\/05\/pape-francois-marseille\/#primaryimage\"},\"thumbnailUrl\":\"https:\/\/www.prendstadose.fr\/wp-content\/uploads\/2023\/11\/a9e58b5e-8a80-4bf6-9406-c41744de8cf8.jpeg\",\"datePublished\":\"2023-11-05T17:18:17+00:00\",\"dateModified\":\"2025-05-19T12:21:06+00:00\",\"description\":\"Le samedi 23 septembre 2023, le Pape Fran\u00e7ois a travers\u00e9 la fronti\u00e8re fran\u00e7aise pour la deuxi\u00e8me fois depuis le d\u00e9but de son pontificat. Le rendez-vous Retour en quelques mots sur la rencontre historique entre le Pape Fran\u00e7ois et la France.\",\"breadcrumb\":{\"@id\":\"https:\/\/www.prendstadose.fr\/index.php\/2023\/11\/05\/pape-francois-marseille\/#breadcrumb\"},\"inLanguage\":\"fr-FR\",\"potentialAction\":[{\"@type\":\"ReadAction\",\"target\":[\"https:\/\/www.prendstadose.fr\/index.php\/2023\/11\/05\/pape-francois-marseille\/\"]}]},{\"@type\":\"ImageObject\",\"inLanguage\":\"fr-FR\",\"@id\":\"https:\/\/www.prendstadose.fr\/index.php\/2023\/11\/05\/pape-francois-marseille\/#primaryimage\",\"url\":\"https:\/\/www.prendstadose.fr\/wp-content\/uploads\/2023\/11\/a9e58b5e-8a80-4bf6-9406-c41744de8cf8.jpeg\",\"contentUrl\":\"https:\/\/www.prendstadose.fr\/wp-content\/uploads\/2023\/11\/a9e58b5e-8a80-4bf6-9406-c41744de8cf8.jpeg\",\"width\":1600,\"height\":1066},{\"@type\":\"BreadcrumbList\",\"@id\":\"https:\/\/www.prendstadose.fr\/index.php\/2023\/11\/05\/pape-francois-marseille\/#breadcrumb\",\"itemListElement\":[{\"@type\":\"ListItem\",\"position\":1,\"name\":\"Accueil\",\"item\":\"https:\/\/www.prendstadose.fr\/\"},{\"@type\":\"ListItem\",\"position\":2,\"name\":\"\u00ab Droit au but \u00bb avec le Pape Fran\u00e7ois \u00e0 Marseille !\"}]},{\"@type\":\"WebSite\",\"@id\":\"https:\/\/www.prendstadose.fr\/#website\",\"url\":\"https:\/\/www.prendstadose.fr\/\",\"name\":\"PRENDS TA DOSE\",\"description\":\"Capsule Culture Pour Analphab\u00e8tes Lettr\u00e9s\",\"publisher\":{\"@id\":\"https:\/\/www.prendstadose.fr\/#organization\"},\"potentialAction\":[{\"@type\":\"SearchAction\",\"target\":{\"@type\":\"EntryPoint\",\"urlTemplate\":\"https:\/\/www.prendstadose.fr\/?s={search_term_string}\"},\"query-input\":{\"@type\":\"PropertyValueSpecification\",\"valueRequired\":true,\"valueName\":\"search_term_string\"}}],\"inLanguage\":\"fr-FR\"},{\"@type\":\"Organization\",\"@id\":\"https:\/\/www.prendstadose.fr\/#organization\",\"name\":\"PrendsTaDose\",\"url\":\"https:\/\/www.prendstadose.fr\/\",\"logo\":{\"@type\":\"ImageObject\",\"inLanguage\":\"fr-FR\",\"@id\":\"https:\/\/www.prendstadose.fr\/#\/schema\/logo\/image\/\",\"url\":\"https:\/\/www.prendstadose.fr\/wp-content\/uploads\/2021\/08\/logo-e1641309847268.png\",\"contentUrl\":\"https:\/\/www.prendstadose.fr\/wp-content\/uploads\/2021\/08\/logo-e1641309847268.png\",\"width\":400,\"height\":406,\"caption\":\"PrendsTaDose\"},\"image\":{\"@id\":\"https:\/\/www.prendstadose.fr\/#\/schema\/logo\/image\/\"},\"sameAs\":[\"https:\/\/www.facebook.com\/BrigadeSansFrontieres\/\",\"https:\/\/www.instagram.com\/romain_mailliu\/\"]},{\"@type\":\"Person\",\"@id\":\"https:\/\/www.prendstadose.fr\/#\/schema\/person\/470cdc52962d193b3ca01d9cfa243f03\",\"name\":\"Baudouin Duchange\",\"sameAs\":[\"http:\/\/www.bsf.ovh\/\"],\"url\":\"https:\/\/www.prendstadose.fr\/index.php\/author\/baudouinduchange\/\"}]}<\/script>\n<!-- \/ Yoast SEO plugin. -->","yoast_head_json":{"title":"\u00ab Droit au but \u00bb avec le Pape Fran\u00e7ois \u00e0 Marseille ! &#8212; PRENDS TA DOSE","description":"Le samedi 23 septembre 2023, le Pape Fran\u00e7ois a travers\u00e9 la fronti\u00e8re fran\u00e7aise pour la deuxi\u00e8me fois depuis le d\u00e9but de son pontificat. Le rendez-vous Retour en quelques mots sur la rencontre historique entre le Pape Fran\u00e7ois et la France.","robots":{"index":"index","follow":"follow","max-snippet":"max-snippet:-1","max-image-preview":"max-image-preview:large","max-video-preview":"max-video-preview:-1"},"canonical":"https:\/\/www.prendstadose.fr\/index.php\/2023\/11\/05\/pape-francois-marseille\/","og_locale":"fr_FR","og_type":"article","og_title":"\u00ab Droit au but \u00bb avec le Pape Fran\u00e7ois \u00e0 Marseille ! &#8212; PRENDS TA DOSE","og_description":"Le samedi 23 septembre 2023, le Pape Fran\u00e7ois a travers\u00e9 la fronti\u00e8re fran\u00e7aise pour la deuxi\u00e8me fois depuis le d\u00e9but de son pontificat. Le rendez-vous Retour en quelques mots sur la rencontre historique entre le Pape Fran\u00e7ois et la France.","og_url":"https:\/\/www.prendstadose.fr\/index.php\/2023\/11\/05\/pape-francois-marseille\/","og_site_name":"PRENDS TA DOSE","article_publisher":"https:\/\/www.facebook.com\/BrigadeSansFrontieres\/","article_published_time":"2023-11-05T17:18:17+00:00","article_modified_time":"2025-05-19T12:21:06+00:00","og_image":[{"width":1600,"height":1066,"url":"https:\/\/www.prendstadose.fr\/wp-content\/uploads\/2023\/11\/a9e58b5e-8a80-4bf6-9406-c41744de8cf8.jpeg","type":"image\/jpeg"}],"author":"Baudouin Duchange","twitter_card":"summary_large_image","twitter_misc":{"\u00c9crit par":"Baudouin Duchange","Dur\u00e9e de lecture estim\u00e9e":"10 minutes"},"schema":{"@context":"https:\/\/schema.org","@graph":[{"@type":"Article","@id":"https:\/\/www.prendstadose.fr\/index.php\/2023\/11\/05\/pape-francois-marseille\/#article","isPartOf":{"@id":"https:\/\/www.prendstadose.fr\/index.php\/2023\/11\/05\/pape-francois-marseille\/"},"author":{"name":"Baudouin Duchange","@id":"https:\/\/www.prendstadose.fr\/#\/schema\/person\/470cdc52962d193b3ca01d9cfa243f03"},"headline":"\u00ab Droit au but \u00bb avec le Pape Fran\u00e7ois \u00e0 Marseille !","datePublished":"2023-11-05T17:18:17+00:00","dateModified":"2025-05-19T12:21:06+00:00","mainEntityOfPage":{"@id":"https:\/\/www.prendstadose.fr\/index.php\/2023\/11\/05\/pape-francois-marseille\/"},"wordCount":1996,"commentCount":1,"publisher":{"@id":"https:\/\/www.prendstadose.fr\/#organization"},"image":{"@id":"https:\/\/www.prendstadose.fr\/index.php\/2023\/11\/05\/pape-francois-marseille\/#primaryimage"},"thumbnailUrl":"https:\/\/www.prendstadose.fr\/wp-content\/uploads\/2023\/11\/a9e58b5e-8a80-4bf6-9406-c41744de8cf8.jpeg","keywords":["catholique","Jul","Lecture","Litt\u00e9rature","Marseille","messe","pape francois","Promenade","rome","vatican","v\u00e9lodrome"],"articleSection":["Culture &amp; Soci\u00e9t\u00e9"],"inLanguage":"fr-FR","potentialAction":[{"@type":"CommentAction","name":"Comment","target":["https:\/\/www.prendstadose.fr\/index.php\/2023\/11\/05\/pape-francois-marseille\/#respond"]}]},{"@type":"WebPage","@id":"https:\/\/www.prendstadose.fr\/index.php\/2023\/11\/05\/pape-francois-marseille\/","url":"https:\/\/www.prendstadose.fr\/index.php\/2023\/11\/05\/pape-francois-marseille\/","name":"\u00ab Droit au but \u00bb avec le Pape Fran\u00e7ois \u00e0 Marseille ! &#8212; PRENDS TA DOSE","isPartOf":{"@id":"https:\/\/www.prendstadose.fr\/#website"},"primaryImageOfPage":{"@id":"https:\/\/www.prendstadose.fr\/index.php\/2023\/11\/05\/pape-francois-marseille\/#primaryimage"},"image":{"@id":"https:\/\/www.prendstadose.fr\/index.php\/2023\/11\/05\/pape-francois-marseille\/#primaryimage"},"thumbnailUrl":"https:\/\/www.prendstadose.fr\/wp-content\/uploads\/2023\/11\/a9e58b5e-8a80-4bf6-9406-c41744de8cf8.jpeg","datePublished":"2023-11-05T17:18:17+00:00","dateModified":"2025-05-19T12:21:06+00:00","description":"Le samedi 23 septembre 2023, le Pape Fran\u00e7ois a travers\u00e9 la fronti\u00e8re fran\u00e7aise pour la deuxi\u00e8me fois depuis le d\u00e9but de son pontificat. Le rendez-vous Retour en quelques mots sur la rencontre historique entre le Pape Fran\u00e7ois et la France.","breadcrumb":{"@id":"https:\/\/www.prendstadose.fr\/index.php\/2023\/11\/05\/pape-francois-marseille\/#breadcrumb"},"inLanguage":"fr-FR","potentialAction":[{"@type":"ReadAction","target":["https:\/\/www.prendstadose.fr\/index.php\/2023\/11\/05\/pape-francois-marseille\/"]}]},{"@type":"ImageObject","inLanguage":"fr-FR","@id":"https:\/\/www.prendstadose.fr\/index.php\/2023\/11\/05\/pape-francois-marseille\/#primaryimage","url":"https:\/\/www.prendstadose.fr\/wp-content\/uploads\/2023\/11\/a9e58b5e-8a80-4bf6-9406-c41744de8cf8.jpeg","contentUrl":"https:\/\/www.prendstadose.fr\/wp-content\/uploads\/2023\/11\/a9e58b5e-8a80-4bf6-9406-c41744de8cf8.jpeg","width":1600,"height":1066},{"@type":"BreadcrumbList","@id":"https:\/\/www.prendstadose.fr\/index.php\/2023\/11\/05\/pape-francois-marseille\/#breadcrumb","itemListElement":[{"@type":"ListItem","position":1,"name":"Accueil","item":"https:\/\/www.prendstadose.fr\/"},{"@type":"ListItem","position":2,"name":"\u00ab Droit au but \u00bb avec le Pape Fran\u00e7ois \u00e0 Marseille !"}]},{"@type":"WebSite","@id":"https:\/\/www.prendstadose.fr\/#website","url":"https:\/\/www.prendstadose.fr\/","name":"PRENDS TA DOSE","description":"Capsule Culture Pour Analphab\u00e8tes Lettr\u00e9s","publisher":{"@id":"https:\/\/www.prendstadose.fr\/#organization"},"potentialAction":[{"@type":"SearchAction","target":{"@type":"EntryPoint","urlTemplate":"https:\/\/www.prendstadose.fr\/?s={search_term_string}"},"query-input":{"@type":"PropertyValueSpecification","valueRequired":true,"valueName":"search_term_string"}}],"inLanguage":"fr-FR"},{"@type":"Organization","@id":"https:\/\/www.prendstadose.fr\/#organization","name":"PrendsTaDose","url":"https:\/\/www.prendstadose.fr\/","logo":{"@type":"ImageObject","inLanguage":"fr-FR","@id":"https:\/\/www.prendstadose.fr\/#\/schema\/logo\/image\/","url":"https:\/\/www.prendstadose.fr\/wp-content\/uploads\/2021\/08\/logo-e1641309847268.png","contentUrl":"https:\/\/www.prendstadose.fr\/wp-content\/uploads\/2021\/08\/logo-e1641309847268.png","width":400,"height":406,"caption":"PrendsTaDose"},"image":{"@id":"https:\/\/www.prendstadose.fr\/#\/schema\/logo\/image\/"},"sameAs":["https:\/\/www.facebook.com\/BrigadeSansFrontieres\/","https:\/\/www.instagram.com\/romain_mailliu\/"]},{"@type":"Person","@id":"https:\/\/www.prendstadose.fr\/#\/schema\/person\/470cdc52962d193b3ca01d9cfa243f03","name":"Baudouin Duchange","sameAs":["http:\/\/www.bsf.ovh\/"],"url":"https:\/\/www.prendstadose.fr\/index.php\/author\/baudouinduchange\/"}]}},"jetpack_publicize_connections":[],"jetpack_featured_media_url":"https:\/\/www.prendstadose.fr\/wp-content\/uploads\/2023\/11\/a9e58b5e-8a80-4bf6-9406-c41744de8cf8.jpeg","jetpack_sharing_enabled":true,"_links":{"self":[{"href":"https:\/\/www.prendstadose.fr\/index.php\/wp-json\/wp\/v2\/posts\/3755","targetHints":{"allow":["GET"]}}],"collection":[{"href":"https:\/\/www.prendstadose.fr\/index.php\/wp-json\/wp\/v2\/posts"}],"about":[{"href":"https:\/\/www.prendstadose.fr\/index.php\/wp-json\/wp\/v2\/types\/post"}],"author":[{"embeddable":true,"href":"https:\/\/www.prendstadose.fr\/index.php\/wp-json\/wp\/v2\/users\/12"}],"replies":[{"embeddable":true,"href":"https:\/\/www.prendstadose.fr\/index.php\/wp-json\/wp\/v2\/comments?post=3755"}],"version-history":[{"count":17,"href":"https:\/\/www.prendstadose.fr\/index.php\/wp-json\/wp\/v2\/posts\/3755\/revisions"}],"predecessor-version":[{"id":3784,"href":"https:\/\/www.prendstadose.fr\/index.php\/wp-json\/wp\/v2\/posts\/3755\/revisions\/3784"}],"wp:featuredmedia":[{"embeddable":true,"href":"https:\/\/www.prendstadose.fr\/index.php\/wp-json\/wp\/v2\/media\/4197"}],"wp:attachment":[{"href":"https:\/\/www.prendstadose.fr\/index.php\/wp-json\/wp\/v2\/media?parent=3755"}],"wp:term":[{"taxonomy":"category","embeddable":true,"href":"https:\/\/www.prendstadose.fr\/index.php\/wp-json\/wp\/v2\/categories?post=3755"},{"taxonomy":"post_tag","embeddable":true,"href":"https:\/\/www.prendstadose.fr\/index.php\/wp-json\/wp\/v2\/tags?post=3755"}],"curies":[{"name":"wp","href":"https:\/\/api.w.org\/{rel}","templated":true}]}}