{"id":3867,"date":"2024-02-24T14:31:14","date_gmt":"2024-02-24T13:31:14","guid":{"rendered":"https:\/\/www.prendstadose.fr\/?p=3867"},"modified":"2024-09-23T11:05:01","modified_gmt":"2024-09-23T09:05:01","slug":"participez-a-un-voyage-eco-poetique-en-grece-cet-ete-places-limitees","status":"publish","type":"post","link":"https:\/\/www.prendstadose.fr\/index.php\/2024\/02\/24\/participez-a-un-voyage-eco-poetique-en-grece-cet-ete-places-limitees\/","title":{"rendered":"Participez \u00e0 un voyage \u00c9co-Po\u00e9tique en Gr\u00e8ce cet \u00e9t\u00e9 (places limit\u00e9es) !"},"content":{"rendered":"<p>&nbsp;<\/p>\n<p>&nbsp;<\/p>\n<p><em><span style=\"font-size: 14pt;\">En quelques mots : 14 jours , 20 participants , 1 moyen m\u00e9trage cr\u00e9\u00e9 et tourn\u00e9 \u00ab\u00a0Looking for the Big Blue\u00a0\u00bb, 1 chantier participatif, des excursions sur les plus beaux sites de l&rsquo;\u00eele (Amorgos), vie en communaut\u00e9 dans la nature au camping de Katapola avec nourriture organique et vitalis\u00e9e,\u00a0 nage delfinienne tous les matins (apn\u00e9e et respiration).\u00a0<\/span><\/em><\/p>\n<p>&nbsp;<\/p>\n<div id=\"attachment_3873\" style=\"width: 2570px\" class=\"wp-caption aligncenter\"><img loading=\"lazy\" decoding=\"async\" aria-describedby=\"caption-attachment-3873\" class=\"wp-image-3873 size-full\" src=\"https:\/\/www.prendstadose.fr\/wp-content\/uploads\/2024\/02\/AM34-scaled.jpg\" alt=\"un voyage \u00c9co-Po\u00e9tique en Gr\u00e8ce \u00e0 Amorgos\" width=\"2560\" height=\"1707\" srcset=\"https:\/\/www.prendstadose.fr\/wp-content\/uploads\/2024\/02\/AM34-scaled.jpg 2560w, https:\/\/www.prendstadose.fr\/wp-content\/uploads\/2024\/02\/AM34-300x200.jpg 300w, https:\/\/www.prendstadose.fr\/wp-content\/uploads\/2024\/02\/AM34-1024x683.jpg 1024w, https:\/\/www.prendstadose.fr\/wp-content\/uploads\/2024\/02\/AM34-768x512.jpg 768w, https:\/\/www.prendstadose.fr\/wp-content\/uploads\/2024\/02\/AM34-1536x1024.jpg 1536w, https:\/\/www.prendstadose.fr\/wp-content\/uploads\/2024\/02\/AM34-2048x1365.jpg 2048w, https:\/\/www.prendstadose.fr\/wp-content\/uploads\/2024\/02\/AM34-1170x780.jpg 1170w, https:\/\/www.prendstadose.fr\/wp-content\/uploads\/2024\/02\/AM34-1920x1280.jpg 1920w, https:\/\/www.prendstadose.fr\/wp-content\/uploads\/2024\/02\/AM34-585x390.jpg 585w, https:\/\/www.prendstadose.fr\/wp-content\/uploads\/2024\/02\/AM34-263x175.jpg 263w\" sizes=\"auto, (max-width: 2560px) 100vw, 2560px\" \/><p id=\"caption-attachment-3873\" class=\"wp-caption-text\">un voyage \u00c9co-Po\u00e9tique en Gr\u00e8ce \u00e0 Amorgos<\/p><\/div>\n<p>&nbsp;<\/p>\n<h2><span style=\"font-size: 24pt;\"><b><i>Dialogue r\u00e9el pour un publi reportage imaginaire<\/i><\/b><\/span><\/h2>\n<p>&nbsp;<\/p>\n<p><span style=\"font-weight: 400; font-size: 14pt;\">Micha\u00ebl : Bonjour Prends Ta dose,<\/span><\/p>\n<p><span style=\"font-weight: 400; font-size: 14pt;\">PTD : Bonjour Micha\u00ebl<\/span><\/p>\n<p><span style=\"font-weight: 400; font-size: 14pt;\">M : Merci de m&rsquo;inviter.\u00a0<\/span><\/p>\n<p><span style=\"font-weight: 400; font-size: 14pt;\">PTD : On ne t&rsquo;a pas invit\u00e9 !<\/span><\/p>\n<p><span style=\"font-weight: 400; font-size: 14pt;\">M : Ah oui c&rsquo;est vrai. Merci d&rsquo;exister.\u00a0<\/span><\/p>\n<p><span style=\"font-weight: 400; font-size: 14pt;\">PTD : Ah oui c&rsquo;est vrai !\u00a0<\/span><\/p>\n<p><span style=\"font-weight: 400; font-size: 14pt;\">M : je voulais vous parler d&rsquo;un truc\u2026\u00a0<\/span><\/p>\n<p><span style=\"font-weight: 400; font-size: 14pt;\">PTD : vas-y, maintenant que tu es l\u00e0.\u00a0<\/span><\/p>\n<p><span style=\"font-weight: 400; font-size: 14pt;\">M : vous connaissez les voyages \u00e9co-(po)\u00e9thiques ?<\/span><\/p>\n<p><span style=\"font-weight: 400; font-size: 14pt;\">PTD : bien s\u00fbr. Qui ne conna\u00eet pas ?<\/span><\/p>\n<p><span style=\"font-weight: 400; font-size: 14pt;\">M : vraiment ?<\/span><\/p>\n<p><span style=\"font-weight: 400; font-size: 14pt;\">PTD : non.\u00a0<\/span><\/p>\n<p><span style=\"font-weight: 400; font-size: 14pt;\">M : laissez moi vous en dire quelques mots.\u00a0<\/span><\/p>\n<p><span style=\"font-weight: 400; font-size: 14pt;\">PTD : nous sommes toutes ou\u00efes.\u00a0<\/span><\/p>\n<p><span style=\"font-weight: 400; font-size: 14pt;\">M : les voyages \u00e9co-(po)\u00e9thiques comme leur nom l&rsquo;indiquent, ont pour vocation de faire voyager des gens\u2026<\/span><\/p>\n<p><span style=\"font-weight: 400; font-size: 14pt;\">PTD : quels types de gens ?\u00a0<\/span><\/p>\n<p><span style=\"font-weight: 400; font-size: 14pt;\">M : tous types, mais particuli\u00e8rement des adultes, dans une situation de transition, professionelle ou personnelle, et de leur faire explorer leurs capacit\u00e9s d&rsquo;expression po\u00e9tique et cr\u00e9ative, \u00e0 travers le th\u00e9\u00e2tre, la musique, la danse, le cin\u00e9ma, selon les voyages, et de cultiver leur sensibilit\u00e9 \u00e9cologique.<\/span><\/p>\n<p><span style=\"font-weight: 400; font-size: 14pt;\">PTD : comment ?<\/span><\/p>\n<p><span style=\"font-weight: 400; font-size: 14pt;\">M : notamment en leur faisant vivre une exp\u00e9rience communautaire dans la nature.\u00a0<\/span><\/p>\n<p><span style=\"font-weight: 400; font-size: 14pt;\">PTD : comme les scouts ?<\/span><\/p>\n<p><span style=\"font-weight: 400; font-size: 14pt;\">M : oui, j&rsquo;ai jamais fait les scouts mais \u00e7a pourrait avoir quelques ressemblances. En tous les cas, on leur fait d\u00e9couvrir une alimentation organique, saine et vitalisante.\u00a0<\/span><\/p>\n<p><span style=\"font-weight: 400; font-size: 14pt;\">PTD : ah \u00e7a y avait pas trop chez les scouts, on mangeait des snickers.\u00a0<\/span><\/p>\n<p><span style=\"font-weight: 400; font-size: 14pt;\">M : en prenant part \u00e0 des chantiers d&rsquo;\u00e9co-construction.<\/span><\/p>\n<p><span style=\"font-weight: 400; font-size: 14pt;\">PTD : construction de cabanes\u2026.<\/span><\/p>\n<p><span style=\"font-weight: 400; font-size: 14pt;\">M : r\u00e9novation de murs en pierre s\u00e8ches, construction d&rsquo;une plateforme en bois, construction d&rsquo;habitats l\u00e9gers en terre\u2026<\/span><\/p>\n<p><span style=\"font-weight: 400; font-size: 14pt;\">PTD : tout \u00e7a !\u00a0<\/span><\/p>\n<p><span style=\"font-weight: 400; font-size: 14pt;\">M :\u00a0 et\u00a0 des excursions et des randonn\u00e9es dans des sites exceptionnels. Parce que les voyages ont lieu en Gr\u00e8ce et principalement sur l&rsquo;\u00eele d&rsquo;Amorgos (dans les Cyclades) et dans le P\u00e9lopon\u00e8se, o\u00f9 la nature est \u00e0 couper le souffle.<\/span><\/p>\n<p><span style=\"font-weight: 400; font-size: 14pt;\">PTD : j&rsquo;ai envie de m&rsquo;inscrire\u2026<\/span><\/p>\n<p><span style=\"font-size: 14pt;\"><span style=\"font-weight: 400;\">M : justement, la bonne nouvelle, c&rsquo;est que l&rsquo;association avec laquelle nous d\u00e9veloppons ces projets, qui s&rsquo;appelle Artichaut (<\/span><a href=\"http:\/\/www.compagnieartichaut.com\/\"><span style=\"font-weight: 400;\">www.compagnieartichaut.com<\/span><\/a><span style=\"font-weight: 400;\">) a obtenu une accr\u00e9ditation du programme Erasmus + de l&rsquo;Union Europ\u00e9enne, ce qui signifie que pendant les 4 ann\u00e9es \u00e0 venir, nous allons embarquer pr\u00e8s de 200 personnes pour ces voyages. A raison de 40 par an sur deux voyages de 15 jours. Et que ces voyages sont grandement pris en charge financi\u00e8rement gr\u00e2ce au soutien de l&rsquo;Union Europ\u00e9enne.<\/span><\/span><\/p>\n<p><span style=\"font-weight: 400; font-size: 14pt;\">PTD : donc c&rsquo;est gratuit ?\u00a0<\/span><\/p>\n<p><span style=\"font-weight: 400; font-size: 14pt;\">M : presque. Nous demandons une participation financi\u00e8re symbolique de 100\u20ac \u00e0 300\u20ac mais pour le reste, le transport, l&rsquo;h\u00e9bergement, la nourriture et toutes les activit\u00e9s sont prises en charge.<\/span><\/p>\n<p><span style=\"font-weight: 400; font-size: 14pt;\">PTD : et les participants sont satisfaits, j&rsquo;imagine ?\u00a0<\/span><\/p>\n<p><span style=\"font-weight: 400; font-size: 14pt;\">M : justement, je voudrais te laisser avec le t\u00e9moignage de C\u00e9cile, qui a particip\u00e9 \u00e0 notre derni\u00e8re \u00e9dition qui s&rsquo;est intitul\u00e9 Chaux Must Go on, au cours de laquelle nous avons r\u00e9alis\u00e9 un chantier d&rsquo;\u00e9co-construction dans un centre \u00e9co-artistique \u00e0 Katapola (sur l&rsquo;\u00eele d&rsquo;Amorgos) et tourn\u00e9 un film, en l&rsquo;occurence la suite hypoth\u00e9tique du Grand Bleu.\u00a0<\/span><\/p>\n<p><span style=\"font-weight: 400; font-size: 14pt;\">PTD : le film de Luc Besson ?\u00a0<\/span><\/p>\n<p><span style=\"font-weight: 400; font-size: 14pt;\">M : oui, qui avait \u00e9t\u00e9 tourn\u00e9, sur cette m\u00eame \u00eele d&rsquo;Amorgos, d&rsquo;o\u00f9 le clin d&rsquo;\u0153il, les amoureux des dauphins appr\u00e9cieront.\u00a0<\/span><\/p>\n<p><span style=\"font-weight: 400; font-size: 14pt;\">PTD : les dauphins tu ne l&rsquo;avais pas \u00e9voqu\u00e9\u2026\u00a0<\/span><\/p>\n<p><span style=\"font-weight: 400; font-size: 14pt;\">M : oui les dauphins merci de me le rappeler. La dimension delfinienne est \u00e9galement partie int\u00e9grante du programme. Je suis instructeur d&rsquo;apn\u00e9e et nous sommes au bord de la mer. Par cons\u00e9quent, une de nos activit\u00e9s quotidiennes pendant le voyage est la pratique de ce que nous avons appel\u00e9 la nage delfinienne, qui mixe, exercices de respiration, nages en groupe et apn\u00e9e en profondeur. Une activit\u00e9 tr\u00e8s bienfaitrice pour le corps et l&rsquo;esprit et qui active le dauphin qui est en nous.<\/span><\/p>\n<p><span style=\"font-weight: 400; font-size: 14pt;\">PTD : comme les frosties ?\u00a0<\/span><\/p>\n<p><span style=\"font-weight: 400; font-size: 14pt;\">M : oui en dauphin. L&rsquo;id\u00e9e est de faire \u00e9merger les qualit\u00e9s du dauphin chez l&rsquo;humain, \u00e0 savoir, la libert\u00e9, la joie de vivre et la cr\u00e9ativit\u00e9.<\/span><\/p>\n<p><span style=\"font-weight: 400; font-size: 14pt;\">PTD : ils sont comme \u00e7a les dauphins ?\u00a0<\/span><\/p>\n<p><span style=\"font-weight: 400; font-size: 14pt;\">M : et oui !!! Cher PTD, je vous remercie infiniment de votre attention. La bri\u00e8vet\u00e9 est l \u00e2me de l esprit comme dirait Polonius. Je vous laisse avec le t\u00e9moignage de C\u00e9cile, \u00e0 qui nous avons pos\u00e9 4 questions.<\/span><\/p>\n<p><span style=\"font-weight: 400; font-size: 14pt;\">PTD : et le film ?\u00a0<\/span><\/p>\n<p><span style=\"font-weight: 400; font-size: 14pt;\">M : ils s&rsquo;intitulent Looking for the Big Blue et il sera bient\u00f4t visible.<\/span><\/p>\n<p><span style=\"font-weight: 400; font-size: 14pt;\">PTD : parfait. J&rsquo;ai h\u00e2te.\u00a0<\/span><\/p>\n<p><span style=\"font-weight: 400; font-size: 14pt;\">M : vous pouvez regarder sur le site internet Artichaut et sur l&rsquo;instagram Flying Dolphin Experience pour vous tenir inform\u00e9.\u00a0<\/span><\/p>\n<p><span style=\"font-weight: 400; font-size: 14pt;\">PTD : quel professionnalisme !\u00a0<\/span><\/p>\n<p><span style=\"font-weight: 400; font-size: 14pt;\">M : n&rsquo;est ce pas ?<\/span><\/p>\n<p><span style=\"font-weight: 400; font-size: 14pt;\">PTD : sans transition, C\u00e9cile\u2026<\/span><\/p>\n<p>&nbsp;<\/p>\n<h3><span style=\"font-size: 18pt;\"><b>prochains d\u00e9parts :\u00a0<\/b><\/span><\/h3>\n<ul>\n<li aria-level=\"1\"><span style=\"font-size: 14pt;\">19 sept &#8211; 2 oct 2024, voyage <i>Once Upon a Pod<\/i> \u00e0 Amorgos, th\u00e9\u00e2tre corporel et danse, chor\u00e9graphie subaquatique et sur terre, \u00e9co-construction (r\u00e9novation d&rsquo;une source)<\/span><\/li>\n<\/ul>\n<ul>\n<li aria-level=\"1\"><span style=\"font-size: 14pt;\">19 oct &#8211; 2 nov 2024, voyage <i>Get Down on It<\/i>, Funk music, nage delfinienne et \u00e9co-construction. Nous allons cr\u00e9er un groupe de funk delfinien inspir\u00e9 par Kool and the Gang, ouvert aux musiciens d\u00e9butants et confirm\u00e9s.<\/span><\/li>\n<\/ul>\n<p>&nbsp;<\/p>\n<h2><span style=\"font-size: 24pt;\"><b>T\u00e9moignage de C\u00e9cile, <\/b><span style=\"font-weight: 400;\">participante du voyage Chaux Must Go On<\/span><\/span><\/h2>\n<p>&nbsp;<\/p>\n<div id=\"attachment_3870\" style=\"width: 2224px\" class=\"wp-caption aligncenter\"><img loading=\"lazy\" decoding=\"async\" aria-describedby=\"caption-attachment-3870\" class=\"wp-image-3870 size-full\" src=\"https:\/\/www.prendstadose.fr\/wp-content\/uploads\/2024\/02\/Screenshot-2024-02-13-at-11.09.01.png\" alt=\"un voyage \u00c9co-Po\u00e9tique en Gr\u00e8ce \u00e0 Amorgos\" width=\"2214\" height=\"1240\" srcset=\"https:\/\/www.prendstadose.fr\/wp-content\/uploads\/2024\/02\/Screenshot-2024-02-13-at-11.09.01.png 2214w, https:\/\/www.prendstadose.fr\/wp-content\/uploads\/2024\/02\/Screenshot-2024-02-13-at-11.09.01-300x168.png 300w, https:\/\/www.prendstadose.fr\/wp-content\/uploads\/2024\/02\/Screenshot-2024-02-13-at-11.09.01-1024x574.png 1024w, https:\/\/www.prendstadose.fr\/wp-content\/uploads\/2024\/02\/Screenshot-2024-02-13-at-11.09.01-768x430.png 768w, https:\/\/www.prendstadose.fr\/wp-content\/uploads\/2024\/02\/Screenshot-2024-02-13-at-11.09.01-1536x860.png 1536w, https:\/\/www.prendstadose.fr\/wp-content\/uploads\/2024\/02\/Screenshot-2024-02-13-at-11.09.01-2048x1147.png 2048w, https:\/\/www.prendstadose.fr\/wp-content\/uploads\/2024\/02\/Screenshot-2024-02-13-at-11.09.01-1170x655.png 1170w, https:\/\/www.prendstadose.fr\/wp-content\/uploads\/2024\/02\/Screenshot-2024-02-13-at-11.09.01-1920x1075.png 1920w, https:\/\/www.prendstadose.fr\/wp-content\/uploads\/2024\/02\/Screenshot-2024-02-13-at-11.09.01-585x328.png 585w\" sizes=\"auto, (max-width: 2214px) 100vw, 2214px\" \/><p id=\"caption-attachment-3870\" class=\"wp-caption-text\">un voyage \u00c9co-Po\u00e9tique en Gr\u00e8ce \u00e0 Amorgos<\/p><\/div>\n<p>&nbsp;<\/p>\n<p><span style=\"font-size: 14pt;\"><b><i>Peux-tu raconter un moment o\u00f9 tu as senti s&rsquo;exprimer ton potentiel po\u00e9tique pendant le voyage ?<\/i><\/b><\/span><\/p>\n<p><span style=\"font-weight: 400; font-size: 14pt;\">Il y en a plusieurs. D&rsquo;abord la reconnexion avec le dessin, que j&rsquo;avais totalement enfoui depuis 20 ans. Je faisais beaucoup de dessin petite. Les ann\u00e9es ont pass\u00e9. Je voulais faire les beaux-arts, je voulais faire histoire de l&rsquo;art, avoir une connexion avec l&rsquo;art,\u00a0 j&rsquo;ai \u00e9t\u00e9 orient\u00e9 diff\u00e9remment, j&rsquo;ai suivi les conseils comme quoi pas de d\u00e9bouch\u00e9, il fallait faire autrement. J&rsquo;aimais pas sp\u00e9cialement ce que je faisais au niveau du dessin, je pensais surtout bien reproduire des dessins mais pas forc\u00e9ment cr\u00e9er seule. Ce voyage m&rsquo;a fait comprendre qu&rsquo;il fallait d&rsquo;abord l\u00e2cher prise, l&rsquo;intuition, laisser aller le crayon, j&rsquo;ai fait beaucoup de dessin libre \u00e0 Amorgos, \u00e7a a commenc\u00e9 au milieu du s\u00e9jour apr\u00e8s un atelier th\u00e9rapeutique [propos\u00e9 par un des intervenants] sur la lib\u00e9ration du nerf vague. C&rsquo;\u00e9tait cette reconnexion avec mon potentiel cr\u00e9atif.\u00a0<\/span><\/p>\n<p><span style=\"font-weight: 400; font-size: 14pt;\">Un autre moment, c&rsquo;\u00e9tait \u00e9couter les po\u00e8mes des autres, au cours de cette soir\u00e9e po\u00e9tique qui \u00e9tait magnifique [C\u00e9cile fait r\u00e9f\u00e9rence \u00e0 un atelier d&rsquo;\u00e9criture de groupe r\u00e9alis\u00e9 durant le voyage].<\/span><\/p>\n<p>&nbsp;<\/p>\n<div id=\"attachment_3869\" style=\"width: 1868px\" class=\"wp-caption aligncenter\"><img loading=\"lazy\" decoding=\"async\" aria-describedby=\"caption-attachment-3869\" class=\"wp-image-3869 size-full\" src=\"https:\/\/www.prendstadose.fr\/wp-content\/uploads\/2024\/02\/Screenshot-2024-02-13-at-11.09.14.png\" alt=\"un voyage \u00c9co-Po\u00e9tique en Gr\u00e8ce \u00e0 Amorgos\" width=\"1858\" height=\"1240\" srcset=\"https:\/\/www.prendstadose.fr\/wp-content\/uploads\/2024\/02\/Screenshot-2024-02-13-at-11.09.14.png 1858w, https:\/\/www.prendstadose.fr\/wp-content\/uploads\/2024\/02\/Screenshot-2024-02-13-at-11.09.14-300x200.png 300w, https:\/\/www.prendstadose.fr\/wp-content\/uploads\/2024\/02\/Screenshot-2024-02-13-at-11.09.14-1024x683.png 1024w, https:\/\/www.prendstadose.fr\/wp-content\/uploads\/2024\/02\/Screenshot-2024-02-13-at-11.09.14-768x513.png 768w, https:\/\/www.prendstadose.fr\/wp-content\/uploads\/2024\/02\/Screenshot-2024-02-13-at-11.09.14-1536x1025.png 1536w, https:\/\/www.prendstadose.fr\/wp-content\/uploads\/2024\/02\/Screenshot-2024-02-13-at-11.09.14-1170x781.png 1170w, https:\/\/www.prendstadose.fr\/wp-content\/uploads\/2024\/02\/Screenshot-2024-02-13-at-11.09.14-585x390.png 585w, https:\/\/www.prendstadose.fr\/wp-content\/uploads\/2024\/02\/Screenshot-2024-02-13-at-11.09.14-263x175.png 263w\" sizes=\"auto, (max-width: 1858px) 100vw, 1858px\" \/><p id=\"caption-attachment-3869\" class=\"wp-caption-text\">un voyage \u00c9co-Po\u00e9tique en Gr\u00e8ce \u00e0 Amorgos<\/p><\/div>\n<p>&nbsp;<\/p>\n<p><span style=\"font-size: 14pt;\"><b><i>Peux-tu raconter un moment o\u00f9 tu as senti une forte connexion avec la nature ?<\/i><\/b><\/span><\/p>\n<p><span style=\"font-weight: 400; font-size: 14pt;\">Le moment le plus marquant est un matin, o\u00f9 nous sommes partis nager, pour un cours d&rsquo;apn\u00e9e en groupe et j&rsquo;ai vu tous ces corps autour de moi en groupe, et ces personnes qui descendaient et qui nageaient, qui dansaient sous l&rsquo;eau. Et il y a eu ce moment magique po\u00e9tique et beau, o\u00f9 en voyant tous ces corps, je me disais, \u00ab\u00a0c&rsquo;est beau\u00a0\u00bb. Et j&rsquo;ai eu une reconnexion avec le milieu foetal et une sorte de compr\u00e9hension&#8230;du monde. Avant ce voyage, je s\u00e9parais la mer, la terre, les animaux dans la mer, les animaux sur terre, j&rsquo;avais tr\u00e8s peur des poissons, j&rsquo;avais peur des poules. Et ce moment-l\u00e0 m&rsquo; a reconnect\u00e9 avec le fait que tout \u00e9tait li\u00e9, que le milieu marin \u00e9tait une continuit\u00e9 du milieu terrestre. C&rsquo;est un peu flou peut-\u00eatre mais c&rsquo;\u00e9tait une sorte de compr\u00e9hension totale du monde et du lien entre les \u00eatres. Et d&rsquo;ailleurs depuis je n&rsquo;ai plus peur des poissons&#8230; ni des poules (sourires). Donc \u00e7a a \u00e9t\u00e9 un d\u00e9clic et une lib\u00e9ration d&rsquo;une peur.<\/span><\/p>\n<p><span style=\"font-weight: 400; font-size: 14pt;\">Il y a une autre reconnexion que j&rsquo;ai eu avec la nature, c&rsquo;est un matin o\u00f9 j&rsquo;ai \u00e9t\u00e9 marcher seule dans la montagne, pour voir le lever du soleil en haut de la montagne. J&rsquo;ai \u00e9t\u00e9 touch\u00e9e par la beaut\u00e9 de ce lever de soleil au-dessus de ce village ancien. Ce moment \u00e9tait empreint d&rsquo;une magie. La po\u00e9sie m&rsquo; a rattrap\u00e9e. C&rsquo;\u00e9tait ma voix en moi&#8230; Des phrases qui m&rsquo;ont \u00e9t\u00e9 souffl\u00e9es, qui sont apparues&#8230;en moi, qui m&rsquo;\u00e9taient destin\u00e9es, qui \u00e9taient destin\u00e9es \u00e0 d&rsquo;autres personnes du groupe. Il y a eu une sorte de vrai moment po\u00e9tique divin [sourire], je dirai o\u00f9 je me suis sentie connect\u00e9e. Voil\u00e0.<\/span><\/p>\n<p>&nbsp;<\/p>\n<div id=\"attachment_3872\" style=\"width: 2224px\" class=\"wp-caption aligncenter\"><img loading=\"lazy\" decoding=\"async\" aria-describedby=\"caption-attachment-3872\" class=\"wp-image-3872 size-full\" src=\"https:\/\/www.prendstadose.fr\/wp-content\/uploads\/2024\/02\/Screenshot-2024-02-13-at-11.07.40.png\" alt=\"un voyage \u00c9co-Po\u00e9tique en Gr\u00e8ce \u00e0 Amorgos\" width=\"2214\" height=\"1240\" srcset=\"https:\/\/www.prendstadose.fr\/wp-content\/uploads\/2024\/02\/Screenshot-2024-02-13-at-11.07.40.png 2214w, https:\/\/www.prendstadose.fr\/wp-content\/uploads\/2024\/02\/Screenshot-2024-02-13-at-11.07.40-300x168.png 300w, https:\/\/www.prendstadose.fr\/wp-content\/uploads\/2024\/02\/Screenshot-2024-02-13-at-11.07.40-1024x574.png 1024w, https:\/\/www.prendstadose.fr\/wp-content\/uploads\/2024\/02\/Screenshot-2024-02-13-at-11.07.40-768x430.png 768w, https:\/\/www.prendstadose.fr\/wp-content\/uploads\/2024\/02\/Screenshot-2024-02-13-at-11.07.40-1536x860.png 1536w, https:\/\/www.prendstadose.fr\/wp-content\/uploads\/2024\/02\/Screenshot-2024-02-13-at-11.07.40-2048x1147.png 2048w, https:\/\/www.prendstadose.fr\/wp-content\/uploads\/2024\/02\/Screenshot-2024-02-13-at-11.07.40-1170x655.png 1170w, https:\/\/www.prendstadose.fr\/wp-content\/uploads\/2024\/02\/Screenshot-2024-02-13-at-11.07.40-1920x1075.png 1920w, https:\/\/www.prendstadose.fr\/wp-content\/uploads\/2024\/02\/Screenshot-2024-02-13-at-11.07.40-585x328.png 585w\" sizes=\"auto, (max-width: 2214px) 100vw, 2214px\" \/><p id=\"caption-attachment-3872\" class=\"wp-caption-text\">un voyage \u00c9co-Po\u00e9tique en Gr\u00e8ce \u00e0 Amorgos<\/p><\/div>\n<p>&nbsp;<\/p>\n<p><span style=\"font-size: 14pt;\"><b><i>Qu&rsquo;est ce qui a chang\u00e9 dans ma vie ou en moi, apr\u00e8s ou quels changements je vois se profiler ?<\/i><\/b><\/span><\/p>\n<p><span style=\"font-weight: 400; font-size: 14pt;\">Il y a eu beaucoup de choses depuis ce voyage \u00e0 Amorgos. J&rsquo;ai compris des choses, j&rsquo;ai d\u00e9bloqu\u00e9 des traumas, j&rsquo;ai lib\u00e9r\u00e9 des peurs. Il y a eu beaucoup de compr\u00e9hension, une sorte de puzzle de ma vie qui s&rsquo;est mis en place. J&rsquo;ai compris beaucoup de choses, beaucoup de choix que j&rsquo;avais faits. Depuis, concr\u00e8tement, je dessine \u00e0 peu pr\u00e8s tous les jours, du dessin libre, je commence \u00e0 reprendre des cours de dessin avec une amie graphiste.\u00a0<\/span><\/p>\n<p><span style=\"font-weight: 400; font-size: 14pt;\">Il y a le fait que j&rsquo;ai compris avec le voyage, qu&rsquo;un travail physique avec les chantiers notamment |C\u00e9cile \u00e9voque les chantiers d&rsquo;\u00e9co-construction qui ont eu lieu pendant le voyage] me permettaient de me recentrer. J&rsquo;ai beaucoup d&rsquo;id\u00e9es, je pars dans tous les sens, j&rsquo;ai \u00e9norm\u00e9ment de mal \u00e0 prioriser, je suis curieuse, j&rsquo;aime d\u00e9couvrir pleins de choses en m\u00eame temps, j&rsquo;ai 5 livres en m\u00eame temps, il y a beaucoup de choses. Le fait de travailler physiquement m&rsquo;a permis de me recentrer, d&rsquo;\u00eatre focus et par cons\u00e9quent d&rsquo;avoir les vraies pens\u00e9es profondes, d&rsquo;\u00eatre plus focalis\u00e9e sur une chose, moins dans les id\u00e9es multiples. Ou en tous cas, de toujours en avoir, d&rsquo;\u00eatre plus cr\u00e9ative, mais d&rsquo;avoir une cr\u00e9ation, je dirais, constructive et pas \u00e9parpill\u00e9e.<\/span><\/p>\n<p><span style=\"font-weight: 400; font-size: 14pt;\">Au niveau professionnel, il y a l&rsquo;envie d&rsquo;allier un travail professionnel physique, donc j&rsquo;ai d\u00e9couvert le m\u00e9tier de cordiste, je fais une immersion la semaine prochaine en tant que cordiste. Travaux en hauteur dans le BTP, donc on verra si \u00e7a me pla\u00eet mais je me suis fait confiance que tout \u00e9tait possible et que m\u00eame un travail comme \u00e7a je pouvais y acc\u00e9der. Tu m&rsquo;aurais dit \u00e7a il y a quelques mois, ann\u00e9es, je t&rsquo;aurais dit, \u00ab\u00a0mais n&rsquo;importe quoi, moi faire un travail physique. Mais je n&rsquo;ai pas du tout l&rsquo;esprit pratique, c&rsquo;est pas possible.\u00a0\u00bb<\/span><\/p>\n<p><span style=\"font-weight: 400; font-size: 14pt;\">L\u00e0 je ne sais pas, peut -\u00eatre que \u00e7a ne me plaira pas, mais en tout cas je me laisse ouverte cette possibilit\u00e9 l\u00e0. Ce qui est s\u00fbr c &lsquo;est que chaque jour j &lsquo;essaye de, enfin d\u00e8s que je peux marcher, faire du sport, faire quelque chose qui me permet de physiquement me recentrer.<\/span><\/p>\n<p><span style=\"font-weight: 400; font-size: 14pt;\">Donc d\u00e9j\u00e0 il y a \u00e7a, un grand pan, c &lsquo;est vrai que j &lsquo;ai eu une p\u00e9riode o\u00f9 je faisais pas mal de sport pour aller bien dans ma t\u00eate mais \u00e7a n&rsquo;avait pas le m\u00eame sens pour moi. Maintenant, je vois le fait que \u00e7a a un bienfait aussi sur le domaine professionnel<\/span><\/p>\n<p><span style=\"font-weight: 400; font-size: 14pt;\">Je suis en chemin aussi pour cr\u00e9er mon entreprise en tant que micro entreprise, en tant que charg\u00e9 de projet \u00e9v\u00e9nementiel, assistante logistique, voil\u00e0 conseil en communication aussi. Je suis en attente de deux contrats qui sont des gros contrats. Il y en a un qui \u00e9tait d\u00e9j\u00e0 en mouvement avant Amorgos mais qui se concr\u00e9tise un peu plus. Normalement on devrait avoir la r\u00e9ponse ce mois -ci. Et puis on vient aujourd&rsquo;hui de me proposer aussi autre chose donc on va voir si \u00e7a fonctionne mais du coup ce serait vraiment en lien avec des artistes.<\/span><\/p>\n<p><span style=\"font-weight: 400; font-size: 14pt;\">Au niveau personnel, il y a aussi eu beaucoup de choses. D\u00e9j\u00e0 le fait de ne plus \u00eatre autant en attente de l&rsquo;approbation de ma famille. Ils acceptent beaucoup plus mes choix, sans juger. \u00c9galement au niveau personnel, il se trouve que j&rsquo;ai rencontr\u00e9 quelqu&rsquo;un, il y a tout juste deux mois. Quelqu&rsquo;un de tr\u00e8s positif et de libre. Qui est bienveillant, et je crois que j&rsquo;avais rarement v\u00e9cu des relations bienveillantes o\u00f9 chacun se donne la libert\u00e9 d&rsquo;\u00eatre. C&rsquo;est une relation dans la bienveillance et l&rsquo;acceptation de l&rsquo;autre. Donc \u00e7a c&rsquo;est beau&#8230;Et au niveau personnel aussi, je m&rsquo;\u00e9carte des personnes, avec qui je pouvais \u00eatre tr\u00e8s proches et qui avaient un c\u00f4t\u00e9 toxique sur moi, qui \u00e9taient jugeantes ou n\u00e9gatives sur mes choix, et je me rends compte que je fais un peu le tri de tout \u00e7a. Cet automne je me suis recentr\u00e9 sur moi et mes vrais amis et j&rsquo;ai fait de belles rencontres de personnes qui avaient une belle \u00e9nergie. Je ressens beaucoup de bienveillance autour de moi.<\/span><\/p>\n<p><span style=\"font-weight: 400; font-size: 14pt;\">Je suis toujours au ch\u00f4mage. J&rsquo;ai eu des peurs financi\u00e8res qui sont arriv\u00e9es. Clairement, parce que je suis seule avec mes deux filles en garde altern\u00e9e. Donc c&rsquo;est tr\u00e8s compliqu\u00e9 en ce moment et je regarde pour revenir vers mon m\u00e9tier de base pour CDD, en CDI&#8230;mais les r\u00e9centes rencontres que j&rsquo;ai faites, font que peut \u00eatre la vie me dit que je suis sur le bon chemin&#8230; Il y avait d&rsquo;ailleurs eu cette phrase qui m&rsquo;\u00e9tait arriv\u00e9e dans la montagne. &lsquo;Aie confiance. Aime&rsquo; et aussi cette phrase, parfois il faut s&rsquo;avoir abandonner les ruines pour partir vers d&rsquo;autres horizons, pour re-construire\u2026<\/span><\/p>\n<p>&nbsp;<\/p>\n<div id=\"attachment_3874\" style=\"width: 2216px\" class=\"wp-caption aligncenter\"><img loading=\"lazy\" decoding=\"async\" aria-describedby=\"caption-attachment-3874\" class=\"wp-image-3874 size-full\" src=\"https:\/\/www.prendstadose.fr\/wp-content\/uploads\/2024\/02\/Screenshot-2024-02-24-at-14.17.14.png\" alt=\"Un voyage \u00c9co-Po\u00e9tique en Gr\u00e8ce \u00e0 Amorgos\" width=\"2206\" height=\"1230\" srcset=\"https:\/\/www.prendstadose.fr\/wp-content\/uploads\/2024\/02\/Screenshot-2024-02-24-at-14.17.14.png 2206w, https:\/\/www.prendstadose.fr\/wp-content\/uploads\/2024\/02\/Screenshot-2024-02-24-at-14.17.14-300x167.png 300w, https:\/\/www.prendstadose.fr\/wp-content\/uploads\/2024\/02\/Screenshot-2024-02-24-at-14.17.14-1024x571.png 1024w, https:\/\/www.prendstadose.fr\/wp-content\/uploads\/2024\/02\/Screenshot-2024-02-24-at-14.17.14-768x428.png 768w, https:\/\/www.prendstadose.fr\/wp-content\/uploads\/2024\/02\/Screenshot-2024-02-24-at-14.17.14-1536x856.png 1536w, https:\/\/www.prendstadose.fr\/wp-content\/uploads\/2024\/02\/Screenshot-2024-02-24-at-14.17.14-2048x1142.png 2048w, https:\/\/www.prendstadose.fr\/wp-content\/uploads\/2024\/02\/Screenshot-2024-02-24-at-14.17.14-1170x652.png 1170w, https:\/\/www.prendstadose.fr\/wp-content\/uploads\/2024\/02\/Screenshot-2024-02-24-at-14.17.14-1920x1071.png 1920w, https:\/\/www.prendstadose.fr\/wp-content\/uploads\/2024\/02\/Screenshot-2024-02-24-at-14.17.14-585x326.png 585w\" sizes=\"auto, (max-width: 2206px) 100vw, 2206px\" \/><p id=\"caption-attachment-3874\" class=\"wp-caption-text\">un voyage \u00c9co-Po\u00e9tique en Gr\u00e8ce \u00e0 Amorgos<\/p><\/div>\n<p>&nbsp;<\/p>\n<p><span style=\"font-size: 14pt;\"><b><i>Qu&rsquo;est ce que tu dirais \u00e0 une personne qui serait int\u00e9ress\u00e9e par un tel voyage ?<\/i><\/b><\/span><\/p>\n<p><span style=\"font-weight: 400; font-size: 14pt;\">J&rsquo;ai d\u00e9j\u00e0 expliqu\u00e9 \u00e0 des anciens coll\u00e8gues, que si un jour ils \u00e9taient en recherche, en transition pro ou perso, c&rsquo;\u00e9tait intense et fort et qu&rsquo;il fallait avoir une ouverture d&rsquo;esprit sur l&rsquo;improbable, que parfois, \u00e7a pouvait para\u00eetre un peu perch\u00e9, mais que \u00e7a ne l&rsquo;\u00e9tait pas tant que \u00e7a. De belles choses se cr\u00e9ent et cela ne peut que faire du bien et se reconnecter \u00e0 soi. Et je ne suis pas la seule, car pour en avoir parl\u00e9 avec d&rsquo;autres personnes du groupe, cette notion de se lib\u00e9rer de certaines relations, d&rsquo;\u00eatre plus affirm\u00e9e dans le positif pour soi, nous l&rsquo;avons tous remarqu\u00e9, dans notre vie. Nous sommes plus ancr\u00e9s, plus align\u00e9s avec nos besoins profonds. Ca c&rsquo;est une vraie r\u00e9ussite et sans h\u00e9siter; je repartirai.<\/span><\/p>\n<p><span style=\"font-weight: 400; font-size: 14pt;\">En tous cas, si une personne est int\u00e9ress\u00e9e par un tel voyage, c&rsquo;est que ce voyage est fait pour elle. Donc ne pas h\u00e9siter. Nous \u00e9tions tous l\u00e0, parce que ce voyage nous a parl\u00e9.*<\/span><\/p>\n<p><span style=\"font-weight: 400; font-size: 14pt;\">Merci beaucoup C\u00e9cile.<\/span><\/p>\n<p><span style=\"font-weight: 400; font-size: 14pt;\">Merci PTD<\/span><\/p>\n<h3><span style=\"font-size: 14pt;\"><b>Pour candidater rdv sur <\/b><a href=\"https:\/\/www.compagnieartichaut.com\/voyage-erasmus-1\"><b>https:\/\/www.compagnieartichaut.com\/voyage-erasmus-1<\/b><\/a><\/span><\/h3>\n<p>&nbsp;<\/p>\n<div id=\"attachment_3868\" style=\"width: 2164px\" class=\"wp-caption aligncenter\"><img loading=\"lazy\" decoding=\"async\" aria-describedby=\"caption-attachment-3868\" class=\"wp-image-3868 size-full\" src=\"https:\/\/www.prendstadose.fr\/wp-content\/uploads\/2024\/02\/Screenshot-2024-02-13-at-11.09.40.png\" alt=\"un voyage \u00c9co-Po\u00e9tique en Gr\u00e8ce \u00e0 Amorgos\" width=\"2154\" height=\"1240\" srcset=\"https:\/\/www.prendstadose.fr\/wp-content\/uploads\/2024\/02\/Screenshot-2024-02-13-at-11.09.40.png 2154w, https:\/\/www.prendstadose.fr\/wp-content\/uploads\/2024\/02\/Screenshot-2024-02-13-at-11.09.40-300x173.png 300w, https:\/\/www.prendstadose.fr\/wp-content\/uploads\/2024\/02\/Screenshot-2024-02-13-at-11.09.40-1024x589.png 1024w, https:\/\/www.prendstadose.fr\/wp-content\/uploads\/2024\/02\/Screenshot-2024-02-13-at-11.09.40-768x442.png 768w, https:\/\/www.prendstadose.fr\/wp-content\/uploads\/2024\/02\/Screenshot-2024-02-13-at-11.09.40-1536x884.png 1536w, https:\/\/www.prendstadose.fr\/wp-content\/uploads\/2024\/02\/Screenshot-2024-02-13-at-11.09.40-2048x1179.png 2048w, https:\/\/www.prendstadose.fr\/wp-content\/uploads\/2024\/02\/Screenshot-2024-02-13-at-11.09.40-1170x674.png 1170w, https:\/\/www.prendstadose.fr\/wp-content\/uploads\/2024\/02\/Screenshot-2024-02-13-at-11.09.40-1920x1105.png 1920w, https:\/\/www.prendstadose.fr\/wp-content\/uploads\/2024\/02\/Screenshot-2024-02-13-at-11.09.40-585x337.png 585w\" sizes=\"auto, (max-width: 2154px) 100vw, 2154px\" \/><p id=\"caption-attachment-3868\" class=\"wp-caption-text\">un voyage \u00c9co-Po\u00e9tique en Gr\u00e8ce \u00e0 Amorgos<\/p><\/div>\n<p>&nbsp;<\/p>\n<p style=\"text-align: right;\"><span style=\"font-size: 18pt;\"><strong>Mika, fondateur de la compagnie Artichaut<\/strong><\/span><\/p>\n<p>&nbsp;<\/p>\n<p><span style=\"font-size: 14pt;\">Photographies de Nans Lefevre.\u00a0<\/span><\/p>\n","protected":false},"excerpt":{"rendered":"<p>&nbsp; &nbsp; En quelques mots : 14 jours , 20 participants , 1 moyen m\u00e9trage cr\u00e9\u00e9&hellip;<\/p>\n","protected":false},"author":4,"featured_media":3871,"comment_status":"open","ping_status":"open","sticky":false,"template":"","format":"standard","meta":{"_editorskit_title_hidden":false,"_editorskit_reading_time":0,"_editorskit_is_block_options_detached":false,"_editorskit_block_options_position":"{}","jetpack_post_was_ever_published":false,"_jetpack_newsletter_access":"","_jetpack_dont_email_post_to_subs":false,"_jetpack_newsletter_tier_id":0,"_jetpack_memberships_contains_paywalled_content":false,"_jetpack_memberships_contains_paid_content":false,"footnotes":"","jetpack_publicize_message":"","jetpack_publicize_feature_enabled":true,"jetpack_social_post_already_shared":true,"jetpack_social_options":{"image_generator_settings":{"template":"highway","enabled":false},"version":2}},"categories":[358],"tags":[993,994,992,272,49,756,44,440,995,991,369,996,64,636,333,283,997,212,222,998,133],"class_list":["post-3867","post","type-post","status-publish","format-standard","has-post-thumbnail","hentry","category-cultureetsociete","tag-amargos","tag-apnee","tag-big-blue","tag-cinema","tag-communaute","tag-creation","tag-danse","tag-dauphins","tag-ecologie","tag-grece","tag-mer","tag-mer-mediterranee","tag-musique","tag-nature","tag-poesie","tag-reportage","tag-soleil","tag-theatre","tag-tourisme","tag-transition","tag-voyage"],"yoast_head":"<!-- This site is optimized with the Yoast SEO plugin v24.6 - https:\/\/yoast.com\/wordpress\/plugins\/seo\/ -->\n<title>Participez \u00e0 un voyage \u00c9co-Po\u00e9tique en Gr\u00e8ce cet \u00e9t\u00e9 (places limit\u00e9es) ! &#8212; PRENDS TA DOSE<\/title>\n<meta name=\"description\" content=\"&nbsp; &nbsp; En quelques mots : 14 jours , 20 participants , 1 moyen m\u00e9trage cr\u00e9\u00e9 et tourn\u00e9 &quot;Looking for the Big Blue&quot;, 1 chantier participatif, des\" \/>\n<meta name=\"robots\" content=\"index, follow, max-snippet:-1, max-image-preview:large, max-video-preview:-1\" \/>\n<link rel=\"canonical\" href=\"https:\/\/www.prendstadose.fr\/index.php\/2024\/02\/24\/participez-a-un-voyage-eco-poetique-en-grece-cet-ete-places-limitees\/\" \/>\n<meta property=\"og:locale\" content=\"fr_FR\" \/>\n<meta property=\"og:type\" content=\"article\" \/>\n<meta property=\"og:title\" content=\"Participez \u00e0 un voyage \u00c9co-Po\u00e9tique en Gr\u00e8ce cet \u00e9t\u00e9 (places limit\u00e9es) ! &#8212; PRENDS TA DOSE\" \/>\n<meta property=\"og:description\" content=\"&nbsp; &nbsp; En quelques mots : 14 jours , 20 participants , 1 moyen m\u00e9trage cr\u00e9\u00e9 et tourn\u00e9 &quot;Looking for the Big Blue&quot;, 1 chantier participatif, des\" \/>\n<meta property=\"og:url\" content=\"https:\/\/www.prendstadose.fr\/index.php\/2024\/02\/24\/participez-a-un-voyage-eco-poetique-en-grece-cet-ete-places-limitees\/\" \/>\n<meta property=\"og:site_name\" content=\"PRENDS TA DOSE\" \/>\n<meta property=\"article:publisher\" content=\"https:\/\/www.facebook.com\/BrigadeSansFrontieres\/\" \/>\n<meta property=\"article:published_time\" content=\"2024-02-24T13:31:14+00:00\" \/>\n<meta property=\"article:modified_time\" content=\"2024-09-23T09:05:01+00:00\" \/>\n<meta property=\"og:image\" content=\"https:\/\/www.prendstadose.fr\/wp-content\/uploads\/2024\/02\/Screenshot-2024-02-13-at-11.07.53-1024x574.png\" \/>\n\t<meta property=\"og:image:width\" content=\"1024\" \/>\n\t<meta property=\"og:image:height\" content=\"574\" \/>\n\t<meta property=\"og:image:type\" content=\"image\/png\" \/>\n<meta name=\"author\" content=\"Un Contributeur\" \/>\n<meta name=\"twitter:card\" content=\"summary_large_image\" \/>\n<meta name=\"twitter:label1\" content=\"\u00c9crit par\" \/>\n\t<meta name=\"twitter:data1\" content=\"Un Contributeur\" \/>\n\t<meta name=\"twitter:label2\" content=\"Dur\u00e9e de lecture estim\u00e9e\" \/>\n\t<meta name=\"twitter:data2\" content=\"14 minutes\" \/>\n<script type=\"application\/ld+json\" class=\"yoast-schema-graph\">{\"@context\":\"https:\/\/schema.org\",\"@graph\":[{\"@type\":\"Article\",\"@id\":\"https:\/\/www.prendstadose.fr\/index.php\/2024\/02\/24\/participez-a-un-voyage-eco-poetique-en-grece-cet-ete-places-limitees\/#article\",\"isPartOf\":{\"@id\":\"https:\/\/www.prendstadose.fr\/index.php\/2024\/02\/24\/participez-a-un-voyage-eco-poetique-en-grece-cet-ete-places-limitees\/\"},\"author\":{\"name\":\"Un Contributeur\",\"@id\":\"https:\/\/www.prendstadose.fr\/#\/schema\/person\/f0756358117683c969d3b233670ddc21\"},\"headline\":\"Participez \u00e0 un voyage \u00c9co-Po\u00e9tique en Gr\u00e8ce cet \u00e9t\u00e9 (places limit\u00e9es) !\",\"datePublished\":\"2024-02-24T13:31:14+00:00\",\"dateModified\":\"2024-09-23T09:05:01+00:00\",\"mainEntityOfPage\":{\"@id\":\"https:\/\/www.prendstadose.fr\/index.php\/2024\/02\/24\/participez-a-un-voyage-eco-poetique-en-grece-cet-ete-places-limitees\/\"},\"wordCount\":2588,\"commentCount\":0,\"publisher\":{\"@id\":\"https:\/\/www.prendstadose.fr\/#organization\"},\"image\":{\"@id\":\"https:\/\/www.prendstadose.fr\/index.php\/2024\/02\/24\/participez-a-un-voyage-eco-poetique-en-grece-cet-ete-places-limitees\/#primaryimage\"},\"thumbnailUrl\":\"https:\/\/www.prendstadose.fr\/wp-content\/uploads\/2024\/02\/Screenshot-2024-02-13-at-11.07.53.png\",\"keywords\":[\"Amargos\",\"apn\u00e9e\",\"Big Blue\",\"Cin\u00e9ma\",\"Communaut\u00e9\",\"Cr\u00e9ation\",\"Danse\",\"Dauphins\",\"Ecologie\",\"Gr\u00e8ce\",\"Mer\",\"Mer M\u00e9diterran\u00e9e\",\"Musique\",\"Nature\",\"Po\u00e9sie\",\"Reportage\",\"Soleil\",\"Th\u00e9\u00e2tre\",\"Tourisme\",\"Transition\",\"Voyage\"],\"articleSection\":[\"Culture &amp; Soci\u00e9t\u00e9\"],\"inLanguage\":\"fr-FR\",\"potentialAction\":[{\"@type\":\"CommentAction\",\"name\":\"Comment\",\"target\":[\"https:\/\/www.prendstadose.fr\/index.php\/2024\/02\/24\/participez-a-un-voyage-eco-poetique-en-grece-cet-ete-places-limitees\/#respond\"]}]},{\"@type\":\"WebPage\",\"@id\":\"https:\/\/www.prendstadose.fr\/index.php\/2024\/02\/24\/participez-a-un-voyage-eco-poetique-en-grece-cet-ete-places-limitees\/\",\"url\":\"https:\/\/www.prendstadose.fr\/index.php\/2024\/02\/24\/participez-a-un-voyage-eco-poetique-en-grece-cet-ete-places-limitees\/\",\"name\":\"Participez \u00e0 un voyage \u00c9co-Po\u00e9tique en Gr\u00e8ce cet \u00e9t\u00e9 (places limit\u00e9es) ! &#8212; PRENDS TA DOSE\",\"isPartOf\":{\"@id\":\"https:\/\/www.prendstadose.fr\/#website\"},\"primaryImageOfPage\":{\"@id\":\"https:\/\/www.prendstadose.fr\/index.php\/2024\/02\/24\/participez-a-un-voyage-eco-poetique-en-grece-cet-ete-places-limitees\/#primaryimage\"},\"image\":{\"@id\":\"https:\/\/www.prendstadose.fr\/index.php\/2024\/02\/24\/participez-a-un-voyage-eco-poetique-en-grece-cet-ete-places-limitees\/#primaryimage\"},\"thumbnailUrl\":\"https:\/\/www.prendstadose.fr\/wp-content\/uploads\/2024\/02\/Screenshot-2024-02-13-at-11.07.53.png\",\"datePublished\":\"2024-02-24T13:31:14+00:00\",\"dateModified\":\"2024-09-23T09:05:01+00:00\",\"description\":\"&nbsp; &nbsp; En quelques mots : 14 jours , 20 participants , 1 moyen m\u00e9trage cr\u00e9\u00e9 et tourn\u00e9 \\\"Looking for the Big Blue\\\", 1 chantier participatif, des\",\"breadcrumb\":{\"@id\":\"https:\/\/www.prendstadose.fr\/index.php\/2024\/02\/24\/participez-a-un-voyage-eco-poetique-en-grece-cet-ete-places-limitees\/#breadcrumb\"},\"inLanguage\":\"fr-FR\",\"potentialAction\":[{\"@type\":\"ReadAction\",\"target\":[\"https:\/\/www.prendstadose.fr\/index.php\/2024\/02\/24\/participez-a-un-voyage-eco-poetique-en-grece-cet-ete-places-limitees\/\"]}]},{\"@type\":\"ImageObject\",\"inLanguage\":\"fr-FR\",\"@id\":\"https:\/\/www.prendstadose.fr\/index.php\/2024\/02\/24\/participez-a-un-voyage-eco-poetique-en-grece-cet-ete-places-limitees\/#primaryimage\",\"url\":\"https:\/\/www.prendstadose.fr\/wp-content\/uploads\/2024\/02\/Screenshot-2024-02-13-at-11.07.53.png\",\"contentUrl\":\"https:\/\/www.prendstadose.fr\/wp-content\/uploads\/2024\/02\/Screenshot-2024-02-13-at-11.07.53.png\",\"width\":2214,\"height\":1240,\"caption\":\"un voyage \u00c9co-Po\u00e9tique en Gr\u00e8ce \u00e0 Amorgos\"},{\"@type\":\"BreadcrumbList\",\"@id\":\"https:\/\/www.prendstadose.fr\/index.php\/2024\/02\/24\/participez-a-un-voyage-eco-poetique-en-grece-cet-ete-places-limitees\/#breadcrumb\",\"itemListElement\":[{\"@type\":\"ListItem\",\"position\":1,\"name\":\"Accueil\",\"item\":\"https:\/\/www.prendstadose.fr\/\"},{\"@type\":\"ListItem\",\"position\":2,\"name\":\"Participez \u00e0 un voyage \u00c9co-Po\u00e9tique en Gr\u00e8ce cet \u00e9t\u00e9 (places limit\u00e9es) !\"}]},{\"@type\":\"WebSite\",\"@id\":\"https:\/\/www.prendstadose.fr\/#website\",\"url\":\"https:\/\/www.prendstadose.fr\/\",\"name\":\"PRENDS TA DOSE\",\"description\":\"Capsule Culture Pour Analphab\u00e8tes Lettr\u00e9s\",\"publisher\":{\"@id\":\"https:\/\/www.prendstadose.fr\/#organization\"},\"potentialAction\":[{\"@type\":\"SearchAction\",\"target\":{\"@type\":\"EntryPoint\",\"urlTemplate\":\"https:\/\/www.prendstadose.fr\/?s={search_term_string}\"},\"query-input\":{\"@type\":\"PropertyValueSpecification\",\"valueRequired\":true,\"valueName\":\"search_term_string\"}}],\"inLanguage\":\"fr-FR\"},{\"@type\":\"Organization\",\"@id\":\"https:\/\/www.prendstadose.fr\/#organization\",\"name\":\"PrendsTaDose\",\"url\":\"https:\/\/www.prendstadose.fr\/\",\"logo\":{\"@type\":\"ImageObject\",\"inLanguage\":\"fr-FR\",\"@id\":\"https:\/\/www.prendstadose.fr\/#\/schema\/logo\/image\/\",\"url\":\"https:\/\/www.prendstadose.fr\/wp-content\/uploads\/2021\/08\/logo-e1641309847268.png\",\"contentUrl\":\"https:\/\/www.prendstadose.fr\/wp-content\/uploads\/2021\/08\/logo-e1641309847268.png\",\"width\":400,\"height\":406,\"caption\":\"PrendsTaDose\"},\"image\":{\"@id\":\"https:\/\/www.prendstadose.fr\/#\/schema\/logo\/image\/\"},\"sameAs\":[\"https:\/\/www.facebook.com\/BrigadeSansFrontieres\/\",\"https:\/\/www.instagram.com\/romain_mailliu\/\"]},{\"@type\":\"Person\",\"@id\":\"https:\/\/www.prendstadose.fr\/#\/schema\/person\/f0756358117683c969d3b233670ddc21\",\"name\":\"Un Contributeur\",\"url\":\"https:\/\/www.prendstadose.fr\/index.php\/author\/albi\/\"}]}<\/script>\n<!-- \/ Yoast SEO plugin. -->","yoast_head_json":{"title":"Participez \u00e0 un voyage \u00c9co-Po\u00e9tique en Gr\u00e8ce cet \u00e9t\u00e9 (places limit\u00e9es) ! &#8212; PRENDS TA DOSE","description":"&nbsp; &nbsp; En quelques mots : 14 jours , 20 participants , 1 moyen m\u00e9trage cr\u00e9\u00e9 et tourn\u00e9 \"Looking for the Big Blue\", 1 chantier participatif, des","robots":{"index":"index","follow":"follow","max-snippet":"max-snippet:-1","max-image-preview":"max-image-preview:large","max-video-preview":"max-video-preview:-1"},"canonical":"https:\/\/www.prendstadose.fr\/index.php\/2024\/02\/24\/participez-a-un-voyage-eco-poetique-en-grece-cet-ete-places-limitees\/","og_locale":"fr_FR","og_type":"article","og_title":"Participez \u00e0 un voyage \u00c9co-Po\u00e9tique en Gr\u00e8ce cet \u00e9t\u00e9 (places limit\u00e9es) ! &#8212; PRENDS TA DOSE","og_description":"&nbsp; &nbsp; En quelques mots : 14 jours , 20 participants , 1 moyen m\u00e9trage cr\u00e9\u00e9 et tourn\u00e9 \"Looking for the Big Blue\", 1 chantier participatif, des","og_url":"https:\/\/www.prendstadose.fr\/index.php\/2024\/02\/24\/participez-a-un-voyage-eco-poetique-en-grece-cet-ete-places-limitees\/","og_site_name":"PRENDS TA DOSE","article_publisher":"https:\/\/www.facebook.com\/BrigadeSansFrontieres\/","article_published_time":"2024-02-24T13:31:14+00:00","article_modified_time":"2024-09-23T09:05:01+00:00","og_image":[{"width":1024,"height":574,"url":"https:\/\/www.prendstadose.fr\/wp-content\/uploads\/2024\/02\/Screenshot-2024-02-13-at-11.07.53-1024x574.png","type":"image\/png"}],"author":"Un Contributeur","twitter_card":"summary_large_image","twitter_misc":{"\u00c9crit par":"Un Contributeur","Dur\u00e9e de lecture estim\u00e9e":"14 minutes"},"schema":{"@context":"https:\/\/schema.org","@graph":[{"@type":"Article","@id":"https:\/\/www.prendstadose.fr\/index.php\/2024\/02\/24\/participez-a-un-voyage-eco-poetique-en-grece-cet-ete-places-limitees\/#article","isPartOf":{"@id":"https:\/\/www.prendstadose.fr\/index.php\/2024\/02\/24\/participez-a-un-voyage-eco-poetique-en-grece-cet-ete-places-limitees\/"},"author":{"name":"Un Contributeur","@id":"https:\/\/www.prendstadose.fr\/#\/schema\/person\/f0756358117683c969d3b233670ddc21"},"headline":"Participez \u00e0 un voyage \u00c9co-Po\u00e9tique en Gr\u00e8ce cet \u00e9t\u00e9 (places limit\u00e9es) !","datePublished":"2024-02-24T13:31:14+00:00","dateModified":"2024-09-23T09:05:01+00:00","mainEntityOfPage":{"@id":"https:\/\/www.prendstadose.fr\/index.php\/2024\/02\/24\/participez-a-un-voyage-eco-poetique-en-grece-cet-ete-places-limitees\/"},"wordCount":2588,"commentCount":0,"publisher":{"@id":"https:\/\/www.prendstadose.fr\/#organization"},"image":{"@id":"https:\/\/www.prendstadose.fr\/index.php\/2024\/02\/24\/participez-a-un-voyage-eco-poetique-en-grece-cet-ete-places-limitees\/#primaryimage"},"thumbnailUrl":"https:\/\/www.prendstadose.fr\/wp-content\/uploads\/2024\/02\/Screenshot-2024-02-13-at-11.07.53.png","keywords":["Amargos","apn\u00e9e","Big Blue","Cin\u00e9ma","Communaut\u00e9","Cr\u00e9ation","Danse","Dauphins","Ecologie","Gr\u00e8ce","Mer","Mer M\u00e9diterran\u00e9e","Musique","Nature","Po\u00e9sie","Reportage","Soleil","Th\u00e9\u00e2tre","Tourisme","Transition","Voyage"],"articleSection":["Culture &amp; Soci\u00e9t\u00e9"],"inLanguage":"fr-FR","potentialAction":[{"@type":"CommentAction","name":"Comment","target":["https:\/\/www.prendstadose.fr\/index.php\/2024\/02\/24\/participez-a-un-voyage-eco-poetique-en-grece-cet-ete-places-limitees\/#respond"]}]},{"@type":"WebPage","@id":"https:\/\/www.prendstadose.fr\/index.php\/2024\/02\/24\/participez-a-un-voyage-eco-poetique-en-grece-cet-ete-places-limitees\/","url":"https:\/\/www.prendstadose.fr\/index.php\/2024\/02\/24\/participez-a-un-voyage-eco-poetique-en-grece-cet-ete-places-limitees\/","name":"Participez \u00e0 un voyage \u00c9co-Po\u00e9tique en Gr\u00e8ce cet \u00e9t\u00e9 (places limit\u00e9es) ! &#8212; PRENDS TA DOSE","isPartOf":{"@id":"https:\/\/www.prendstadose.fr\/#website"},"primaryImageOfPage":{"@id":"https:\/\/www.prendstadose.fr\/index.php\/2024\/02\/24\/participez-a-un-voyage-eco-poetique-en-grece-cet-ete-places-limitees\/#primaryimage"},"image":{"@id":"https:\/\/www.prendstadose.fr\/index.php\/2024\/02\/24\/participez-a-un-voyage-eco-poetique-en-grece-cet-ete-places-limitees\/#primaryimage"},"thumbnailUrl":"https:\/\/www.prendstadose.fr\/wp-content\/uploads\/2024\/02\/Screenshot-2024-02-13-at-11.07.53.png","datePublished":"2024-02-24T13:31:14+00:00","dateModified":"2024-09-23T09:05:01+00:00","description":"&nbsp; &nbsp; En quelques mots : 14 jours , 20 participants , 1 moyen m\u00e9trage cr\u00e9\u00e9 et tourn\u00e9 \"Looking for the Big Blue\", 1 chantier participatif, des","breadcrumb":{"@id":"https:\/\/www.prendstadose.fr\/index.php\/2024\/02\/24\/participez-a-un-voyage-eco-poetique-en-grece-cet-ete-places-limitees\/#breadcrumb"},"inLanguage":"fr-FR","potentialAction":[{"@type":"ReadAction","target":["https:\/\/www.prendstadose.fr\/index.php\/2024\/02\/24\/participez-a-un-voyage-eco-poetique-en-grece-cet-ete-places-limitees\/"]}]},{"@type":"ImageObject","inLanguage":"fr-FR","@id":"https:\/\/www.prendstadose.fr\/index.php\/2024\/02\/24\/participez-a-un-voyage-eco-poetique-en-grece-cet-ete-places-limitees\/#primaryimage","url":"https:\/\/www.prendstadose.fr\/wp-content\/uploads\/2024\/02\/Screenshot-2024-02-13-at-11.07.53.png","contentUrl":"https:\/\/www.prendstadose.fr\/wp-content\/uploads\/2024\/02\/Screenshot-2024-02-13-at-11.07.53.png","width":2214,"height":1240,"caption":"un voyage \u00c9co-Po\u00e9tique en Gr\u00e8ce \u00e0 Amorgos"},{"@type":"BreadcrumbList","@id":"https:\/\/www.prendstadose.fr\/index.php\/2024\/02\/24\/participez-a-un-voyage-eco-poetique-en-grece-cet-ete-places-limitees\/#breadcrumb","itemListElement":[{"@type":"ListItem","position":1,"name":"Accueil","item":"https:\/\/www.prendstadose.fr\/"},{"@type":"ListItem","position":2,"name":"Participez \u00e0 un voyage \u00c9co-Po\u00e9tique en Gr\u00e8ce cet \u00e9t\u00e9 (places limit\u00e9es) !"}]},{"@type":"WebSite","@id":"https:\/\/www.prendstadose.fr\/#website","url":"https:\/\/www.prendstadose.fr\/","name":"PRENDS TA DOSE","description":"Capsule Culture Pour Analphab\u00e8tes Lettr\u00e9s","publisher":{"@id":"https:\/\/www.prendstadose.fr\/#organization"},"potentialAction":[{"@type":"SearchAction","target":{"@type":"EntryPoint","urlTemplate":"https:\/\/www.prendstadose.fr\/?s={search_term_string}"},"query-input":{"@type":"PropertyValueSpecification","valueRequired":true,"valueName":"search_term_string"}}],"inLanguage":"fr-FR"},{"@type":"Organization","@id":"https:\/\/www.prendstadose.fr\/#organization","name":"PrendsTaDose","url":"https:\/\/www.prendstadose.fr\/","logo":{"@type":"ImageObject","inLanguage":"fr-FR","@id":"https:\/\/www.prendstadose.fr\/#\/schema\/logo\/image\/","url":"https:\/\/www.prendstadose.fr\/wp-content\/uploads\/2021\/08\/logo-e1641309847268.png","contentUrl":"https:\/\/www.prendstadose.fr\/wp-content\/uploads\/2021\/08\/logo-e1641309847268.png","width":400,"height":406,"caption":"PrendsTaDose"},"image":{"@id":"https:\/\/www.prendstadose.fr\/#\/schema\/logo\/image\/"},"sameAs":["https:\/\/www.facebook.com\/BrigadeSansFrontieres\/","https:\/\/www.instagram.com\/romain_mailliu\/"]},{"@type":"Person","@id":"https:\/\/www.prendstadose.fr\/#\/schema\/person\/f0756358117683c969d3b233670ddc21","name":"Un Contributeur","url":"https:\/\/www.prendstadose.fr\/index.php\/author\/albi\/"}]}},"jetpack_publicize_connections":[],"jetpack_featured_media_url":"https:\/\/www.prendstadose.fr\/wp-content\/uploads\/2024\/02\/Screenshot-2024-02-13-at-11.07.53.png","jetpack_sharing_enabled":true,"_links":{"self":[{"href":"https:\/\/www.prendstadose.fr\/index.php\/wp-json\/wp\/v2\/posts\/3867","targetHints":{"allow":["GET"]}}],"collection":[{"href":"https:\/\/www.prendstadose.fr\/index.php\/wp-json\/wp\/v2\/posts"}],"about":[{"href":"https:\/\/www.prendstadose.fr\/index.php\/wp-json\/wp\/v2\/types\/post"}],"author":[{"embeddable":true,"href":"https:\/\/www.prendstadose.fr\/index.php\/wp-json\/wp\/v2\/users\/4"}],"replies":[{"embeddable":true,"href":"https:\/\/www.prendstadose.fr\/index.php\/wp-json\/wp\/v2\/comments?post=3867"}],"version-history":[{"count":7,"href":"https:\/\/www.prendstadose.fr\/index.php\/wp-json\/wp\/v2\/posts\/3867\/revisions"}],"predecessor-version":[{"id":3882,"href":"https:\/\/www.prendstadose.fr\/index.php\/wp-json\/wp\/v2\/posts\/3867\/revisions\/3882"}],"wp:featuredmedia":[{"embeddable":true,"href":"https:\/\/www.prendstadose.fr\/index.php\/wp-json\/wp\/v2\/media\/3871"}],"wp:attachment":[{"href":"https:\/\/www.prendstadose.fr\/index.php\/wp-json\/wp\/v2\/media?parent=3867"}],"wp:term":[{"taxonomy":"category","embeddable":true,"href":"https:\/\/www.prendstadose.fr\/index.php\/wp-json\/wp\/v2\/categories?post=3867"},{"taxonomy":"post_tag","embeddable":true,"href":"https:\/\/www.prendstadose.fr\/index.php\/wp-json\/wp\/v2\/tags?post=3867"}],"curies":[{"name":"wp","href":"https:\/\/api.w.org\/{rel}","templated":true}]}}