{"id":3885,"date":"2024-03-06T20:39:26","date_gmt":"2024-03-06T19:39:26","guid":{"rendered":"https:\/\/www.prendstadose.fr\/?p=3885"},"modified":"2024-09-23T11:04:48","modified_gmt":"2024-09-23T09:04:48","slug":"afghanistan-par-les-routes-traversee-interdit","status":"publish","type":"post","link":"https:\/\/www.prendstadose.fr\/index.php\/2024\/03\/06\/afghanistan-par-les-routes-traversee-interdit\/","title":{"rendered":"Afghanistan, par les routes : Travers\u00e9e interdite (Ep.2)"},"content":{"rendered":"<p style=\"text-align: center;\"><span style=\"font-size: 14pt;\"><em>Pendant un an, avec une\u00a0 vieille moto capricieuse, Guillaume est parti d\u2019Europe en Inde orientale, d\u2019ouest en est et puis d\u2019est en ouest. Au cours de ce p\u00e9riple, il est rest\u00e9 un mois en Afghanistan qu&rsquo;il raconte \u00e0 travers une s\u00e9rie de quatre articles pour Prends Ta Dose. Cet article est le deuxi\u00e8me volet de ses aventures.<\/em> <\/span><\/p>\n<p style=\"text-align: center;\"><span style=\"font-size: 14pt;\"><em>Par ici pour d\u00e9couvrir le<a href=\"https:\/\/www.prendstadose.fr\/index.php\/2024\/02\/13\/afghanistan-par-les-routes-entre-deux-feux-ep-1\/\"> premier volet : Entre deux feux<\/a>.<\/em><\/span><\/p>\n<p>&nbsp;<\/p>\n<h4><i>Ao\u00fbt, Peshawar, Pakistan<\/i><\/h4>\n<p><span style=\"font-size: 14pt;\">Peshawar, capitale des Pachtounes du Pakistan, est la derni\u00e8re \u00e9tape oblig\u00e9e avant de passer en Afghanistan.\u00a0<\/span><\/p>\n<p><span style=\"font-size: 14pt;\">A la sortie de la ville, roulant vers l\u2019ouest, frapp\u00e9 par le nombre des estropi\u00e9s, vivant pour beaucoup dans la mis\u00e8re, \u00e0 la rue. Ils ont investi le bord des routes, qui leur appartient, \u00e9tendus \u00e0 m\u00eame le sol dans leurs longues chemises sales et fatigu\u00e9es, tach\u00e9es de gras, d\u2019ordure et de b\u00e9tel. Certains se tra\u00eenent en clopinant, soutenus par l\u2019\u00e9paule d\u2019un compagnon d\u2019indigence. Par endroit, l\u2019une de ces b\u00eates \u00e0 trois pattes tente de traverser dans cette fourmili\u00e8re o\u00f9 nul ne s\u2019aviserait de s\u2019arr\u00eater pour les laisser franchir. Il semblerait qu\u2019il n\u2019y ait qu\u2019\u00e0 moi qu\u2019ils fassent encore piti\u00e9, tant l\u2019indiff\u00e9rence des valides qui les fr\u00f4lent sans ralentir le r\u00e9gime leur crie qu\u2019ils ne sont rien. Mais la plupart sont encore \u00e0 terre, pauvres f\u00e9tus filiformes qu\u2019un souffle escamoterait, mati\u00e8re presque inerte, corps amorphes et fan\u00e9s r\u00e9fugi\u00e9s dans l\u2019attente que tout s\u2019\u00e9vapore : le soleil, le monde, la souffrance. Ils sont la part sombre de la ville, sa gangr\u00e8ne, et certains semblent le lui bien rendre en formulant dans le d\u00e9sordre de leurs barbes je ne sais trop quel sortil\u00e8ge. J\u2019observe du coin de l\u2019\u0153il leur man\u00e8ge immobile, craignant qu\u2019\u00e0 croiser le leur je me retrouve soudain chang\u00e9 en l\u2019une de ces blattes de la taille d\u2019une souris qui se carapate dans l\u2019ombre.<\/span><\/p>\n<p><span style=\"font-size: 14pt;\">Avant-go\u00fbt de l\u2019Afghanistan, des victimes \u00ab collat\u00e9rales \u00bb des bombardements militaires ou de celles, assum\u00e9es, des kamikazes islamistes. Depuis la fin du XIXe si\u00e8cle, les tribus pachtounes sont s\u00e9par\u00e9es de part et d\u2019autre de la ligne Durand, la fronti\u00e8re afghano-pakistanaise. A l\u2019\u00e9poque, Russes et Britanniques se disputaient l\u2019Asie centrale en jouant ce Grand Jeu aux milles intrigues larv\u00e9es o\u00f9 espions et barbouzes s\u2019acquittaient des basses \u0153uvres des empires, sillonnant montagnes et d\u00e9serts pour allumer des m\u00e8ches ou forger des alliances. Ce partage, absurde d\u2019un point vue ethnique, est un ferment majeur de l\u2019instabilit\u00e9 de la r\u00e9gion. Les zones tribales du Nord-Ouest du Pakistan connaissent depuis vingt ans une insurrection islamiste qui a fait des dizaines de milliers de morts civiles. Depuis le milieu des ann\u00e9es 2010, l\u2019arm\u00e9e a r\u00e9investi toute la r\u00e9gion, jusqu\u2019aux vall\u00e9es tenues par les islamistes o\u00f9 elle n\u2019avait pu rentrer pendant des ann\u00e9es. Mais avec le retour des talibans au pouvoir \u00e0 Kaboul, les groupes arm\u00e9s disposent d\u00e9sormais d\u2019un sanctuaire de l\u2019autre c\u00f4t\u00e9 de la fronti\u00e8re, et les actes de violence ont repris.\u00a0<\/span><\/p>\n<p><span style=\"font-size: 14pt;\">A Islamabad j\u2019avais \u00e9t\u00e9 h\u00e9berg\u00e9 par Mohammad Yaseen, \u00e9tudiant en m\u00e9decine originaire de la vall\u00e9e de Swat, c\u0153ur de l\u2019insurrection. Selon lui, le r\u00f4le de l\u2019arm\u00e9e \u00e9tait plus qu\u2019\u00e9quivoque : elle aurait financ\u00e9 et install\u00e9 les m\u00eames insurg\u00e9s qu\u2019elle combattait, de fa\u00e7on \u00e0 justifier un renforcement de ses pouvoirs. Cr\u00e9dible, quand on conna\u00eet les manigances de l\u2019arm\u00e9e pakistanaise \u2013 qui tire en sous-main tous les fils du pays. A l\u2019\u00e9touff\u00e9e dans la pi\u00e8ce nue qui lui servait de chambre, je cuisais sans r\u00e9mission en coulant de grosses gouttes de sueur qui me br\u00fblaient les yeux et m\u2019embuaient les pens\u00e9es, l\u2019\u00e9coutant \u00e9voquer avec une r\u00e9serve pudique des histoires \u00e0 dormir debout qu\u2019on serait en peine d\u2019inventer. Assis sous le ventilateur en panne (nouvelle coupure g\u00e9n\u00e9rale), l\u2019\u00e9t\u00e9 me livrait \u00e0 l\u2019asphyxie alors qu\u2019il me d\u00e9crivait les manigances dont il avait \u00e9t\u00e9 t\u00e9moin, dans le d\u00e9cor alpestre de montagnes plant\u00e9es de sapins o\u00f9 vivent les clans s\u00e9culaires de sa vall\u00e9e. Sa famille avait casqu\u00e9 dur dans le sordide poker menteur de l\u2019arm\u00e9e. Aujourd\u2019hui plus nombreux au Pakistan, le pays historique des Pachtounes est l\u2019Afghanistan (litt\u00e9ralement \u00ab pays des Pachtounes \u00bb), et comme beaucoup de Pachtounes de son c\u00f4t\u00e9 de la fronti\u00e8re, Yaseen se sentait apatride, encombrant dans un pays o\u00f9 les Pendjabis trustent le haut de la pyramide sociale.<\/span><\/p>\n<p><span style=\"font-size: 14pt;\">D\u00e9but de l\u2019ascension de la passe de Khyber, qui relie le Pakistan \u00e0 l\u2019Afghanistan \u00e0 travers le Sp\u012bn Ghar, les \u00ab montagnes blanches \u00bb. C\u2019est la route que prirent tous ceux qui envahirent l\u2019Inde depuis Cyrus, que je prends \u00e0 rebrousse-poil. On m\u2019arr\u00eate au premier checkpoint, \u00e0 la sortie de Shalkani : en ce 14 ao\u00fbt, Jour de l\u2019Ind\u00e9pendance, des \u00ab militants \u00bb sont actifs dans la zone ; la passe est ferm\u00e9e aux \u00e9trangers jusqu\u2019\u00e0 nouvel ordre\u2026 Je proteste, rien n\u2019y fait. Je fulmine, j\u2019avais pr\u00e9vu d\u2019\u00eatre \u00e0 Kaboul le lendemain pour l&rsquo;anniversaire de sa chute, deux ans plus t\u00f4t, pour assister aux c\u00e9l\u00e9brations de liesse anti-occidentale organis\u00e9es par les talibans. Quand pourrai-je passer ? \u00ab Dans trois jours. Demain. La semaine prochaine. Apr\u00e8s-demain. Mercredi. Jeudi au plus tard. \u00bb Les militaires, s\u00fbrs d\u2019eux, me donnent tous une r\u00e9ponse diff\u00e9rente. M\u00eame les grad\u00e9s ne s\u2019accordent pas. L\u2019avenir appartient \u00e0 Allah.\u00a0<\/span><\/p>\n<div id=\"attachment_3887\" style=\"width: 1034px\" class=\"wp-caption aligncenter\"><img loading=\"lazy\" decoding=\"async\" aria-describedby=\"caption-attachment-3887\" class=\"wp-image-3887 size-large\" src=\"https:\/\/www.prendstadose.fr\/wp-content\/uploads\/2024\/03\/IMG_2606-2-1024x748.jpeg\" alt=\"\" width=\"1024\" height=\"748\" srcset=\"https:\/\/www.prendstadose.fr\/wp-content\/uploads\/2024\/03\/IMG_2606-2-1024x748.jpeg 1024w, https:\/\/www.prendstadose.fr\/wp-content\/uploads\/2024\/03\/IMG_2606-2-300x219.jpeg 300w, https:\/\/www.prendstadose.fr\/wp-content\/uploads\/2024\/03\/IMG_2606-2-768x561.jpeg 768w, https:\/\/www.prendstadose.fr\/wp-content\/uploads\/2024\/03\/IMG_2606-2-1536x1122.jpeg 1536w, https:\/\/www.prendstadose.fr\/wp-content\/uploads\/2024\/03\/IMG_2606-2-2048x1496.jpeg 2048w, https:\/\/www.prendstadose.fr\/wp-content\/uploads\/2024\/03\/IMG_2606-2-1170x855.jpeg 1170w, https:\/\/www.prendstadose.fr\/wp-content\/uploads\/2024\/03\/IMG_2606-2-1920x1403.jpeg 1920w, https:\/\/www.prendstadose.fr\/wp-content\/uploads\/2024\/03\/IMG_2606-2-585x427.jpeg 585w\" sizes=\"auto, (max-width: 1024px) 100vw, 1024px\" \/><p id=\"caption-attachment-3887\" class=\"wp-caption-text\">Le Bab-e-Khyber, qui marque l\u2019entr\u00e9e de la passe de Khyber, bloqu\u00e9 par des manifestations aux couleurs du Pakistan et du PTI<\/p><\/div>\n<p><span style=\"font-size: 14pt;\">Contraint de redescendre, on me barre la route quelques kilom\u00e8tres plus bas. La police cette fois. Affol\u00e9s. Ici, sans escorte ? Trop dangereux pour un Blanc. Hors de question que je continue seul. Sur le bord de la route, \u00e0 l\u2019ombre d\u2019un banyan, j\u2019attends mon sort. L\u2019officier en charge, au t\u00e9l\u00e9phone, prend ses ordres. L\u2019attente est longue, et les hommes qui sentent ma crispation m\u2019offrent un jus trop sucr\u00e9 et des confiseries. L\u2019hospitalit\u00e9 vient au secours pour d\u00e9samorcer les tensions. Les tractations n\u2019en finissent pas, et puis, quand on n\u2019en peut plus de lutter et qu\u2019on \u00e9tait pr\u00eat \u00e0 tout abandonner, coup de th\u00e9\u00e2tre : le chef de la police locale a donn\u00e9 son accord pour qu\u2019on m\u2019escorte jusqu\u2019\u00e0 la fronti\u00e8re d\u2019o\u00f9 je pourrai passer en Afghanistan. Dans une heure ou deux, le temps que la route se lib\u00e8re des manifestants qui c\u00e9l\u00e8brent la f\u00eate nationale.<\/span><\/p>\n<p><span style=\"font-size: 14pt;\">Et puis finalement, en route !<\/span><\/p>\n<p><span style=\"font-size: 14pt;\">Mais au checkpoint de Shalkani la route me reste ferm\u00e9e. La police m\u2019autorise \u00e0 traverser, pas l\u2019arm\u00e9e, escorte ou non. Ils ont le dernier mot. Les ordres sont les ordres. Le policier qui dirigeait mon escorte avort\u00e9e me prend \u00e0 part. Sa dignit\u00e9 de sous-officier galonn\u00e9 tient tout enti\u00e8re dans sa moustache touffue comme une brosse \u00e0 lustrer. Il doit la tailler amoureusement chaque matin en clignant de l\u2019\u0153il \u00e0 son reflet dans la glace. S\u00fbrement passe-t-il moins de temps \u00e0 sa toilette, car il empeste un \u00e2cre m\u00e9lange de transpiration et de curry bon march\u00e9. Le visage ensoleill\u00e9 par la malice, il me chuchote qu\u2019un passage non gard\u00e9 tortille dans la montagne\u2026 la route est mauvaise mais avec lui pour me guider la moto passera, et je serai en Afghanistan dans trois heures ou \u00e0 peine plus. Si m\u00eame la police truande l\u2019arm\u00e9e\u2026 Croit-il r\u00e9ellement m\u2019aider ou a-t-il surtout pour id\u00e9e de me taper quelques dollars ? N\u2019ayant nulle envie de me transformer en clandestin, je refuse dans un sourire, et exasp\u00e9r\u00e9, je file gaz ouverts vers Peshawar en semant mon escorte.<\/span><\/p>\n<p><span style=\"font-size: 14pt;\">Par la suite je comprendrai que les Pakistanais parlent de \u00ab militants \u00bb pour d\u00e9signer les membres du TTP ou d\u2019autres mouvements islamistes. Le passage frontalier est r\u00e9guli\u00e8rement ferm\u00e9 en raison de l\u2019instabilit\u00e9 de la zone. J\u2019apprendrai aussi qu\u2019\u00e0 peine l\u2019euss\u00e9-je finalement travers\u00e9e le surlendemain que six soldats furent tu\u00e9s \u00e0 la fronti\u00e8re par un commando terroriste, puis, deux semaines plus tard, plusieurs soldats et enfants afghans furent abattus lors d\u2019\u00e9changes de coup de feu, dans des conditions troubles. Dizaines de morts chaque ann\u00e9e dans de telles escarmouches.<\/span><\/p>\n<div id=\"attachment_3886\" style=\"width: 1034px\" class=\"wp-caption alignnone\"><img loading=\"lazy\" decoding=\"async\" aria-describedby=\"caption-attachment-3886\" class=\"wp-image-3886 size-large\" src=\"https:\/\/www.prendstadose.fr\/wp-content\/uploads\/2024\/03\/IMG_2610-1024x678.jpeg\" alt=\"\" width=\"1024\" height=\"678\" srcset=\"https:\/\/www.prendstadose.fr\/wp-content\/uploads\/2024\/03\/IMG_2610-1024x678.jpeg 1024w, https:\/\/www.prendstadose.fr\/wp-content\/uploads\/2024\/03\/IMG_2610-300x199.jpeg 300w, https:\/\/www.prendstadose.fr\/wp-content\/uploads\/2024\/03\/IMG_2610-768x509.jpeg 768w, https:\/\/www.prendstadose.fr\/wp-content\/uploads\/2024\/03\/IMG_2610-1536x1017.jpeg 1536w, https:\/\/www.prendstadose.fr\/wp-content\/uploads\/2024\/03\/IMG_2610-2048x1356.jpeg 2048w, https:\/\/www.prendstadose.fr\/wp-content\/uploads\/2024\/03\/IMG_2610-1170x775.jpeg 1170w, https:\/\/www.prendstadose.fr\/wp-content\/uploads\/2024\/03\/IMG_2610-780x516.jpeg 780w, https:\/\/www.prendstadose.fr\/wp-content\/uploads\/2024\/03\/IMG_2610-1920x1271.jpeg 1920w, https:\/\/www.prendstadose.fr\/wp-content\/uploads\/2024\/03\/IMG_2610-585x387.jpeg 585w, https:\/\/www.prendstadose.fr\/wp-content\/uploads\/2024\/03\/IMG_2610-263x175.jpeg 263w\" sizes=\"auto, (max-width: 1024px) 100vw, 1024px\" \/><p id=\"caption-attachment-3886\" class=\"wp-caption-text\">Ruelle de Peshawar<\/p><\/div>\n<p><span style=\"font-size: 14pt;\">Tout Peshawar se d\u00e9ploie sous la banni\u00e8re du gris. Du Pakistan, les villes me sont rest\u00e9es \u00e0 la m\u00e9moire comme des couleurs \u2013 couleurs objectivement dominantes, ou miroir des mouvements de ce que les vicissitudes du voyage impriment \u00e0 la vie int\u00e9rieure ? Islamabad est verte, Lahore rose, Quetta brune. A Peshawar, tout, des b\u00e2timents aux v\u00eatements, est gris. Comme \u00e0 l\u2019Est de l\u2019Iran et en Afghanistan, les hommes portent le <i>shalwar kameez<\/i>. Longue chemise sur pantalon bouffant, il se r\u00e9v\u00e8le parfaitement adapt\u00e9 aux fortes chaleurs. Le peu de femmes qu\u2019on croise dans les rues voilent leur visage, beaucoup portent la burqa : on entre en territoire pachtoune. Pas un arbre, \u00e9videmment, hors le parc de l\u2019universit\u00e9 construite par les <i>Britishers<\/i> \u2013 c\u2019est comme \u00e7a que l\u2019on d\u00e9signe les colons dans l\u2019ancien Raj britannique. Aujourd\u2019hui pourtant, c\u2019est la f\u00eate de l\u2019Ind\u00e9pendance et la ville se drape de vert. Tr\u00e8s beau vert fonc\u00e9 du drapeau national, avec lequel parade une population en liesse, prise d\u2019une soudaine fiert\u00e9 nationale. Verte encore, du n\u00e9on \u00e0 l\u2019\u00e9meraude, la quantit\u00e9 d\u2019amusettes vendues partout dans les rues, chapeaux et trompettes en plastique, masques, T-shirts ou parapluies. Pourquoi ces sc\u00e8nes enfantines sont-elles si \u00e9mouvantes quand on est loin de chez soi, et qu\u2019une absence vous d\u00e9vore comme une compagnie de termites ? S\u00fbrement que le c\u0153ur, rendu, ne sait plus trop, et s\u2019\u00e9meut \u00e0 contretemps.<\/span><\/p>\n<p><span style=\"font-size: 14pt;\">Nombreux surtout sont les drapeaux vert et rouge du PTI, le parti d\u2019Imran Khan, ancien capitaine de l\u2019\u00e9quipe nationale de cricket et Premier ministre. \u00c9cart\u00e9 du pouvoir par des man\u0153uvres de l\u2019arm\u00e9e, envers qui il \u00e9tait indocile, sa popularit\u00e9 est exceptionnelle. Dans ce pays corrompu aux mains des g\u00e9n\u00e9raux, presque tous m\u2019en ont parl\u00e9 comme du Messie. Poursuivi dans des dizaines d\u2019affaires, il subit une pers\u00e9cution \u00e9vidente d\u2019une justice politique. Au contraire de tous ses pr\u00e9d\u00e9cesseurs, qui se sont consid\u00e9rablement engraiss\u00e9s avec l\u2019argent de la corruption, Khan est rest\u00e9 au Pakistan au terme de son mandat. Mal lui en a pris, car on ne joue pas longtemps \u00e0 d\u00e9fier l\u2019arm\u00e9e :\u00a0 il vient tout juste d\u2019\u00eatre condamn\u00e9 et passera les dix prochaines ann\u00e9es derri\u00e8re des barreaux. Fantasme ou r\u00e9alit\u00e9, beaucoup m\u2019ont \u00e9galement servi la soupe d\u2019une arm\u00e9e tenue par l\u2019Am\u00e9rique, qui n\u2019appr\u00e9cie pas que Khan puisse servir d\u2019autres int\u00e9r\u00eats que ceux de Washington. Toujours est-il que l\u2019antiam\u00e9ricanisme fait recette, comme ailleurs. Par un ami aux relations haut plac\u00e9es, j\u2019avais pu p\u00e9n\u00e9trer dans une des immenses villas que Nawaz Sharif \u2013 trois fois Premier ministre et fr\u00e8re de Shehbaz, au pouvoir \u00e0 l\u2019\u00e9poque \u2013 s\u2019\u00e9tait fait construire avec l\u2019argent de la corruption, en bordure du d\u00e9sert du Cholistan.\u00a0<\/span><\/p>\n<p><em><span style=\"font-size: 14pt;\">\u2013 Do you know Nawaz Sharif?\u00a0<\/span><\/em><\/p>\n<p><em><span style=\"font-size: 14pt;\">\u2013 Yes of course, he\u2019s a former PM.\u00a0<\/span><\/em><\/p>\n<p><em><span style=\"font-size: 14pt;\">\u2013 And do you know what he was famous for?\u00a0<\/span><\/em><\/p>\n<p><em><span style=\"font-size: 14pt;\">\u2013 \u2026\u00a0<\/span><\/em><\/p>\n<p><em><span style=\"font-size: 14pt;\">\u2013 Most corrupt man in Pakistani history! \u00a0<\/span><\/em><\/p>\n<p><span style=\"font-size: 14pt;\">Sharif s\u2019\u00e9tait exil\u00e9 en Angleterre pour fuir la justice et les affaires de corruption. Fin octobre, et alors qu\u2019il avait \u00e9t\u00e9 condamn\u00e9 \u00e0 l\u2019in\u00e9ligibilit\u00e9 \u00e0 vie, il est rentr\u00e9 au Pakistan pour prendre la t\u00eate de la Ligue musulmane en vue des \u00e9lections de f\u00e9vrier. Avec la popularit\u00e9 d\u2019Imran Khan, le clan Sharif retrouve les bonnes gr\u00e2ces de l\u2019arm\u00e9e et les poursuites se sont \u00e9vapor\u00e9es. Apr\u00e8s que le PTI a \u00e9t\u00e9 interdit de participer aux \u00e9lections, et \u00e0 la suite de tractations occultes, c\u2019est finalement Shehbaz qui redevient Premier ministre, son fr\u00e8re dans l\u2019ombre. Ici l\u2019arm\u00e9e fait des prodiges. Depuis 1947, aucun Premier ministre n\u2019est all\u00e9 jusqu\u2019au bout de son mandat, et il n\u2019y a pas de raison que \u00e7a change ; ici, le vent tourne vite. <i>That\u2019s the way it goes.<\/i><\/span><\/p>\n<p>&nbsp;<\/p>\n<p style=\"text-align: center;\"><span style=\"font-size: 14pt;\"><i>Au prochain article c\u2019est promis : l\u2019Afghanistan !<\/i><\/span><\/p>\n<p>&nbsp;<\/p>\n<p style=\"text-align: center;\"><a href=\"https:\/\/www.prendstadose.fr\/index.php\/2024\/04\/02\/afghanistan-par-les-routes-vers-kaboul\/\"><span style=\"font-size: 14pt;\"><i>Lien vers la suite (Episode 3 : Vers Kaboul)<\/i><\/span><\/a><\/p>\n<p style=\"text-align: center;\"><a href=\"https:\/\/www.prendstadose.fr\/index.php\/2024\/02\/13\/afghanistan-par-les-routes-entre-deux-feux-ep-1\/\"><span style=\"font-size: 14pt;\"><i>Lien vers l\u2019\u00e9pisode pr\u00e9c\u00e9dent (Episode 1 : Entre deux feux)<\/i><\/span><\/a><\/p>\n","protected":false},"excerpt":{"rendered":"<p>Pendant un an, avec une\u00a0 vieille moto capricieuse, Guillaume est parti d\u2019Europe en Inde orientale, d\u2019ouest&hellip;<\/p>\n","protected":false},"author":12234,"featured_media":3888,"comment_status":"open","ping_status":"open","sticky":false,"template":"","format":"standard","meta":{"_editorskit_title_hidden":false,"_editorskit_reading_time":0,"_editorskit_is_block_options_detached":false,"_editorskit_block_options_position":"{}","jetpack_post_was_ever_published":false,"_jetpack_newsletter_access":"","_jetpack_dont_email_post_to_subs":false,"_jetpack_newsletter_tier_id":0,"_jetpack_memberships_contains_paywalled_content":false,"_jetpack_memberships_contains_paid_content":false,"footnotes":"","jetpack_publicize_message":"","jetpack_publicize_feature_enabled":true,"jetpack_social_post_already_shared":true,"jetpack_social_options":{"image_generator_settings":{"template":"highway","enabled":false},"version":2}},"categories":[356],"tags":[979,1009,421,137,136,1000,987,984,1008,980,990,985,283,999,133],"class_list":["post-3885","post","type-post","status-publish","format-standard","has-post-thumbnail","hentry","category-carnet-de-voyage","tag-afghanistan","tag-allah","tag-asie","tag-carnet-de-route","tag-carnet-de-voyage","tag-frontiere","tag-islamabad","tag-kaboul","tag-kamikazes","tag-moto","tag-pachtounes","tag-pakistan","tag-reportage","tag-sur-la-route","tag-voyage"],"yoast_head":"<!-- This site is optimized with the Yoast SEO plugin v24.6 - https:\/\/yoast.com\/wordpress\/plugins\/seo\/ -->\n<title>Afghanistan, par les routes : Travers\u00e9e interdite (Ep.2) &#8212; PRENDS TA DOSE<\/title>\n<meta name=\"description\" content=\"Pendant un an, avec une\u00a0 vieille moto capricieuse, Guillaume est parti d\u2019Europe en Inde orientale, d\u2019ouest en est et puis d\u2019est en ouest. Au cours de ce\" \/>\n<meta name=\"robots\" content=\"index, follow, max-snippet:-1, max-image-preview:large, max-video-preview:-1\" \/>\n<link rel=\"canonical\" href=\"https:\/\/www.prendstadose.fr\/index.php\/2024\/03\/06\/afghanistan-par-les-routes-traversee-interdit\/\" \/>\n<meta property=\"og:locale\" content=\"fr_FR\" \/>\n<meta property=\"og:type\" content=\"article\" \/>\n<meta property=\"og:title\" content=\"Afghanistan, par les routes : Travers\u00e9e interdite (Ep.2) &#8212; PRENDS TA DOSE\" \/>\n<meta property=\"og:description\" content=\"Pendant un an, avec une\u00a0 vieille moto capricieuse, Guillaume est parti d\u2019Europe en Inde orientale, d\u2019ouest en est et puis d\u2019est en ouest. Au cours de ce\" \/>\n<meta property=\"og:url\" content=\"https:\/\/www.prendstadose.fr\/index.php\/2024\/03\/06\/afghanistan-par-les-routes-traversee-interdit\/\" \/>\n<meta property=\"og:site_name\" content=\"PRENDS TA DOSE\" \/>\n<meta property=\"article:publisher\" content=\"https:\/\/www.facebook.com\/BrigadeSansFrontieres\/\" \/>\n<meta property=\"article:published_time\" content=\"2024-03-06T19:39:26+00:00\" \/>\n<meta property=\"article:modified_time\" content=\"2024-09-23T09:04:48+00:00\" \/>\n<meta property=\"og:image\" content=\"https:\/\/www.prendstadose.fr\/wp-content\/uploads\/2024\/03\/IMG_2591-21-scaled.jpeg\" \/>\n\t<meta property=\"og:image:width\" content=\"2560\" \/>\n\t<meta property=\"og:image:height\" content=\"2129\" \/>\n\t<meta property=\"og:image:type\" content=\"image\/jpeg\" \/>\n<meta name=\"author\" content=\"Guillaume Godest\" \/>\n<meta name=\"twitter:card\" content=\"summary_large_image\" \/>\n<meta name=\"twitter:label1\" content=\"\u00c9crit par\" \/>\n\t<meta name=\"twitter:data1\" content=\"Guillaume Godest\" \/>\n\t<meta name=\"twitter:label2\" content=\"Dur\u00e9e de lecture estim\u00e9e\" \/>\n\t<meta name=\"twitter:data2\" content=\"11 minutes\" \/>\n<script type=\"application\/ld+json\" class=\"yoast-schema-graph\">{\"@context\":\"https:\/\/schema.org\",\"@graph\":[{\"@type\":\"Article\",\"@id\":\"https:\/\/www.prendstadose.fr\/index.php\/2024\/03\/06\/afghanistan-par-les-routes-traversee-interdit\/#article\",\"isPartOf\":{\"@id\":\"https:\/\/www.prendstadose.fr\/index.php\/2024\/03\/06\/afghanistan-par-les-routes-traversee-interdit\/\"},\"author\":{\"name\":\"Guillaume Godest\",\"@id\":\"https:\/\/www.prendstadose.fr\/#\/schema\/person\/fc2f0707a0b003d146120cb757044b5d\"},\"headline\":\"Afghanistan, par les routes : Travers\u00e9e interdite (Ep.2)\",\"datePublished\":\"2024-03-06T19:39:26+00:00\",\"dateModified\":\"2024-09-23T09:04:48+00:00\",\"mainEntityOfPage\":{\"@id\":\"https:\/\/www.prendstadose.fr\/index.php\/2024\/03\/06\/afghanistan-par-les-routes-traversee-interdit\/\"},\"wordCount\":2186,\"commentCount\":4,\"publisher\":{\"@id\":\"https:\/\/www.prendstadose.fr\/#organization\"},\"image\":{\"@id\":\"https:\/\/www.prendstadose.fr\/index.php\/2024\/03\/06\/afghanistan-par-les-routes-traversee-interdit\/#primaryimage\"},\"thumbnailUrl\":\"https:\/\/www.prendstadose.fr\/wp-content\/uploads\/2024\/03\/IMG_2591-21-scaled.jpeg\",\"keywords\":[\"Afghanistan\",\"Allah\",\"Asie\",\"Carnet de route\",\"Carnet de voyage\",\"fronti\u00e8re\",\"Islamabad\",\"Kaboul\",\"Kamikazes\",\"Moto\",\"Pachtounes\",\"Pakistan\",\"Reportage\",\"sur la route\",\"Voyage\"],\"articleSection\":[\"Carnet de voyage\"],\"inLanguage\":\"fr-FR\",\"potentialAction\":[{\"@type\":\"CommentAction\",\"name\":\"Comment\",\"target\":[\"https:\/\/www.prendstadose.fr\/index.php\/2024\/03\/06\/afghanistan-par-les-routes-traversee-interdit\/#respond\"]}]},{\"@type\":\"WebPage\",\"@id\":\"https:\/\/www.prendstadose.fr\/index.php\/2024\/03\/06\/afghanistan-par-les-routes-traversee-interdit\/\",\"url\":\"https:\/\/www.prendstadose.fr\/index.php\/2024\/03\/06\/afghanistan-par-les-routes-traversee-interdit\/\",\"name\":\"Afghanistan, par les routes : Travers\u00e9e interdite (Ep.2) &#8212; PRENDS TA DOSE\",\"isPartOf\":{\"@id\":\"https:\/\/www.prendstadose.fr\/#website\"},\"primaryImageOfPage\":{\"@id\":\"https:\/\/www.prendstadose.fr\/index.php\/2024\/03\/06\/afghanistan-par-les-routes-traversee-interdit\/#primaryimage\"},\"image\":{\"@id\":\"https:\/\/www.prendstadose.fr\/index.php\/2024\/03\/06\/afghanistan-par-les-routes-traversee-interdit\/#primaryimage\"},\"thumbnailUrl\":\"https:\/\/www.prendstadose.fr\/wp-content\/uploads\/2024\/03\/IMG_2591-21-scaled.jpeg\",\"datePublished\":\"2024-03-06T19:39:26+00:00\",\"dateModified\":\"2024-09-23T09:04:48+00:00\",\"description\":\"Pendant un an, avec une\u00a0 vieille moto capricieuse, Guillaume est parti d\u2019Europe en Inde orientale, d\u2019ouest en est et puis d\u2019est en ouest. Au cours de ce\",\"breadcrumb\":{\"@id\":\"https:\/\/www.prendstadose.fr\/index.php\/2024\/03\/06\/afghanistan-par-les-routes-traversee-interdit\/#breadcrumb\"},\"inLanguage\":\"fr-FR\",\"potentialAction\":[{\"@type\":\"ReadAction\",\"target\":[\"https:\/\/www.prendstadose.fr\/index.php\/2024\/03\/06\/afghanistan-par-les-routes-traversee-interdit\/\"]}]},{\"@type\":\"ImageObject\",\"inLanguage\":\"fr-FR\",\"@id\":\"https:\/\/www.prendstadose.fr\/index.php\/2024\/03\/06\/afghanistan-par-les-routes-traversee-interdit\/#primaryimage\",\"url\":\"https:\/\/www.prendstadose.fr\/wp-content\/uploads\/2024\/03\/IMG_2591-21-scaled.jpeg\",\"contentUrl\":\"https:\/\/www.prendstadose.fr\/wp-content\/uploads\/2024\/03\/IMG_2591-21-scaled.jpeg\",\"width\":2560,\"height\":2129},{\"@type\":\"BreadcrumbList\",\"@id\":\"https:\/\/www.prendstadose.fr\/index.php\/2024\/03\/06\/afghanistan-par-les-routes-traversee-interdit\/#breadcrumb\",\"itemListElement\":[{\"@type\":\"ListItem\",\"position\":1,\"name\":\"Accueil\",\"item\":\"https:\/\/www.prendstadose.fr\/\"},{\"@type\":\"ListItem\",\"position\":2,\"name\":\"Afghanistan, par les routes : Travers\u00e9e interdite (Ep.2)\"}]},{\"@type\":\"WebSite\",\"@id\":\"https:\/\/www.prendstadose.fr\/#website\",\"url\":\"https:\/\/www.prendstadose.fr\/\",\"name\":\"PRENDS TA DOSE\",\"description\":\"Capsule Culture Pour Analphab\u00e8tes Lettr\u00e9s\",\"publisher\":{\"@id\":\"https:\/\/www.prendstadose.fr\/#organization\"},\"potentialAction\":[{\"@type\":\"SearchAction\",\"target\":{\"@type\":\"EntryPoint\",\"urlTemplate\":\"https:\/\/www.prendstadose.fr\/?s={search_term_string}\"},\"query-input\":{\"@type\":\"PropertyValueSpecification\",\"valueRequired\":true,\"valueName\":\"search_term_string\"}}],\"inLanguage\":\"fr-FR\"},{\"@type\":\"Organization\",\"@id\":\"https:\/\/www.prendstadose.fr\/#organization\",\"name\":\"PrendsTaDose\",\"url\":\"https:\/\/www.prendstadose.fr\/\",\"logo\":{\"@type\":\"ImageObject\",\"inLanguage\":\"fr-FR\",\"@id\":\"https:\/\/www.prendstadose.fr\/#\/schema\/logo\/image\/\",\"url\":\"https:\/\/www.prendstadose.fr\/wp-content\/uploads\/2021\/08\/logo-e1641309847268.png\",\"contentUrl\":\"https:\/\/www.prendstadose.fr\/wp-content\/uploads\/2021\/08\/logo-e1641309847268.png\",\"width\":400,\"height\":406,\"caption\":\"PrendsTaDose\"},\"image\":{\"@id\":\"https:\/\/www.prendstadose.fr\/#\/schema\/logo\/image\/\"},\"sameAs\":[\"https:\/\/www.facebook.com\/BrigadeSansFrontieres\/\",\"https:\/\/www.instagram.com\/romain_mailliu\/\"]},{\"@type\":\"Person\",\"@id\":\"https:\/\/www.prendstadose.fr\/#\/schema\/person\/fc2f0707a0b003d146120cb757044b5d\",\"name\":\"Guillaume Godest\",\"url\":\"https:\/\/www.prendstadose.fr\/index.php\/author\/guillaumegodest\/\"}]}<\/script>\n<!-- \/ Yoast SEO plugin. -->","yoast_head_json":{"title":"Afghanistan, par les routes : Travers\u00e9e interdite (Ep.2) &#8212; PRENDS TA DOSE","description":"Pendant un an, avec une\u00a0 vieille moto capricieuse, Guillaume est parti d\u2019Europe en Inde orientale, d\u2019ouest en est et puis d\u2019est en ouest. Au cours de ce","robots":{"index":"index","follow":"follow","max-snippet":"max-snippet:-1","max-image-preview":"max-image-preview:large","max-video-preview":"max-video-preview:-1"},"canonical":"https:\/\/www.prendstadose.fr\/index.php\/2024\/03\/06\/afghanistan-par-les-routes-traversee-interdit\/","og_locale":"fr_FR","og_type":"article","og_title":"Afghanistan, par les routes : Travers\u00e9e interdite (Ep.2) &#8212; PRENDS TA DOSE","og_description":"Pendant un an, avec une\u00a0 vieille moto capricieuse, Guillaume est parti d\u2019Europe en Inde orientale, d\u2019ouest en est et puis d\u2019est en ouest. Au cours de ce","og_url":"https:\/\/www.prendstadose.fr\/index.php\/2024\/03\/06\/afghanistan-par-les-routes-traversee-interdit\/","og_site_name":"PRENDS TA DOSE","article_publisher":"https:\/\/www.facebook.com\/BrigadeSansFrontieres\/","article_published_time":"2024-03-06T19:39:26+00:00","article_modified_time":"2024-09-23T09:04:48+00:00","og_image":[{"width":2560,"height":2129,"url":"https:\/\/www.prendstadose.fr\/wp-content\/uploads\/2024\/03\/IMG_2591-21-scaled.jpeg","type":"image\/jpeg"}],"author":"Guillaume Godest","twitter_card":"summary_large_image","twitter_misc":{"\u00c9crit par":"Guillaume Godest","Dur\u00e9e de lecture estim\u00e9e":"11 minutes"},"schema":{"@context":"https:\/\/schema.org","@graph":[{"@type":"Article","@id":"https:\/\/www.prendstadose.fr\/index.php\/2024\/03\/06\/afghanistan-par-les-routes-traversee-interdit\/#article","isPartOf":{"@id":"https:\/\/www.prendstadose.fr\/index.php\/2024\/03\/06\/afghanistan-par-les-routes-traversee-interdit\/"},"author":{"name":"Guillaume Godest","@id":"https:\/\/www.prendstadose.fr\/#\/schema\/person\/fc2f0707a0b003d146120cb757044b5d"},"headline":"Afghanistan, par les routes : Travers\u00e9e interdite (Ep.2)","datePublished":"2024-03-06T19:39:26+00:00","dateModified":"2024-09-23T09:04:48+00:00","mainEntityOfPage":{"@id":"https:\/\/www.prendstadose.fr\/index.php\/2024\/03\/06\/afghanistan-par-les-routes-traversee-interdit\/"},"wordCount":2186,"commentCount":4,"publisher":{"@id":"https:\/\/www.prendstadose.fr\/#organization"},"image":{"@id":"https:\/\/www.prendstadose.fr\/index.php\/2024\/03\/06\/afghanistan-par-les-routes-traversee-interdit\/#primaryimage"},"thumbnailUrl":"https:\/\/www.prendstadose.fr\/wp-content\/uploads\/2024\/03\/IMG_2591-21-scaled.jpeg","keywords":["Afghanistan","Allah","Asie","Carnet de route","Carnet de voyage","fronti\u00e8re","Islamabad","Kaboul","Kamikazes","Moto","Pachtounes","Pakistan","Reportage","sur la route","Voyage"],"articleSection":["Carnet de voyage"],"inLanguage":"fr-FR","potentialAction":[{"@type":"CommentAction","name":"Comment","target":["https:\/\/www.prendstadose.fr\/index.php\/2024\/03\/06\/afghanistan-par-les-routes-traversee-interdit\/#respond"]}]},{"@type":"WebPage","@id":"https:\/\/www.prendstadose.fr\/index.php\/2024\/03\/06\/afghanistan-par-les-routes-traversee-interdit\/","url":"https:\/\/www.prendstadose.fr\/index.php\/2024\/03\/06\/afghanistan-par-les-routes-traversee-interdit\/","name":"Afghanistan, par les routes : Travers\u00e9e interdite (Ep.2) &#8212; PRENDS TA DOSE","isPartOf":{"@id":"https:\/\/www.prendstadose.fr\/#website"},"primaryImageOfPage":{"@id":"https:\/\/www.prendstadose.fr\/index.php\/2024\/03\/06\/afghanistan-par-les-routes-traversee-interdit\/#primaryimage"},"image":{"@id":"https:\/\/www.prendstadose.fr\/index.php\/2024\/03\/06\/afghanistan-par-les-routes-traversee-interdit\/#primaryimage"},"thumbnailUrl":"https:\/\/www.prendstadose.fr\/wp-content\/uploads\/2024\/03\/IMG_2591-21-scaled.jpeg","datePublished":"2024-03-06T19:39:26+00:00","dateModified":"2024-09-23T09:04:48+00:00","description":"Pendant un an, avec une\u00a0 vieille moto capricieuse, Guillaume est parti d\u2019Europe en Inde orientale, d\u2019ouest en est et puis d\u2019est en ouest. Au cours de ce","breadcrumb":{"@id":"https:\/\/www.prendstadose.fr\/index.php\/2024\/03\/06\/afghanistan-par-les-routes-traversee-interdit\/#breadcrumb"},"inLanguage":"fr-FR","potentialAction":[{"@type":"ReadAction","target":["https:\/\/www.prendstadose.fr\/index.php\/2024\/03\/06\/afghanistan-par-les-routes-traversee-interdit\/"]}]},{"@type":"ImageObject","inLanguage":"fr-FR","@id":"https:\/\/www.prendstadose.fr\/index.php\/2024\/03\/06\/afghanistan-par-les-routes-traversee-interdit\/#primaryimage","url":"https:\/\/www.prendstadose.fr\/wp-content\/uploads\/2024\/03\/IMG_2591-21-scaled.jpeg","contentUrl":"https:\/\/www.prendstadose.fr\/wp-content\/uploads\/2024\/03\/IMG_2591-21-scaled.jpeg","width":2560,"height":2129},{"@type":"BreadcrumbList","@id":"https:\/\/www.prendstadose.fr\/index.php\/2024\/03\/06\/afghanistan-par-les-routes-traversee-interdit\/#breadcrumb","itemListElement":[{"@type":"ListItem","position":1,"name":"Accueil","item":"https:\/\/www.prendstadose.fr\/"},{"@type":"ListItem","position":2,"name":"Afghanistan, par les routes : Travers\u00e9e interdite (Ep.2)"}]},{"@type":"WebSite","@id":"https:\/\/www.prendstadose.fr\/#website","url":"https:\/\/www.prendstadose.fr\/","name":"PRENDS TA DOSE","description":"Capsule Culture Pour Analphab\u00e8tes Lettr\u00e9s","publisher":{"@id":"https:\/\/www.prendstadose.fr\/#organization"},"potentialAction":[{"@type":"SearchAction","target":{"@type":"EntryPoint","urlTemplate":"https:\/\/www.prendstadose.fr\/?s={search_term_string}"},"query-input":{"@type":"PropertyValueSpecification","valueRequired":true,"valueName":"search_term_string"}}],"inLanguage":"fr-FR"},{"@type":"Organization","@id":"https:\/\/www.prendstadose.fr\/#organization","name":"PrendsTaDose","url":"https:\/\/www.prendstadose.fr\/","logo":{"@type":"ImageObject","inLanguage":"fr-FR","@id":"https:\/\/www.prendstadose.fr\/#\/schema\/logo\/image\/","url":"https:\/\/www.prendstadose.fr\/wp-content\/uploads\/2021\/08\/logo-e1641309847268.png","contentUrl":"https:\/\/www.prendstadose.fr\/wp-content\/uploads\/2021\/08\/logo-e1641309847268.png","width":400,"height":406,"caption":"PrendsTaDose"},"image":{"@id":"https:\/\/www.prendstadose.fr\/#\/schema\/logo\/image\/"},"sameAs":["https:\/\/www.facebook.com\/BrigadeSansFrontieres\/","https:\/\/www.instagram.com\/romain_mailliu\/"]},{"@type":"Person","@id":"https:\/\/www.prendstadose.fr\/#\/schema\/person\/fc2f0707a0b003d146120cb757044b5d","name":"Guillaume Godest","url":"https:\/\/www.prendstadose.fr\/index.php\/author\/guillaumegodest\/"}]}},"jetpack_publicize_connections":[],"jetpack_featured_media_url":"https:\/\/www.prendstadose.fr\/wp-content\/uploads\/2024\/03\/IMG_2591-21-scaled.jpeg","jetpack_sharing_enabled":true,"_links":{"self":[{"href":"https:\/\/www.prendstadose.fr\/index.php\/wp-json\/wp\/v2\/posts\/3885","targetHints":{"allow":["GET"]}}],"collection":[{"href":"https:\/\/www.prendstadose.fr\/index.php\/wp-json\/wp\/v2\/posts"}],"about":[{"href":"https:\/\/www.prendstadose.fr\/index.php\/wp-json\/wp\/v2\/types\/post"}],"author":[{"embeddable":true,"href":"https:\/\/www.prendstadose.fr\/index.php\/wp-json\/wp\/v2\/users\/12234"}],"replies":[{"embeddable":true,"href":"https:\/\/www.prendstadose.fr\/index.php\/wp-json\/wp\/v2\/comments?post=3885"}],"version-history":[{"count":7,"href":"https:\/\/www.prendstadose.fr\/index.php\/wp-json\/wp\/v2\/posts\/3885\/revisions"}],"predecessor-version":[{"id":3956,"href":"https:\/\/www.prendstadose.fr\/index.php\/wp-json\/wp\/v2\/posts\/3885\/revisions\/3956"}],"wp:featuredmedia":[{"embeddable":true,"href":"https:\/\/www.prendstadose.fr\/index.php\/wp-json\/wp\/v2\/media\/3888"}],"wp:attachment":[{"href":"https:\/\/www.prendstadose.fr\/index.php\/wp-json\/wp\/v2\/media?parent=3885"}],"wp:term":[{"taxonomy":"category","embeddable":true,"href":"https:\/\/www.prendstadose.fr\/index.php\/wp-json\/wp\/v2\/categories?post=3885"},{"taxonomy":"post_tag","embeddable":true,"href":"https:\/\/www.prendstadose.fr\/index.php\/wp-json\/wp\/v2\/tags?post=3885"}],"curies":[{"name":"wp","href":"https:\/\/api.w.org\/{rel}","templated":true}]}}